{"id":78606,"date":"2022-01-05T21:08:21","date_gmt":"2022-01-05T21:08:21","guid":{"rendered":"https:\/\/www.nettali.com\/?p=78606"},"modified":"2022-01-05T21:08:21","modified_gmt":"2022-01-05T21:08:21","slug":"chelsea-les-plates-excuses-de-lukaku","status":"publish","type":"post","link":"https:\/\/www.nettali.com\/2022\/01\/05\/chelsea-les-plates-excuses-de-lukaku\/","title":{"rendered":"CHELSEA - Les plates excuses de Lukaku"},"content":{"rendered":"<p><strong>NETTALI.COM - Romelu Lukaku fait marche arri\u00e8re. Comme annonc\u00e9 par les m\u00e9dias britanniques lundi, l'attaquant belge a officiellement pr\u00e9sent\u00e9 ses excuses publiques apr\u00e8s son interview \u00e0 Sky Italia, o\u00f9 il confiait notamment son m\u00e9contentement et sa nostalgie de l'Inter Milan. \"<em>Je suis d\u00e9sol\u00e9<\/em>\", a notamment assur\u00e9 \"<em>Big Rom<\/em>\", qui devrait \u00eatre convoqu\u00e9 pour le choc face \u00e0 Tottenham mercredi.<\/strong><\/p>\n<p>Apr\u00e8s les d\u00e9clarations sulfureuses de Romelu Lukaku dans la presse italienne ayant entra\u00een\u00e9 sa mise \u00e0 l'\u00e9cart du groupe \u00e0 Chelsea, l'international belge avait eu une r\u00e9union tr\u00e8s positive avec son entra\u00eeneur, Thomas Tuchel, lundi \u00e0 Cobham, le centre d'entra\u00eenement des Blues. Ce, pour pr\u00e9senter ses excuses publiques apr\u00e8s celles priv\u00e9es.<\/p>\n<p>Dans un message vid\u00e9o publi\u00e9 par Chelsea ce mardi soir, Romelu Lukaku a d\u00e9cid\u00e9 de faire marche arri\u00e8re apr\u00e8s ses propos pol\u00e9miques accord\u00e9s \u00e0 Sky Italia.<\/p>\n<p>\" <em>Pour les supporters, je suis d\u00e9sol\u00e9 du trouble caus\u00e9<\/em>\", a regrett\u00e9 l'attaquant belge.<br \/>\n\" <em>Vous connaissez la connexion que j'ai avec ce club depuis mon adolescence, donc vous savez que je comprends parfaitement que vous soyez \u00e9nerv\u00e9s. Maintenant, c'est \u00e0 moi de regagner votre confiance et je ferai mon possible pour prouver mon engagement tous les jours \u00e0 l'entra\u00eenement et en match, pour m'assurer que nous remportions nos matchs<\/em>\", dit-il.<\/p>\n<p>\"<em>Big Rom<\/em>\" a \u00e9galement tenu \u00e0 s'excuser \"<em>aupr\u00e8s de Thomas Tuchel<\/em>\", son entra\u00eeneur, \u00e0 \"<em>ses co\u00e9quipiers et \u00e0 la direction<\/em>\". \"\u00a0<em>Je pense que ce n'\u00e9tait pas le meilleur moment (pour ses propos, ndlr). Je veux aller de l'avant et m'assurer qu'on remporte nos matchs, mais aussi que je performe pour l'\u00e9quipe de la meilleure des mani\u00e8res<\/em>\", a-t-il ajout\u00e9.<\/p>\n<p>Selon la presse italienne, Lukaku, qui devrait \u00eatre dans le groupe des Blues face \u00e0 Tottenham mercredi, se verra toutefois infliger une amende aux alentours de 500.000 euros.<\/p>\n<div class='share-to-whatsapp-wrapper'><div class='share-on-whsp'>PARTAGER SUR : <\/div><a data-text='CHELSEA - Les plates excuses de Lukaku' data-link='https:\/\/www.nettali.com\/2022\/01\/05\/chelsea-les-plates-excuses-de-lukaku\/' class='whatsapp-button whatsapp-share'>WhatsApp<\/a><div class='clear '><\/div><\/div>","protected":false},"excerpt":{"rendered":"<p>NETTALI.COM - Romelu Lukaku fait marche arri\u00e8re. Comme annonc\u00e9 par les m\u00e9dias britanniques lundi, l'attaquant belge a officiellement pr\u00e9sent\u00e9 ses excuses publiques apr\u00e8s son interview \u00e0 Sky Italia, o\u00f9 il confiait notamment son m\u00e9contentement et sa nostalgie de l'Inter Milan. \"Je suis d\u00e9sol\u00e9\", a notamment assur\u00e9 \"Big Rom\", qui devrait \u00eatre convoqu\u00e9 pour le choc [&hellip;]<\/p>\n","protected":false},"author":5,"featured_media":78604,"comment_status":"open","ping_status":"open","sticky":false,"template":"","format":"standard","meta":{"_et_pb_use_builder":"","_et_pb_old_content":""},"categories":[6],"tags":[],"yoast_head":"<!-- This site is optimized with the Yoast SEO Premium plugin v17.8 (Yoast SEO v17.8) - https:\/\/yoast.com\/wordpress\/plugins\/seo\/ -->\n<title>CHELSEA - Les plates excuses de Lukaku | Nettali.com<\/title>\n<meta name=\"robots\" content=\"index, follow, max-snippet:-1, max-image-preview:large, max-video-preview:-1\" \/>\n<link rel=\"canonical\" href=\"https:\/\/www.nettali.com\/2022\/01\/05\/chelsea-les-plates-excuses-de-lukaku\/\" \/>\n<meta property=\"og:locale\" content=\"fr_FR\" \/>\n<meta property=\"og:type\" content=\"article\" \/>\n<meta property=\"og:title\" content=\"CHELSEA - Les plates excuses de Lukaku\" \/>\n<meta property=\"og:description\" content=\"NETTALI.COM - Romelu Lukaku fait marche arri\u00e8re. Comme annonc\u00e9 par les m\u00e9dias britanniques lundi, l&#039;attaquant belge a officiellement pr\u00e9sent\u00e9 ses excuses publiques apr\u00e8s son interview \u00e0 Sky Italia, o\u00f9 il confiait notamment son m\u00e9contentement et sa nostalgie de l&#039;Inter Milan. &quot;Je suis d\u00e9sol\u00e9&quot;, a notamment assur\u00e9 &quot;Big Rom&quot;, qui devrait \u00eatre convoqu\u00e9 pour le choc [&hellip;]\" \/>\n<meta property=\"og:url\" content=\"https:\/\/www.nettali.com\/2022\/01\/05\/chelsea-les-plates-excuses-de-lukaku\/\" \/>\n<meta property=\"og:site_name\" content=\"Nettali.com\" \/>\n<meta property=\"article:publisher\" content=\"https:\/\/www.facebook.com\/nettalicom\" \/>\n<meta property=\"article:published_time\" content=\"2022-01-05T21:08:21+00:00\" \/>\n<meta property=\"og:image\" content=\"https:\/\/www.nettali.com\/wp-content\/uploads\/2022\/01\/FH4Cm3sWUAEVyl2.jpg\" \/>\n\t<meta property=\"og:image:width\" content=\"1200\" \/>\n\t<meta property=\"og:image:height\" content=\"675\" \/>\n<meta name=\"twitter:card\" content=\"summary_large_image\" \/>\n<meta name=\"twitter:label1\" content=\"\u00c9crit par\" \/>\n\t<meta name=\"twitter:data1\" content=\"Ibrahima\" \/>\n\t<meta name=\"twitter:label2\" content=\"Dur\u00e9e de lecture estim\u00e9e\" \/>\n\t<meta name=\"twitter:data2\" content=\"2 minutes\" \/>\n<script type=\"application\/ld+json\" class=\"yoast-schema-graph\">{\"@context\":\"https:\/\/schema.org\",\"@graph\":[{\"@type\":\"WebSite\",\"@id\":\"https:\/\/www.nettali.com\/#website\",\"url\":\"https:\/\/www.nettali.com\/\",\"name\":\"Nettali.com\",\"description\":\"Le rendez-vous critique du Net\",\"potentialAction\":[{\"@type\":\"SearchAction\",\"target\":{\"@type\":\"EntryPoint\",\"urlTemplate\":\"https:\/\/www.nettali.com\/?s={search_term_string}\"},\"query-input\":\"required name=search_term_string\"}],\"inLanguage\":\"fr-FR\"},{\"@type\":\"ImageObject\",\"@id\":\"https:\/\/www.nettali.com\/2022\/01\/05\/chelsea-les-plates-excuses-de-lukaku\/#primaryimage\",\"inLanguage\":\"fr-FR\",\"url\":\"https:\/\/www.nettali.com\/wp-content\/uploads\/2022\/01\/FH4Cm3sWUAEVyl2.jpg\",\"contentUrl\":\"https:\/\/www.nettali.com\/wp-content\/uploads\/2022\/01\/FH4Cm3sWUAEVyl2.jpg\",\"width\":1200,\"height\":675},{\"@type\":\"WebPage\",\"@id\":\"https:\/\/www.nettali.com\/2022\/01\/05\/chelsea-les-plates-excuses-de-lukaku\/#webpage\",\"url\":\"https:\/\/www.nettali.com\/2022\/01\/05\/chelsea-les-plates-excuses-de-lukaku\/\",\"name\":\"CHELSEA - Les plates excuses de Lukaku | Nettali.com\",\"isPartOf\":{\"@id\":\"https:\/\/www.nettali.com\/#website\"},\"primaryImageOfPage\":{\"@id\":\"https:\/\/www.nettali.com\/2022\/01\/05\/chelsea-les-plates-excuses-de-lukaku\/#primaryimage\"},\"datePublished\":\"2022-01-05T21:08:21+00:00\",\"dateModified\":\"2022-01-05T21:08:21+00:00\",\"author\":{\"@id\":\"https:\/\/www.nettali.com\/#\/schema\/person\/bb147657c2986240405a608162b9bb23\"},\"breadcrumb\":{\"@id\":\"https:\/\/www.nettali.com\/2022\/01\/05\/chelsea-les-plates-excuses-de-lukaku\/#breadcrumb\"},\"inLanguage\":\"fr-FR\",\"potentialAction\":[{\"@type\":\"ReadAction\",\"target\":[\"https:\/\/www.nettali.com\/2022\/01\/05\/chelsea-les-plates-excuses-de-lukaku\/\"]}]},{\"@type\":\"BreadcrumbList\",\"@id\":\"https:\/\/www.nettali.com\/2022\/01\/05\/chelsea-les-plates-excuses-de-lukaku\/#breadcrumb\",\"itemListElement\":[{\"@type\":\"ListItem\",\"position\":1,\"name\":\"Accueil\",\"item\":\"https:\/\/www.nettali.com\/\"},{\"@type\":\"ListItem\",\"position\":2,\"name\":\"CHELSEA &#8211; Les plates excuses de Lukaku\"}]},{\"@type\":\"Person\",\"@id\":\"https:\/\/www.nettali.com\/#\/schema\/person\/bb147657c2986240405a608162b9bb23\",\"name\":\"Ibrahima\",\"image\":{\"@type\":\"ImageObject\",\"@id\":\"https:\/\/www.nettali.com\/#personlogo\",\"inLanguage\":\"fr-FR\",\"url\":\"https:\/\/secure.gravatar.com\/avatar\/26a8a81f09f0dd7624c9d5c36c9ba3a2?s=96&d=mm&r=g\",\"contentUrl\":\"https:\/\/secure.gravatar.com\/avatar\/26a8a81f09f0dd7624c9d5c36c9ba3a2?s=96&d=mm&r=g\",\"caption\":\"Ibrahima\"},\"sameAs\":[\"https:\/\/www.nettali.com\"]}]}<\/script>\n<!-- \/ Yoast SEO Premium plugin. -->","yoast_head_json":{"title":"CHELSEA - Les plates excuses de Lukaku | Nettali.com","robots":{"index":"index","follow":"follow","max-snippet":"max-snippet:-1","max-image-preview":"max-image-preview:large","max-video-preview":"max-video-preview:-1"},"canonical":"https:\/\/www.nettali.com\/2022\/01\/05\/chelsea-les-plates-excuses-de-lukaku\/","og_locale":"fr_FR","og_type":"article","og_title":"CHELSEA - Les plates excuses de Lukaku","og_description":"NETTALI.COM - Romelu Lukaku fait marche arri\u00e8re. Comme annonc\u00e9 par les m\u00e9dias britanniques lundi, l'attaquant belge a officiellement pr\u00e9sent\u00e9 ses excuses publiques apr\u00e8s son interview \u00e0 Sky Italia, o\u00f9 il confiait notamment son m\u00e9contentement et sa nostalgie de l'Inter Milan. \"Je suis d\u00e9sol\u00e9\", a notamment assur\u00e9 \"Big Rom\", qui devrait \u00eatre convoqu\u00e9 pour le choc [&hellip;]","og_url":"https:\/\/www.nettali.com\/2022\/01\/05\/chelsea-les-plates-excuses-de-lukaku\/","og_site_name":"Nettali.com","article_publisher":"https:\/\/www.facebook.com\/nettalicom","article_published_time":"2022-01-05T21:08:21+00:00","og_image":[{"width":1200,"height":675,"url":"https:\/\/www.nettali.com\/wp-content\/uploads\/2022\/01\/FH4Cm3sWUAEVyl2.jpg","type":"image\/jpeg"}],"twitter_card":"summary_large_image","twitter_misc":{"\u00c9crit par":"Ibrahima","Dur\u00e9e de lecture estim\u00e9e":"2 minutes"},"schema":{"@context":"https:\/\/schema.org","@graph":[{"@type":"WebSite","@id":"https:\/\/www.nettali.com\/#website","url":"https:\/\/www.nettali.com\/","name":"Nettali.com","description":"Le rendez-vous critique du Net","potentialAction":[{"@type":"SearchAction","target":{"@type":"EntryPoint","urlTemplate":"https:\/\/www.nettali.com\/?s={search_term_string}"},"query-input":"required name=search_term_string"}],"inLanguage":"fr-FR"},{"@type":"ImageObject","@id":"https:\/\/www.nettali.com\/2022\/01\/05\/chelsea-les-plates-excuses-de-lukaku\/#primaryimage","inLanguage":"fr-FR","url":"https:\/\/www.nettali.com\/wp-content\/uploads\/2022\/01\/FH4Cm3sWUAEVyl2.jpg","contentUrl":"https:\/\/www.nettali.com\/wp-content\/uploads\/2022\/01\/FH4Cm3sWUAEVyl2.jpg","width":1200,"height":675},{"@type":"WebPage","@id":"https:\/\/www.nettali.com\/2022\/01\/05\/chelsea-les-plates-excuses-de-lukaku\/#webpage","url":"https:\/\/www.nettali.com\/2022\/01\/05\/chelsea-les-plates-excuses-de-lukaku\/","name":"CHELSEA - Les plates excuses de Lukaku | Nettali.com","isPartOf":{"@id":"https:\/\/www.nettali.com\/#website"},"primaryImageOfPage":{"@id":"https:\/\/www.nettali.com\/2022\/01\/05\/chelsea-les-plates-excuses-de-lukaku\/#primaryimage"},"datePublished":"2022-01-05T21:08:21+00:00","dateModified":"2022-01-05T21:08:21+00:00","author":{"@id":"https:\/\/www.nettali.com\/#\/schema\/person\/bb147657c2986240405a608162b9bb23"},"breadcrumb":{"@id":"https:\/\/www.nettali.com\/2022\/01\/05\/chelsea-les-plates-excuses-de-lukaku\/#breadcrumb"},"inLanguage":"fr-FR","potentialAction":[{"@type":"ReadAction","target":["https:\/\/www.nettali.com\/2022\/01\/05\/chelsea-les-plates-excuses-de-lukaku\/"]}]},{"@type":"BreadcrumbList","@id":"https:\/\/www.nettali.com\/2022\/01\/05\/chelsea-les-plates-excuses-de-lukaku\/#breadcrumb","itemListElement":[{"@type":"ListItem","position":1,"name":"Accueil","item":"https:\/\/www.nettali.com\/"},{"@type":"ListItem","position":2,"name":"CHELSEA &#8211; Les plates excuses de Lukaku"}]},{"@type":"Person","@id":"https:\/\/www.nettali.com\/#\/schema\/person\/bb147657c2986240405a608162b9bb23","name":"Ibrahima","image":{"@type":"ImageObject","@id":"https:\/\/www.nettali.com\/#personlogo","inLanguage":"fr-FR","url":"https:\/\/secure.gravatar.com\/avatar\/26a8a81f09f0dd7624c9d5c36c9ba3a2?s=96&d=mm&r=g","contentUrl":"https:\/\/secure.gravatar.com\/avatar\/26a8a81f09f0dd7624c9d5c36c9ba3a2?s=96&d=mm&r=g","caption":"Ibrahima"},"sameAs":["https:\/\/www.nettali.com"]}]}},"_links":{"self":[{"href":"https:\/\/www.nettali.com\/rest\/wp\/v2\/posts\/78606"}],"collection":[{"href":"https:\/\/www.nettali.com\/rest\/wp\/v2\/posts"}],"about":[{"href":"https:\/\/www.nettali.com\/rest\/wp\/v2\/types\/post"}],"author":[{"embeddable":true,"href":"https:\/\/www.nettali.com\/rest\/wp\/v2\/users\/5"}],"replies":[{"embeddable":true,"href":"https:\/\/www.nettali.com\/rest\/wp\/v2\/comments?post=78606"}],"version-history":[{"count":1,"href":"https:\/\/www.nettali.com\/rest\/wp\/v2\/posts\/78606\/revisions"}],"predecessor-version":[{"id":78607,"href":"https:\/\/www.nettali.com\/rest\/wp\/v2\/posts\/78606\/revisions\/78607"}],"wp:featuredmedia":[{"embeddable":true,"href":"https:\/\/www.nettali.com\/rest\/wp\/v2\/media\/78604"}],"wp:attachment":[{"href":"https:\/\/www.nettali.com\/rest\/wp\/v2\/media?parent=78606"}],"wp:term":[{"taxonomy":"category","embeddable":true,"href":"https:\/\/www.nettali.com\/rest\/wp\/v2\/categories?post=78606"},{"taxonomy":"post_tag","embeddable":true,"href":"https:\/\/www.nettali.com\/rest\/wp\/v2\/tags?post=78606"}],"curies":[{"name":"wp","href":"https:\/\/api.w.org\/{rel}","templated":true}]}}