{"id":78469,"date":"2022-01-04T09:58:27","date_gmt":"2022-01-04T09:58:27","guid":{"rendered":"https:\/\/www.nettali.com\/?p=78469"},"modified":"2022-01-04T19:20:35","modified_gmt":"2022-01-04T19:20:35","slug":"aicha-ly-retrouvee-en-cote-divoire-sa-maman-raconte","status":"publish","type":"post","link":"https:\/\/www.nettali.com\/2022\/01\/04\/aicha-ly-retrouvee-en-cote-divoire-sa-maman-raconte\/","title":{"rendered":"AICHA LY, RETROUVEE EN COTE D'IVOIRE - Sa maman se livre"},"content":{"rendered":"<p><strong>NETTALI.COM - Perdue de vue depuis le mercredi dernier, l\u2019\u00e9tudiante Aicha Ly a \u00e9t\u00e9 retrouv\u00e9e, ce lundi 3\u00a0 janvier en C\u00f4te d\u2019Ivoire. Sa maman a partag\u00e9 avec\u2018\u2019EnQu\u00eate\u2019\u2019 les premiers mots \u00e9chang\u00e9s avec sa fille.<\/strong><\/p>\n<p>Six jours apr\u00e8s sa disparition, l\u2019\u00e9tudiante \u00e0 l\u2019ESP de Dakar, Aicha Ly, a \u00e9t\u00e9 retrouv\u00e9e, lundi en C\u00f4te d\u2019Ivoire. Selon sa m\u00e8re qui la dit saine et sauve, celle-ci est actuellement aupr\u00e8s de son oncle qui vit dans ce pays. C\u2019est en effet lui qui est all\u00e9 la chercher lorsqu'elle a t\u00e9l\u00e9phon\u00e9. D\u2019apr\u00e8s Awa Sow, c\u2019est sa fille qui l\u2019a appel\u00e9e, lundi en fin d\u2019apr\u00e8s-midi. Pour l\u2019instant, elle ignore comment elle s\u2019est retrouv\u00e9e en terre ivoirienne.<\/p>\n<p>L\u2019interrogatoire de sa fille n'a toutefois permis de lever le myst\u00e8re. \"<em>Quand elle m\u2019a appel\u00e9e, on \u00e9tait \u00e0 la fin d\u2019un r\u00e9cital de Coran organis\u00e9 pour elle. Quand j\u2019ai regard\u00e9, j\u2019ai vu que c\u2019est un num\u00e9ro de la C\u00f4te d\u2019Ivoire. Quand j\u2019ai d\u00e9croch\u00e9, au bout du fil, il y avait ma fille. Elle m\u2019a dit : \u2019Maman, c\u2019est moi Aicha. Venez me chercher. On m\u2019a pr\u00eat\u00e9 ce t\u00e9l\u00e9phone pour que je puisse t\u2019appeler.\u2019 Je lui ai demand\u00e9 ce qui ne va pas, o\u00f9 elle est exactement. Elle m\u2019a r\u00e9pondu qu\u2019elle ne sait pas o\u00f9 est-ce qu\u2019elle est. Je lui ai fait savoir qu\u2019elle m\u2019appelle avec un num\u00e9ro de la C\u00f4te d\u2019Ivoire. Elle a dit qu\u2019elle n\u2019en sait rien. \u00c0 la question de savoir par quel moyen de transport elle a ralli\u00e9 ce pays, elle a encore r\u00e9pondu par la n\u00e9gative. Elle m\u2019a dit : \u2019Franchement, je ne sais pas si je suis pass\u00e9e par la voie a\u00e9rienne, routi\u00e8re o\u00f9 autre<\/em>\u2019\u2019\u2019, confie sa maman.<\/p>\n<p>Qui a par la suite fait un appel vid\u00e9o avec elle afin de se rassurer et de v\u00e9rifier qu\u2019il s\u2019agit bien d\u2019elle et qu\u2019elle est saine et sauve. Apr\u00e8s avoir raccroch\u00e9, sa m\u00e8re a pris le soin de relever le num\u00e9ro avec lequel sa fille l\u2019a appel\u00e9e pour l\u2019envoyer \u00e0 la personne qui se charge de l\u2019enqu\u00eate au niveau de la Division des investigations criminelles ; ainsi qu\u2019\u00e0 son jeune fr\u00e8re qui se trouve en C\u00f4te d\u2019Ivoire, plus pr\u00e9cis\u00e9ment \u00e0 Abidjan. Ce dernier a ainsi contact\u00e9 une connaissance qui travaille dans le secteur de la s\u00e9curit\u00e9. C\u2019est ce qui a permis de la localiser et d\u2019aller la r\u00e9cup\u00e9rer. \"<em>Je ne sais pas quand elle va rentrer au pays, puisque l\u2019enqu\u00eate est en cours. Je ne vais pas donner plus de d\u00e9tails, pour plusieurs raisons. Je profite aussi de l\u2019occasion pour remercier tout le monde et particuli\u00e8rement la population de Pikine et mes voisins. Tout le pays s\u2019est lev\u00e9 comme un seul homme pour retrouver ma fille. Tous \u00e9taient \u00e0 sa recherche. La disparition de ma fille est per\u00e7ue m\u00eame comme un ph\u00e9nom\u00e8ne mondial, car partout, dans les tous pays du monde, on a fait des avis de recherche, \u00e0 travers les r\u00e9seaux sociaux et les statuts de WhatsApp. Sa photo \u00e9tait partag\u00e9e dans tous les supports de communication. Cela m\u2019a profond\u00e9ment touch\u00e9e\"<\/em>, a conclu la dame Awa Sow.<\/p>\n<div class='share-to-whatsapp-wrapper'><div class='share-on-whsp'>PARTAGER SUR : <\/div><a data-text='AICHA LY, RETROUVEE EN COTE D'IVOIRE - Sa maman se livre' data-link='https:\/\/www.nettali.com\/2022\/01\/04\/aicha-ly-retrouvee-en-cote-divoire-sa-maman-raconte\/' class='whatsapp-button whatsapp-share'>WhatsApp<\/a><div class='clear '><\/div><\/div>","protected":false},"excerpt":{"rendered":"<p>NETTALI.COM - Perdue de vue depuis le mercredi dernier, l\u2019\u00e9tudiante Aicha Ly a \u00e9t\u00e9 retrouv\u00e9e, ce lundi 3\u00a0 janvier en C\u00f4te d\u2019Ivoire. Sa maman a partag\u00e9 avec\u2018\u2019EnQu\u00eate\u2019\u2019 les premiers mots \u00e9chang\u00e9s avec sa fille. Six jours apr\u00e8s sa disparition, l\u2019\u00e9tudiante \u00e0 l\u2019ESP de Dakar, Aicha Ly, a \u00e9t\u00e9 retrouv\u00e9e, lundi en C\u00f4te d\u2019Ivoire. Selon sa [&hellip;]<\/p>\n","protected":false},"author":6,"featured_media":78472,"comment_status":"open","ping_status":"open","sticky":false,"template":"","format":"standard","meta":{"_et_pb_use_builder":"","_et_pb_old_content":""},"categories":[3],"tags":[],"yoast_head":"<!-- This site is optimized with the Yoast SEO Premium plugin v17.8 (Yoast SEO v17.8) - https:\/\/yoast.com\/wordpress\/plugins\/seo\/ -->\n<title>AICHA LY, RETROUVEE EN COTE D&#039;IVOIRE - Sa maman se livre | Nettali.com<\/title>\n<meta name=\"robots\" content=\"index, follow, max-snippet:-1, max-image-preview:large, max-video-preview:-1\" \/>\n<link rel=\"canonical\" href=\"https:\/\/www.nettali.com\/2022\/01\/04\/aicha-ly-retrouvee-en-cote-divoire-sa-maman-raconte\/\" \/>\n<meta property=\"og:locale\" content=\"fr_FR\" \/>\n<meta property=\"og:type\" content=\"article\" \/>\n<meta property=\"og:title\" content=\"AICHA LY, RETROUVEE EN COTE D&#039;IVOIRE - Sa maman se livre\" \/>\n<meta property=\"og:description\" content=\"NETTALI.COM - Perdue de vue depuis le mercredi dernier, l\u2019\u00e9tudiante Aicha Ly a \u00e9t\u00e9 retrouv\u00e9e, ce lundi 3\u00a0 janvier en C\u00f4te d\u2019Ivoire. Sa maman a partag\u00e9 avec\u2018\u2019EnQu\u00eate\u2019\u2019 les premiers mots \u00e9chang\u00e9s avec sa fille. Six jours apr\u00e8s sa disparition, l\u2019\u00e9tudiante \u00e0 l\u2019ESP de Dakar, Aicha Ly, a \u00e9t\u00e9 retrouv\u00e9e, lundi en C\u00f4te d\u2019Ivoire. Selon sa [&hellip;]\" \/>\n<meta property=\"og:url\" content=\"https:\/\/www.nettali.com\/2022\/01\/04\/aicha-ly-retrouvee-en-cote-divoire-sa-maman-raconte\/\" \/>\n<meta property=\"og:site_name\" content=\"Nettali.com\" \/>\n<meta property=\"article:publisher\" content=\"https:\/\/www.facebook.com\/nettalicom\" \/>\n<meta property=\"article:published_time\" content=\"2022-01-04T09:58:27+00:00\" \/>\n<meta property=\"article:modified_time\" content=\"2022-01-04T19:20:35+00:00\" \/>\n<meta property=\"og:image\" content=\"https:\/\/www.nettali.com\/wp-content\/uploads\/2022\/01\/AFRCF570x312COTEDIVOIREAbidjanviewofcommercialareaCharlesOCecilAlamyB0TH57.jpg\" \/>\n\t<meta property=\"og:image:width\" content=\"556\" \/>\n\t<meta property=\"og:image:height\" content=\"304\" \/>\n<meta name=\"twitter:card\" content=\"summary_large_image\" \/>\n<meta name=\"twitter:label1\" content=\"\u00c9crit par\" \/>\n\t<meta name=\"twitter:data1\" content=\"Fatou\" \/>\n\t<meta name=\"twitter:label2\" content=\"Dur\u00e9e de lecture estim\u00e9e\" \/>\n\t<meta name=\"twitter:data2\" content=\"3 minutes\" \/>\n<script type=\"application\/ld+json\" class=\"yoast-schema-graph\">{\"@context\":\"https:\/\/schema.org\",\"@graph\":[{\"@type\":\"WebSite\",\"@id\":\"https:\/\/www.nettali.com\/#website\",\"url\":\"https:\/\/www.nettali.com\/\",\"name\":\"Nettali.com\",\"description\":\"Le rendez-vous critique du Net\",\"potentialAction\":[{\"@type\":\"SearchAction\",\"target\":{\"@type\":\"EntryPoint\",\"urlTemplate\":\"https:\/\/www.nettali.com\/?s={search_term_string}\"},\"query-input\":\"required name=search_term_string\"}],\"inLanguage\":\"fr-FR\"},{\"@type\":\"ImageObject\",\"@id\":\"https:\/\/www.nettali.com\/2022\/01\/04\/aicha-ly-retrouvee-en-cote-divoire-sa-maman-raconte\/#primaryimage\",\"inLanguage\":\"fr-FR\",\"url\":\"https:\/\/www.nettali.com\/wp-content\/uploads\/2022\/01\/AFRCF570x312COTEDIVOIREAbidjanviewofcommercialareaCharlesOCecilAlamyB0TH57.jpg\",\"contentUrl\":\"https:\/\/www.nettali.com\/wp-content\/uploads\/2022\/01\/AFRCF570x312COTEDIVOIREAbidjanviewofcommercialareaCharlesOCecilAlamyB0TH57.jpg\",\"width\":556,\"height\":304},{\"@type\":\"WebPage\",\"@id\":\"https:\/\/www.nettali.com\/2022\/01\/04\/aicha-ly-retrouvee-en-cote-divoire-sa-maman-raconte\/#webpage\",\"url\":\"https:\/\/www.nettali.com\/2022\/01\/04\/aicha-ly-retrouvee-en-cote-divoire-sa-maman-raconte\/\",\"name\":\"AICHA LY, RETROUVEE EN COTE D'IVOIRE - Sa maman se livre | Nettali.com\",\"isPartOf\":{\"@id\":\"https:\/\/www.nettali.com\/#website\"},\"primaryImageOfPage\":{\"@id\":\"https:\/\/www.nettali.com\/2022\/01\/04\/aicha-ly-retrouvee-en-cote-divoire-sa-maman-raconte\/#primaryimage\"},\"datePublished\":\"2022-01-04T09:58:27+00:00\",\"dateModified\":\"2022-01-04T19:20:35+00:00\",\"author\":{\"@id\":\"https:\/\/www.nettali.com\/#\/schema\/person\/418274a86bdf87caff7a3ef476bd0bbf\"},\"breadcrumb\":{\"@id\":\"https:\/\/www.nettali.com\/2022\/01\/04\/aicha-ly-retrouvee-en-cote-divoire-sa-maman-raconte\/#breadcrumb\"},\"inLanguage\":\"fr-FR\",\"potentialAction\":[{\"@type\":\"ReadAction\",\"target\":[\"https:\/\/www.nettali.com\/2022\/01\/04\/aicha-ly-retrouvee-en-cote-divoire-sa-maman-raconte\/\"]}]},{\"@type\":\"BreadcrumbList\",\"@id\":\"https:\/\/www.nettali.com\/2022\/01\/04\/aicha-ly-retrouvee-en-cote-divoire-sa-maman-raconte\/#breadcrumb\",\"itemListElement\":[{\"@type\":\"ListItem\",\"position\":1,\"name\":\"Accueil\",\"item\":\"https:\/\/www.nettali.com\/\"},{\"@type\":\"ListItem\",\"position\":2,\"name\":\"AICHA LY, RETROUVEE EN COTE D&rsquo;IVOIRE &#8211; Sa maman se livre\"}]},{\"@type\":\"Person\",\"@id\":\"https:\/\/www.nettali.com\/#\/schema\/person\/418274a86bdf87caff7a3ef476bd0bbf\",\"name\":\"Fatou\",\"image\":{\"@type\":\"ImageObject\",\"@id\":\"https:\/\/www.nettali.com\/#personlogo\",\"inLanguage\":\"fr-FR\",\"url\":\"https:\/\/secure.gravatar.com\/avatar\/5a9442a2bee7b4dcf167cab035858e9a?s=96&d=mm&r=g\",\"contentUrl\":\"https:\/\/secure.gravatar.com\/avatar\/5a9442a2bee7b4dcf167cab035858e9a?s=96&d=mm&r=g\",\"caption\":\"Fatou\"},\"sameAs\":[\"https:\/\/www.nettali.com\"]}]}<\/script>\n<!-- \/ Yoast SEO Premium plugin. -->","yoast_head_json":{"title":"AICHA LY, RETROUVEE EN COTE D'IVOIRE - Sa maman se livre | Nettali.com","robots":{"index":"index","follow":"follow","max-snippet":"max-snippet:-1","max-image-preview":"max-image-preview:large","max-video-preview":"max-video-preview:-1"},"canonical":"https:\/\/www.nettali.com\/2022\/01\/04\/aicha-ly-retrouvee-en-cote-divoire-sa-maman-raconte\/","og_locale":"fr_FR","og_type":"article","og_title":"AICHA LY, RETROUVEE EN COTE D'IVOIRE - Sa maman se livre","og_description":"NETTALI.COM - Perdue de vue depuis le mercredi dernier, l\u2019\u00e9tudiante Aicha Ly a \u00e9t\u00e9 retrouv\u00e9e, ce lundi 3\u00a0 janvier en C\u00f4te d\u2019Ivoire. Sa maman a partag\u00e9 avec\u2018\u2019EnQu\u00eate\u2019\u2019 les premiers mots \u00e9chang\u00e9s avec sa fille. Six jours apr\u00e8s sa disparition, l\u2019\u00e9tudiante \u00e0 l\u2019ESP de Dakar, Aicha Ly, a \u00e9t\u00e9 retrouv\u00e9e, lundi en C\u00f4te d\u2019Ivoire. Selon sa [&hellip;]","og_url":"https:\/\/www.nettali.com\/2022\/01\/04\/aicha-ly-retrouvee-en-cote-divoire-sa-maman-raconte\/","og_site_name":"Nettali.com","article_publisher":"https:\/\/www.facebook.com\/nettalicom","article_published_time":"2022-01-04T09:58:27+00:00","article_modified_time":"2022-01-04T19:20:35+00:00","og_image":[{"width":556,"height":304,"url":"https:\/\/www.nettali.com\/wp-content\/uploads\/2022\/01\/AFRCF570x312COTEDIVOIREAbidjanviewofcommercialareaCharlesOCecilAlamyB0TH57.jpg","type":"image\/jpeg"}],"twitter_card":"summary_large_image","twitter_misc":{"\u00c9crit par":"Fatou","Dur\u00e9e de lecture estim\u00e9e":"3 minutes"},"schema":{"@context":"https:\/\/schema.org","@graph":[{"@type":"WebSite","@id":"https:\/\/www.nettali.com\/#website","url":"https:\/\/www.nettali.com\/","name":"Nettali.com","description":"Le rendez-vous critique du Net","potentialAction":[{"@type":"SearchAction","target":{"@type":"EntryPoint","urlTemplate":"https:\/\/www.nettali.com\/?s={search_term_string}"},"query-input":"required name=search_term_string"}],"inLanguage":"fr-FR"},{"@type":"ImageObject","@id":"https:\/\/www.nettali.com\/2022\/01\/04\/aicha-ly-retrouvee-en-cote-divoire-sa-maman-raconte\/#primaryimage","inLanguage":"fr-FR","url":"https:\/\/www.nettali.com\/wp-content\/uploads\/2022\/01\/AFRCF570x312COTEDIVOIREAbidjanviewofcommercialareaCharlesOCecilAlamyB0TH57.jpg","contentUrl":"https:\/\/www.nettali.com\/wp-content\/uploads\/2022\/01\/AFRCF570x312COTEDIVOIREAbidjanviewofcommercialareaCharlesOCecilAlamyB0TH57.jpg","width":556,"height":304},{"@type":"WebPage","@id":"https:\/\/www.nettali.com\/2022\/01\/04\/aicha-ly-retrouvee-en-cote-divoire-sa-maman-raconte\/#webpage","url":"https:\/\/www.nettali.com\/2022\/01\/04\/aicha-ly-retrouvee-en-cote-divoire-sa-maman-raconte\/","name":"AICHA LY, RETROUVEE EN COTE D'IVOIRE - Sa maman se livre | Nettali.com","isPartOf":{"@id":"https:\/\/www.nettali.com\/#website"},"primaryImageOfPage":{"@id":"https:\/\/www.nettali.com\/2022\/01\/04\/aicha-ly-retrouvee-en-cote-divoire-sa-maman-raconte\/#primaryimage"},"datePublished":"2022-01-04T09:58:27+00:00","dateModified":"2022-01-04T19:20:35+00:00","author":{"@id":"https:\/\/www.nettali.com\/#\/schema\/person\/418274a86bdf87caff7a3ef476bd0bbf"},"breadcrumb":{"@id":"https:\/\/www.nettali.com\/2022\/01\/04\/aicha-ly-retrouvee-en-cote-divoire-sa-maman-raconte\/#breadcrumb"},"inLanguage":"fr-FR","potentialAction":[{"@type":"ReadAction","target":["https:\/\/www.nettali.com\/2022\/01\/04\/aicha-ly-retrouvee-en-cote-divoire-sa-maman-raconte\/"]}]},{"@type":"BreadcrumbList","@id":"https:\/\/www.nettali.com\/2022\/01\/04\/aicha-ly-retrouvee-en-cote-divoire-sa-maman-raconte\/#breadcrumb","itemListElement":[{"@type":"ListItem","position":1,"name":"Accueil","item":"https:\/\/www.nettali.com\/"},{"@type":"ListItem","position":2,"name":"AICHA LY, RETROUVEE EN COTE D&rsquo;IVOIRE &#8211; Sa maman se livre"}]},{"@type":"Person","@id":"https:\/\/www.nettali.com\/#\/schema\/person\/418274a86bdf87caff7a3ef476bd0bbf","name":"Fatou","image":{"@type":"ImageObject","@id":"https:\/\/www.nettali.com\/#personlogo","inLanguage":"fr-FR","url":"https:\/\/secure.gravatar.com\/avatar\/5a9442a2bee7b4dcf167cab035858e9a?s=96&d=mm&r=g","contentUrl":"https:\/\/secure.gravatar.com\/avatar\/5a9442a2bee7b4dcf167cab035858e9a?s=96&d=mm&r=g","caption":"Fatou"},"sameAs":["https:\/\/www.nettali.com"]}]}},"_links":{"self":[{"href":"https:\/\/www.nettali.com\/rest\/wp\/v2\/posts\/78469"}],"collection":[{"href":"https:\/\/www.nettali.com\/rest\/wp\/v2\/posts"}],"about":[{"href":"https:\/\/www.nettali.com\/rest\/wp\/v2\/types\/post"}],"author":[{"embeddable":true,"href":"https:\/\/www.nettali.com\/rest\/wp\/v2\/users\/6"}],"replies":[{"embeddable":true,"href":"https:\/\/www.nettali.com\/rest\/wp\/v2\/comments?post=78469"}],"version-history":[{"count":4,"href":"https:\/\/www.nettali.com\/rest\/wp\/v2\/posts\/78469\/revisions"}],"predecessor-version":[{"id":78474,"href":"https:\/\/www.nettali.com\/rest\/wp\/v2\/posts\/78469\/revisions\/78474"}],"wp:featuredmedia":[{"embeddable":true,"href":"https:\/\/www.nettali.com\/rest\/wp\/v2\/media\/78472"}],"wp:attachment":[{"href":"https:\/\/www.nettali.com\/rest\/wp\/v2\/media?parent=78469"}],"wp:term":[{"taxonomy":"category","embeddable":true,"href":"https:\/\/www.nettali.com\/rest\/wp\/v2\/categories?post=78469"},{"taxonomy":"post_tag","embeddable":true,"href":"https:\/\/www.nettali.com\/rest\/wp\/v2\/tags?post=78469"}],"curies":[{"name":"wp","href":"https:\/\/api.w.org\/{rel}","templated":true}]}}