{"id":78461,"date":"2022-01-04T08:02:39","date_gmt":"2022-01-04T08:02:39","guid":{"rendered":"https:\/\/www.nettali.com\/?p=78461"},"modified":"2022-01-04T08:02:39","modified_gmt":"2022-01-04T08:02:39","slug":"fifa-infantino-propose-aussi-leuro-biennal","status":"publish","type":"post","link":"https:\/\/www.nettali.com\/2022\/01\/04\/fifa-infantino-propose-aussi-leuro-biennal\/","title":{"rendered":"FIFA - Infantino propose aussi l'Euro biennal"},"content":{"rendered":"<p><strong>NETTALI.COM - Tr\u00e8s critiqu\u00e9 pour son projet de Mondial tous les deux ans, Gianni Infantino ne recule pas. Au contraire, le pr\u00e9sident de la FIFA imagine \u00e9galement un Euro biennal. <\/strong><\/p>\n<p>\"<em>Ce n'est pas moi qui ai demand\u00e9 \u00e0 jouer la Coupe du monde tous les deux ans, c'est le Congr\u00e8s de la FIFA qui a sollicit\u00e9 une \u00e9tude de faisabilit\u00e9, a rappel\u00e9 le patron de l\u2019instance au m\u00e9dia italien Radio Anch\u2019io Sport. Nous avons r\u00e9alis\u00e9 une \u00e9tude tr\u00e8s s\u00e9rieuse et d'un point de vue sportif, cela fonctionnerait. L'impact \u00e9conomique serait positif pour tout le monde. (...) Il y a de l'opposition en Europe. Mais l'Euro pourrait aussi se jouer tous les deux ans<\/em>.\"<\/p>\n<p>Pour l'instant, le tournoi europ\u00e9en restera tous les quatre ans, son organisateur l\u2019UEFA \u00e9tant oppos\u00e9 au projet de la FIFA sur la Coupe du monde<\/p>\n<div class='share-to-whatsapp-wrapper'><div class='share-on-whsp'>PARTAGER SUR : <\/div><a data-text='FIFA - Infantino propose aussi l'Euro biennal' data-link='https:\/\/www.nettali.com\/2022\/01\/04\/fifa-infantino-propose-aussi-leuro-biennal\/' class='whatsapp-button whatsapp-share'>WhatsApp<\/a><div class='clear '><\/div><\/div>","protected":false},"excerpt":{"rendered":"<p>NETTALI.COM - Tr\u00e8s critiqu\u00e9 pour son projet de Mondial tous les deux ans, Gianni Infantino ne recule pas. Au contraire, le pr\u00e9sident de la FIFA imagine \u00e9galement un Euro biennal. \"Ce n'est pas moi qui ai demand\u00e9 \u00e0 jouer la Coupe du monde tous les deux ans, c'est le Congr\u00e8s de la FIFA qui a [&hellip;]<\/p>\n","protected":false},"author":2,"featured_media":78463,"comment_status":"open","ping_status":"open","sticky":false,"template":"","format":"standard","meta":{"_et_pb_use_builder":"","_et_pb_old_content":""},"categories":[6],"tags":[],"yoast_head":"<!-- This site is optimized with the Yoast SEO Premium plugin v17.8 (Yoast SEO v17.8) - https:\/\/yoast.com\/wordpress\/plugins\/seo\/ -->\n<title>FIFA - Infantino propose aussi l&#039;Euro biennal | Nettali.com<\/title>\n<meta name=\"robots\" content=\"index, follow, max-snippet:-1, max-image-preview:large, max-video-preview:-1\" \/>\n<link rel=\"canonical\" href=\"https:\/\/www.nettali.com\/2022\/01\/04\/fifa-infantino-propose-aussi-leuro-biennal\/\" \/>\n<meta property=\"og:locale\" content=\"fr_FR\" \/>\n<meta property=\"og:type\" content=\"article\" \/>\n<meta property=\"og:title\" content=\"FIFA - Infantino propose aussi l&#039;Euro biennal\" \/>\n<meta property=\"og:description\" content=\"NETTALI.COM - Tr\u00e8s critiqu\u00e9 pour son projet de Mondial tous les deux ans, Gianni Infantino ne recule pas. Au contraire, le pr\u00e9sident de la FIFA imagine \u00e9galement un Euro biennal. &quot;Ce n&#039;est pas moi qui ai demand\u00e9 \u00e0 jouer la Coupe du monde tous les deux ans, c&#039;est le Congr\u00e8s de la FIFA qui a [&hellip;]\" \/>\n<meta property=\"og:url\" content=\"https:\/\/www.nettali.com\/2022\/01\/04\/fifa-infantino-propose-aussi-leuro-biennal\/\" \/>\n<meta property=\"og:site_name\" content=\"Nettali.com\" \/>\n<meta property=\"article:publisher\" content=\"https:\/\/www.facebook.com\/nettalicom\" \/>\n<meta property=\"article:published_time\" content=\"2022-01-04T08:02:39+00:00\" \/>\n<meta property=\"og:image\" content=\"https:\/\/www.nettali.com\/wp-content\/uploads\/2022\/01\/Infantino.jpg\" \/>\n\t<meta property=\"og:image:width\" content=\"600\" \/>\n\t<meta property=\"og:image:height\" content=\"400\" \/>\n<meta name=\"twitter:card\" content=\"summary_large_image\" \/>\n<meta name=\"twitter:label1\" content=\"\u00c9crit par\" \/>\n\t<meta name=\"twitter:data1\" content=\"CK\" \/>\n\t<meta name=\"twitter:label2\" content=\"Dur\u00e9e de lecture estim\u00e9e\" \/>\n\t<meta name=\"twitter:data2\" content=\"1 minute\" \/>\n<script type=\"application\/ld+json\" class=\"yoast-schema-graph\">{\"@context\":\"https:\/\/schema.org\",\"@graph\":[{\"@type\":\"WebSite\",\"@id\":\"https:\/\/www.nettali.com\/#website\",\"url\":\"https:\/\/www.nettali.com\/\",\"name\":\"Nettali.com\",\"description\":\"Le rendez-vous critique du Net\",\"potentialAction\":[{\"@type\":\"SearchAction\",\"target\":{\"@type\":\"EntryPoint\",\"urlTemplate\":\"https:\/\/www.nettali.com\/?s={search_term_string}\"},\"query-input\":\"required name=search_term_string\"}],\"inLanguage\":\"fr-FR\"},{\"@type\":\"ImageObject\",\"@id\":\"https:\/\/www.nettali.com\/2022\/01\/04\/fifa-infantino-propose-aussi-leuro-biennal\/#primaryimage\",\"inLanguage\":\"fr-FR\",\"url\":\"https:\/\/www.nettali.com\/wp-content\/uploads\/2022\/01\/Infantino.jpg\",\"contentUrl\":\"https:\/\/www.nettali.com\/wp-content\/uploads\/2022\/01\/Infantino.jpg\",\"width\":600,\"height\":400},{\"@type\":\"WebPage\",\"@id\":\"https:\/\/www.nettali.com\/2022\/01\/04\/fifa-infantino-propose-aussi-leuro-biennal\/#webpage\",\"url\":\"https:\/\/www.nettali.com\/2022\/01\/04\/fifa-infantino-propose-aussi-leuro-biennal\/\",\"name\":\"FIFA - Infantino propose aussi l'Euro biennal | Nettali.com\",\"isPartOf\":{\"@id\":\"https:\/\/www.nettali.com\/#website\"},\"primaryImageOfPage\":{\"@id\":\"https:\/\/www.nettali.com\/2022\/01\/04\/fifa-infantino-propose-aussi-leuro-biennal\/#primaryimage\"},\"datePublished\":\"2022-01-04T08:02:39+00:00\",\"dateModified\":\"2022-01-04T08:02:39+00:00\",\"author\":{\"@id\":\"https:\/\/www.nettali.com\/#\/schema\/person\/d8ac7b7e27ddad43f1c0d2ef090d7f71\"},\"breadcrumb\":{\"@id\":\"https:\/\/www.nettali.com\/2022\/01\/04\/fifa-infantino-propose-aussi-leuro-biennal\/#breadcrumb\"},\"inLanguage\":\"fr-FR\",\"potentialAction\":[{\"@type\":\"ReadAction\",\"target\":[\"https:\/\/www.nettali.com\/2022\/01\/04\/fifa-infantino-propose-aussi-leuro-biennal\/\"]}]},{\"@type\":\"BreadcrumbList\",\"@id\":\"https:\/\/www.nettali.com\/2022\/01\/04\/fifa-infantino-propose-aussi-leuro-biennal\/#breadcrumb\",\"itemListElement\":[{\"@type\":\"ListItem\",\"position\":1,\"name\":\"Accueil\",\"item\":\"https:\/\/www.nettali.com\/\"},{\"@type\":\"ListItem\",\"position\":2,\"name\":\"FIFA &#8211; Infantino propose aussi l&rsquo;Euro biennal\"}]},{\"@type\":\"Person\",\"@id\":\"https:\/\/www.nettali.com\/#\/schema\/person\/d8ac7b7e27ddad43f1c0d2ef090d7f71\",\"name\":\"CK\",\"image\":{\"@type\":\"ImageObject\",\"@id\":\"https:\/\/www.nettali.com\/#personlogo\",\"inLanguage\":\"fr-FR\",\"url\":\"https:\/\/secure.gravatar.com\/avatar\/1d8d5118b9327d94da7cd4ce7f17fec2?s=96&d=mm&r=g\",\"contentUrl\":\"https:\/\/secure.gravatar.com\/avatar\/1d8d5118b9327d94da7cd4ce7f17fec2?s=96&d=mm&r=g\",\"caption\":\"CK\"},\"sameAs\":[\"https:\/\/www.nettali.com\"]}]}<\/script>\n<!-- \/ Yoast SEO Premium plugin. -->","yoast_head_json":{"title":"FIFA - Infantino propose aussi l'Euro biennal | Nettali.com","robots":{"index":"index","follow":"follow","max-snippet":"max-snippet:-1","max-image-preview":"max-image-preview:large","max-video-preview":"max-video-preview:-1"},"canonical":"https:\/\/www.nettali.com\/2022\/01\/04\/fifa-infantino-propose-aussi-leuro-biennal\/","og_locale":"fr_FR","og_type":"article","og_title":"FIFA - Infantino propose aussi l'Euro biennal","og_description":"NETTALI.COM - Tr\u00e8s critiqu\u00e9 pour son projet de Mondial tous les deux ans, Gianni Infantino ne recule pas. Au contraire, le pr\u00e9sident de la FIFA imagine \u00e9galement un Euro biennal. \"Ce n'est pas moi qui ai demand\u00e9 \u00e0 jouer la Coupe du monde tous les deux ans, c'est le Congr\u00e8s de la FIFA qui a [&hellip;]","og_url":"https:\/\/www.nettali.com\/2022\/01\/04\/fifa-infantino-propose-aussi-leuro-biennal\/","og_site_name":"Nettali.com","article_publisher":"https:\/\/www.facebook.com\/nettalicom","article_published_time":"2022-01-04T08:02:39+00:00","og_image":[{"width":600,"height":400,"url":"https:\/\/www.nettali.com\/wp-content\/uploads\/2022\/01\/Infantino.jpg","type":"image\/jpeg"}],"twitter_card":"summary_large_image","twitter_misc":{"\u00c9crit par":"CK","Dur\u00e9e de lecture estim\u00e9e":"1 minute"},"schema":{"@context":"https:\/\/schema.org","@graph":[{"@type":"WebSite","@id":"https:\/\/www.nettali.com\/#website","url":"https:\/\/www.nettali.com\/","name":"Nettali.com","description":"Le rendez-vous critique du Net","potentialAction":[{"@type":"SearchAction","target":{"@type":"EntryPoint","urlTemplate":"https:\/\/www.nettali.com\/?s={search_term_string}"},"query-input":"required name=search_term_string"}],"inLanguage":"fr-FR"},{"@type":"ImageObject","@id":"https:\/\/www.nettali.com\/2022\/01\/04\/fifa-infantino-propose-aussi-leuro-biennal\/#primaryimage","inLanguage":"fr-FR","url":"https:\/\/www.nettali.com\/wp-content\/uploads\/2022\/01\/Infantino.jpg","contentUrl":"https:\/\/www.nettali.com\/wp-content\/uploads\/2022\/01\/Infantino.jpg","width":600,"height":400},{"@type":"WebPage","@id":"https:\/\/www.nettali.com\/2022\/01\/04\/fifa-infantino-propose-aussi-leuro-biennal\/#webpage","url":"https:\/\/www.nettali.com\/2022\/01\/04\/fifa-infantino-propose-aussi-leuro-biennal\/","name":"FIFA - Infantino propose aussi l'Euro biennal | Nettali.com","isPartOf":{"@id":"https:\/\/www.nettali.com\/#website"},"primaryImageOfPage":{"@id":"https:\/\/www.nettali.com\/2022\/01\/04\/fifa-infantino-propose-aussi-leuro-biennal\/#primaryimage"},"datePublished":"2022-01-04T08:02:39+00:00","dateModified":"2022-01-04T08:02:39+00:00","author":{"@id":"https:\/\/www.nettali.com\/#\/schema\/person\/d8ac7b7e27ddad43f1c0d2ef090d7f71"},"breadcrumb":{"@id":"https:\/\/www.nettali.com\/2022\/01\/04\/fifa-infantino-propose-aussi-leuro-biennal\/#breadcrumb"},"inLanguage":"fr-FR","potentialAction":[{"@type":"ReadAction","target":["https:\/\/www.nettali.com\/2022\/01\/04\/fifa-infantino-propose-aussi-leuro-biennal\/"]}]},{"@type":"BreadcrumbList","@id":"https:\/\/www.nettali.com\/2022\/01\/04\/fifa-infantino-propose-aussi-leuro-biennal\/#breadcrumb","itemListElement":[{"@type":"ListItem","position":1,"name":"Accueil","item":"https:\/\/www.nettali.com\/"},{"@type":"ListItem","position":2,"name":"FIFA &#8211; Infantino propose aussi l&rsquo;Euro biennal"}]},{"@type":"Person","@id":"https:\/\/www.nettali.com\/#\/schema\/person\/d8ac7b7e27ddad43f1c0d2ef090d7f71","name":"CK","image":{"@type":"ImageObject","@id":"https:\/\/www.nettali.com\/#personlogo","inLanguage":"fr-FR","url":"https:\/\/secure.gravatar.com\/avatar\/1d8d5118b9327d94da7cd4ce7f17fec2?s=96&d=mm&r=g","contentUrl":"https:\/\/secure.gravatar.com\/avatar\/1d8d5118b9327d94da7cd4ce7f17fec2?s=96&d=mm&r=g","caption":"CK"},"sameAs":["https:\/\/www.nettali.com"]}]}},"_links":{"self":[{"href":"https:\/\/www.nettali.com\/rest\/wp\/v2\/posts\/78461"}],"collection":[{"href":"https:\/\/www.nettali.com\/rest\/wp\/v2\/posts"}],"about":[{"href":"https:\/\/www.nettali.com\/rest\/wp\/v2\/types\/post"}],"author":[{"embeddable":true,"href":"https:\/\/www.nettali.com\/rest\/wp\/v2\/users\/2"}],"replies":[{"embeddable":true,"href":"https:\/\/www.nettali.com\/rest\/wp\/v2\/comments?post=78461"}],"version-history":[{"count":2,"href":"https:\/\/www.nettali.com\/rest\/wp\/v2\/posts\/78461\/revisions"}],"predecessor-version":[{"id":78464,"href":"https:\/\/www.nettali.com\/rest\/wp\/v2\/posts\/78461\/revisions\/78464"}],"wp:featuredmedia":[{"embeddable":true,"href":"https:\/\/www.nettali.com\/rest\/wp\/v2\/media\/78463"}],"wp:attachment":[{"href":"https:\/\/www.nettali.com\/rest\/wp\/v2\/media?parent=78461"}],"wp:term":[{"taxonomy":"category","embeddable":true,"href":"https:\/\/www.nettali.com\/rest\/wp\/v2\/categories?post=78461"},{"taxonomy":"post_tag","embeddable":true,"href":"https:\/\/www.nettali.com\/rest\/wp\/v2\/tags?post=78461"}],"curies":[{"name":"wp","href":"https:\/\/api.w.org\/{rel}","templated":true}]}}