{"id":78428,"date":"2022-01-03T12:05:49","date_gmt":"2022-01-03T12:05:49","guid":{"rendered":"https:\/\/www.nettali.com\/?p=78428"},"modified":"2022-01-04T08:13:14","modified_gmt":"2022-01-04T08:13:14","slug":"limogeage-dg-douanes-et-tresor-le-ministere-des-finances-dement","status":"publish","type":"post","link":"https:\/\/www.nettali.com\/2022\/01\/03\/limogeage-dg-douanes-et-tresor-le-ministere-des-finances-dement\/","title":{"rendered":"LIMOGEAGE DG DOUANES ET TRESOR-  Le minist\u00e8re des Finances d\u00e9ment"},"content":{"rendered":"<p><strong>NETTALI.COM- La cellule de communication du minist\u00e8re\u00a0 des Finances et du Budget d\u00e9ment tout limogeage des Directeurs g\u00e9n\u00e9raux de la Comptabilit\u00e9 publique et du Tr\u00e9sor, Cheikh Tidiane Diop et celui des Douanes, M. Abdourahmane Di\u00e8ye.\u00a0<\/strong><\/p>\n<p>La presse de ce lundi 3 janvier annonce que le Directeur g\u00e9n\u00e9ral de la Comptabilit\u00e9 publique et du Tr\u00e9sor, M. Cheikh Tidiane Diop et celui des Douanes, M. Abdourahmane Di\u00e8ye ont \u00e9t\u00e9 relev\u00e9s de leurs postes. \" Le Minist\u00e8re des Finances et du Budget qui assure l\u2019autorit\u00e9 hi\u00e9rarchique de ces r\u00e9gies financi\u00e8res tient \u00e0 d\u00e9mentir ces informations inexactes. A ce jour, aucun d\u00e9cret n\u2019est pris pour mettre fin aux fonctions desdits Directeurs g\u00e9n\u00e9raux\", informe le minist\u00e8re dans un communiqu\u00e9.<\/p>\n<p>Dans son \u00e9dition de ce lundi 03 janvier 2022, le quotidien Walfadjri repris par des journaux en ligne, annonce que le Directeur g\u00e9n\u00e9ral de la Comptabilit\u00e9 publique et du Tr\u00e9sor, M. Cheikh Tidiane DIOP et celui des Douanes, M. Abdourahmane DIEYE ont \u00e9t\u00e9 relev\u00e9s de leurs postes.<\/p>\n<div class='share-to-whatsapp-wrapper'><div class='share-on-whsp'>PARTAGER SUR : <\/div><a data-text='LIMOGEAGE DG DOUANES ET TRESOR-  Le minist\u00e8re des Finances d\u00e9ment' data-link='https:\/\/www.nettali.com\/2022\/01\/03\/limogeage-dg-douanes-et-tresor-le-ministere-des-finances-dement\/' class='whatsapp-button whatsapp-share'>WhatsApp<\/a><div class='clear '><\/div><\/div>","protected":false},"excerpt":{"rendered":"<p>NETTALI.COM- La cellule de communication du minist\u00e8re\u00a0 des Finances et du Budget d\u00e9ment tout limogeage des Directeurs g\u00e9n\u00e9raux de la Comptabilit\u00e9 publique et du Tr\u00e9sor, Cheikh Tidiane Diop et celui des Douanes, M. Abdourahmane Di\u00e8ye.\u00a0 La presse de ce lundi 3 janvier annonce que le Directeur g\u00e9n\u00e9ral de la Comptabilit\u00e9 publique et du Tr\u00e9sor, M. [&hellip;]<\/p>\n","protected":false},"author":6,"featured_media":65380,"comment_status":"open","ping_status":"open","sticky":false,"template":"","format":"standard","meta":{"_et_pb_use_builder":"","_et_pb_old_content":""},"categories":[3],"tags":[],"yoast_head":"<!-- This site is optimized with the Yoast SEO Premium plugin v17.8 (Yoast SEO v17.8) - https:\/\/yoast.com\/wordpress\/plugins\/seo\/ -->\n<title>LIMOGEAGE DG DOUANES ET TRESOR- Le minist\u00e8re des Finances d\u00e9ment | Nettali.com<\/title>\n<meta name=\"robots\" content=\"index, follow, max-snippet:-1, max-image-preview:large, max-video-preview:-1\" \/>\n<link rel=\"canonical\" href=\"https:\/\/www.nettali.com\/2022\/01\/03\/limogeage-dg-douanes-et-tresor-le-ministere-des-finances-dement\/\" \/>\n<meta property=\"og:locale\" content=\"fr_FR\" \/>\n<meta property=\"og:type\" content=\"article\" \/>\n<meta property=\"og:title\" content=\"LIMOGEAGE DG DOUANES ET TRESOR- Le minist\u00e8re des Finances d\u00e9ment\" \/>\n<meta property=\"og:description\" content=\"NETTALI.COM- La cellule de communication du minist\u00e8re\u00a0 des Finances et du Budget d\u00e9ment tout limogeage des Directeurs g\u00e9n\u00e9raux de la Comptabilit\u00e9 publique et du Tr\u00e9sor, Cheikh Tidiane Diop et celui des Douanes, M. Abdourahmane Di\u00e8ye.\u00a0 La presse de ce lundi 3 janvier annonce que le Directeur g\u00e9n\u00e9ral de la Comptabilit\u00e9 publique et du Tr\u00e9sor, M. [&hellip;]\" \/>\n<meta property=\"og:url\" content=\"https:\/\/www.nettali.com\/2022\/01\/03\/limogeage-dg-douanes-et-tresor-le-ministere-des-finances-dement\/\" \/>\n<meta property=\"og:site_name\" content=\"Nettali.com\" \/>\n<meta property=\"article:publisher\" content=\"https:\/\/www.facebook.com\/nettalicom\" \/>\n<meta property=\"article:published_time\" content=\"2022-01-03T12:05:49+00:00\" \/>\n<meta property=\"article:modified_time\" content=\"2022-01-04T08:13:14+00:00\" \/>\n<meta property=\"og:image\" content=\"https:\/\/www.nettali.com\/wp-content\/uploads\/2021\/06\/cheikh-tidiane-diop-tresor-500x500-1.jpg\" \/>\n\t<meta property=\"og:image:width\" content=\"500\" \/>\n\t<meta property=\"og:image:height\" content=\"500\" \/>\n<meta name=\"twitter:card\" content=\"summary_large_image\" \/>\n<meta name=\"twitter:label1\" content=\"\u00c9crit par\" \/>\n\t<meta name=\"twitter:data1\" content=\"Fatou\" \/>\n\t<meta name=\"twitter:label2\" content=\"Dur\u00e9e de lecture estim\u00e9e\" \/>\n\t<meta name=\"twitter:data2\" content=\"1 minute\" \/>\n<script type=\"application\/ld+json\" class=\"yoast-schema-graph\">{\"@context\":\"https:\/\/schema.org\",\"@graph\":[{\"@type\":\"WebSite\",\"@id\":\"https:\/\/www.nettali.com\/#website\",\"url\":\"https:\/\/www.nettali.com\/\",\"name\":\"Nettali.com\",\"description\":\"Le rendez-vous critique du Net\",\"potentialAction\":[{\"@type\":\"SearchAction\",\"target\":{\"@type\":\"EntryPoint\",\"urlTemplate\":\"https:\/\/www.nettali.com\/?s={search_term_string}\"},\"query-input\":\"required name=search_term_string\"}],\"inLanguage\":\"fr-FR\"},{\"@type\":\"ImageObject\",\"@id\":\"https:\/\/www.nettali.com\/2022\/01\/03\/limogeage-dg-douanes-et-tresor-le-ministere-des-finances-dement\/#primaryimage\",\"inLanguage\":\"fr-FR\",\"url\":\"https:\/\/www.nettali.com\/wp-content\/uploads\/2021\/06\/cheikh-tidiane-diop-tresor-500x500-1.jpg\",\"contentUrl\":\"https:\/\/www.nettali.com\/wp-content\/uploads\/2021\/06\/cheikh-tidiane-diop-tresor-500x500-1.jpg\",\"width\":500,\"height\":500},{\"@type\":\"WebPage\",\"@id\":\"https:\/\/www.nettali.com\/2022\/01\/03\/limogeage-dg-douanes-et-tresor-le-ministere-des-finances-dement\/#webpage\",\"url\":\"https:\/\/www.nettali.com\/2022\/01\/03\/limogeage-dg-douanes-et-tresor-le-ministere-des-finances-dement\/\",\"name\":\"LIMOGEAGE DG DOUANES ET TRESOR- Le minist\\u00e8re des Finances d\\u00e9ment | Nettali.com\",\"isPartOf\":{\"@id\":\"https:\/\/www.nettali.com\/#website\"},\"primaryImageOfPage\":{\"@id\":\"https:\/\/www.nettali.com\/2022\/01\/03\/limogeage-dg-douanes-et-tresor-le-ministere-des-finances-dement\/#primaryimage\"},\"datePublished\":\"2022-01-03T12:05:49+00:00\",\"dateModified\":\"2022-01-04T08:13:14+00:00\",\"author\":{\"@id\":\"https:\/\/www.nettali.com\/#\/schema\/person\/418274a86bdf87caff7a3ef476bd0bbf\"},\"breadcrumb\":{\"@id\":\"https:\/\/www.nettali.com\/2022\/01\/03\/limogeage-dg-douanes-et-tresor-le-ministere-des-finances-dement\/#breadcrumb\"},\"inLanguage\":\"fr-FR\",\"potentialAction\":[{\"@type\":\"ReadAction\",\"target\":[\"https:\/\/www.nettali.com\/2022\/01\/03\/limogeage-dg-douanes-et-tresor-le-ministere-des-finances-dement\/\"]}]},{\"@type\":\"BreadcrumbList\",\"@id\":\"https:\/\/www.nettali.com\/2022\/01\/03\/limogeage-dg-douanes-et-tresor-le-ministere-des-finances-dement\/#breadcrumb\",\"itemListElement\":[{\"@type\":\"ListItem\",\"position\":1,\"name\":\"Accueil\",\"item\":\"https:\/\/www.nettali.com\/\"},{\"@type\":\"ListItem\",\"position\":2,\"name\":\"LIMOGEAGE DG DOUANES ET TRESOR- Le minist\\u00e8re des Finances d\\u00e9ment\"}]},{\"@type\":\"Person\",\"@id\":\"https:\/\/www.nettali.com\/#\/schema\/person\/418274a86bdf87caff7a3ef476bd0bbf\",\"name\":\"Fatou\",\"image\":{\"@type\":\"ImageObject\",\"@id\":\"https:\/\/www.nettali.com\/#personlogo\",\"inLanguage\":\"fr-FR\",\"url\":\"https:\/\/secure.gravatar.com\/avatar\/5a9442a2bee7b4dcf167cab035858e9a?s=96&d=mm&r=g\",\"contentUrl\":\"https:\/\/secure.gravatar.com\/avatar\/5a9442a2bee7b4dcf167cab035858e9a?s=96&d=mm&r=g\",\"caption\":\"Fatou\"},\"sameAs\":[\"https:\/\/www.nettali.com\"]}]}<\/script>\n<!-- \/ Yoast SEO Premium plugin. -->","yoast_head_json":{"title":"LIMOGEAGE DG DOUANES ET TRESOR- Le minist\u00e8re des Finances d\u00e9ment | Nettali.com","robots":{"index":"index","follow":"follow","max-snippet":"max-snippet:-1","max-image-preview":"max-image-preview:large","max-video-preview":"max-video-preview:-1"},"canonical":"https:\/\/www.nettali.com\/2022\/01\/03\/limogeage-dg-douanes-et-tresor-le-ministere-des-finances-dement\/","og_locale":"fr_FR","og_type":"article","og_title":"LIMOGEAGE DG DOUANES ET TRESOR- Le minist\u00e8re des Finances d\u00e9ment","og_description":"NETTALI.COM- La cellule de communication du minist\u00e8re\u00a0 des Finances et du Budget d\u00e9ment tout limogeage des Directeurs g\u00e9n\u00e9raux de la Comptabilit\u00e9 publique et du Tr\u00e9sor, Cheikh Tidiane Diop et celui des Douanes, M. Abdourahmane Di\u00e8ye.\u00a0 La presse de ce lundi 3 janvier annonce que le Directeur g\u00e9n\u00e9ral de la Comptabilit\u00e9 publique et du Tr\u00e9sor, M. [&hellip;]","og_url":"https:\/\/www.nettali.com\/2022\/01\/03\/limogeage-dg-douanes-et-tresor-le-ministere-des-finances-dement\/","og_site_name":"Nettali.com","article_publisher":"https:\/\/www.facebook.com\/nettalicom","article_published_time":"2022-01-03T12:05:49+00:00","article_modified_time":"2022-01-04T08:13:14+00:00","og_image":[{"width":500,"height":500,"url":"https:\/\/www.nettali.com\/wp-content\/uploads\/2021\/06\/cheikh-tidiane-diop-tresor-500x500-1.jpg","type":"image\/jpeg"}],"twitter_card":"summary_large_image","twitter_misc":{"\u00c9crit par":"Fatou","Dur\u00e9e de lecture estim\u00e9e":"1 minute"},"schema":{"@context":"https:\/\/schema.org","@graph":[{"@type":"WebSite","@id":"https:\/\/www.nettali.com\/#website","url":"https:\/\/www.nettali.com\/","name":"Nettali.com","description":"Le rendez-vous critique du Net","potentialAction":[{"@type":"SearchAction","target":{"@type":"EntryPoint","urlTemplate":"https:\/\/www.nettali.com\/?s={search_term_string}"},"query-input":"required name=search_term_string"}],"inLanguage":"fr-FR"},{"@type":"ImageObject","@id":"https:\/\/www.nettali.com\/2022\/01\/03\/limogeage-dg-douanes-et-tresor-le-ministere-des-finances-dement\/#primaryimage","inLanguage":"fr-FR","url":"https:\/\/www.nettali.com\/wp-content\/uploads\/2021\/06\/cheikh-tidiane-diop-tresor-500x500-1.jpg","contentUrl":"https:\/\/www.nettali.com\/wp-content\/uploads\/2021\/06\/cheikh-tidiane-diop-tresor-500x500-1.jpg","width":500,"height":500},{"@type":"WebPage","@id":"https:\/\/www.nettali.com\/2022\/01\/03\/limogeage-dg-douanes-et-tresor-le-ministere-des-finances-dement\/#webpage","url":"https:\/\/www.nettali.com\/2022\/01\/03\/limogeage-dg-douanes-et-tresor-le-ministere-des-finances-dement\/","name":"LIMOGEAGE DG DOUANES ET TRESOR- Le minist\u00e8re des Finances d\u00e9ment | Nettali.com","isPartOf":{"@id":"https:\/\/www.nettali.com\/#website"},"primaryImageOfPage":{"@id":"https:\/\/www.nettali.com\/2022\/01\/03\/limogeage-dg-douanes-et-tresor-le-ministere-des-finances-dement\/#primaryimage"},"datePublished":"2022-01-03T12:05:49+00:00","dateModified":"2022-01-04T08:13:14+00:00","author":{"@id":"https:\/\/www.nettali.com\/#\/schema\/person\/418274a86bdf87caff7a3ef476bd0bbf"},"breadcrumb":{"@id":"https:\/\/www.nettali.com\/2022\/01\/03\/limogeage-dg-douanes-et-tresor-le-ministere-des-finances-dement\/#breadcrumb"},"inLanguage":"fr-FR","potentialAction":[{"@type":"ReadAction","target":["https:\/\/www.nettali.com\/2022\/01\/03\/limogeage-dg-douanes-et-tresor-le-ministere-des-finances-dement\/"]}]},{"@type":"BreadcrumbList","@id":"https:\/\/www.nettali.com\/2022\/01\/03\/limogeage-dg-douanes-et-tresor-le-ministere-des-finances-dement\/#breadcrumb","itemListElement":[{"@type":"ListItem","position":1,"name":"Accueil","item":"https:\/\/www.nettali.com\/"},{"@type":"ListItem","position":2,"name":"LIMOGEAGE DG DOUANES ET TRESOR- Le minist\u00e8re des Finances d\u00e9ment"}]},{"@type":"Person","@id":"https:\/\/www.nettali.com\/#\/schema\/person\/418274a86bdf87caff7a3ef476bd0bbf","name":"Fatou","image":{"@type":"ImageObject","@id":"https:\/\/www.nettali.com\/#personlogo","inLanguage":"fr-FR","url":"https:\/\/secure.gravatar.com\/avatar\/5a9442a2bee7b4dcf167cab035858e9a?s=96&d=mm&r=g","contentUrl":"https:\/\/secure.gravatar.com\/avatar\/5a9442a2bee7b4dcf167cab035858e9a?s=96&d=mm&r=g","caption":"Fatou"},"sameAs":["https:\/\/www.nettali.com"]}]}},"_links":{"self":[{"href":"https:\/\/www.nettali.com\/rest\/wp\/v2\/posts\/78428"}],"collection":[{"href":"https:\/\/www.nettali.com\/rest\/wp\/v2\/posts"}],"about":[{"href":"https:\/\/www.nettali.com\/rest\/wp\/v2\/types\/post"}],"author":[{"embeddable":true,"href":"https:\/\/www.nettali.com\/rest\/wp\/v2\/users\/6"}],"replies":[{"embeddable":true,"href":"https:\/\/www.nettali.com\/rest\/wp\/v2\/comments?post=78428"}],"version-history":[{"count":4,"href":"https:\/\/www.nettali.com\/rest\/wp\/v2\/posts\/78428\/revisions"}],"predecessor-version":[{"id":78432,"href":"https:\/\/www.nettali.com\/rest\/wp\/v2\/posts\/78428\/revisions\/78432"}],"wp:featuredmedia":[{"embeddable":true,"href":"https:\/\/www.nettali.com\/rest\/wp\/v2\/media\/65380"}],"wp:attachment":[{"href":"https:\/\/www.nettali.com\/rest\/wp\/v2\/media?parent=78428"}],"wp:term":[{"taxonomy":"category","embeddable":true,"href":"https:\/\/www.nettali.com\/rest\/wp\/v2\/categories?post=78428"},{"taxonomy":"post_tag","embeddable":true,"href":"https:\/\/www.nettali.com\/rest\/wp\/v2\/tags?post=78428"}],"curies":[{"name":"wp","href":"https:\/\/api.w.org\/{rel}","templated":true}]}}