{"id":78258,"date":"2021-12-31T10:57:19","date_gmt":"2021-12-31T10:57:19","guid":{"rendered":"https:\/\/www.nettali.com\/?p=78258"},"modified":"2021-12-31T10:57:19","modified_gmt":"2021-12-31T10:57:19","slug":"psg-abdou-diallo-entre-milan-et-le-psg","status":"publish","type":"post","link":"https:\/\/www.nettali.com\/2021\/12\/31\/psg-abdou-diallo-entre-milan-et-le-psg\/","title":{"rendered":"PSG - Abdou Diallo entre Milan et le PSG"},"content":{"rendered":"<p><strong>NETTALI.COM - Potentiellement sur le d\u00e9part du Paris Saint-Germain sur ce mercato d'hiver en janvier, le d\u00e9fenseur polyvalent Abdou Diallo (25 ans, 9 matchs en L1 cette saison) qui se retrouve annonc\u00e9 dans le viseur de l'AC Milan, semble pris entre deux feux. Celui du PSG qui veut un transfert ; et le Milan qui veut un pr\u00eat tout simplement.<\/strong><\/p>\n<p>En effet, d'apr\u00e8s les informations de la radio RMC ce jeudi, les n\u00e9gociations ont d\u00e9but\u00e9 entre les deux formations pour l'international s\u00e9n\u00e9galais. Cependant,<br \/>\nalors que le PSG propose un transfert d\u00e9finitif de l'ancien Mon\u00e9gasque, le club italien souhaite seulement obtenir un pr\u00eat afin de compenser la longue absence<br \/>\nde Simon Kjaer sur la seconde partie de la saison.<\/p>\n<p>Si Paris n'accepte pas cette formule, le Milan ne devrait pas insister avec d'autres pistes d\u00e9j\u00e0 suivies. Un dossier \u00e0 priori complexe surtout que Diallo va d\u00e9sormais se concentrer sur la Coupe d'Afrique des Nations avec son pays.<\/p>\n<div class='share-to-whatsapp-wrapper'><div class='share-on-whsp'>PARTAGER SUR : <\/div><a data-text='PSG - Abdou Diallo entre Milan et le PSG' data-link='https:\/\/www.nettali.com\/2021\/12\/31\/psg-abdou-diallo-entre-milan-et-le-psg\/' class='whatsapp-button whatsapp-share'>WhatsApp<\/a><div class='clear '><\/div><\/div>","protected":false},"excerpt":{"rendered":"<p>NETTALI.COM - Potentiellement sur le d\u00e9part du Paris Saint-Germain sur ce mercato d'hiver en janvier, le d\u00e9fenseur polyvalent Abdou Diallo (25 ans, 9 matchs en L1 cette saison) qui se retrouve annonc\u00e9 dans le viseur de l'AC Milan, semble pris entre deux feux. Celui du PSG qui veut un transfert ; et le Milan qui [&hellip;]<\/p>\n","protected":false},"author":2,"featured_media":78274,"comment_status":"open","ping_status":"open","sticky":false,"template":"","format":"standard","meta":{"_et_pb_use_builder":"","_et_pb_old_content":""},"categories":[6],"tags":[],"yoast_head":"<!-- This site is optimized with the Yoast SEO Premium plugin v17.8 (Yoast SEO v17.8) - https:\/\/yoast.com\/wordpress\/plugins\/seo\/ -->\n<title>PSG - Abdou Diallo entre Milan et le PSG | Nettali.com<\/title>\n<meta name=\"robots\" content=\"index, follow, max-snippet:-1, max-image-preview:large, max-video-preview:-1\" \/>\n<link rel=\"canonical\" href=\"https:\/\/www.nettali.com\/2021\/12\/31\/psg-abdou-diallo-entre-milan-et-le-psg\/\" \/>\n<meta property=\"og:locale\" content=\"fr_FR\" \/>\n<meta property=\"og:type\" content=\"article\" \/>\n<meta property=\"og:title\" content=\"PSG - Abdou Diallo entre Milan et le PSG\" \/>\n<meta property=\"og:description\" content=\"NETTALI.COM - Potentiellement sur le d\u00e9part du Paris Saint-Germain sur ce mercato d&#039;hiver en janvier, le d\u00e9fenseur polyvalent Abdou Diallo (25 ans, 9 matchs en L1 cette saison) qui se retrouve annonc\u00e9 dans le viseur de l&#039;AC Milan, semble pris entre deux feux. Celui du PSG qui veut un transfert ; et le Milan qui [&hellip;]\" \/>\n<meta property=\"og:url\" content=\"https:\/\/www.nettali.com\/2021\/12\/31\/psg-abdou-diallo-entre-milan-et-le-psg\/\" \/>\n<meta property=\"og:site_name\" content=\"Nettali.com\" \/>\n<meta property=\"article:publisher\" content=\"https:\/\/www.facebook.com\/nettalicom\" \/>\n<meta property=\"article:published_time\" content=\"2021-12-31T10:57:19+00:00\" \/>\n<meta property=\"og:image\" content=\"https:\/\/www.nettali.com\/wp-content\/uploads\/2021\/12\/cs5l3c7i3bgl3ou5ma3rteufga.jpg\" \/>\n\t<meta property=\"og:image:width\" content=\"620\" \/>\n\t<meta property=\"og:image:height\" content=\"387\" \/>\n<meta name=\"twitter:card\" content=\"summary_large_image\" \/>\n<meta name=\"twitter:label1\" content=\"\u00c9crit par\" \/>\n\t<meta name=\"twitter:data1\" content=\"CK\" \/>\n\t<meta name=\"twitter:label2\" content=\"Dur\u00e9e de lecture estim\u00e9e\" \/>\n\t<meta name=\"twitter:data2\" content=\"1 minute\" \/>\n<script type=\"application\/ld+json\" class=\"yoast-schema-graph\">{\"@context\":\"https:\/\/schema.org\",\"@graph\":[{\"@type\":\"WebSite\",\"@id\":\"https:\/\/www.nettali.com\/#website\",\"url\":\"https:\/\/www.nettali.com\/\",\"name\":\"Nettali.com\",\"description\":\"Le rendez-vous critique du Net\",\"potentialAction\":[{\"@type\":\"SearchAction\",\"target\":{\"@type\":\"EntryPoint\",\"urlTemplate\":\"https:\/\/www.nettali.com\/?s={search_term_string}\"},\"query-input\":\"required name=search_term_string\"}],\"inLanguage\":\"fr-FR\"},{\"@type\":\"ImageObject\",\"@id\":\"https:\/\/www.nettali.com\/2021\/12\/31\/psg-abdou-diallo-entre-milan-et-le-psg\/#primaryimage\",\"inLanguage\":\"fr-FR\",\"url\":\"https:\/\/www.nettali.com\/wp-content\/uploads\/2021\/12\/cs5l3c7i3bgl3ou5ma3rteufga.jpg\",\"contentUrl\":\"https:\/\/www.nettali.com\/wp-content\/uploads\/2021\/12\/cs5l3c7i3bgl3ou5ma3rteufga.jpg\",\"width\":620,\"height\":387},{\"@type\":\"WebPage\",\"@id\":\"https:\/\/www.nettali.com\/2021\/12\/31\/psg-abdou-diallo-entre-milan-et-le-psg\/#webpage\",\"url\":\"https:\/\/www.nettali.com\/2021\/12\/31\/psg-abdou-diallo-entre-milan-et-le-psg\/\",\"name\":\"PSG - Abdou Diallo entre Milan et le PSG | Nettali.com\",\"isPartOf\":{\"@id\":\"https:\/\/www.nettali.com\/#website\"},\"primaryImageOfPage\":{\"@id\":\"https:\/\/www.nettali.com\/2021\/12\/31\/psg-abdou-diallo-entre-milan-et-le-psg\/#primaryimage\"},\"datePublished\":\"2021-12-31T10:57:19+00:00\",\"dateModified\":\"2021-12-31T10:57:19+00:00\",\"author\":{\"@id\":\"https:\/\/www.nettali.com\/#\/schema\/person\/d8ac7b7e27ddad43f1c0d2ef090d7f71\"},\"breadcrumb\":{\"@id\":\"https:\/\/www.nettali.com\/2021\/12\/31\/psg-abdou-diallo-entre-milan-et-le-psg\/#breadcrumb\"},\"inLanguage\":\"fr-FR\",\"potentialAction\":[{\"@type\":\"ReadAction\",\"target\":[\"https:\/\/www.nettali.com\/2021\/12\/31\/psg-abdou-diallo-entre-milan-et-le-psg\/\"]}]},{\"@type\":\"BreadcrumbList\",\"@id\":\"https:\/\/www.nettali.com\/2021\/12\/31\/psg-abdou-diallo-entre-milan-et-le-psg\/#breadcrumb\",\"itemListElement\":[{\"@type\":\"ListItem\",\"position\":1,\"name\":\"Accueil\",\"item\":\"https:\/\/www.nettali.com\/\"},{\"@type\":\"ListItem\",\"position\":2,\"name\":\"PSG &#8211; Abdou Diallo entre Milan et le PSG\"}]},{\"@type\":\"Person\",\"@id\":\"https:\/\/www.nettali.com\/#\/schema\/person\/d8ac7b7e27ddad43f1c0d2ef090d7f71\",\"name\":\"CK\",\"image\":{\"@type\":\"ImageObject\",\"@id\":\"https:\/\/www.nettali.com\/#personlogo\",\"inLanguage\":\"fr-FR\",\"url\":\"https:\/\/secure.gravatar.com\/avatar\/1d8d5118b9327d94da7cd4ce7f17fec2?s=96&d=mm&r=g\",\"contentUrl\":\"https:\/\/secure.gravatar.com\/avatar\/1d8d5118b9327d94da7cd4ce7f17fec2?s=96&d=mm&r=g\",\"caption\":\"CK\"},\"sameAs\":[\"https:\/\/www.nettali.com\"]}]}<\/script>\n<!-- \/ Yoast SEO Premium plugin. -->","yoast_head_json":{"title":"PSG - Abdou Diallo entre Milan et le PSG | Nettali.com","robots":{"index":"index","follow":"follow","max-snippet":"max-snippet:-1","max-image-preview":"max-image-preview:large","max-video-preview":"max-video-preview:-1"},"canonical":"https:\/\/www.nettali.com\/2021\/12\/31\/psg-abdou-diallo-entre-milan-et-le-psg\/","og_locale":"fr_FR","og_type":"article","og_title":"PSG - Abdou Diallo entre Milan et le PSG","og_description":"NETTALI.COM - Potentiellement sur le d\u00e9part du Paris Saint-Germain sur ce mercato d'hiver en janvier, le d\u00e9fenseur polyvalent Abdou Diallo (25 ans, 9 matchs en L1 cette saison) qui se retrouve annonc\u00e9 dans le viseur de l'AC Milan, semble pris entre deux feux. Celui du PSG qui veut un transfert ; et le Milan qui [&hellip;]","og_url":"https:\/\/www.nettali.com\/2021\/12\/31\/psg-abdou-diallo-entre-milan-et-le-psg\/","og_site_name":"Nettali.com","article_publisher":"https:\/\/www.facebook.com\/nettalicom","article_published_time":"2021-12-31T10:57:19+00:00","og_image":[{"width":620,"height":387,"url":"https:\/\/www.nettali.com\/wp-content\/uploads\/2021\/12\/cs5l3c7i3bgl3ou5ma3rteufga.jpg","type":"image\/jpeg"}],"twitter_card":"summary_large_image","twitter_misc":{"\u00c9crit par":"CK","Dur\u00e9e de lecture estim\u00e9e":"1 minute"},"schema":{"@context":"https:\/\/schema.org","@graph":[{"@type":"WebSite","@id":"https:\/\/www.nettali.com\/#website","url":"https:\/\/www.nettali.com\/","name":"Nettali.com","description":"Le rendez-vous critique du Net","potentialAction":[{"@type":"SearchAction","target":{"@type":"EntryPoint","urlTemplate":"https:\/\/www.nettali.com\/?s={search_term_string}"},"query-input":"required name=search_term_string"}],"inLanguage":"fr-FR"},{"@type":"ImageObject","@id":"https:\/\/www.nettali.com\/2021\/12\/31\/psg-abdou-diallo-entre-milan-et-le-psg\/#primaryimage","inLanguage":"fr-FR","url":"https:\/\/www.nettali.com\/wp-content\/uploads\/2021\/12\/cs5l3c7i3bgl3ou5ma3rteufga.jpg","contentUrl":"https:\/\/www.nettali.com\/wp-content\/uploads\/2021\/12\/cs5l3c7i3bgl3ou5ma3rteufga.jpg","width":620,"height":387},{"@type":"WebPage","@id":"https:\/\/www.nettali.com\/2021\/12\/31\/psg-abdou-diallo-entre-milan-et-le-psg\/#webpage","url":"https:\/\/www.nettali.com\/2021\/12\/31\/psg-abdou-diallo-entre-milan-et-le-psg\/","name":"PSG - Abdou Diallo entre Milan et le PSG | Nettali.com","isPartOf":{"@id":"https:\/\/www.nettali.com\/#website"},"primaryImageOfPage":{"@id":"https:\/\/www.nettali.com\/2021\/12\/31\/psg-abdou-diallo-entre-milan-et-le-psg\/#primaryimage"},"datePublished":"2021-12-31T10:57:19+00:00","dateModified":"2021-12-31T10:57:19+00:00","author":{"@id":"https:\/\/www.nettali.com\/#\/schema\/person\/d8ac7b7e27ddad43f1c0d2ef090d7f71"},"breadcrumb":{"@id":"https:\/\/www.nettali.com\/2021\/12\/31\/psg-abdou-diallo-entre-milan-et-le-psg\/#breadcrumb"},"inLanguage":"fr-FR","potentialAction":[{"@type":"ReadAction","target":["https:\/\/www.nettali.com\/2021\/12\/31\/psg-abdou-diallo-entre-milan-et-le-psg\/"]}]},{"@type":"BreadcrumbList","@id":"https:\/\/www.nettali.com\/2021\/12\/31\/psg-abdou-diallo-entre-milan-et-le-psg\/#breadcrumb","itemListElement":[{"@type":"ListItem","position":1,"name":"Accueil","item":"https:\/\/www.nettali.com\/"},{"@type":"ListItem","position":2,"name":"PSG &#8211; Abdou Diallo entre Milan et le PSG"}]},{"@type":"Person","@id":"https:\/\/www.nettali.com\/#\/schema\/person\/d8ac7b7e27ddad43f1c0d2ef090d7f71","name":"CK","image":{"@type":"ImageObject","@id":"https:\/\/www.nettali.com\/#personlogo","inLanguage":"fr-FR","url":"https:\/\/secure.gravatar.com\/avatar\/1d8d5118b9327d94da7cd4ce7f17fec2?s=96&d=mm&r=g","contentUrl":"https:\/\/secure.gravatar.com\/avatar\/1d8d5118b9327d94da7cd4ce7f17fec2?s=96&d=mm&r=g","caption":"CK"},"sameAs":["https:\/\/www.nettali.com"]}]}},"_links":{"self":[{"href":"https:\/\/www.nettali.com\/rest\/wp\/v2\/posts\/78258"}],"collection":[{"href":"https:\/\/www.nettali.com\/rest\/wp\/v2\/posts"}],"about":[{"href":"https:\/\/www.nettali.com\/rest\/wp\/v2\/types\/post"}],"author":[{"embeddable":true,"href":"https:\/\/www.nettali.com\/rest\/wp\/v2\/users\/2"}],"replies":[{"embeddable":true,"href":"https:\/\/www.nettali.com\/rest\/wp\/v2\/comments?post=78258"}],"version-history":[{"count":2,"href":"https:\/\/www.nettali.com\/rest\/wp\/v2\/posts\/78258\/revisions"}],"predecessor-version":[{"id":78275,"href":"https:\/\/www.nettali.com\/rest\/wp\/v2\/posts\/78258\/revisions\/78275"}],"wp:featuredmedia":[{"embeddable":true,"href":"https:\/\/www.nettali.com\/rest\/wp\/v2\/media\/78274"}],"wp:attachment":[{"href":"https:\/\/www.nettali.com\/rest\/wp\/v2\/media?parent=78258"}],"wp:term":[{"taxonomy":"category","embeddable":true,"href":"https:\/\/www.nettali.com\/rest\/wp\/v2\/categories?post=78258"},{"taxonomy":"post_tag","embeddable":true,"href":"https:\/\/www.nettali.com\/rest\/wp\/v2\/tags?post=78258"}],"curies":[{"name":"wp","href":"https:\/\/api.w.org\/{rel}","templated":true}]}}