{"id":78184,"date":"2021-12-29T21:19:13","date_gmt":"2021-12-29T21:19:13","guid":{"rendered":"https:\/\/www.nettali.com\/?p=78184"},"modified":"2021-12-30T07:52:47","modified_gmt":"2021-12-30T07:52:47","slug":"me-moussa-bocar-thiam-aje-nous-avons-essaye-de-retablir-le-droit","status":"publish","type":"post","link":"https:\/\/www.nettali.com\/2021\/12\/29\/me-moussa-bocar-thiam-aje-nous-avons-essaye-de-retablir-le-droit\/","title":{"rendered":"Me MOUSSA BOCAR THIAM, AJE - \"Nous avons essay\u00e9 de r\u00e9tablir le droit\""},"content":{"rendered":"<p><strong>NETTALI.COM- L\u2019Agent judiciaire de l\u2019Etat s\u2019est r\u00e9joui des diff\u00e9rentes d\u00e9cisions rendues par la Chambre administrative de la Cour supr\u00eame. Ladite juridiction a donn\u00e9 gain de cause au minist\u00e8re en charge des \u00e9lections puisque sur les 10 recours de l\u2019Etat, les huit ont \u00e9t\u00e9 gagn\u00e9s par celui-ci. Pour la liste Yewu Askan wi dont la liste a \u00e9t\u00e9 finalement valid\u00e9e \u00e0 Matam, Me Moussa Bocar Thiam a relev\u00e9 que \u00ab\u00a0le droit a \u00e9t\u00e9 r\u00e9tabli, bien appliqu\u00e9\u00a0\u00bb.<\/strong><\/p>\n<p>\u00ab<em>\u00a0Le droit a \u00e9t\u00e9 r\u00e9tabli, bien appliqu\u00e9<\/em> \u00bb. Telle est la r\u00e9action de l\u2019Agent judiciaire de l\u2019Etat suite \u00e0 la d\u00e9cision de la Cour supr\u00eame validant la liste de la liste Yewi Askan We \u00e0 Matam. \u00ab<em> La Cour supr\u00eame a estim\u00e9 que d\u00e8s lors que le pr\u00e9fet a re\u00e7u notification de la part du mandataire national de la coalition Yewwi Askan Wi, il ne pouvait pas ne pas en tenir compte et devait modifier la pr\u00e9c\u00e9dente liste de mandataire d\u00e9pos\u00e9e par la m\u00eame coalition la veille<\/em> \u00bb, commente Me Moussa Bocar Thiam. \u00ab <em>Donc, <\/em>poursuit-il,<em> la Cour supr\u00eame a estim\u00e9 que le pr\u00e9fet s\u2019est tromp\u00e9 en refusant de prendre la nouvelle liste de la coalition Yewwi Askan Wi dans la r\u00e9gion de Matam<\/em> \u00bb.<\/p>\n<p>En outre, Me Thiam s\u2019est r\u00e9joui des autres d\u00e9cisions rendues en faveur de l\u2019Etat qui a obtenu gain cause sur les 10 recours qu\u2019il a d\u00e9pos\u00e9s. \u00ab<em>\u00a0Il faut que l\u2019on comprenne que nous avons essay\u00e9 de r\u00e9tablir le droit, parce que l\u2019administration dans la proc\u00e9dure en mati\u00e8re \u00e9lectorale joue un r\u00f4le de veille au respect de la loi par tous les partis et coalitions de partis\u00a0<\/em>\u00bb, argue l\u2019AJE.<\/p>\n<p>Toujours pour expliquer le sens de leur requ\u00eate, il souligne\u00a0: \u00ab<em> nous n\u2019avons pas de parti pris. Nous sommes l\u00e0 pour r\u00e9tablir le droit. Lorsqu\u2019une Cour d\u2019appel fait une mauvaise application de la loi, il appartient \u00e0 l\u2019Agent judiciaire de l\u2019Etat de r\u00e9tablir le droit. C\u2019est ce qu\u2019on a fait aujourd\u2019hui. Sur dix recours introduits par l\u2019Agent judiciaire de l\u2019Etat, les huit ont \u00e9t\u00e9 accept\u00e9es par la Cour supr\u00eame comme \u00e9tant des d\u00e9cisions, des recours bien fond\u00e9es puisque les cours d\u2019appel se sont manifestement tromp\u00e9es\u00a0<\/em>\u00bb.<\/p>\n<p>Me Thiam de poursuivre\u00a0: \u00ab\u00a0<em>A ce niveau, nous n\u2019appliquons que la loi \u00e9lectorale qui doit \u00eatre \u00e9gale pour tous les partis politiques et coalitions de partis politiques. Il y a deux recours o\u00f9 manifestement la Cour d\u2019appel avait raison. Notamment le cas de Ziguinchor o\u00f9 la d\u00e9cision du pr\u00e9fet n\u2019a pas \u00e9t\u00e9 motiv\u00e9e, parce qu\u2019on sait tous que lorsque le pr\u00e9fet rejette un d\u00e9p\u00f4t de candidature, il a l\u2019obligation de motiver sa d\u00e9cision. C\u2019est d\u2019expliquer \u00e0 la partie dont le dossier a \u00e9t\u00e9 rejet\u00e9, les motifs du rejet.<\/em>\u00a0\u00bb<\/p>\n<div class='share-to-whatsapp-wrapper'><div class='share-on-whsp'>PARTAGER SUR : <\/div><a data-text='Me MOUSSA BOCAR THIAM, AJE - \"Nous avons essay\u00e9 de r\u00e9tablir le droit\"' data-link='https:\/\/www.nettali.com\/2021\/12\/29\/me-moussa-bocar-thiam-aje-nous-avons-essaye-de-retablir-le-droit\/' class='whatsapp-button whatsapp-share'>WhatsApp<\/a><div class='clear '><\/div><\/div>","protected":false},"excerpt":{"rendered":"<p>NETTALI.COM- L\u2019Agent judiciaire de l\u2019Etat s\u2019est r\u00e9joui des diff\u00e9rentes d\u00e9cisions rendues par la Chambre administrative de la Cour supr\u00eame. Ladite juridiction a donn\u00e9 gain de cause au minist\u00e8re en charge des \u00e9lections puisque sur les 10 recours de l\u2019Etat, les huit ont \u00e9t\u00e9 gagn\u00e9s par celui-ci. Pour la liste Yewu Askan wi dont la liste [&hellip;]<\/p>\n","protected":false},"author":6,"featured_media":7607,"comment_status":"open","ping_status":"open","sticky":false,"template":"","format":"standard","meta":{"_et_pb_use_builder":"","_et_pb_old_content":""},"categories":[2],"tags":[],"yoast_head":"<!-- This site is optimized with the Yoast SEO Premium plugin v17.8 (Yoast SEO v17.8) - https:\/\/yoast.com\/wordpress\/plugins\/seo\/ -->\n<title>Me MOUSSA BOCAR THIAM, AJE - &quot;Nous avons essay\u00e9 de r\u00e9tablir le droit&quot; | Nettali.com<\/title>\n<meta name=\"robots\" content=\"index, follow, max-snippet:-1, max-image-preview:large, max-video-preview:-1\" \/>\n<link rel=\"canonical\" href=\"https:\/\/www.nettali.com\/2021\/12\/29\/me-moussa-bocar-thiam-aje-nous-avons-essaye-de-retablir-le-droit\/\" \/>\n<meta property=\"og:locale\" content=\"fr_FR\" \/>\n<meta property=\"og:type\" content=\"article\" \/>\n<meta property=\"og:title\" content=\"Me MOUSSA BOCAR THIAM, AJE - &quot;Nous avons essay\u00e9 de r\u00e9tablir le droit&quot;\" \/>\n<meta property=\"og:description\" content=\"NETTALI.COM- L\u2019Agent judiciaire de l\u2019Etat s\u2019est r\u00e9joui des diff\u00e9rentes d\u00e9cisions rendues par la Chambre administrative de la Cour supr\u00eame. Ladite juridiction a donn\u00e9 gain de cause au minist\u00e8re en charge des \u00e9lections puisque sur les 10 recours de l\u2019Etat, les huit ont \u00e9t\u00e9 gagn\u00e9s par celui-ci. Pour la liste Yewu Askan wi dont la liste [&hellip;]\" \/>\n<meta property=\"og:url\" content=\"https:\/\/www.nettali.com\/2021\/12\/29\/me-moussa-bocar-thiam-aje-nous-avons-essaye-de-retablir-le-droit\/\" \/>\n<meta property=\"og:site_name\" content=\"Nettali.com\" \/>\n<meta property=\"article:publisher\" content=\"https:\/\/www.facebook.com\/nettalicom\" \/>\n<meta property=\"article:published_time\" content=\"2021-12-29T21:19:13+00:00\" \/>\n<meta property=\"article:modified_time\" content=\"2021-12-30T07:52:47+00:00\" \/>\n<meta property=\"og:image\" content=\"https:\/\/www.nettali.com\/wp-content\/uploads\/2019\/04\/Me-Moussa-Bocar-Thiam.png\" \/>\n\t<meta property=\"og:image:width\" content=\"579\" \/>\n\t<meta property=\"og:image:height\" content=\"430\" \/>\n<meta name=\"twitter:card\" content=\"summary_large_image\" \/>\n<meta name=\"twitter:label1\" content=\"\u00c9crit par\" \/>\n\t<meta name=\"twitter:data1\" content=\"Fatou\" \/>\n\t<meta name=\"twitter:label2\" content=\"Dur\u00e9e de lecture estim\u00e9e\" \/>\n\t<meta name=\"twitter:data2\" content=\"2 minutes\" \/>\n<script type=\"application\/ld+json\" class=\"yoast-schema-graph\">{\"@context\":\"https:\/\/schema.org\",\"@graph\":[{\"@type\":\"WebSite\",\"@id\":\"https:\/\/www.nettali.com\/#website\",\"url\":\"https:\/\/www.nettali.com\/\",\"name\":\"Nettali.com\",\"description\":\"Le rendez-vous critique du Net\",\"potentialAction\":[{\"@type\":\"SearchAction\",\"target\":{\"@type\":\"EntryPoint\",\"urlTemplate\":\"https:\/\/www.nettali.com\/?s={search_term_string}\"},\"query-input\":\"required name=search_term_string\"}],\"inLanguage\":\"fr-FR\"},{\"@type\":\"ImageObject\",\"@id\":\"https:\/\/www.nettali.com\/2021\/12\/29\/me-moussa-bocar-thiam-aje-nous-avons-essaye-de-retablir-le-droit\/#primaryimage\",\"inLanguage\":\"fr-FR\",\"url\":\"https:\/\/www.nettali.com\/wp-content\/uploads\/2019\/04\/Me-Moussa-Bocar-Thiam.png\",\"contentUrl\":\"https:\/\/www.nettali.com\/wp-content\/uploads\/2019\/04\/Me-Moussa-Bocar-Thiam.png\",\"width\":579,\"height\":430},{\"@type\":\"WebPage\",\"@id\":\"https:\/\/www.nettali.com\/2021\/12\/29\/me-moussa-bocar-thiam-aje-nous-avons-essaye-de-retablir-le-droit\/#webpage\",\"url\":\"https:\/\/www.nettali.com\/2021\/12\/29\/me-moussa-bocar-thiam-aje-nous-avons-essaye-de-retablir-le-droit\/\",\"name\":\"Me MOUSSA BOCAR THIAM, AJE - \\\"Nous avons essay\\u00e9 de r\\u00e9tablir le droit\\\" | Nettali.com\",\"isPartOf\":{\"@id\":\"https:\/\/www.nettali.com\/#website\"},\"primaryImageOfPage\":{\"@id\":\"https:\/\/www.nettali.com\/2021\/12\/29\/me-moussa-bocar-thiam-aje-nous-avons-essaye-de-retablir-le-droit\/#primaryimage\"},\"datePublished\":\"2021-12-29T21:19:13+00:00\",\"dateModified\":\"2021-12-30T07:52:47+00:00\",\"author\":{\"@id\":\"https:\/\/www.nettali.com\/#\/schema\/person\/418274a86bdf87caff7a3ef476bd0bbf\"},\"breadcrumb\":{\"@id\":\"https:\/\/www.nettali.com\/2021\/12\/29\/me-moussa-bocar-thiam-aje-nous-avons-essaye-de-retablir-le-droit\/#breadcrumb\"},\"inLanguage\":\"fr-FR\",\"potentialAction\":[{\"@type\":\"ReadAction\",\"target\":[\"https:\/\/www.nettali.com\/2021\/12\/29\/me-moussa-bocar-thiam-aje-nous-avons-essaye-de-retablir-le-droit\/\"]}]},{\"@type\":\"BreadcrumbList\",\"@id\":\"https:\/\/www.nettali.com\/2021\/12\/29\/me-moussa-bocar-thiam-aje-nous-avons-essaye-de-retablir-le-droit\/#breadcrumb\",\"itemListElement\":[{\"@type\":\"ListItem\",\"position\":1,\"name\":\"Accueil\",\"item\":\"https:\/\/www.nettali.com\/\"},{\"@type\":\"ListItem\",\"position\":2,\"name\":\"Me MOUSSA BOCAR THIAM, AJE &#8211; &#8220;Nous avons essay\\u00e9 de r\\u00e9tablir le droit&#8221;\"}]},{\"@type\":\"Person\",\"@id\":\"https:\/\/www.nettali.com\/#\/schema\/person\/418274a86bdf87caff7a3ef476bd0bbf\",\"name\":\"Fatou\",\"image\":{\"@type\":\"ImageObject\",\"@id\":\"https:\/\/www.nettali.com\/#personlogo\",\"inLanguage\":\"fr-FR\",\"url\":\"https:\/\/secure.gravatar.com\/avatar\/5a9442a2bee7b4dcf167cab035858e9a?s=96&d=mm&r=g\",\"contentUrl\":\"https:\/\/secure.gravatar.com\/avatar\/5a9442a2bee7b4dcf167cab035858e9a?s=96&d=mm&r=g\",\"caption\":\"Fatou\"},\"sameAs\":[\"https:\/\/www.nettali.com\"]}]}<\/script>\n<!-- \/ Yoast SEO Premium plugin. -->","yoast_head_json":{"title":"Me MOUSSA BOCAR THIAM, AJE - \"Nous avons essay\u00e9 de r\u00e9tablir le droit\" | Nettali.com","robots":{"index":"index","follow":"follow","max-snippet":"max-snippet:-1","max-image-preview":"max-image-preview:large","max-video-preview":"max-video-preview:-1"},"canonical":"https:\/\/www.nettali.com\/2021\/12\/29\/me-moussa-bocar-thiam-aje-nous-avons-essaye-de-retablir-le-droit\/","og_locale":"fr_FR","og_type":"article","og_title":"Me MOUSSA BOCAR THIAM, AJE - \"Nous avons essay\u00e9 de r\u00e9tablir le droit\"","og_description":"NETTALI.COM- L\u2019Agent judiciaire de l\u2019Etat s\u2019est r\u00e9joui des diff\u00e9rentes d\u00e9cisions rendues par la Chambre administrative de la Cour supr\u00eame. Ladite juridiction a donn\u00e9 gain de cause au minist\u00e8re en charge des \u00e9lections puisque sur les 10 recours de l\u2019Etat, les huit ont \u00e9t\u00e9 gagn\u00e9s par celui-ci. Pour la liste Yewu Askan wi dont la liste [&hellip;]","og_url":"https:\/\/www.nettali.com\/2021\/12\/29\/me-moussa-bocar-thiam-aje-nous-avons-essaye-de-retablir-le-droit\/","og_site_name":"Nettali.com","article_publisher":"https:\/\/www.facebook.com\/nettalicom","article_published_time":"2021-12-29T21:19:13+00:00","article_modified_time":"2021-12-30T07:52:47+00:00","og_image":[{"width":579,"height":430,"url":"https:\/\/www.nettali.com\/wp-content\/uploads\/2019\/04\/Me-Moussa-Bocar-Thiam.png","type":"image\/png"}],"twitter_card":"summary_large_image","twitter_misc":{"\u00c9crit par":"Fatou","Dur\u00e9e de lecture estim\u00e9e":"2 minutes"},"schema":{"@context":"https:\/\/schema.org","@graph":[{"@type":"WebSite","@id":"https:\/\/www.nettali.com\/#website","url":"https:\/\/www.nettali.com\/","name":"Nettali.com","description":"Le rendez-vous critique du Net","potentialAction":[{"@type":"SearchAction","target":{"@type":"EntryPoint","urlTemplate":"https:\/\/www.nettali.com\/?s={search_term_string}"},"query-input":"required name=search_term_string"}],"inLanguage":"fr-FR"},{"@type":"ImageObject","@id":"https:\/\/www.nettali.com\/2021\/12\/29\/me-moussa-bocar-thiam-aje-nous-avons-essaye-de-retablir-le-droit\/#primaryimage","inLanguage":"fr-FR","url":"https:\/\/www.nettali.com\/wp-content\/uploads\/2019\/04\/Me-Moussa-Bocar-Thiam.png","contentUrl":"https:\/\/www.nettali.com\/wp-content\/uploads\/2019\/04\/Me-Moussa-Bocar-Thiam.png","width":579,"height":430},{"@type":"WebPage","@id":"https:\/\/www.nettali.com\/2021\/12\/29\/me-moussa-bocar-thiam-aje-nous-avons-essaye-de-retablir-le-droit\/#webpage","url":"https:\/\/www.nettali.com\/2021\/12\/29\/me-moussa-bocar-thiam-aje-nous-avons-essaye-de-retablir-le-droit\/","name":"Me MOUSSA BOCAR THIAM, AJE - \"Nous avons essay\u00e9 de r\u00e9tablir le droit\" | Nettali.com","isPartOf":{"@id":"https:\/\/www.nettali.com\/#website"},"primaryImageOfPage":{"@id":"https:\/\/www.nettali.com\/2021\/12\/29\/me-moussa-bocar-thiam-aje-nous-avons-essaye-de-retablir-le-droit\/#primaryimage"},"datePublished":"2021-12-29T21:19:13+00:00","dateModified":"2021-12-30T07:52:47+00:00","author":{"@id":"https:\/\/www.nettali.com\/#\/schema\/person\/418274a86bdf87caff7a3ef476bd0bbf"},"breadcrumb":{"@id":"https:\/\/www.nettali.com\/2021\/12\/29\/me-moussa-bocar-thiam-aje-nous-avons-essaye-de-retablir-le-droit\/#breadcrumb"},"inLanguage":"fr-FR","potentialAction":[{"@type":"ReadAction","target":["https:\/\/www.nettali.com\/2021\/12\/29\/me-moussa-bocar-thiam-aje-nous-avons-essaye-de-retablir-le-droit\/"]}]},{"@type":"BreadcrumbList","@id":"https:\/\/www.nettali.com\/2021\/12\/29\/me-moussa-bocar-thiam-aje-nous-avons-essaye-de-retablir-le-droit\/#breadcrumb","itemListElement":[{"@type":"ListItem","position":1,"name":"Accueil","item":"https:\/\/www.nettali.com\/"},{"@type":"ListItem","position":2,"name":"Me MOUSSA BOCAR THIAM, AJE &#8211; &#8220;Nous avons essay\u00e9 de r\u00e9tablir le droit&#8221;"}]},{"@type":"Person","@id":"https:\/\/www.nettali.com\/#\/schema\/person\/418274a86bdf87caff7a3ef476bd0bbf","name":"Fatou","image":{"@type":"ImageObject","@id":"https:\/\/www.nettali.com\/#personlogo","inLanguage":"fr-FR","url":"https:\/\/secure.gravatar.com\/avatar\/5a9442a2bee7b4dcf167cab035858e9a?s=96&d=mm&r=g","contentUrl":"https:\/\/secure.gravatar.com\/avatar\/5a9442a2bee7b4dcf167cab035858e9a?s=96&d=mm&r=g","caption":"Fatou"},"sameAs":["https:\/\/www.nettali.com"]}]}},"_links":{"self":[{"href":"https:\/\/www.nettali.com\/rest\/wp\/v2\/posts\/78184"}],"collection":[{"href":"https:\/\/www.nettali.com\/rest\/wp\/v2\/posts"}],"about":[{"href":"https:\/\/www.nettali.com\/rest\/wp\/v2\/types\/post"}],"author":[{"embeddable":true,"href":"https:\/\/www.nettali.com\/rest\/wp\/v2\/users\/6"}],"replies":[{"embeddable":true,"href":"https:\/\/www.nettali.com\/rest\/wp\/v2\/comments?post=78184"}],"version-history":[{"count":4,"href":"https:\/\/www.nettali.com\/rest\/wp\/v2\/posts\/78184\/revisions"}],"predecessor-version":[{"id":78200,"href":"https:\/\/www.nettali.com\/rest\/wp\/v2\/posts\/78184\/revisions\/78200"}],"wp:featuredmedia":[{"embeddable":true,"href":"https:\/\/www.nettali.com\/rest\/wp\/v2\/media\/7607"}],"wp:attachment":[{"href":"https:\/\/www.nettali.com\/rest\/wp\/v2\/media?parent=78184"}],"wp:term":[{"taxonomy":"category","embeddable":true,"href":"https:\/\/www.nettali.com\/rest\/wp\/v2\/categories?post=78184"},{"taxonomy":"post_tag","embeddable":true,"href":"https:\/\/www.nettali.com\/rest\/wp\/v2\/tags?post=78184"}],"curies":[{"name":"wp","href":"https:\/\/api.w.org\/{rel}","templated":true}]}}