{"id":78150,"date":"2021-12-29T12:14:17","date_gmt":"2021-12-29T12:14:17","guid":{"rendered":"https:\/\/www.nettali.com\/?p=78150"},"modified":"2021-12-29T21:15:30","modified_gmt":"2021-12-29T21:15:30","slug":"locales-a-matam-la-cour-supreme-donne-raison-a-yewwi-askan-wi","status":"publish","type":"post","link":"https:\/\/www.nettali.com\/2021\/12\/29\/locales-a-matam-la-cour-supreme-donne-raison-a-yewwi-askan-wi\/","title":{"rendered":"LOCALES A MATAM - La Cour supr\u00eame donne raison \u00e0 Yewwi askan wi"},"content":{"rendered":"<p><strong>NETTALI.COM\u00a0 - Rien ne s'oppose d\u00e9sormais \u00e0 la participation de Yewwi askan wi aux \u00e9lections locales dans le d\u00e9partement de Matam. C'est du moins la lecture que l'on peut faire de la d\u00e9cision que vient de rendre la Cour supr\u00eame au sortir de son audience de ce mercredi.<\/strong><\/p>\n<p>Yewwi askan wi peut crier victoire. Ses listes seront bien pr\u00e9sentes dans les bureaux de vote de Matam lors des \u00e9lections municipales et d\u00e9partementales pr\u00e9vues le 23 janvier prochain. La chambre administrative de la Cour supr\u00eame qui s'est r\u00e9unie ce mercredi 29 d\u00e9cembre a donn\u00e9 raison \u00e0 la coalition face aux services du minist\u00e8re de l'Int\u00e9rieur en charge de l'organisation des \u00e9lections.<\/p>\n<p>En effet, \u00e0 quelques heures du d\u00e9p\u00f4t des listes pour les locales, Yewwi askan wi avait \u00e9t\u00e9 d\u00e9clar\u00e9e forclose apr\u00e8s que son mandataire Djibril Ngom a fui avec les dossiers de candidature avant d'atterrir dans les rangs de l'Alliance pour la r\u00e9publique (Apr). Et malgr\u00e9 les efforts faits par D\u00e9thi\u00e9 Fall, mandataire national de Yewwi, pour remplacer le sieur Ngom, le pr\u00e9fet avait dit niet. R\u00e9sultat : la coalition Yewwi askan wi avait \u00e9t\u00e9 d\u00e9clar\u00e9e forclose dans tout le d\u00e9partement de Matam.<\/p>\n<p>Saisie sur la question, la Cour d'appel de Saint-Louis donne raison \u00e0 Yewwi et ordonne la r\u00e9int\u00e9gration des listes. Ce que refuse d'entendre le ministre de l'Int\u00e9rieur. Antoine F\u00e9lix Diome demande alors \u00e0 ses services de saisir la Cour supr\u00eame. Et cette derni\u00e8re vient de livrer son verdict en donnant raison \u00e0 Yewwi askan wi. Ce que confirme le mandataire national. \"<em>La Cour supr\u00eame a d\u00e9bout\u00e9 F\u00e9lix Antoine Diome dont\u00a0 l\u2019incomp\u00e9tence et le manque de maturit\u00e9 politique maintiennent le pays sous tension<\/em>\", nous a confi\u00e9 D\u00e9thi\u00e9 Fall.<\/p>\n<div class='share-to-whatsapp-wrapper'><div class='share-on-whsp'>PARTAGER SUR : <\/div><a data-text='LOCALES A MATAM - La Cour supr\u00eame donne raison \u00e0 Yewwi askan wi' data-link='https:\/\/www.nettali.com\/2021\/12\/29\/locales-a-matam-la-cour-supreme-donne-raison-a-yewwi-askan-wi\/' class='whatsapp-button whatsapp-share'>WhatsApp<\/a><div class='clear '><\/div><\/div>","protected":false},"excerpt":{"rendered":"<p>NETTALI.COM\u00a0 - Rien ne s'oppose d\u00e9sormais \u00e0 la participation de Yewwi askan wi aux \u00e9lections locales dans le d\u00e9partement de Matam. C'est du moins la lecture que l'on peut faire de la d\u00e9cision que vient de rendre la Cour supr\u00eame au sortir de son audience de ce mercredi. Yewwi askan wi peut crier victoire. Ses [&hellip;]<\/p>\n","protected":false},"author":3,"featured_media":76299,"comment_status":"open","ping_status":"open","sticky":false,"template":"","format":"standard","meta":{"_et_pb_use_builder":"","_et_pb_old_content":""},"categories":[3878,2],"tags":[],"yoast_head":"<!-- This site is optimized with the Yoast SEO Premium plugin v17.8 (Yoast SEO v17.8) - https:\/\/yoast.com\/wordpress\/plugins\/seo\/ -->\n<title>LOCALES A MATAM - La Cour supr\u00eame donne raison \u00e0 Yewwi askan wi | Nettali.com<\/title>\n<meta name=\"robots\" content=\"index, follow, max-snippet:-1, max-image-preview:large, max-video-preview:-1\" \/>\n<link rel=\"canonical\" href=\"https:\/\/www.nettali.com\/2021\/12\/29\/locales-a-matam-la-cour-supreme-donne-raison-a-yewwi-askan-wi\/\" \/>\n<meta property=\"og:locale\" content=\"fr_FR\" \/>\n<meta property=\"og:type\" content=\"article\" \/>\n<meta property=\"og:title\" content=\"LOCALES A MATAM - La Cour supr\u00eame donne raison \u00e0 Yewwi askan wi\" \/>\n<meta property=\"og:description\" content=\"NETTALI.COM\u00a0 - Rien ne s&#039;oppose d\u00e9sormais \u00e0 la participation de Yewwi askan wi aux \u00e9lections locales dans le d\u00e9partement de Matam. C&#039;est du moins la lecture que l&#039;on peut faire de la d\u00e9cision que vient de rendre la Cour supr\u00eame au sortir de son audience de ce mercredi. Yewwi askan wi peut crier victoire. Ses [&hellip;]\" \/>\n<meta property=\"og:url\" content=\"https:\/\/www.nettali.com\/2021\/12\/29\/locales-a-matam-la-cour-supreme-donne-raison-a-yewwi-askan-wi\/\" \/>\n<meta property=\"og:site_name\" content=\"Nettali.com\" \/>\n<meta property=\"article:publisher\" content=\"https:\/\/www.facebook.com\/nettalicom\" \/>\n<meta property=\"article:published_time\" content=\"2021-12-29T12:14:17+00:00\" \/>\n<meta property=\"article:modified_time\" content=\"2021-12-29T21:15:30+00:00\" \/>\n<meta property=\"og:image\" content=\"https:\/\/www.nettali.com\/wp-content\/uploads\/2021\/11\/yewi-askan-wi-khaf-sonko-1.jpeg\" \/>\n\t<meta property=\"og:image:width\" content=\"599\" \/>\n\t<meta property=\"og:image:height\" content=\"401\" \/>\n<meta name=\"twitter:card\" content=\"summary_large_image\" \/>\n<meta name=\"twitter:label1\" content=\"\u00c9crit par\" \/>\n\t<meta name=\"twitter:data1\" content=\"Moustapha\" \/>\n\t<meta name=\"twitter:label2\" content=\"Dur\u00e9e de lecture estim\u00e9e\" \/>\n\t<meta name=\"twitter:data2\" content=\"2 minutes\" \/>\n<script type=\"application\/ld+json\" class=\"yoast-schema-graph\">{\"@context\":\"https:\/\/schema.org\",\"@graph\":[{\"@type\":\"WebSite\",\"@id\":\"https:\/\/www.nettali.com\/#website\",\"url\":\"https:\/\/www.nettali.com\/\",\"name\":\"Nettali.com\",\"description\":\"Le rendez-vous critique du Net\",\"potentialAction\":[{\"@type\":\"SearchAction\",\"target\":{\"@type\":\"EntryPoint\",\"urlTemplate\":\"https:\/\/www.nettali.com\/?s={search_term_string}\"},\"query-input\":\"required name=search_term_string\"}],\"inLanguage\":\"fr-FR\"},{\"@type\":\"ImageObject\",\"@id\":\"https:\/\/www.nettali.com\/2021\/12\/29\/locales-a-matam-la-cour-supreme-donne-raison-a-yewwi-askan-wi\/#primaryimage\",\"inLanguage\":\"fr-FR\",\"url\":\"https:\/\/www.nettali.com\/wp-content\/uploads\/2021\/11\/yewi-askan-wi-khaf-sonko-1.jpeg\",\"contentUrl\":\"https:\/\/www.nettali.com\/wp-content\/uploads\/2021\/11\/yewi-askan-wi-khaf-sonko-1.jpeg\",\"width\":599,\"height\":401},{\"@type\":\"WebPage\",\"@id\":\"https:\/\/www.nettali.com\/2021\/12\/29\/locales-a-matam-la-cour-supreme-donne-raison-a-yewwi-askan-wi\/#webpage\",\"url\":\"https:\/\/www.nettali.com\/2021\/12\/29\/locales-a-matam-la-cour-supreme-donne-raison-a-yewwi-askan-wi\/\",\"name\":\"LOCALES A MATAM - La Cour supr\\u00eame donne raison \\u00e0 Yewwi askan wi | Nettali.com\",\"isPartOf\":{\"@id\":\"https:\/\/www.nettali.com\/#website\"},\"primaryImageOfPage\":{\"@id\":\"https:\/\/www.nettali.com\/2021\/12\/29\/locales-a-matam-la-cour-supreme-donne-raison-a-yewwi-askan-wi\/#primaryimage\"},\"datePublished\":\"2021-12-29T12:14:17+00:00\",\"dateModified\":\"2021-12-29T21:15:30+00:00\",\"author\":{\"@id\":\"https:\/\/www.nettali.com\/#\/schema\/person\/7962a12a6e0267f88f0ffa544c36469a\"},\"breadcrumb\":{\"@id\":\"https:\/\/www.nettali.com\/2021\/12\/29\/locales-a-matam-la-cour-supreme-donne-raison-a-yewwi-askan-wi\/#breadcrumb\"},\"inLanguage\":\"fr-FR\",\"potentialAction\":[{\"@type\":\"ReadAction\",\"target\":[\"https:\/\/www.nettali.com\/2021\/12\/29\/locales-a-matam-la-cour-supreme-donne-raison-a-yewwi-askan-wi\/\"]}]},{\"@type\":\"BreadcrumbList\",\"@id\":\"https:\/\/www.nettali.com\/2021\/12\/29\/locales-a-matam-la-cour-supreme-donne-raison-a-yewwi-askan-wi\/#breadcrumb\",\"itemListElement\":[{\"@type\":\"ListItem\",\"position\":1,\"name\":\"Accueil\",\"item\":\"https:\/\/www.nettali.com\/\"},{\"@type\":\"ListItem\",\"position\":2,\"name\":\"LOCALES A MATAM &#8211; La Cour supr\\u00eame donne raison \\u00e0 Yewwi askan wi\"}]},{\"@type\":\"Person\",\"@id\":\"https:\/\/www.nettali.com\/#\/schema\/person\/7962a12a6e0267f88f0ffa544c36469a\",\"name\":\"Moustapha\",\"image\":{\"@type\":\"ImageObject\",\"@id\":\"https:\/\/www.nettali.com\/#personlogo\",\"inLanguage\":\"fr-FR\",\"url\":\"https:\/\/secure.gravatar.com\/avatar\/10fdf6a071cccdcf374e3dbe45159590?s=96&d=mm&r=g\",\"contentUrl\":\"https:\/\/secure.gravatar.com\/avatar\/10fdf6a071cccdcf374e3dbe45159590?s=96&d=mm&r=g\",\"caption\":\"Moustapha\"},\"sameAs\":[\"https:\/\/www.nettali.com\"]}]}<\/script>\n<!-- \/ Yoast SEO Premium plugin. -->","yoast_head_json":{"title":"LOCALES A MATAM - La Cour supr\u00eame donne raison \u00e0 Yewwi askan wi | Nettali.com","robots":{"index":"index","follow":"follow","max-snippet":"max-snippet:-1","max-image-preview":"max-image-preview:large","max-video-preview":"max-video-preview:-1"},"canonical":"https:\/\/www.nettali.com\/2021\/12\/29\/locales-a-matam-la-cour-supreme-donne-raison-a-yewwi-askan-wi\/","og_locale":"fr_FR","og_type":"article","og_title":"LOCALES A MATAM - La Cour supr\u00eame donne raison \u00e0 Yewwi askan wi","og_description":"NETTALI.COM\u00a0 - Rien ne s'oppose d\u00e9sormais \u00e0 la participation de Yewwi askan wi aux \u00e9lections locales dans le d\u00e9partement de Matam. C'est du moins la lecture que l'on peut faire de la d\u00e9cision que vient de rendre la Cour supr\u00eame au sortir de son audience de ce mercredi. Yewwi askan wi peut crier victoire. Ses [&hellip;]","og_url":"https:\/\/www.nettali.com\/2021\/12\/29\/locales-a-matam-la-cour-supreme-donne-raison-a-yewwi-askan-wi\/","og_site_name":"Nettali.com","article_publisher":"https:\/\/www.facebook.com\/nettalicom","article_published_time":"2021-12-29T12:14:17+00:00","article_modified_time":"2021-12-29T21:15:30+00:00","og_image":[{"width":599,"height":401,"url":"https:\/\/www.nettali.com\/wp-content\/uploads\/2021\/11\/yewi-askan-wi-khaf-sonko-1.jpeg","type":"image\/jpeg"}],"twitter_card":"summary_large_image","twitter_misc":{"\u00c9crit par":"Moustapha","Dur\u00e9e de lecture estim\u00e9e":"2 minutes"},"schema":{"@context":"https:\/\/schema.org","@graph":[{"@type":"WebSite","@id":"https:\/\/www.nettali.com\/#website","url":"https:\/\/www.nettali.com\/","name":"Nettali.com","description":"Le rendez-vous critique du Net","potentialAction":[{"@type":"SearchAction","target":{"@type":"EntryPoint","urlTemplate":"https:\/\/www.nettali.com\/?s={search_term_string}"},"query-input":"required name=search_term_string"}],"inLanguage":"fr-FR"},{"@type":"ImageObject","@id":"https:\/\/www.nettali.com\/2021\/12\/29\/locales-a-matam-la-cour-supreme-donne-raison-a-yewwi-askan-wi\/#primaryimage","inLanguage":"fr-FR","url":"https:\/\/www.nettali.com\/wp-content\/uploads\/2021\/11\/yewi-askan-wi-khaf-sonko-1.jpeg","contentUrl":"https:\/\/www.nettali.com\/wp-content\/uploads\/2021\/11\/yewi-askan-wi-khaf-sonko-1.jpeg","width":599,"height":401},{"@type":"WebPage","@id":"https:\/\/www.nettali.com\/2021\/12\/29\/locales-a-matam-la-cour-supreme-donne-raison-a-yewwi-askan-wi\/#webpage","url":"https:\/\/www.nettali.com\/2021\/12\/29\/locales-a-matam-la-cour-supreme-donne-raison-a-yewwi-askan-wi\/","name":"LOCALES A MATAM - La Cour supr\u00eame donne raison \u00e0 Yewwi askan wi | Nettali.com","isPartOf":{"@id":"https:\/\/www.nettali.com\/#website"},"primaryImageOfPage":{"@id":"https:\/\/www.nettali.com\/2021\/12\/29\/locales-a-matam-la-cour-supreme-donne-raison-a-yewwi-askan-wi\/#primaryimage"},"datePublished":"2021-12-29T12:14:17+00:00","dateModified":"2021-12-29T21:15:30+00:00","author":{"@id":"https:\/\/www.nettali.com\/#\/schema\/person\/7962a12a6e0267f88f0ffa544c36469a"},"breadcrumb":{"@id":"https:\/\/www.nettali.com\/2021\/12\/29\/locales-a-matam-la-cour-supreme-donne-raison-a-yewwi-askan-wi\/#breadcrumb"},"inLanguage":"fr-FR","potentialAction":[{"@type":"ReadAction","target":["https:\/\/www.nettali.com\/2021\/12\/29\/locales-a-matam-la-cour-supreme-donne-raison-a-yewwi-askan-wi\/"]}]},{"@type":"BreadcrumbList","@id":"https:\/\/www.nettali.com\/2021\/12\/29\/locales-a-matam-la-cour-supreme-donne-raison-a-yewwi-askan-wi\/#breadcrumb","itemListElement":[{"@type":"ListItem","position":1,"name":"Accueil","item":"https:\/\/www.nettali.com\/"},{"@type":"ListItem","position":2,"name":"LOCALES A MATAM &#8211; La Cour supr\u00eame donne raison \u00e0 Yewwi askan wi"}]},{"@type":"Person","@id":"https:\/\/www.nettali.com\/#\/schema\/person\/7962a12a6e0267f88f0ffa544c36469a","name":"Moustapha","image":{"@type":"ImageObject","@id":"https:\/\/www.nettali.com\/#personlogo","inLanguage":"fr-FR","url":"https:\/\/secure.gravatar.com\/avatar\/10fdf6a071cccdcf374e3dbe45159590?s=96&d=mm&r=g","contentUrl":"https:\/\/secure.gravatar.com\/avatar\/10fdf6a071cccdcf374e3dbe45159590?s=96&d=mm&r=g","caption":"Moustapha"},"sameAs":["https:\/\/www.nettali.com"]}]}},"_links":{"self":[{"href":"https:\/\/www.nettali.com\/rest\/wp\/v2\/posts\/78150"}],"collection":[{"href":"https:\/\/www.nettali.com\/rest\/wp\/v2\/posts"}],"about":[{"href":"https:\/\/www.nettali.com\/rest\/wp\/v2\/types\/post"}],"author":[{"embeddable":true,"href":"https:\/\/www.nettali.com\/rest\/wp\/v2\/users\/3"}],"replies":[{"embeddable":true,"href":"https:\/\/www.nettali.com\/rest\/wp\/v2\/comments?post=78150"}],"version-history":[{"count":1,"href":"https:\/\/www.nettali.com\/rest\/wp\/v2\/posts\/78150\/revisions"}],"predecessor-version":[{"id":78151,"href":"https:\/\/www.nettali.com\/rest\/wp\/v2\/posts\/78150\/revisions\/78151"}],"wp:featuredmedia":[{"embeddable":true,"href":"https:\/\/www.nettali.com\/rest\/wp\/v2\/media\/76299"}],"wp:attachment":[{"href":"https:\/\/www.nettali.com\/rest\/wp\/v2\/media?parent=78150"}],"wp:term":[{"taxonomy":"category","embeddable":true,"href":"https:\/\/www.nettali.com\/rest\/wp\/v2\/categories?post=78150"},{"taxonomy":"post_tag","embeddable":true,"href":"https:\/\/www.nettali.com\/rest\/wp\/v2\/tags?post=78150"}],"curies":[{"name":"wp","href":"https:\/\/api.w.org\/{rel}","templated":true}]}}