{"id":78108,"date":"2021-12-28T18:21:44","date_gmt":"2021-12-28T18:21:44","guid":{"rendered":"https:\/\/www.nettali.com\/?p=78108"},"modified":"2021-12-28T18:21:44","modified_gmt":"2021-12-28T18:21:44","slug":"mercato-ferran-torres-debarque-au-barca","status":"publish","type":"post","link":"https:\/\/www.nettali.com\/2021\/12\/28\/mercato-ferran-torres-debarque-au-barca\/","title":{"rendered":"MERCATO - Ferran Torres d\u00e9barque au Bar\u00e7a"},"content":{"rendered":"<p><strong>NETTALI.COM - C'est officiel, Ferran Torres est la nouvelle recrue du FC Barcelone. L'ailier espagnol quitte Manchester City et vient renforcer les rangs du Bar\u00e7a pour les cinq prochaines ann\u00e9es.<\/strong><\/p>\n<p>Xavi Hern\u00e1ndez tient d\u00e9sormais sa deuxi\u00e8me signature hivernale pour le FC Barcelone. Apr\u00e8s l'arriv\u00e9e de Dani Alves pour renforcer l'arri\u00e8re lat\u00e9ral, c'est Ferran Torres qui rejoint le club catalan.<\/p>\n<p>L'entra\u00eeneur espagnol avait exig\u00e9 des renforts pour son attaque en raison des nombreuses blessures chez les joueurs offensifs du club, et apr\u00e8s l'annonce de la retraite professionnelle de Sergio Ag\u00fcero. En effet, le FC Barcelone a d\u00e9bours\u00e9 55 millions d'euros pour enr\u00f4ler le jeune international espagnol de 21 ans.<\/p>\n<p>Alors qu'il vient tout juste de signer son nouveau contrat avec le Bar\u00e7a, Ferran Torres a aussi h\u00e9rit\u00e9 de son nouveau num\u00e9ro. Il va porter le num\u00e9ro 11, qu'il porte aussi avec la s\u00e9lection ! Actuellement, c'est Yusuf Demir, sur le d\u00e9part, qui portait ce num\u00e9ro. Cela confirme par la m\u00eame occasion le d\u00e9part du jeune espoir qui voit son pr\u00eat rompu.<\/p>\n<div class='share-to-whatsapp-wrapper'><div class='share-on-whsp'>PARTAGER SUR : <\/div><a data-text='MERCATO - Ferran Torres d\u00e9barque au Bar\u00e7a' data-link='https:\/\/www.nettali.com\/2021\/12\/28\/mercato-ferran-torres-debarque-au-barca\/' class='whatsapp-button whatsapp-share'>WhatsApp<\/a><div class='clear '><\/div><\/div>","protected":false},"excerpt":{"rendered":"<p>NETTALI.COM - C'est officiel, Ferran Torres est la nouvelle recrue du FC Barcelone. L'ailier espagnol quitte Manchester City et vient renforcer les rangs du Bar\u00e7a pour les cinq prochaines ann\u00e9es. Xavi Hern\u00e1ndez tient d\u00e9sormais sa deuxi\u00e8me signature hivernale pour le FC Barcelone. Apr\u00e8s l'arriv\u00e9e de Dani Alves pour renforcer l'arri\u00e8re lat\u00e9ral, c'est Ferran Torres qui [&hellip;]<\/p>\n","protected":false},"author":5,"featured_media":78109,"comment_status":"open","ping_status":"open","sticky":false,"template":"","format":"standard","meta":{"_et_pb_use_builder":"","_et_pb_old_content":""},"categories":[6],"tags":[],"yoast_head":"<!-- This site is optimized with the Yoast SEO Premium plugin v17.8 (Yoast SEO v17.8) - https:\/\/yoast.com\/wordpress\/plugins\/seo\/ -->\n<title>MERCATO - Ferran Torres d\u00e9barque au Bar\u00e7a | Nettali.com<\/title>\n<meta name=\"robots\" content=\"index, follow, max-snippet:-1, max-image-preview:large, max-video-preview:-1\" \/>\n<link rel=\"canonical\" href=\"https:\/\/www.nettali.com\/2021\/12\/28\/mercato-ferran-torres-debarque-au-barca\/\" \/>\n<meta property=\"og:locale\" content=\"fr_FR\" \/>\n<meta property=\"og:type\" content=\"article\" \/>\n<meta property=\"og:title\" content=\"MERCATO - Ferran Torres d\u00e9barque au Bar\u00e7a\" \/>\n<meta property=\"og:description\" content=\"NETTALI.COM - C&#039;est officiel, Ferran Torres est la nouvelle recrue du FC Barcelone. L&#039;ailier espagnol quitte Manchester City et vient renforcer les rangs du Bar\u00e7a pour les cinq prochaines ann\u00e9es. Xavi Hern\u00e1ndez tient d\u00e9sormais sa deuxi\u00e8me signature hivernale pour le FC Barcelone. Apr\u00e8s l&#039;arriv\u00e9e de Dani Alves pour renforcer l&#039;arri\u00e8re lat\u00e9ral, c&#039;est Ferran Torres qui [&hellip;]\" \/>\n<meta property=\"og:url\" content=\"https:\/\/www.nettali.com\/2021\/12\/28\/mercato-ferran-torres-debarque-au-barca\/\" \/>\n<meta property=\"og:site_name\" content=\"Nettali.com\" \/>\n<meta property=\"article:publisher\" content=\"https:\/\/www.facebook.com\/nettalicom\" \/>\n<meta property=\"article:published_time\" content=\"2021-12-28T18:21:44+00:00\" \/>\n<meta property=\"og:image\" content=\"https:\/\/www.nettali.com\/wp-content\/uploads\/2021\/12\/1235745171.0.jpg\" \/>\n\t<meta property=\"og:image:width\" content=\"1200\" \/>\n\t<meta property=\"og:image:height\" content=\"800\" \/>\n<meta name=\"twitter:card\" content=\"summary_large_image\" \/>\n<meta name=\"twitter:label1\" content=\"\u00c9crit par\" \/>\n\t<meta name=\"twitter:data1\" content=\"Ibrahima\" \/>\n\t<meta name=\"twitter:label2\" content=\"Dur\u00e9e de lecture estim\u00e9e\" \/>\n\t<meta name=\"twitter:data2\" content=\"1 minute\" \/>\n<script type=\"application\/ld+json\" class=\"yoast-schema-graph\">{\"@context\":\"https:\/\/schema.org\",\"@graph\":[{\"@type\":\"WebSite\",\"@id\":\"https:\/\/www.nettali.com\/#website\",\"url\":\"https:\/\/www.nettali.com\/\",\"name\":\"Nettali.com\",\"description\":\"Le rendez-vous critique du Net\",\"potentialAction\":[{\"@type\":\"SearchAction\",\"target\":{\"@type\":\"EntryPoint\",\"urlTemplate\":\"https:\/\/www.nettali.com\/?s={search_term_string}\"},\"query-input\":\"required name=search_term_string\"}],\"inLanguage\":\"fr-FR\"},{\"@type\":\"ImageObject\",\"@id\":\"https:\/\/www.nettali.com\/2021\/12\/28\/mercato-ferran-torres-debarque-au-barca\/#primaryimage\",\"inLanguage\":\"fr-FR\",\"url\":\"https:\/\/www.nettali.com\/wp-content\/uploads\/2021\/12\/1235745171.0.jpg\",\"contentUrl\":\"https:\/\/www.nettali.com\/wp-content\/uploads\/2021\/12\/1235745171.0.jpg\",\"width\":1200,\"height\":800},{\"@type\":\"WebPage\",\"@id\":\"https:\/\/www.nettali.com\/2021\/12\/28\/mercato-ferran-torres-debarque-au-barca\/#webpage\",\"url\":\"https:\/\/www.nettali.com\/2021\/12\/28\/mercato-ferran-torres-debarque-au-barca\/\",\"name\":\"MERCATO - Ferran Torres d\\u00e9barque au Bar\\u00e7a | Nettali.com\",\"isPartOf\":{\"@id\":\"https:\/\/www.nettali.com\/#website\"},\"primaryImageOfPage\":{\"@id\":\"https:\/\/www.nettali.com\/2021\/12\/28\/mercato-ferran-torres-debarque-au-barca\/#primaryimage\"},\"datePublished\":\"2021-12-28T18:21:44+00:00\",\"dateModified\":\"2021-12-28T18:21:44+00:00\",\"author\":{\"@id\":\"https:\/\/www.nettali.com\/#\/schema\/person\/bb147657c2986240405a608162b9bb23\"},\"breadcrumb\":{\"@id\":\"https:\/\/www.nettali.com\/2021\/12\/28\/mercato-ferran-torres-debarque-au-barca\/#breadcrumb\"},\"inLanguage\":\"fr-FR\",\"potentialAction\":[{\"@type\":\"ReadAction\",\"target\":[\"https:\/\/www.nettali.com\/2021\/12\/28\/mercato-ferran-torres-debarque-au-barca\/\"]}]},{\"@type\":\"BreadcrumbList\",\"@id\":\"https:\/\/www.nettali.com\/2021\/12\/28\/mercato-ferran-torres-debarque-au-barca\/#breadcrumb\",\"itemListElement\":[{\"@type\":\"ListItem\",\"position\":1,\"name\":\"Accueil\",\"item\":\"https:\/\/www.nettali.com\/\"},{\"@type\":\"ListItem\",\"position\":2,\"name\":\"MERCATO &#8211; Ferran Torres d\\u00e9barque au Bar\\u00e7a\"}]},{\"@type\":\"Person\",\"@id\":\"https:\/\/www.nettali.com\/#\/schema\/person\/bb147657c2986240405a608162b9bb23\",\"name\":\"Ibrahima\",\"image\":{\"@type\":\"ImageObject\",\"@id\":\"https:\/\/www.nettali.com\/#personlogo\",\"inLanguage\":\"fr-FR\",\"url\":\"https:\/\/secure.gravatar.com\/avatar\/26a8a81f09f0dd7624c9d5c36c9ba3a2?s=96&d=mm&r=g\",\"contentUrl\":\"https:\/\/secure.gravatar.com\/avatar\/26a8a81f09f0dd7624c9d5c36c9ba3a2?s=96&d=mm&r=g\",\"caption\":\"Ibrahima\"},\"sameAs\":[\"https:\/\/www.nettali.com\"]}]}<\/script>\n<!-- \/ Yoast SEO Premium plugin. -->","yoast_head_json":{"title":"MERCATO - Ferran Torres d\u00e9barque au Bar\u00e7a | Nettali.com","robots":{"index":"index","follow":"follow","max-snippet":"max-snippet:-1","max-image-preview":"max-image-preview:large","max-video-preview":"max-video-preview:-1"},"canonical":"https:\/\/www.nettali.com\/2021\/12\/28\/mercato-ferran-torres-debarque-au-barca\/","og_locale":"fr_FR","og_type":"article","og_title":"MERCATO - Ferran Torres d\u00e9barque au Bar\u00e7a","og_description":"NETTALI.COM - C'est officiel, Ferran Torres est la nouvelle recrue du FC Barcelone. L'ailier espagnol quitte Manchester City et vient renforcer les rangs du Bar\u00e7a pour les cinq prochaines ann\u00e9es. Xavi Hern\u00e1ndez tient d\u00e9sormais sa deuxi\u00e8me signature hivernale pour le FC Barcelone. Apr\u00e8s l'arriv\u00e9e de Dani Alves pour renforcer l'arri\u00e8re lat\u00e9ral, c'est Ferran Torres qui [&hellip;]","og_url":"https:\/\/www.nettali.com\/2021\/12\/28\/mercato-ferran-torres-debarque-au-barca\/","og_site_name":"Nettali.com","article_publisher":"https:\/\/www.facebook.com\/nettalicom","article_published_time":"2021-12-28T18:21:44+00:00","og_image":[{"width":1200,"height":800,"url":"https:\/\/www.nettali.com\/wp-content\/uploads\/2021\/12\/1235745171.0.jpg","type":"image\/jpeg"}],"twitter_card":"summary_large_image","twitter_misc":{"\u00c9crit par":"Ibrahima","Dur\u00e9e de lecture estim\u00e9e":"1 minute"},"schema":{"@context":"https:\/\/schema.org","@graph":[{"@type":"WebSite","@id":"https:\/\/www.nettali.com\/#website","url":"https:\/\/www.nettali.com\/","name":"Nettali.com","description":"Le rendez-vous critique du Net","potentialAction":[{"@type":"SearchAction","target":{"@type":"EntryPoint","urlTemplate":"https:\/\/www.nettali.com\/?s={search_term_string}"},"query-input":"required name=search_term_string"}],"inLanguage":"fr-FR"},{"@type":"ImageObject","@id":"https:\/\/www.nettali.com\/2021\/12\/28\/mercato-ferran-torres-debarque-au-barca\/#primaryimage","inLanguage":"fr-FR","url":"https:\/\/www.nettali.com\/wp-content\/uploads\/2021\/12\/1235745171.0.jpg","contentUrl":"https:\/\/www.nettali.com\/wp-content\/uploads\/2021\/12\/1235745171.0.jpg","width":1200,"height":800},{"@type":"WebPage","@id":"https:\/\/www.nettali.com\/2021\/12\/28\/mercato-ferran-torres-debarque-au-barca\/#webpage","url":"https:\/\/www.nettali.com\/2021\/12\/28\/mercato-ferran-torres-debarque-au-barca\/","name":"MERCATO - Ferran Torres d\u00e9barque au Bar\u00e7a | Nettali.com","isPartOf":{"@id":"https:\/\/www.nettali.com\/#website"},"primaryImageOfPage":{"@id":"https:\/\/www.nettali.com\/2021\/12\/28\/mercato-ferran-torres-debarque-au-barca\/#primaryimage"},"datePublished":"2021-12-28T18:21:44+00:00","dateModified":"2021-12-28T18:21:44+00:00","author":{"@id":"https:\/\/www.nettali.com\/#\/schema\/person\/bb147657c2986240405a608162b9bb23"},"breadcrumb":{"@id":"https:\/\/www.nettali.com\/2021\/12\/28\/mercato-ferran-torres-debarque-au-barca\/#breadcrumb"},"inLanguage":"fr-FR","potentialAction":[{"@type":"ReadAction","target":["https:\/\/www.nettali.com\/2021\/12\/28\/mercato-ferran-torres-debarque-au-barca\/"]}]},{"@type":"BreadcrumbList","@id":"https:\/\/www.nettali.com\/2021\/12\/28\/mercato-ferran-torres-debarque-au-barca\/#breadcrumb","itemListElement":[{"@type":"ListItem","position":1,"name":"Accueil","item":"https:\/\/www.nettali.com\/"},{"@type":"ListItem","position":2,"name":"MERCATO &#8211; Ferran Torres d\u00e9barque au Bar\u00e7a"}]},{"@type":"Person","@id":"https:\/\/www.nettali.com\/#\/schema\/person\/bb147657c2986240405a608162b9bb23","name":"Ibrahima","image":{"@type":"ImageObject","@id":"https:\/\/www.nettali.com\/#personlogo","inLanguage":"fr-FR","url":"https:\/\/secure.gravatar.com\/avatar\/26a8a81f09f0dd7624c9d5c36c9ba3a2?s=96&d=mm&r=g","contentUrl":"https:\/\/secure.gravatar.com\/avatar\/26a8a81f09f0dd7624c9d5c36c9ba3a2?s=96&d=mm&r=g","caption":"Ibrahima"},"sameAs":["https:\/\/www.nettali.com"]}]}},"_links":{"self":[{"href":"https:\/\/www.nettali.com\/rest\/wp\/v2\/posts\/78108"}],"collection":[{"href":"https:\/\/www.nettali.com\/rest\/wp\/v2\/posts"}],"about":[{"href":"https:\/\/www.nettali.com\/rest\/wp\/v2\/types\/post"}],"author":[{"embeddable":true,"href":"https:\/\/www.nettali.com\/rest\/wp\/v2\/users\/5"}],"replies":[{"embeddable":true,"href":"https:\/\/www.nettali.com\/rest\/wp\/v2\/comments?post=78108"}],"version-history":[{"count":1,"href":"https:\/\/www.nettali.com\/rest\/wp\/v2\/posts\/78108\/revisions"}],"predecessor-version":[{"id":78110,"href":"https:\/\/www.nettali.com\/rest\/wp\/v2\/posts\/78108\/revisions\/78110"}],"wp:featuredmedia":[{"embeddable":true,"href":"https:\/\/www.nettali.com\/rest\/wp\/v2\/media\/78109"}],"wp:attachment":[{"href":"https:\/\/www.nettali.com\/rest\/wp\/v2\/media?parent=78108"}],"wp:term":[{"taxonomy":"category","embeddable":true,"href":"https:\/\/www.nettali.com\/rest\/wp\/v2\/categories?post=78108"},{"taxonomy":"post_tag","embeddable":true,"href":"https:\/\/www.nettali.com\/rest\/wp\/v2\/tags?post=78108"}],"curies":[{"name":"wp","href":"https:\/\/api.w.org\/{rel}","templated":true}]}}