{"id":78099,"date":"2021-12-28T16:42:13","date_gmt":"2021-12-28T16:42:13","guid":{"rendered":"https:\/\/www.nettali.com\/?p=78099"},"modified":"2021-12-29T09:57:42","modified_gmt":"2021-12-29T09:57:42","slug":"cour-supreme-auditionne-madiambal-confirme-sa-plainte-contre-souleymane-teliko","status":"publish","type":"post","link":"https:\/\/www.nettali.com\/2021\/12\/28\/cour-supreme-auditionne-madiambal-confirme-sa-plainte-contre-souleymane-teliko\/","title":{"rendered":"Cour supr\u00eame : Auditionn\u00e9, Madiambal confirme sa plainte contre Souleymane T\u00e9liko"},"content":{"rendered":"<p class=\"summary_label\"><strong>NETTALI.COM - Madiambal Diagne ne l\u00e2che pas le magistrat, Souleymane T\u00e9liko. Auditionn\u00e9 par la Commission d'instruction mise en place par la Cour supr\u00eame, il confirme sa plainte et r\u00e9clame le franc symbolique.<\/strong><\/p>\n<p class=\"summary_label\">\"Devant les magistrats de la Commission d'instruction mise en place par la Cour supr\u00eame du S\u00e9n\u00e9gal, j'ai confirm\u00e9 aujourd'hui ma plainte contre le juge Souleymane Teliko et j'ai demand\u00e9 le franc symbolique en guise de r\u00e9paration\", d\u00e9clare Madiambal Diagne dans une note parvenue \u00e0 Nettali.com.<\/p>\n<div id=\"printable\" class=\"text_body\">\n<p>Pour rappel, le juge du Tribunal correctionnel avait condamn\u00e9 Madiambal \u00e0 3 mois ferme de prison en plus de 600 000 FCFA d\u2019amende et 5 millions \u00e0 titre de dommage et int\u00e9r\u00eats. Une sanction qui fait suite \u00e0 l\u2019audience tenue le 3 juin dernier, au cours de laquelle Souleymane T\u00e9liko a r\u00e9clam\u00e9 au directeur g\u00e9n\u00e9ral du Groupe \u00ab Avenir communication \u00bb 5 millions FCFA \u00e0 titre de dommages et int\u00e9r\u00eats.<br \/>\nSuite \u00e0 cela, invit\u00e9 dans une \u00e9mission de t\u00e9l\u00e9vision, juste apr\u00e8s son proc\u00e8s en premi\u00e8re instance, le journaliste annon\u00e7ait avoir d\u00e9pos\u00e9 une lettre sur la table du minist\u00e8re de la Justice, conform\u00e9ment au statut des magistrats, pour une autorisation de poursuite contre T\u00e9liko qui l'aurait accus\u00e9 de viol. Il a finalement obtenu gain de cause.<\/p>\n<\/div>\n<p><img loading=\"lazy\" class=\"alignnone size-large wp-image-78100\" src=\"https:\/\/www.nettali.com\/wp-content\/uploads\/2021\/12\/Madiambal-701x1024.jpeg\" alt=\"\" width=\"701\" height=\"1024\" srcset=\"https:\/\/www.nettali.com\/wp-content\/uploads\/2021\/12\/Madiambal-701x1024.jpeg 701w, https:\/\/www.nettali.com\/wp-content\/uploads\/2021\/12\/Madiambal-205x300.jpeg 205w, https:\/\/www.nettali.com\/wp-content\/uploads\/2021\/12\/Madiambal-768x1121.jpeg 768w, https:\/\/www.nettali.com\/wp-content\/uploads\/2021\/12\/Madiambal.jpeg 1024w\" sizes=\"(max-width: 701px) 100vw, 701px\" \/><\/p>\n<div class='share-to-whatsapp-wrapper'><div class='share-on-whsp'>PARTAGER SUR : <\/div><a data-text='Cour supr\u00eame : Auditionn\u00e9, Madiambal confirme sa plainte contre Souleymane T\u00e9liko' data-link='https:\/\/www.nettali.com\/2021\/12\/28\/cour-supreme-auditionne-madiambal-confirme-sa-plainte-contre-souleymane-teliko\/' class='whatsapp-button whatsapp-share'>WhatsApp<\/a><div class='clear '><\/div><\/div>","protected":false},"excerpt":{"rendered":"<p>NETTALI.COM - Madiambal Diagne ne l\u00e2che pas le magistrat, Souleymane T\u00e9liko. Auditionn\u00e9 par la Commission d'instruction mise en place par la Cour supr\u00eame, il confirme sa plainte et r\u00e9clame le franc symbolique. \"Devant les magistrats de la Commission d'instruction mise en place par la Cour supr\u00eame du S\u00e9n\u00e9gal, j'ai confirm\u00e9 aujourd'hui ma plainte contre le [&hellip;]<\/p>\n","protected":false},"author":4,"featured_media":66144,"comment_status":"open","ping_status":"open","sticky":false,"template":"","format":"standard","meta":{"_et_pb_use_builder":"","_et_pb_old_content":""},"categories":[3],"tags":[],"yoast_head":"<!-- This site is optimized with the Yoast SEO Premium plugin v17.8 (Yoast SEO v17.8) - https:\/\/yoast.com\/wordpress\/plugins\/seo\/ -->\n<title>Cour supr\u00eame : Auditionn\u00e9, Madiambal confirme sa plainte contre Souleymane T\u00e9liko | Nettali.com<\/title>\n<meta name=\"robots\" content=\"index, follow, max-snippet:-1, max-image-preview:large, max-video-preview:-1\" \/>\n<link rel=\"canonical\" href=\"https:\/\/www.nettali.com\/2021\/12\/28\/cour-supreme-auditionne-madiambal-confirme-sa-plainte-contre-souleymane-teliko\/\" \/>\n<meta property=\"og:locale\" content=\"fr_FR\" \/>\n<meta property=\"og:type\" content=\"article\" \/>\n<meta property=\"og:title\" content=\"Cour supr\u00eame : Auditionn\u00e9, Madiambal confirme sa plainte contre Souleymane T\u00e9liko\" \/>\n<meta property=\"og:description\" content=\"NETTALI.COM - Madiambal Diagne ne l\u00e2che pas le magistrat, Souleymane T\u00e9liko. Auditionn\u00e9 par la Commission d&#039;instruction mise en place par la Cour supr\u00eame, il confirme sa plainte et r\u00e9clame le franc symbolique. &quot;Devant les magistrats de la Commission d&#039;instruction mise en place par la Cour supr\u00eame du S\u00e9n\u00e9gal, j&#039;ai confirm\u00e9 aujourd&#039;hui ma plainte contre le [&hellip;]\" \/>\n<meta property=\"og:url\" content=\"https:\/\/www.nettali.com\/2021\/12\/28\/cour-supreme-auditionne-madiambal-confirme-sa-plainte-contre-souleymane-teliko\/\" \/>\n<meta property=\"og:site_name\" content=\"Nettali.com\" \/>\n<meta property=\"article:publisher\" content=\"https:\/\/www.facebook.com\/nettalicom\" \/>\n<meta property=\"article:published_time\" content=\"2021-12-28T16:42:13+00:00\" \/>\n<meta property=\"article:modified_time\" content=\"2021-12-29T09:57:42+00:00\" \/>\n<meta property=\"og:image\" content=\"https:\/\/www.nettali.com\/wp-content\/uploads\/2021\/06\/madiambal-teliko.jpg\" \/>\n\t<meta property=\"og:image:width\" content=\"705\" \/>\n\t<meta property=\"og:image:height\" content=\"385\" \/>\n<meta name=\"twitter:card\" content=\"summary_large_image\" \/>\n<meta name=\"twitter:label1\" content=\"\u00c9crit par\" \/>\n\t<meta name=\"twitter:data1\" content=\"Daouda\" \/>\n\t<meta name=\"twitter:label2\" content=\"Dur\u00e9e de lecture estim\u00e9e\" \/>\n\t<meta name=\"twitter:data2\" content=\"2 minutes\" \/>\n<script type=\"application\/ld+json\" class=\"yoast-schema-graph\">{\"@context\":\"https:\/\/schema.org\",\"@graph\":[{\"@type\":\"WebSite\",\"@id\":\"https:\/\/www.nettali.com\/#website\",\"url\":\"https:\/\/www.nettali.com\/\",\"name\":\"Nettali.com\",\"description\":\"Le rendez-vous critique du Net\",\"potentialAction\":[{\"@type\":\"SearchAction\",\"target\":{\"@type\":\"EntryPoint\",\"urlTemplate\":\"https:\/\/www.nettali.com\/?s={search_term_string}\"},\"query-input\":\"required name=search_term_string\"}],\"inLanguage\":\"fr-FR\"},{\"@type\":\"ImageObject\",\"@id\":\"https:\/\/www.nettali.com\/2021\/12\/28\/cour-supreme-auditionne-madiambal-confirme-sa-plainte-contre-souleymane-teliko\/#primaryimage\",\"inLanguage\":\"fr-FR\",\"url\":\"https:\/\/www.nettali.com\/wp-content\/uploads\/2021\/06\/madiambal-teliko.jpg\",\"contentUrl\":\"https:\/\/www.nettali.com\/wp-content\/uploads\/2021\/06\/madiambal-teliko.jpg\",\"width\":705,\"height\":385},{\"@type\":\"WebPage\",\"@id\":\"https:\/\/www.nettali.com\/2021\/12\/28\/cour-supreme-auditionne-madiambal-confirme-sa-plainte-contre-souleymane-teliko\/#webpage\",\"url\":\"https:\/\/www.nettali.com\/2021\/12\/28\/cour-supreme-auditionne-madiambal-confirme-sa-plainte-contre-souleymane-teliko\/\",\"name\":\"Cour supr\\u00eame : Auditionn\\u00e9, Madiambal confirme sa plainte contre Souleymane T\\u00e9liko | Nettali.com\",\"isPartOf\":{\"@id\":\"https:\/\/www.nettali.com\/#website\"},\"primaryImageOfPage\":{\"@id\":\"https:\/\/www.nettali.com\/2021\/12\/28\/cour-supreme-auditionne-madiambal-confirme-sa-plainte-contre-souleymane-teliko\/#primaryimage\"},\"datePublished\":\"2021-12-28T16:42:13+00:00\",\"dateModified\":\"2021-12-29T09:57:42+00:00\",\"author\":{\"@id\":\"https:\/\/www.nettali.com\/#\/schema\/person\/3317e0bb3aa1da309fbf7b2780901bf4\"},\"breadcrumb\":{\"@id\":\"https:\/\/www.nettali.com\/2021\/12\/28\/cour-supreme-auditionne-madiambal-confirme-sa-plainte-contre-souleymane-teliko\/#breadcrumb\"},\"inLanguage\":\"fr-FR\",\"potentialAction\":[{\"@type\":\"ReadAction\",\"target\":[\"https:\/\/www.nettali.com\/2021\/12\/28\/cour-supreme-auditionne-madiambal-confirme-sa-plainte-contre-souleymane-teliko\/\"]}]},{\"@type\":\"BreadcrumbList\",\"@id\":\"https:\/\/www.nettali.com\/2021\/12\/28\/cour-supreme-auditionne-madiambal-confirme-sa-plainte-contre-souleymane-teliko\/#breadcrumb\",\"itemListElement\":[{\"@type\":\"ListItem\",\"position\":1,\"name\":\"Accueil\",\"item\":\"https:\/\/www.nettali.com\/\"},{\"@type\":\"ListItem\",\"position\":2,\"name\":\"Cour supr\\u00eame : Auditionn\\u00e9, Madiambal confirme sa plainte contre Souleymane T\\u00e9liko\"}]},{\"@type\":\"Person\",\"@id\":\"https:\/\/www.nettali.com\/#\/schema\/person\/3317e0bb3aa1da309fbf7b2780901bf4\",\"name\":\"Daouda\",\"image\":{\"@type\":\"ImageObject\",\"@id\":\"https:\/\/www.nettali.com\/#personlogo\",\"inLanguage\":\"fr-FR\",\"url\":\"https:\/\/secure.gravatar.com\/avatar\/8d143b5a49345098ddcfee1c49c2f47c?s=96&d=mm&r=g\",\"contentUrl\":\"https:\/\/secure.gravatar.com\/avatar\/8d143b5a49345098ddcfee1c49c2f47c?s=96&d=mm&r=g\",\"caption\":\"Daouda\"},\"sameAs\":[\"https:\/\/www.nettali.com\"]}]}<\/script>\n<!-- \/ Yoast SEO Premium plugin. -->","yoast_head_json":{"title":"Cour supr\u00eame : Auditionn\u00e9, Madiambal confirme sa plainte contre Souleymane T\u00e9liko | Nettali.com","robots":{"index":"index","follow":"follow","max-snippet":"max-snippet:-1","max-image-preview":"max-image-preview:large","max-video-preview":"max-video-preview:-1"},"canonical":"https:\/\/www.nettali.com\/2021\/12\/28\/cour-supreme-auditionne-madiambal-confirme-sa-plainte-contre-souleymane-teliko\/","og_locale":"fr_FR","og_type":"article","og_title":"Cour supr\u00eame : Auditionn\u00e9, Madiambal confirme sa plainte contre Souleymane T\u00e9liko","og_description":"NETTALI.COM - Madiambal Diagne ne l\u00e2che pas le magistrat, Souleymane T\u00e9liko. Auditionn\u00e9 par la Commission d'instruction mise en place par la Cour supr\u00eame, il confirme sa plainte et r\u00e9clame le franc symbolique. \"Devant les magistrats de la Commission d'instruction mise en place par la Cour supr\u00eame du S\u00e9n\u00e9gal, j'ai confirm\u00e9 aujourd'hui ma plainte contre le [&hellip;]","og_url":"https:\/\/www.nettali.com\/2021\/12\/28\/cour-supreme-auditionne-madiambal-confirme-sa-plainte-contre-souleymane-teliko\/","og_site_name":"Nettali.com","article_publisher":"https:\/\/www.facebook.com\/nettalicom","article_published_time":"2021-12-28T16:42:13+00:00","article_modified_time":"2021-12-29T09:57:42+00:00","og_image":[{"width":705,"height":385,"url":"https:\/\/www.nettali.com\/wp-content\/uploads\/2021\/06\/madiambal-teliko.jpg","type":"image\/jpeg"}],"twitter_card":"summary_large_image","twitter_misc":{"\u00c9crit par":"Daouda","Dur\u00e9e de lecture estim\u00e9e":"2 minutes"},"schema":{"@context":"https:\/\/schema.org","@graph":[{"@type":"WebSite","@id":"https:\/\/www.nettali.com\/#website","url":"https:\/\/www.nettali.com\/","name":"Nettali.com","description":"Le rendez-vous critique du Net","potentialAction":[{"@type":"SearchAction","target":{"@type":"EntryPoint","urlTemplate":"https:\/\/www.nettali.com\/?s={search_term_string}"},"query-input":"required name=search_term_string"}],"inLanguage":"fr-FR"},{"@type":"ImageObject","@id":"https:\/\/www.nettali.com\/2021\/12\/28\/cour-supreme-auditionne-madiambal-confirme-sa-plainte-contre-souleymane-teliko\/#primaryimage","inLanguage":"fr-FR","url":"https:\/\/www.nettali.com\/wp-content\/uploads\/2021\/06\/madiambal-teliko.jpg","contentUrl":"https:\/\/www.nettali.com\/wp-content\/uploads\/2021\/06\/madiambal-teliko.jpg","width":705,"height":385},{"@type":"WebPage","@id":"https:\/\/www.nettali.com\/2021\/12\/28\/cour-supreme-auditionne-madiambal-confirme-sa-plainte-contre-souleymane-teliko\/#webpage","url":"https:\/\/www.nettali.com\/2021\/12\/28\/cour-supreme-auditionne-madiambal-confirme-sa-plainte-contre-souleymane-teliko\/","name":"Cour supr\u00eame : Auditionn\u00e9, Madiambal confirme sa plainte contre Souleymane T\u00e9liko | Nettali.com","isPartOf":{"@id":"https:\/\/www.nettali.com\/#website"},"primaryImageOfPage":{"@id":"https:\/\/www.nettali.com\/2021\/12\/28\/cour-supreme-auditionne-madiambal-confirme-sa-plainte-contre-souleymane-teliko\/#primaryimage"},"datePublished":"2021-12-28T16:42:13+00:00","dateModified":"2021-12-29T09:57:42+00:00","author":{"@id":"https:\/\/www.nettali.com\/#\/schema\/person\/3317e0bb3aa1da309fbf7b2780901bf4"},"breadcrumb":{"@id":"https:\/\/www.nettali.com\/2021\/12\/28\/cour-supreme-auditionne-madiambal-confirme-sa-plainte-contre-souleymane-teliko\/#breadcrumb"},"inLanguage":"fr-FR","potentialAction":[{"@type":"ReadAction","target":["https:\/\/www.nettali.com\/2021\/12\/28\/cour-supreme-auditionne-madiambal-confirme-sa-plainte-contre-souleymane-teliko\/"]}]},{"@type":"BreadcrumbList","@id":"https:\/\/www.nettali.com\/2021\/12\/28\/cour-supreme-auditionne-madiambal-confirme-sa-plainte-contre-souleymane-teliko\/#breadcrumb","itemListElement":[{"@type":"ListItem","position":1,"name":"Accueil","item":"https:\/\/www.nettali.com\/"},{"@type":"ListItem","position":2,"name":"Cour supr\u00eame : Auditionn\u00e9, Madiambal confirme sa plainte contre Souleymane T\u00e9liko"}]},{"@type":"Person","@id":"https:\/\/www.nettali.com\/#\/schema\/person\/3317e0bb3aa1da309fbf7b2780901bf4","name":"Daouda","image":{"@type":"ImageObject","@id":"https:\/\/www.nettali.com\/#personlogo","inLanguage":"fr-FR","url":"https:\/\/secure.gravatar.com\/avatar\/8d143b5a49345098ddcfee1c49c2f47c?s=96&d=mm&r=g","contentUrl":"https:\/\/secure.gravatar.com\/avatar\/8d143b5a49345098ddcfee1c49c2f47c?s=96&d=mm&r=g","caption":"Daouda"},"sameAs":["https:\/\/www.nettali.com"]}]}},"_links":{"self":[{"href":"https:\/\/www.nettali.com\/rest\/wp\/v2\/posts\/78099"}],"collection":[{"href":"https:\/\/www.nettali.com\/rest\/wp\/v2\/posts"}],"about":[{"href":"https:\/\/www.nettali.com\/rest\/wp\/v2\/types\/post"}],"author":[{"embeddable":true,"href":"https:\/\/www.nettali.com\/rest\/wp\/v2\/users\/4"}],"replies":[{"embeddable":true,"href":"https:\/\/www.nettali.com\/rest\/wp\/v2\/comments?post=78099"}],"version-history":[{"count":1,"href":"https:\/\/www.nettali.com\/rest\/wp\/v2\/posts\/78099\/revisions"}],"predecessor-version":[{"id":78101,"href":"https:\/\/www.nettali.com\/rest\/wp\/v2\/posts\/78099\/revisions\/78101"}],"wp:featuredmedia":[{"embeddable":true,"href":"https:\/\/www.nettali.com\/rest\/wp\/v2\/media\/66144"}],"wp:attachment":[{"href":"https:\/\/www.nettali.com\/rest\/wp\/v2\/media?parent=78099"}],"wp:term":[{"taxonomy":"category","embeddable":true,"href":"https:\/\/www.nettali.com\/rest\/wp\/v2\/categories?post=78099"},{"taxonomy":"post_tag","embeddable":true,"href":"https:\/\/www.nettali.com\/rest\/wp\/v2\/tags?post=78099"}],"curies":[{"name":"wp","href":"https:\/\/api.w.org\/{rel}","templated":true}]}}