{"id":78097,"date":"2021-12-28T14:31:50","date_gmt":"2021-12-28T14:31:50","guid":{"rendered":"https:\/\/www.nettali.com\/?p=78097"},"modified":"2021-12-30T08:03:35","modified_gmt":"2021-12-30T08:03:35","slug":"bollore-et-lafrique-une-relation-ambigue","status":"publish","type":"post","link":"https:\/\/www.nettali.com\/2021\/12\/28\/bollore-et-lafrique-une-relation-ambigue\/","title":{"rendered":"COUP DE GUEULE - BOLLORE ET L\u2019AFRIQUE \u2013  Une relation ambigu\u00eb !"},"content":{"rendered":"<p><strong>NETTTALI.COM \u2013 Entre Bollor\u00e9 et l\u2019Afrique, c\u2019est une relation qui dure depuis longtemps. Une pr\u00e9sence du Fran\u00e7ais en Afrique vue finalement que comme mue par un int\u00e9r\u00eat purement capitalistique, au regard de la trajectoire actuelle de l\u2019homme d\u2019affaires qui vient de r\u00e9v\u00e9ler son vrai visage \u00e0 travers son soutien affirm\u00e9 \u00e0 Eric Zemmour.<\/strong><\/p>\n<p>Avec l\u2019\u00e9volution du temps, celui qui est consid\u00e9r\u00e9 comme un symbole de la Fran\u00e7afrique pour avoir collabor\u00e9 avec beaucoup de chefs d\u2019Etat africains, dans une relation souvent bien opaque, se d\u00e9sengage d\u2019une partie de ses activit\u00e9s de logistique et transport en Afrique.\u00a0 L'armateur italo-suisse MSC lui a propos\u00e9 de lui racheter ses activit\u00e9s de logistique en Afrique pour 5,7 milliards d'euros, a annonc\u00e9 lundi 20 d\u00e9cembre l'entreprise fran\u00e7aise.<\/p>\n<p>Une offre \u00e0 laquelle a consenti Bollor\u00e9 \u00e0 MSC (Mediterranean Shipping Company) avec \u00e0 la clef, une exclusivit\u00e9 jusqu'\u00e0 fin mars 2022 pour n\u00e9gocier, a pr\u00e9cis\u00e9 le groupe de l'industriel Vincent Bollor\u00e9 dans un communiqu\u00e9. \"<em>Le groupe Bollor\u00e9 annonce avoir re\u00e7u une offre du groupe MSC, acteur majeur du transport et de la logistique par conteneurs, pour l'acquisition de 100% de Bollor\u00e9 Africa Logistics, regroupant l'ensemble des activit\u00e9s de transport et logistique du groupe Bollor\u00e9 en Afrique, sur la base d'une valeur d'entreprise, nette des int\u00e9r\u00eats minoritaires, de 5,7 milliards d'euros<\/em>\", \u00e9crit l'entreprise.<\/p>\n<p>Plus rentable que la logistique internationale de Bollor\u00e9, la branche de logistique africaine reste plus petite en chiffre d'affaires, avec 2,1 milliards d'euros r\u00e9alis\u00e9s en 2020, sur un total de 24,1 milliards pour le groupe. Elle emploie plus de 20.000 personnes, selon Bollor\u00e9.<\/p>\n<p>Ses d\u00e9boires judiciaires en Afrique dans ce domaine, ont-ils eu raison de La t\u00e9nacit\u00e9 de l'homme d'affaires fran\u00e7ais ? Le d\u00e9sengagement de ses activit\u00e9s dans les ports et les lignes ferroviaires en Afrique, cache un autre fait. Le groupe Bollor\u00e9 ne quitte pas en r\u00e9alit\u00e9 l\u2019Afrique. Il conservera une pr\u00e9sence importante, notamment \u00e0 travers Canal+, premier op\u00e9rateur de t\u00e9l\u00e9vision payante en Afrique francophone et actionnaire important de MultiChoice, le leader de la t\u00e9l\u00e9vision payante en Afrique anglophone. Il y poursuivra \u00e9galement ses d\u00e9veloppements dans de nombreux secteurs comme la communication, le divertissement, les t\u00e9l\u00e9coms, l'\u00e9dition.<\/p>\n<p>Ce d\u00e9sengagement partiel interroge sur les dessous de la d\u00e9marche de Vincent Bollor\u00e9. Ce dernier, ayant une haute main sur de grands groupes de presse, ne peut-il pas profiter de cette faveur pour revenir en force en Afrique ? Il pourrait juste s\u2019agir d\u2019un red\u00e9ploiement dans un secteur moins encombrant politiquement et du point de vue de l\u2019image, et o\u00f9 il peut gagner en influence et en recettes publicitaires importantes, sans toutefois s\u2019exposer \u00e0 la justice.<\/p>\n<p>Il faut noter que le groupe Bollor\u00e9 a connu d\u00e9boires judiciaires en Afrique, en plus d'histoires de redressement fiscal, de d\u00e9forestation, d\u2019accaparement de terres, de rudes conditions de travail de ses salari\u00e9s ainsi que l\u2019avait relay\u00e9 le quotidien fran\u00e7ais Le Monde. Ce dernier \u00e9crivait d\u00e9j\u00e0 en 2017 que la Soci\u00e9t\u00e9 camerounaise des palmeraies (Socapalm) n\u2019a pas bonne presse, accus\u00e9e qu\u2019elle de tous les maux. Filiale de la Soci\u00e9t\u00e9 financi\u00e8re des caoutchoucs (Socfin) bas\u00e9e au Luxembourg, d\u00e9tenue \u00e0 un peu plus de 50 % par le belge Hubert Fabri et \u00e0 pr\u00e8s de 39 % par le groupe de Vincent Bollor\u00e9, elle est dans le collimateur de plusieurs ONG et associations de riverains. Mais l\u00e0 ne sont pas les seuls m\u00e9faits \u00e0 l\u2019actif de Bollor\u00e9. Il a\u00a0 par exemple \u00e9t\u00e9 accus\u00e9 par la justice fran\u00e7aise d'avoir apport\u00e9 son aide \u00e0 des campagnes \u00e9lectorales en \u00e9change de l'attribution de concessions portuaires au Togo et en Guin\u00e9e. Vincent Bollor\u00e9 a plaid\u00e9 coupable dans un dossier de corruption, le vendredi 26 f\u00e9vrier 2021, devant le tribunal judiciaire de Paris (France). Un dossier qui date de 2009 et qui est relatif \u00e0 la prolongation et l\u2019extension de la concession du port de Lom\u00e9, au Togo. Dans le cas du Togo, les juges d\u2019instruction ont en effet \u00e9tabli que le magnat des m\u00e9dias et son groupe ont pay\u00e9 370 000 euros de d\u00e9penses de communication au pr\u00e9sident togolais Faure Gnassingb\u00e9, afin d\u2019obtenir des contrats et avantages fiscaux sur le port de Lom\u00e9.<\/p>\n<p>Vincent Bollor\u00e9, le groupe Bollor\u00e9 SE et deux autres cadres, Gilles Alix et Jean-Philippe Dorent, ont reconnu les faits, souhaitant ainsi s\u2019\u00e9viter un proc\u00e8s. Mais le tribunal judiciaire de Paris en a d\u00e9cid\u00e9 autrement, comme le rapportent\u00a0\u00ab\u00a0le Monde\u00a0\u00bb\u00a0et\u00a0Mediapart\u00a0: \u00e0 la surprise g\u00e9n\u00e9rale, le tribunal a rejet\u00e9 les peines demand\u00e9es par le parquet national financier \u00e0 l\u2019encontre de Vincent Bollor\u00e9, et demand\u00e9 un proc\u00e8s, consid\u00e9rant que les faits reproch\u00e9s avaient\u00a0\u00ab\u00a0gravement port\u00e9 atteinte \u00e0 l\u2019ordre public \u00e9conomique\u00a0\u00bb\u00a0et\u00a0\u00ab\u00a0\u00e0 la souverainet\u00e9 du Togo\u00a0\u00bb.<\/p>\n<p>L'homme d'affaires avait accept\u00e9 de payer une amende de 375 000 euros, en contrepartie de quoi cette condamnation n\u2019aurait pas \u00e9t\u00e9 inscrite \u00e0 son casier judiciaire. Il en avait \u00e9t\u00e9 de m\u00eame pour Gilles Alix et Jean-Philippe Dorent, dont les peines n\u2019ont pas non plus \u00e9t\u00e9 homologu\u00e9es.<\/p>\n<p>En revanche, la soci\u00e9t\u00e9 Bollor\u00e9 SE devra bien pour sa part payer une amende calcul\u00e9e sur le montant putatif des b\u00e9n\u00e9fices que le groupe retirera de la concession portuaire de Lom\u00e9 sur les trente-cinq ann\u00e9es o\u00f9 il la d\u00e9tient. La soci\u00e9t\u00e9\u00a0\u00ab\u00a0s\u2019engage \u00e0 verser au Tr\u00e9sor public, sous dix jours, une amende d\u2019int\u00e9r\u00eat public d\u2019un montant de 12\u00a0millions d\u2019euros\u00a0\u00bb, selon un communiqu\u00e9 du parquet national financier. Bollor\u00e9 SE\u00a0\u00ab\u00a0s\u2019engage \u00e9galement \u00e0 faire \u00e9valuer par l\u2019Agence fran\u00e7aise anticorruption, pendant deux ann\u00e9es, l\u2019effectivit\u00e9 de son programme de conformit\u00e9 et d\u2019en supporter le co\u00fbt.\u00a0\u00bb<\/p>\n<p>Mais ce qui a \u00e9t\u00e9 le plus \u00e9tonnant \u00e0 constater, comble de paradoxe, ce sont les relations entre le magnat fran\u00e7ais et les dirigeants politiques africains, son business florissant en Afrique et sa posture de parrain m\u00e9diatique du trop controvers\u00e9 Eric Zemmour.<\/p>\n<p>\u00ab\u00a0<em>Au d\u00e9but, il y eut CNews. La cha\u00eene gratuite de l\u2019empire Bollor\u00e9 ne marchande pas son soutien \u00e0 Eric Zemmour, m\u00eame si elle a d\u00fb se d\u00e9faire de son chroniqueur vedette. Un exemple ? Quand sort le sondage Harris Interactive-Challenges dans lequel Zemmour s\u2019invite pour la premi\u00e8re fois au deuxi\u00e8me tour de la pr\u00e9sidentielle, le 6 octobre, le pol\u00e9miste est pendant une heure sur le plateau de Laurence Ferrari. Celle-ci ne sert pas la soupe au vrai\/faux candidat. Mais dans le \u00ab\u00a0Face \u00e0 l\u2019info\u00a0\u00bb qui suit, Christine Kelly demande \u00e0 ses invit\u00e9s de d\u00e9crire \"leur\" Zemmour. Floril\u00e8ge: \"Un assemblage de sinc\u00e9rit\u00e9 et de courage\" (Charlotte d\u2019Ornellas); \"Un gar\u00e7on tr\u00e8s touchant, on a envie de le choyer\" (Marc Menant); \"V\u00e9ritable ph\u00e9nom\u00e8ne politique et tr\u00e8s courtois\" (Mathieu Bock-C\u00f4t\u00e9)\u2026 Il n\u2019y a que Dimitri Pavlenko \u00e0 prendre un peu de distance: \"Il est tr\u00e8s chaleureux, mais il a des obsessions!\", commente le site challenges.fr\u00a0; non sans pr\u00e9ciser\u00a0: \u00ab\u00a0Et puis maintenant, il y a Europe 1, avec ce dialogue surr\u00e9aliste entre Sonia Mabrouk et Bruno Le Maire, point\u00e9 par les r\u00e9seaux sociaux. Quand le ministre se d\u00e9clare dans la matinale du 18 octobre \"en opposition frontale avec le diagnostic qui est fait [par Zemmour]\", l\u2019intervieweuse attitr\u00e9e de la radio lui r\u00e9torque: \"Vous ne voulez pas voir la r\u00e9alit\u00e9 alors?\"<\/em><\/p>\n<p><em>Faut-il d\u00e9sormais ajouter Paris Match et Le Journal du Dimanche, apr\u00e8s la double \u00e9viction d\u2019Herv\u00e9 Gattegno, leur directeur de la r\u00e9daction? Cette mise \u00e0 l\u2019\u00e9cart serait-elle une op\u00e9ration politique? En premi\u00e8re analyse, \u00e9videmment, car la figure de proue des deux journaux n\u2019a pas failli. Arnaud Lagard\u00e8re \u00e9tait bien en peine de lui reprocher quoi que ce soit, et la pr\u00e9sidente de sa branche m\u00e9dias, Constance Benqu\u00e9, se r\u00e9v\u00e8le incapable d\u2019expliquer sa destitution. Elle aurait pu aller chercher des arguments avec les comptes de Match, pass\u00e9s dans le rouge<\/em>\u00a0\u00bb.<\/p>\n<p>Mais \u00e0 la v\u00e9rit\u00e9, Bollor\u00e9 est tr\u00e8s \u00e0 cheval sur les id\u00e9es conservatrices et pas tr\u00e8s en phase avec l\u2019Islam, tout en \u00e9tant un n\u00e9o lib\u00e9ral convaincu. Son int\u00e9r\u00eat pour l\u2019Afrique n\u2019existe que par le business immense qu\u2019il y d\u00e9veloppe. Sa branche m\u00e9dias via Canal+ lui a par exemple permis de d\u00e9velopper \u00e0 travers le sport, le divertissement et la culture par le truchement des t\u00e9l\u00e9films africains regroup\u00e9s sur de nouvelles marques locales telles que \u00ab Sunu Yeuf \u00bb au S\u00e9n\u00e9gal. Ce qui lui a permis de faire conna\u00eetre une marge de progression \u00e0 sa cha\u00eene et de renouveler son audience.<\/p>\n<p>De quoi se poser des questions sur la posture du public africain. A-t-il vraiment conscience du type de personnes \u00e0 qui il a affaire avec Bollor\u00e9 ? Certainement non. Il est peut-\u00eatre temps qu\u2019il sache qu\u2019il est ce soutien affirm\u00e9 et sans complexe de cet homme qu\u2019est Zemmour : profond\u00e9ment raciste et anti-islam et x\u00e9nophobe. Ce qui laisse penser que ce public ne devrait pas laisser le Fran\u00e7ais gagner du terrain sur le continent, quitte m\u00eame \u00e0 boycotter ses produits et sa cha\u00eene de t\u00e9l\u00e9. Du chemin en perspective \u00e0 parcourir pour y arriver.<\/p>\n<p>&nbsp;<\/p>\n<div class='share-to-whatsapp-wrapper'><div class='share-on-whsp'>PARTAGER SUR : <\/div><a data-text='COUP DE GUEULE - BOLLORE ET L\u2019AFRIQUE \u2013  Une relation ambigu\u00eb !' data-link='https:\/\/www.nettali.com\/2021\/12\/28\/bollore-et-lafrique-une-relation-ambigue\/' class='whatsapp-button whatsapp-share'>WhatsApp<\/a><div class='clear '><\/div><\/div>","protected":false},"excerpt":{"rendered":"<p>NETTTALI.COM \u2013 Entre Bollor\u00e9 et l\u2019Afrique, c\u2019est une relation qui dure depuis longtemps. Une pr\u00e9sence du Fran\u00e7ais en Afrique vue finalement que comme mue par un int\u00e9r\u00eat purement capitalistique, au regard de la trajectoire actuelle de l\u2019homme d\u2019affaires qui vient de r\u00e9v\u00e9ler son vrai visage \u00e0 travers son soutien affirm\u00e9 \u00e0 Eric Zemmour. Avec l\u2019\u00e9volution [&hellip;]<\/p>\n","protected":false},"author":11,"featured_media":20390,"comment_status":"open","ping_status":"open","sticky":false,"template":"","format":"standard","meta":{"_et_pb_use_builder":"","_et_pb_old_content":""},"categories":[12],"tags":[],"yoast_head":"<!-- This site is optimized with the Yoast SEO Premium plugin v17.8 (Yoast SEO v17.8) - https:\/\/yoast.com\/wordpress\/plugins\/seo\/ -->\n<title>COUP DE GUEULE - BOLLORE ET L\u2019AFRIQUE \u2013 Une relation ambigu\u00eb ! | Nettali.com<\/title>\n<meta name=\"robots\" content=\"index, follow, max-snippet:-1, max-image-preview:large, max-video-preview:-1\" \/>\n<link rel=\"canonical\" href=\"https:\/\/www.nettali.com\/2021\/12\/28\/bollore-et-lafrique-une-relation-ambigue\/\" \/>\n<meta property=\"og:locale\" content=\"fr_FR\" \/>\n<meta property=\"og:type\" content=\"article\" \/>\n<meta property=\"og:title\" content=\"COUP DE GUEULE - BOLLORE ET L\u2019AFRIQUE \u2013 Une relation ambigu\u00eb !\" \/>\n<meta property=\"og:description\" content=\"NETTTALI.COM \u2013 Entre Bollor\u00e9 et l\u2019Afrique, c\u2019est une relation qui dure depuis longtemps. Une pr\u00e9sence du Fran\u00e7ais en Afrique vue finalement que comme mue par un int\u00e9r\u00eat purement capitalistique, au regard de la trajectoire actuelle de l\u2019homme d\u2019affaires qui vient de r\u00e9v\u00e9ler son vrai visage \u00e0 travers son soutien affirm\u00e9 \u00e0 Eric Zemmour. Avec l\u2019\u00e9volution [&hellip;]\" \/>\n<meta property=\"og:url\" content=\"https:\/\/www.nettali.com\/2021\/12\/28\/bollore-et-lafrique-une-relation-ambigue\/\" \/>\n<meta property=\"og:site_name\" content=\"Nettali.com\" \/>\n<meta property=\"article:publisher\" content=\"https:\/\/www.facebook.com\/nettalicom\" \/>\n<meta property=\"article:published_time\" content=\"2021-12-28T14:31:50+00:00\" \/>\n<meta property=\"article:modified_time\" content=\"2021-12-30T08:03:35+00:00\" \/>\n<meta property=\"og:image\" content=\"https:\/\/www.nettali.com\/wp-content\/uploads\/2019\/10\/zemmour-bollore\u0301.png\" \/>\n\t<meta property=\"og:image:width\" content=\"1280\" \/>\n\t<meta property=\"og:image:height\" content=\"600\" \/>\n<meta name=\"twitter:card\" content=\"summary_large_image\" \/>\n<meta name=\"twitter:label1\" content=\"\u00c9crit par\" \/>\n\t<meta name=\"twitter:data1\" content=\"Thierno Diop\" \/>\n\t<meta name=\"twitter:label2\" content=\"Dur\u00e9e de lecture estim\u00e9e\" \/>\n\t<meta name=\"twitter:data2\" content=\"7 minutes\" \/>\n<script type=\"application\/ld+json\" class=\"yoast-schema-graph\">{\"@context\":\"https:\/\/schema.org\",\"@graph\":[{\"@type\":\"WebSite\",\"@id\":\"https:\/\/www.nettali.com\/#website\",\"url\":\"https:\/\/www.nettali.com\/\",\"name\":\"Nettali.com\",\"description\":\"Le rendez-vous critique du Net\",\"potentialAction\":[{\"@type\":\"SearchAction\",\"target\":{\"@type\":\"EntryPoint\",\"urlTemplate\":\"https:\/\/www.nettali.com\/?s={search_term_string}\"},\"query-input\":\"required name=search_term_string\"}],\"inLanguage\":\"fr-FR\"},{\"@type\":\"ImageObject\",\"@id\":\"https:\/\/www.nettali.com\/2021\/12\/28\/bollore-et-lafrique-une-relation-ambigue\/#primaryimage\",\"inLanguage\":\"fr-FR\",\"url\":\"https:\/\/www.nettali.com\/wp-content\/uploads\/2019\/10\/zemmour-bollore\\u0301.png\",\"contentUrl\":\"https:\/\/www.nettali.com\/wp-content\/uploads\/2019\/10\/zemmour-bollore\\u0301.png\",\"width\":1280,\"height\":600},{\"@type\":\"WebPage\",\"@id\":\"https:\/\/www.nettali.com\/2021\/12\/28\/bollore-et-lafrique-une-relation-ambigue\/#webpage\",\"url\":\"https:\/\/www.nettali.com\/2021\/12\/28\/bollore-et-lafrique-une-relation-ambigue\/\",\"name\":\"COUP DE GUEULE - BOLLORE ET L\\u2019AFRIQUE \\u2013 Une relation ambigu\\u00eb ! | Nettali.com\",\"isPartOf\":{\"@id\":\"https:\/\/www.nettali.com\/#website\"},\"primaryImageOfPage\":{\"@id\":\"https:\/\/www.nettali.com\/2021\/12\/28\/bollore-et-lafrique-une-relation-ambigue\/#primaryimage\"},\"datePublished\":\"2021-12-28T14:31:50+00:00\",\"dateModified\":\"2021-12-30T08:03:35+00:00\",\"author\":{\"@id\":\"https:\/\/www.nettali.com\/#\/schema\/person\/8a06c6bd7b19304cf4bf985862900b5b\"},\"breadcrumb\":{\"@id\":\"https:\/\/www.nettali.com\/2021\/12\/28\/bollore-et-lafrique-une-relation-ambigue\/#breadcrumb\"},\"inLanguage\":\"fr-FR\",\"potentialAction\":[{\"@type\":\"ReadAction\",\"target\":[\"https:\/\/www.nettali.com\/2021\/12\/28\/bollore-et-lafrique-une-relation-ambigue\/\"]}]},{\"@type\":\"BreadcrumbList\",\"@id\":\"https:\/\/www.nettali.com\/2021\/12\/28\/bollore-et-lafrique-une-relation-ambigue\/#breadcrumb\",\"itemListElement\":[{\"@type\":\"ListItem\",\"position\":1,\"name\":\"Accueil\",\"item\":\"https:\/\/www.nettali.com\/\"},{\"@type\":\"ListItem\",\"position\":2,\"name\":\"COUP DE GUEULE &#8211; BOLLORE ET L\\u2019AFRIQUE \\u2013 Une relation ambigu\\u00eb !\"}]},{\"@type\":\"Person\",\"@id\":\"https:\/\/www.nettali.com\/#\/schema\/person\/8a06c6bd7b19304cf4bf985862900b5b\",\"name\":\"Thierno Diop\",\"image\":{\"@type\":\"ImageObject\",\"@id\":\"https:\/\/www.nettali.com\/#personlogo\",\"inLanguage\":\"fr-FR\",\"url\":\"https:\/\/secure.gravatar.com\/avatar\/c8ca58550c94fd2ac856d27391a6c866?s=96&d=mm&r=g\",\"contentUrl\":\"https:\/\/secure.gravatar.com\/avatar\/c8ca58550c94fd2ac856d27391a6c866?s=96&d=mm&r=g\",\"caption\":\"Thierno Diop\"},\"sameAs\":[\"https:\/\/nettali.com\"]}]}<\/script>\n<!-- \/ Yoast SEO Premium plugin. -->","yoast_head_json":{"title":"COUP DE GUEULE - BOLLORE ET L\u2019AFRIQUE \u2013 Une relation ambigu\u00eb ! | Nettali.com","robots":{"index":"index","follow":"follow","max-snippet":"max-snippet:-1","max-image-preview":"max-image-preview:large","max-video-preview":"max-video-preview:-1"},"canonical":"https:\/\/www.nettali.com\/2021\/12\/28\/bollore-et-lafrique-une-relation-ambigue\/","og_locale":"fr_FR","og_type":"article","og_title":"COUP DE GUEULE - BOLLORE ET L\u2019AFRIQUE \u2013 Une relation ambigu\u00eb !","og_description":"NETTTALI.COM \u2013 Entre Bollor\u00e9 et l\u2019Afrique, c\u2019est une relation qui dure depuis longtemps. Une pr\u00e9sence du Fran\u00e7ais en Afrique vue finalement que comme mue par un int\u00e9r\u00eat purement capitalistique, au regard de la trajectoire actuelle de l\u2019homme d\u2019affaires qui vient de r\u00e9v\u00e9ler son vrai visage \u00e0 travers son soutien affirm\u00e9 \u00e0 Eric Zemmour. Avec l\u2019\u00e9volution [&hellip;]","og_url":"https:\/\/www.nettali.com\/2021\/12\/28\/bollore-et-lafrique-une-relation-ambigue\/","og_site_name":"Nettali.com","article_publisher":"https:\/\/www.facebook.com\/nettalicom","article_published_time":"2021-12-28T14:31:50+00:00","article_modified_time":"2021-12-30T08:03:35+00:00","og_image":[{"width":1280,"height":600,"url":"https:\/\/www.nettali.com\/wp-content\/uploads\/2019\/10\/zemmour-bollore\u0301.png","type":"image\/png"}],"twitter_card":"summary_large_image","twitter_misc":{"\u00c9crit par":"Thierno Diop","Dur\u00e9e de lecture estim\u00e9e":"7 minutes"},"schema":{"@context":"https:\/\/schema.org","@graph":[{"@type":"WebSite","@id":"https:\/\/www.nettali.com\/#website","url":"https:\/\/www.nettali.com\/","name":"Nettali.com","description":"Le rendez-vous critique du Net","potentialAction":[{"@type":"SearchAction","target":{"@type":"EntryPoint","urlTemplate":"https:\/\/www.nettali.com\/?s={search_term_string}"},"query-input":"required name=search_term_string"}],"inLanguage":"fr-FR"},{"@type":"ImageObject","@id":"https:\/\/www.nettali.com\/2021\/12\/28\/bollore-et-lafrique-une-relation-ambigue\/#primaryimage","inLanguage":"fr-FR","url":"https:\/\/www.nettali.com\/wp-content\/uploads\/2019\/10\/zemmour-bollore\u0301.png","contentUrl":"https:\/\/www.nettali.com\/wp-content\/uploads\/2019\/10\/zemmour-bollore\u0301.png","width":1280,"height":600},{"@type":"WebPage","@id":"https:\/\/www.nettali.com\/2021\/12\/28\/bollore-et-lafrique-une-relation-ambigue\/#webpage","url":"https:\/\/www.nettali.com\/2021\/12\/28\/bollore-et-lafrique-une-relation-ambigue\/","name":"COUP DE GUEULE - BOLLORE ET L\u2019AFRIQUE \u2013 Une relation ambigu\u00eb ! | Nettali.com","isPartOf":{"@id":"https:\/\/www.nettali.com\/#website"},"primaryImageOfPage":{"@id":"https:\/\/www.nettali.com\/2021\/12\/28\/bollore-et-lafrique-une-relation-ambigue\/#primaryimage"},"datePublished":"2021-12-28T14:31:50+00:00","dateModified":"2021-12-30T08:03:35+00:00","author":{"@id":"https:\/\/www.nettali.com\/#\/schema\/person\/8a06c6bd7b19304cf4bf985862900b5b"},"breadcrumb":{"@id":"https:\/\/www.nettali.com\/2021\/12\/28\/bollore-et-lafrique-une-relation-ambigue\/#breadcrumb"},"inLanguage":"fr-FR","potentialAction":[{"@type":"ReadAction","target":["https:\/\/www.nettali.com\/2021\/12\/28\/bollore-et-lafrique-une-relation-ambigue\/"]}]},{"@type":"BreadcrumbList","@id":"https:\/\/www.nettali.com\/2021\/12\/28\/bollore-et-lafrique-une-relation-ambigue\/#breadcrumb","itemListElement":[{"@type":"ListItem","position":1,"name":"Accueil","item":"https:\/\/www.nettali.com\/"},{"@type":"ListItem","position":2,"name":"COUP DE GUEULE &#8211; BOLLORE ET L\u2019AFRIQUE \u2013 Une relation ambigu\u00eb !"}]},{"@type":"Person","@id":"https:\/\/www.nettali.com\/#\/schema\/person\/8a06c6bd7b19304cf4bf985862900b5b","name":"Thierno Diop","image":{"@type":"ImageObject","@id":"https:\/\/www.nettali.com\/#personlogo","inLanguage":"fr-FR","url":"https:\/\/secure.gravatar.com\/avatar\/c8ca58550c94fd2ac856d27391a6c866?s=96&d=mm&r=g","contentUrl":"https:\/\/secure.gravatar.com\/avatar\/c8ca58550c94fd2ac856d27391a6c866?s=96&d=mm&r=g","caption":"Thierno Diop"},"sameAs":["https:\/\/nettali.com"]}]}},"_links":{"self":[{"href":"https:\/\/www.nettali.com\/rest\/wp\/v2\/posts\/78097"}],"collection":[{"href":"https:\/\/www.nettali.com\/rest\/wp\/v2\/posts"}],"about":[{"href":"https:\/\/www.nettali.com\/rest\/wp\/v2\/types\/post"}],"author":[{"embeddable":true,"href":"https:\/\/www.nettali.com\/rest\/wp\/v2\/users\/11"}],"replies":[{"embeddable":true,"href":"https:\/\/www.nettali.com\/rest\/wp\/v2\/comments?post=78097"}],"version-history":[{"count":4,"href":"https:\/\/www.nettali.com\/rest\/wp\/v2\/posts\/78097\/revisions"}],"predecessor-version":[{"id":78116,"href":"https:\/\/www.nettali.com\/rest\/wp\/v2\/posts\/78097\/revisions\/78116"}],"wp:featuredmedia":[{"embeddable":true,"href":"https:\/\/www.nettali.com\/rest\/wp\/v2\/media\/20390"}],"wp:attachment":[{"href":"https:\/\/www.nettali.com\/rest\/wp\/v2\/media?parent=78097"}],"wp:term":[{"taxonomy":"category","embeddable":true,"href":"https:\/\/www.nettali.com\/rest\/wp\/v2\/categories?post=78097"},{"taxonomy":"post_tag","embeddable":true,"href":"https:\/\/www.nettali.com\/rest\/wp\/v2\/tags?post=78097"}],"curies":[{"name":"wp","href":"https:\/\/api.w.org\/{rel}","templated":true}]}}