{"id":77985,"date":"2021-12-26T14:06:04","date_gmt":"2021-12-26T14:06:04","guid":{"rendered":"https:\/\/www.nettali.com\/?p=77985"},"modified":"2021-12-26T20:16:44","modified_gmt":"2021-12-26T20:16:44","slug":"inauguration-du-ter-mansour-faye-annonce-une-bonne-nouvelle-aux-usager","status":"publish","type":"post","link":"https:\/\/www.nettali.com\/2021\/12\/26\/inauguration-du-ter-mansour-faye-annonce-une-bonne-nouvelle-aux-usager\/","title":{"rendered":"INAUGURATION DU TER - Mansour Faye annonce une bonne nouvelle aux usagers"},"content":{"rendered":"<p class=\"summary_label\"><strong>NETTALI.COM - Le Train Express r\u00e9gional (TER) sera officiellement mis en service ce lundi 27 d\u00e9cembre 2027. Mansour Faye, le ministre des Transports, a annonc\u00e9 que les s\u00e9n\u00e9galais pourront embarquer \u00e0 bord durant une petite p\u00e9riode sans rien d\u00e9bourser.<\/strong><\/p>\n<p><em>\u00abLe 27 d\u00e9cembre prochain\u00a0 les s\u00e9n\u00e9galais \u00a0pourront emprunter le train pendant une p\u00e9riode d\u2019essai en gratuit\u00e9 sur une quinzaine de jours. Les s\u00e9n\u00e9galais \u00a0aurons l\u2019opportunit\u00e9 de voir r\u00e9ellement ce que repr\u00e9sente ce Train express r\u00e9gional<\/em>\u00bb, a indiqu\u00e9 Mansour Faye \u00e0 Saint Louis.<\/p>\n<div id=\"printable\" class=\"text_body\">\n<p>Il rappelle que le Train Express est un moyen de transport de masse destin\u00e9 \u00e0 transporter plus de 115 000 voyageurs par jour, avec plus de 196 trajets \u00a0entre Dakar et Diamniadio.<\/p>\n<\/div>\n<div class='share-to-whatsapp-wrapper'><div class='share-on-whsp'>PARTAGER SUR : <\/div><a data-text='INAUGURATION DU TER - Mansour Faye annonce une bonne nouvelle aux usagers' data-link='https:\/\/www.nettali.com\/2021\/12\/26\/inauguration-du-ter-mansour-faye-annonce-une-bonne-nouvelle-aux-usager\/' class='whatsapp-button whatsapp-share'>WhatsApp<\/a><div class='clear '><\/div><\/div>","protected":false},"excerpt":{"rendered":"<p>NETTALI.COM - Le Train Express r\u00e9gional (TER) sera officiellement mis en service ce lundi 27 d\u00e9cembre 2027. Mansour Faye, le ministre des Transports, a annonc\u00e9 que les s\u00e9n\u00e9galais pourront embarquer \u00e0 bord durant une petite p\u00e9riode sans rien d\u00e9bourser. \u00abLe 27 d\u00e9cembre prochain\u00a0 les s\u00e9n\u00e9galais \u00a0pourront emprunter le train pendant une p\u00e9riode d\u2019essai en gratuit\u00e9 [&hellip;]<\/p>\n","protected":false},"author":4,"featured_media":77932,"comment_status":"open","ping_status":"open","sticky":false,"template":"","format":"standard","meta":{"_et_pb_use_builder":"","_et_pb_old_content":""},"categories":[3],"tags":[],"yoast_head":"<!-- This site is optimized with the Yoast SEO Premium plugin v17.8 (Yoast SEO v17.8) - https:\/\/yoast.com\/wordpress\/plugins\/seo\/ -->\n<title>INAUGURATION DU TER - Mansour Faye annonce une bonne nouvelle aux usagers | Nettali.com<\/title>\n<meta name=\"robots\" content=\"index, follow, max-snippet:-1, max-image-preview:large, max-video-preview:-1\" \/>\n<link rel=\"canonical\" href=\"https:\/\/www.nettali.com\/2021\/12\/26\/inauguration-du-ter-mansour-faye-annonce-une-bonne-nouvelle-aux-usager\/\" \/>\n<meta property=\"og:locale\" content=\"fr_FR\" \/>\n<meta property=\"og:type\" content=\"article\" \/>\n<meta property=\"og:title\" content=\"INAUGURATION DU TER - Mansour Faye annonce une bonne nouvelle aux usagers\" \/>\n<meta property=\"og:description\" content=\"NETTALI.COM - Le Train Express r\u00e9gional (TER) sera officiellement mis en service ce lundi 27 d\u00e9cembre 2027. Mansour Faye, le ministre des Transports, a annonc\u00e9 que les s\u00e9n\u00e9galais pourront embarquer \u00e0 bord durant une petite p\u00e9riode sans rien d\u00e9bourser. \u00abLe 27 d\u00e9cembre prochain\u00a0 les s\u00e9n\u00e9galais \u00a0pourront emprunter le train pendant une p\u00e9riode d\u2019essai en gratuit\u00e9 [&hellip;]\" \/>\n<meta property=\"og:url\" content=\"https:\/\/www.nettali.com\/2021\/12\/26\/inauguration-du-ter-mansour-faye-annonce-une-bonne-nouvelle-aux-usager\/\" \/>\n<meta property=\"og:site_name\" content=\"Nettali.com\" \/>\n<meta property=\"article:publisher\" content=\"https:\/\/www.facebook.com\/nettalicom\" \/>\n<meta property=\"article:published_time\" content=\"2021-12-26T14:06:04+00:00\" \/>\n<meta property=\"article:modified_time\" content=\"2021-12-26T20:16:44+00:00\" \/>\n<meta property=\"og:image\" content=\"https:\/\/www.nettali.com\/wp-content\/uploads\/2021\/12\/grogne.jpg\" \/>\n\t<meta property=\"og:image:width\" content=\"1000\" \/>\n\t<meta property=\"og:image:height\" content=\"750\" \/>\n<meta name=\"twitter:card\" content=\"summary_large_image\" \/>\n<meta name=\"twitter:label1\" content=\"\u00c9crit par\" \/>\n\t<meta name=\"twitter:data1\" content=\"Daouda\" \/>\n\t<meta name=\"twitter:label2\" content=\"Dur\u00e9e de lecture estim\u00e9e\" \/>\n\t<meta name=\"twitter:data2\" content=\"1 minute\" \/>\n<script type=\"application\/ld+json\" class=\"yoast-schema-graph\">{\"@context\":\"https:\/\/schema.org\",\"@graph\":[{\"@type\":\"WebSite\",\"@id\":\"https:\/\/www.nettali.com\/#website\",\"url\":\"https:\/\/www.nettali.com\/\",\"name\":\"Nettali.com\",\"description\":\"Le rendez-vous critique du Net\",\"potentialAction\":[{\"@type\":\"SearchAction\",\"target\":{\"@type\":\"EntryPoint\",\"urlTemplate\":\"https:\/\/www.nettali.com\/?s={search_term_string}\"},\"query-input\":\"required name=search_term_string\"}],\"inLanguage\":\"fr-FR\"},{\"@type\":\"ImageObject\",\"@id\":\"https:\/\/www.nettali.com\/2021\/12\/26\/inauguration-du-ter-mansour-faye-annonce-une-bonne-nouvelle-aux-usager\/#primaryimage\",\"inLanguage\":\"fr-FR\",\"url\":\"https:\/\/www.nettali.com\/wp-content\/uploads\/2021\/12\/grogne.jpg\",\"contentUrl\":\"https:\/\/www.nettali.com\/wp-content\/uploads\/2021\/12\/grogne.jpg\",\"width\":1000,\"height\":750},{\"@type\":\"WebPage\",\"@id\":\"https:\/\/www.nettali.com\/2021\/12\/26\/inauguration-du-ter-mansour-faye-annonce-une-bonne-nouvelle-aux-usager\/#webpage\",\"url\":\"https:\/\/www.nettali.com\/2021\/12\/26\/inauguration-du-ter-mansour-faye-annonce-une-bonne-nouvelle-aux-usager\/\",\"name\":\"INAUGURATION DU TER - Mansour Faye annonce une bonne nouvelle aux usagers | Nettali.com\",\"isPartOf\":{\"@id\":\"https:\/\/www.nettali.com\/#website\"},\"primaryImageOfPage\":{\"@id\":\"https:\/\/www.nettali.com\/2021\/12\/26\/inauguration-du-ter-mansour-faye-annonce-une-bonne-nouvelle-aux-usager\/#primaryimage\"},\"datePublished\":\"2021-12-26T14:06:04+00:00\",\"dateModified\":\"2021-12-26T20:16:44+00:00\",\"author\":{\"@id\":\"https:\/\/www.nettali.com\/#\/schema\/person\/3317e0bb3aa1da309fbf7b2780901bf4\"},\"breadcrumb\":{\"@id\":\"https:\/\/www.nettali.com\/2021\/12\/26\/inauguration-du-ter-mansour-faye-annonce-une-bonne-nouvelle-aux-usager\/#breadcrumb\"},\"inLanguage\":\"fr-FR\",\"potentialAction\":[{\"@type\":\"ReadAction\",\"target\":[\"https:\/\/www.nettali.com\/2021\/12\/26\/inauguration-du-ter-mansour-faye-annonce-une-bonne-nouvelle-aux-usager\/\"]}]},{\"@type\":\"BreadcrumbList\",\"@id\":\"https:\/\/www.nettali.com\/2021\/12\/26\/inauguration-du-ter-mansour-faye-annonce-une-bonne-nouvelle-aux-usager\/#breadcrumb\",\"itemListElement\":[{\"@type\":\"ListItem\",\"position\":1,\"name\":\"Accueil\",\"item\":\"https:\/\/www.nettali.com\/\"},{\"@type\":\"ListItem\",\"position\":2,\"name\":\"INAUGURATION DU TER &#8211; Mansour Faye annonce une bonne nouvelle aux usagers\"}]},{\"@type\":\"Person\",\"@id\":\"https:\/\/www.nettali.com\/#\/schema\/person\/3317e0bb3aa1da309fbf7b2780901bf4\",\"name\":\"Daouda\",\"image\":{\"@type\":\"ImageObject\",\"@id\":\"https:\/\/www.nettali.com\/#personlogo\",\"inLanguage\":\"fr-FR\",\"url\":\"https:\/\/secure.gravatar.com\/avatar\/8d143b5a49345098ddcfee1c49c2f47c?s=96&d=mm&r=g\",\"contentUrl\":\"https:\/\/secure.gravatar.com\/avatar\/8d143b5a49345098ddcfee1c49c2f47c?s=96&d=mm&r=g\",\"caption\":\"Daouda\"},\"sameAs\":[\"https:\/\/www.nettali.com\"]}]}<\/script>\n<!-- \/ Yoast SEO Premium plugin. -->","yoast_head_json":{"title":"INAUGURATION DU TER - Mansour Faye annonce une bonne nouvelle aux usagers | Nettali.com","robots":{"index":"index","follow":"follow","max-snippet":"max-snippet:-1","max-image-preview":"max-image-preview:large","max-video-preview":"max-video-preview:-1"},"canonical":"https:\/\/www.nettali.com\/2021\/12\/26\/inauguration-du-ter-mansour-faye-annonce-une-bonne-nouvelle-aux-usager\/","og_locale":"fr_FR","og_type":"article","og_title":"INAUGURATION DU TER - Mansour Faye annonce une bonne nouvelle aux usagers","og_description":"NETTALI.COM - Le Train Express r\u00e9gional (TER) sera officiellement mis en service ce lundi 27 d\u00e9cembre 2027. Mansour Faye, le ministre des Transports, a annonc\u00e9 que les s\u00e9n\u00e9galais pourront embarquer \u00e0 bord durant une petite p\u00e9riode sans rien d\u00e9bourser. \u00abLe 27 d\u00e9cembre prochain\u00a0 les s\u00e9n\u00e9galais \u00a0pourront emprunter le train pendant une p\u00e9riode d\u2019essai en gratuit\u00e9 [&hellip;]","og_url":"https:\/\/www.nettali.com\/2021\/12\/26\/inauguration-du-ter-mansour-faye-annonce-une-bonne-nouvelle-aux-usager\/","og_site_name":"Nettali.com","article_publisher":"https:\/\/www.facebook.com\/nettalicom","article_published_time":"2021-12-26T14:06:04+00:00","article_modified_time":"2021-12-26T20:16:44+00:00","og_image":[{"width":1000,"height":750,"url":"https:\/\/www.nettali.com\/wp-content\/uploads\/2021\/12\/grogne.jpg","type":"image\/jpeg"}],"twitter_card":"summary_large_image","twitter_misc":{"\u00c9crit par":"Daouda","Dur\u00e9e de lecture estim\u00e9e":"1 minute"},"schema":{"@context":"https:\/\/schema.org","@graph":[{"@type":"WebSite","@id":"https:\/\/www.nettali.com\/#website","url":"https:\/\/www.nettali.com\/","name":"Nettali.com","description":"Le rendez-vous critique du Net","potentialAction":[{"@type":"SearchAction","target":{"@type":"EntryPoint","urlTemplate":"https:\/\/www.nettali.com\/?s={search_term_string}"},"query-input":"required name=search_term_string"}],"inLanguage":"fr-FR"},{"@type":"ImageObject","@id":"https:\/\/www.nettali.com\/2021\/12\/26\/inauguration-du-ter-mansour-faye-annonce-une-bonne-nouvelle-aux-usager\/#primaryimage","inLanguage":"fr-FR","url":"https:\/\/www.nettali.com\/wp-content\/uploads\/2021\/12\/grogne.jpg","contentUrl":"https:\/\/www.nettali.com\/wp-content\/uploads\/2021\/12\/grogne.jpg","width":1000,"height":750},{"@type":"WebPage","@id":"https:\/\/www.nettali.com\/2021\/12\/26\/inauguration-du-ter-mansour-faye-annonce-une-bonne-nouvelle-aux-usager\/#webpage","url":"https:\/\/www.nettali.com\/2021\/12\/26\/inauguration-du-ter-mansour-faye-annonce-une-bonne-nouvelle-aux-usager\/","name":"INAUGURATION DU TER - Mansour Faye annonce une bonne nouvelle aux usagers | Nettali.com","isPartOf":{"@id":"https:\/\/www.nettali.com\/#website"},"primaryImageOfPage":{"@id":"https:\/\/www.nettali.com\/2021\/12\/26\/inauguration-du-ter-mansour-faye-annonce-une-bonne-nouvelle-aux-usager\/#primaryimage"},"datePublished":"2021-12-26T14:06:04+00:00","dateModified":"2021-12-26T20:16:44+00:00","author":{"@id":"https:\/\/www.nettali.com\/#\/schema\/person\/3317e0bb3aa1da309fbf7b2780901bf4"},"breadcrumb":{"@id":"https:\/\/www.nettali.com\/2021\/12\/26\/inauguration-du-ter-mansour-faye-annonce-une-bonne-nouvelle-aux-usager\/#breadcrumb"},"inLanguage":"fr-FR","potentialAction":[{"@type":"ReadAction","target":["https:\/\/www.nettali.com\/2021\/12\/26\/inauguration-du-ter-mansour-faye-annonce-une-bonne-nouvelle-aux-usager\/"]}]},{"@type":"BreadcrumbList","@id":"https:\/\/www.nettali.com\/2021\/12\/26\/inauguration-du-ter-mansour-faye-annonce-une-bonne-nouvelle-aux-usager\/#breadcrumb","itemListElement":[{"@type":"ListItem","position":1,"name":"Accueil","item":"https:\/\/www.nettali.com\/"},{"@type":"ListItem","position":2,"name":"INAUGURATION DU TER &#8211; Mansour Faye annonce une bonne nouvelle aux usagers"}]},{"@type":"Person","@id":"https:\/\/www.nettali.com\/#\/schema\/person\/3317e0bb3aa1da309fbf7b2780901bf4","name":"Daouda","image":{"@type":"ImageObject","@id":"https:\/\/www.nettali.com\/#personlogo","inLanguage":"fr-FR","url":"https:\/\/secure.gravatar.com\/avatar\/8d143b5a49345098ddcfee1c49c2f47c?s=96&d=mm&r=g","contentUrl":"https:\/\/secure.gravatar.com\/avatar\/8d143b5a49345098ddcfee1c49c2f47c?s=96&d=mm&r=g","caption":"Daouda"},"sameAs":["https:\/\/www.nettali.com"]}]}},"_links":{"self":[{"href":"https:\/\/www.nettali.com\/rest\/wp\/v2\/posts\/77985"}],"collection":[{"href":"https:\/\/www.nettali.com\/rest\/wp\/v2\/posts"}],"about":[{"href":"https:\/\/www.nettali.com\/rest\/wp\/v2\/types\/post"}],"author":[{"embeddable":true,"href":"https:\/\/www.nettali.com\/rest\/wp\/v2\/users\/4"}],"replies":[{"embeddable":true,"href":"https:\/\/www.nettali.com\/rest\/wp\/v2\/comments?post=77985"}],"version-history":[{"count":3,"href":"https:\/\/www.nettali.com\/rest\/wp\/v2\/posts\/77985\/revisions"}],"predecessor-version":[{"id":78015,"href":"https:\/\/www.nettali.com\/rest\/wp\/v2\/posts\/77985\/revisions\/78015"}],"wp:featuredmedia":[{"embeddable":true,"href":"https:\/\/www.nettali.com\/rest\/wp\/v2\/media\/77932"}],"wp:attachment":[{"href":"https:\/\/www.nettali.com\/rest\/wp\/v2\/media?parent=77985"}],"wp:term":[{"taxonomy":"category","embeddable":true,"href":"https:\/\/www.nettali.com\/rest\/wp\/v2\/categories?post=77985"},{"taxonomy":"post_tag","embeddable":true,"href":"https:\/\/www.nettali.com\/rest\/wp\/v2\/tags?post=77985"}],"curies":[{"name":"wp","href":"https:\/\/api.w.org\/{rel}","templated":true}]}}