{"id":77977,"date":"2021-12-26T12:57:59","date_gmt":"2021-12-26T12:57:59","guid":{"rendered":"https:\/\/www.nettali.com\/?p=77977"},"modified":"2021-12-26T20:17:28","modified_gmt":"2021-12-26T20:17:28","slug":"liberation-des-joueurs-pour-la-can-la-caf-ne-peut-que-se-tenir-aux-textes-prevus-par-la-fifa","status":"publish","type":"post","link":"https:\/\/www.nettali.com\/2021\/12\/26\/liberation-des-joueurs-pour-la-can-la-caf-ne-peut-que-se-tenir-aux-textes-prevus-par-la-fifa\/","title":{"rendered":"LIBERATION DES JOUEURS POUR LA CAN - \"La CAF ne peut que se tenir aux textes pr\u00e9vus par la FIFA\""},"content":{"rendered":"<p><strong>NETTALI.COM- La question relative \u00e0 la lib\u00e9ration des africains \u00e9voluant en Europe pour la Can qui se d\u00e9roule au Cameroun est agit\u00e9e depuis l\u2019apparition du variant Omicron. <\/strong><\/p>\n<p>Interpell\u00e9 sur le sujet, Me Augustin Senghor r\u00e9torque : \u00ab <em>par rapport \u00e0 la lib\u00e9ration des joueurs, la CAF ne peut que se tenir aux textes pr\u00e9vus par la FIFA. Quand l\u2019Euro doit des jouer, l\u2019UEFA n\u2019a pas de probl\u00e8me pour lib\u00e9rer les joueurs. Pourquoi en serait-il le cas pour l\u2019Afrique<\/em> \u00bb, s\u2019est interrog\u00e9 Me Augustin Senghor. Le pr\u00e9sident de la F\u00e9d\u00e9ration s\u00e9n\u00e9galaise de football d\u2019indiquer que d\u2019apr\u00e8s la r\u00e9glementation FIFA, la lib\u00e9ration des joueurs doit se faire au plus tard le 27 d\u00e9cembre.<\/p>\n<p><strong>Des pr\u00e9cisions sur le cas de Sadio Man\u00e9 et d\u2019Edouard Mendy<\/strong><\/p>\n<p>\u00ab <em>Mais aujourd\u2019hui, il est clair, et la CAF encourage cette posture, Il est possible qu\u2019entre des clubs et des associations, selon des situations particuli\u00e8res concernant des joueurs que des gens puissent trouver de accords. \u00c7a c\u2019est toujours passe comme \u00e7a<\/em> \u00bb, dit-il avant d\u2019apporter des r\u00e9ponses sur les cas de Sadio Man\u00e9 et d\u2019\u00c9douard Mendy qui, convoqu\u00e9, n\u2019ont pas encore rejoint l\u2019\u00e9quipe. \u00ab <em>Ils \u00e9taient convoqu\u00e9s comme tout le monde \u00e0 la m\u00eame date. Mais depuis lors, nous discutons avec les joueurs pour savoir quel est leur point de vue sur cette question. C\u2019est important. Ce qui compte pour nous, c\u2019est que ces joueurs nous viennent dans les meilleures conditions d\u2019esprit morale. C\u2019est important qu\u2019ils \u00e9pargn\u00e9s de tiraillements entre les clubs. Parce qu\u2019ils peuvent venir t\u00f4t et pas \u00eatre bien en ayant le sentiment qu\u2019ils ont laiss\u00e9 leur club dans des difficult\u00e9s. C\u2019est pourquoi, nous discutons avec eux et traitons leur situation cas par cas. Nous discutons avec le club \u00e9galement, parce que, l\u2019entra\u00eeneur aussi a son mot \u00e0 dire dans la discussion pour trouver la meilleure formule<\/em> \u00bb, a expliqu\u00e9 Augustin Senghor.<\/p>\n<p>Il poursuit : \u00ab <em>Sadio et \u00c9douard ont \u00e9mis le souhait de rester jouer le match du 2 janvier. Chelsea Liverpool. Le d\u00e9bat est pos\u00e9. Nous sommes en train d\u2019en discuter. Le moment venu, si une d\u00e9cision est prise, la presse sera inform\u00e9e. Mais \u00e0 ce stade-l\u00e0, ils sont cens\u00e9s rejoindre la tani\u00e8re \u00e0 la date indiqu\u00e9e<\/em> \u00bb.<\/p>\n<div class='share-to-whatsapp-wrapper'><div class='share-on-whsp'>PARTAGER SUR : <\/div><a data-text='LIBERATION DES JOUEURS POUR LA CAN - \"La CAF ne peut que se tenir aux textes pr\u00e9vus par la FIFA\"' data-link='https:\/\/www.nettali.com\/2021\/12\/26\/liberation-des-joueurs-pour-la-can-la-caf-ne-peut-que-se-tenir-aux-textes-prevus-par-la-fifa\/' class='whatsapp-button whatsapp-share'>WhatsApp<\/a><div class='clear '><\/div><\/div>","protected":false},"excerpt":{"rendered":"<p>NETTALI.COM- La question relative \u00e0 la lib\u00e9ration des africains \u00e9voluant en Europe pour la Can qui se d\u00e9roule au Cameroun est agit\u00e9e depuis l\u2019apparition du variant Omicron. Interpell\u00e9 sur le sujet, Me Augustin Senghor r\u00e9torque : \u00ab par rapport \u00e0 la lib\u00e9ration des joueurs, la CAF ne peut que se tenir aux textes pr\u00e9vus par [&hellip;]<\/p>\n","protected":false},"author":6,"featured_media":50600,"comment_status":"open","ping_status":"open","sticky":false,"template":"","format":"standard","meta":{"_et_pb_use_builder":"","_et_pb_old_content":""},"categories":[6],"tags":[],"yoast_head":"<!-- This site is optimized with the Yoast SEO Premium plugin v17.8 (Yoast SEO v17.8) - https:\/\/yoast.com\/wordpress\/plugins\/seo\/ -->\n<title>LIBERATION DES JOUEURS POUR LA CAN - &quot;La CAF ne peut que se tenir aux textes pr\u00e9vus par la FIFA&quot; | Nettali.com<\/title>\n<meta name=\"robots\" content=\"index, follow, max-snippet:-1, max-image-preview:large, max-video-preview:-1\" \/>\n<link rel=\"canonical\" href=\"https:\/\/www.nettali.com\/2021\/12\/26\/liberation-des-joueurs-pour-la-can-la-caf-ne-peut-que-se-tenir-aux-textes-prevus-par-la-fifa\/\" \/>\n<meta property=\"og:locale\" content=\"fr_FR\" \/>\n<meta property=\"og:type\" content=\"article\" \/>\n<meta property=\"og:title\" content=\"LIBERATION DES JOUEURS POUR LA CAN - &quot;La CAF ne peut que se tenir aux textes pr\u00e9vus par la FIFA&quot;\" \/>\n<meta property=\"og:description\" content=\"NETTALI.COM- La question relative \u00e0 la lib\u00e9ration des africains \u00e9voluant en Europe pour la Can qui se d\u00e9roule au Cameroun est agit\u00e9e depuis l\u2019apparition du variant Omicron. Interpell\u00e9 sur le sujet, Me Augustin Senghor r\u00e9torque : \u00ab par rapport \u00e0 la lib\u00e9ration des joueurs, la CAF ne peut que se tenir aux textes pr\u00e9vus par [&hellip;]\" \/>\n<meta property=\"og:url\" content=\"https:\/\/www.nettali.com\/2021\/12\/26\/liberation-des-joueurs-pour-la-can-la-caf-ne-peut-que-se-tenir-aux-textes-prevus-par-la-fifa\/\" \/>\n<meta property=\"og:site_name\" content=\"Nettali.com\" \/>\n<meta property=\"article:publisher\" content=\"https:\/\/www.facebook.com\/nettalicom\" \/>\n<meta property=\"article:published_time\" content=\"2021-12-26T12:57:59+00:00\" \/>\n<meta property=\"article:modified_time\" content=\"2021-12-26T20:17:28+00:00\" \/>\n<meta property=\"og:image\" content=\"https:\/\/www.nettali.com\/wp-content\/uploads\/2020\/11\/augustin_senghor_1605286373.jpg\" \/>\n\t<meta property=\"og:image:width\" content=\"800\" \/>\n\t<meta property=\"og:image:height\" content=\"450\" \/>\n<meta name=\"twitter:card\" content=\"summary_large_image\" \/>\n<meta name=\"twitter:label1\" content=\"\u00c9crit par\" \/>\n\t<meta name=\"twitter:data1\" content=\"Fatou\" \/>\n\t<meta name=\"twitter:label2\" content=\"Dur\u00e9e de lecture estim\u00e9e\" \/>\n\t<meta name=\"twitter:data2\" content=\"2 minutes\" \/>\n<script type=\"application\/ld+json\" class=\"yoast-schema-graph\">{\"@context\":\"https:\/\/schema.org\",\"@graph\":[{\"@type\":\"WebSite\",\"@id\":\"https:\/\/www.nettali.com\/#website\",\"url\":\"https:\/\/www.nettali.com\/\",\"name\":\"Nettali.com\",\"description\":\"Le rendez-vous critique du Net\",\"potentialAction\":[{\"@type\":\"SearchAction\",\"target\":{\"@type\":\"EntryPoint\",\"urlTemplate\":\"https:\/\/www.nettali.com\/?s={search_term_string}\"},\"query-input\":\"required name=search_term_string\"}],\"inLanguage\":\"fr-FR\"},{\"@type\":\"ImageObject\",\"@id\":\"https:\/\/www.nettali.com\/2021\/12\/26\/liberation-des-joueurs-pour-la-can-la-caf-ne-peut-que-se-tenir-aux-textes-prevus-par-la-fifa\/#primaryimage\",\"inLanguage\":\"fr-FR\",\"url\":\"https:\/\/www.nettali.com\/wp-content\/uploads\/2020\/11\/augustin_senghor_1605286373.jpg\",\"contentUrl\":\"https:\/\/www.nettali.com\/wp-content\/uploads\/2020\/11\/augustin_senghor_1605286373.jpg\",\"width\":800,\"height\":450},{\"@type\":\"WebPage\",\"@id\":\"https:\/\/www.nettali.com\/2021\/12\/26\/liberation-des-joueurs-pour-la-can-la-caf-ne-peut-que-se-tenir-aux-textes-prevus-par-la-fifa\/#webpage\",\"url\":\"https:\/\/www.nettali.com\/2021\/12\/26\/liberation-des-joueurs-pour-la-can-la-caf-ne-peut-que-se-tenir-aux-textes-prevus-par-la-fifa\/\",\"name\":\"LIBERATION DES JOUEURS POUR LA CAN - \\\"La CAF ne peut que se tenir aux textes pr\\u00e9vus par la FIFA\\\" | Nettali.com\",\"isPartOf\":{\"@id\":\"https:\/\/www.nettali.com\/#website\"},\"primaryImageOfPage\":{\"@id\":\"https:\/\/www.nettali.com\/2021\/12\/26\/liberation-des-joueurs-pour-la-can-la-caf-ne-peut-que-se-tenir-aux-textes-prevus-par-la-fifa\/#primaryimage\"},\"datePublished\":\"2021-12-26T12:57:59+00:00\",\"dateModified\":\"2021-12-26T20:17:28+00:00\",\"author\":{\"@id\":\"https:\/\/www.nettali.com\/#\/schema\/person\/418274a86bdf87caff7a3ef476bd0bbf\"},\"breadcrumb\":{\"@id\":\"https:\/\/www.nettali.com\/2021\/12\/26\/liberation-des-joueurs-pour-la-can-la-caf-ne-peut-que-se-tenir-aux-textes-prevus-par-la-fifa\/#breadcrumb\"},\"inLanguage\":\"fr-FR\",\"potentialAction\":[{\"@type\":\"ReadAction\",\"target\":[\"https:\/\/www.nettali.com\/2021\/12\/26\/liberation-des-joueurs-pour-la-can-la-caf-ne-peut-que-se-tenir-aux-textes-prevus-par-la-fifa\/\"]}]},{\"@type\":\"BreadcrumbList\",\"@id\":\"https:\/\/www.nettali.com\/2021\/12\/26\/liberation-des-joueurs-pour-la-can-la-caf-ne-peut-que-se-tenir-aux-textes-prevus-par-la-fifa\/#breadcrumb\",\"itemListElement\":[{\"@type\":\"ListItem\",\"position\":1,\"name\":\"Accueil\",\"item\":\"https:\/\/www.nettali.com\/\"},{\"@type\":\"ListItem\",\"position\":2,\"name\":\"LIBERATION DES JOUEURS POUR LA CAN &#8211; \\u00ab\\u00a0La CAF ne peut que se tenir aux textes pr\\u00e9vus par la FIFA\\u00a0\\u00bb\"}]},{\"@type\":\"Person\",\"@id\":\"https:\/\/www.nettali.com\/#\/schema\/person\/418274a86bdf87caff7a3ef476bd0bbf\",\"name\":\"Fatou\",\"image\":{\"@type\":\"ImageObject\",\"@id\":\"https:\/\/www.nettali.com\/#personlogo\",\"inLanguage\":\"fr-FR\",\"url\":\"https:\/\/secure.gravatar.com\/avatar\/5a9442a2bee7b4dcf167cab035858e9a?s=96&d=mm&r=g\",\"contentUrl\":\"https:\/\/secure.gravatar.com\/avatar\/5a9442a2bee7b4dcf167cab035858e9a?s=96&d=mm&r=g\",\"caption\":\"Fatou\"},\"sameAs\":[\"https:\/\/www.nettali.com\"]}]}<\/script>\n<!-- \/ Yoast SEO Premium plugin. -->","yoast_head_json":{"title":"LIBERATION DES JOUEURS POUR LA CAN - \"La CAF ne peut que se tenir aux textes pr\u00e9vus par la FIFA\" | Nettali.com","robots":{"index":"index","follow":"follow","max-snippet":"max-snippet:-1","max-image-preview":"max-image-preview:large","max-video-preview":"max-video-preview:-1"},"canonical":"https:\/\/www.nettali.com\/2021\/12\/26\/liberation-des-joueurs-pour-la-can-la-caf-ne-peut-que-se-tenir-aux-textes-prevus-par-la-fifa\/","og_locale":"fr_FR","og_type":"article","og_title":"LIBERATION DES JOUEURS POUR LA CAN - \"La CAF ne peut que se tenir aux textes pr\u00e9vus par la FIFA\"","og_description":"NETTALI.COM- La question relative \u00e0 la lib\u00e9ration des africains \u00e9voluant en Europe pour la Can qui se d\u00e9roule au Cameroun est agit\u00e9e depuis l\u2019apparition du variant Omicron. Interpell\u00e9 sur le sujet, Me Augustin Senghor r\u00e9torque : \u00ab par rapport \u00e0 la lib\u00e9ration des joueurs, la CAF ne peut que se tenir aux textes pr\u00e9vus par [&hellip;]","og_url":"https:\/\/www.nettali.com\/2021\/12\/26\/liberation-des-joueurs-pour-la-can-la-caf-ne-peut-que-se-tenir-aux-textes-prevus-par-la-fifa\/","og_site_name":"Nettali.com","article_publisher":"https:\/\/www.facebook.com\/nettalicom","article_published_time":"2021-12-26T12:57:59+00:00","article_modified_time":"2021-12-26T20:17:28+00:00","og_image":[{"width":800,"height":450,"url":"https:\/\/www.nettali.com\/wp-content\/uploads\/2020\/11\/augustin_senghor_1605286373.jpg","type":"image\/jpeg"}],"twitter_card":"summary_large_image","twitter_misc":{"\u00c9crit par":"Fatou","Dur\u00e9e de lecture estim\u00e9e":"2 minutes"},"schema":{"@context":"https:\/\/schema.org","@graph":[{"@type":"WebSite","@id":"https:\/\/www.nettali.com\/#website","url":"https:\/\/www.nettali.com\/","name":"Nettali.com","description":"Le rendez-vous critique du Net","potentialAction":[{"@type":"SearchAction","target":{"@type":"EntryPoint","urlTemplate":"https:\/\/www.nettali.com\/?s={search_term_string}"},"query-input":"required name=search_term_string"}],"inLanguage":"fr-FR"},{"@type":"ImageObject","@id":"https:\/\/www.nettali.com\/2021\/12\/26\/liberation-des-joueurs-pour-la-can-la-caf-ne-peut-que-se-tenir-aux-textes-prevus-par-la-fifa\/#primaryimage","inLanguage":"fr-FR","url":"https:\/\/www.nettali.com\/wp-content\/uploads\/2020\/11\/augustin_senghor_1605286373.jpg","contentUrl":"https:\/\/www.nettali.com\/wp-content\/uploads\/2020\/11\/augustin_senghor_1605286373.jpg","width":800,"height":450},{"@type":"WebPage","@id":"https:\/\/www.nettali.com\/2021\/12\/26\/liberation-des-joueurs-pour-la-can-la-caf-ne-peut-que-se-tenir-aux-textes-prevus-par-la-fifa\/#webpage","url":"https:\/\/www.nettali.com\/2021\/12\/26\/liberation-des-joueurs-pour-la-can-la-caf-ne-peut-que-se-tenir-aux-textes-prevus-par-la-fifa\/","name":"LIBERATION DES JOUEURS POUR LA CAN - \"La CAF ne peut que se tenir aux textes pr\u00e9vus par la FIFA\" | Nettali.com","isPartOf":{"@id":"https:\/\/www.nettali.com\/#website"},"primaryImageOfPage":{"@id":"https:\/\/www.nettali.com\/2021\/12\/26\/liberation-des-joueurs-pour-la-can-la-caf-ne-peut-que-se-tenir-aux-textes-prevus-par-la-fifa\/#primaryimage"},"datePublished":"2021-12-26T12:57:59+00:00","dateModified":"2021-12-26T20:17:28+00:00","author":{"@id":"https:\/\/www.nettali.com\/#\/schema\/person\/418274a86bdf87caff7a3ef476bd0bbf"},"breadcrumb":{"@id":"https:\/\/www.nettali.com\/2021\/12\/26\/liberation-des-joueurs-pour-la-can-la-caf-ne-peut-que-se-tenir-aux-textes-prevus-par-la-fifa\/#breadcrumb"},"inLanguage":"fr-FR","potentialAction":[{"@type":"ReadAction","target":["https:\/\/www.nettali.com\/2021\/12\/26\/liberation-des-joueurs-pour-la-can-la-caf-ne-peut-que-se-tenir-aux-textes-prevus-par-la-fifa\/"]}]},{"@type":"BreadcrumbList","@id":"https:\/\/www.nettali.com\/2021\/12\/26\/liberation-des-joueurs-pour-la-can-la-caf-ne-peut-que-se-tenir-aux-textes-prevus-par-la-fifa\/#breadcrumb","itemListElement":[{"@type":"ListItem","position":1,"name":"Accueil","item":"https:\/\/www.nettali.com\/"},{"@type":"ListItem","position":2,"name":"LIBERATION DES JOUEURS POUR LA CAN &#8211; \u00ab\u00a0La CAF ne peut que se tenir aux textes pr\u00e9vus par la FIFA\u00a0\u00bb"}]},{"@type":"Person","@id":"https:\/\/www.nettali.com\/#\/schema\/person\/418274a86bdf87caff7a3ef476bd0bbf","name":"Fatou","image":{"@type":"ImageObject","@id":"https:\/\/www.nettali.com\/#personlogo","inLanguage":"fr-FR","url":"https:\/\/secure.gravatar.com\/avatar\/5a9442a2bee7b4dcf167cab035858e9a?s=96&d=mm&r=g","contentUrl":"https:\/\/secure.gravatar.com\/avatar\/5a9442a2bee7b4dcf167cab035858e9a?s=96&d=mm&r=g","caption":"Fatou"},"sameAs":["https:\/\/www.nettali.com"]}]}},"_links":{"self":[{"href":"https:\/\/www.nettali.com\/rest\/wp\/v2\/posts\/77977"}],"collection":[{"href":"https:\/\/www.nettali.com\/rest\/wp\/v2\/posts"}],"about":[{"href":"https:\/\/www.nettali.com\/rest\/wp\/v2\/types\/post"}],"author":[{"embeddable":true,"href":"https:\/\/www.nettali.com\/rest\/wp\/v2\/users\/6"}],"replies":[{"embeddable":true,"href":"https:\/\/www.nettali.com\/rest\/wp\/v2\/comments?post=77977"}],"version-history":[{"count":2,"href":"https:\/\/www.nettali.com\/rest\/wp\/v2\/posts\/77977\/revisions"}],"predecessor-version":[{"id":78016,"href":"https:\/\/www.nettali.com\/rest\/wp\/v2\/posts\/77977\/revisions\/78016"}],"wp:featuredmedia":[{"embeddable":true,"href":"https:\/\/www.nettali.com\/rest\/wp\/v2\/media\/50600"}],"wp:attachment":[{"href":"https:\/\/www.nettali.com\/rest\/wp\/v2\/media?parent=77977"}],"wp:term":[{"taxonomy":"category","embeddable":true,"href":"https:\/\/www.nettali.com\/rest\/wp\/v2\/categories?post=77977"},{"taxonomy":"post_tag","embeddable":true,"href":"https:\/\/www.nettali.com\/rest\/wp\/v2\/tags?post=77977"}],"curies":[{"name":"wp","href":"https:\/\/api.w.org\/{rel}","templated":true}]}}