{"id":77864,"date":"2021-12-23T19:25:13","date_gmt":"2021-12-23T19:25:13","guid":{"rendered":"https:\/\/www.nettali.com\/?p=77864"},"modified":"2021-12-23T21:34:52","modified_gmt":"2021-12-23T21:34:52","slug":"retrait-des-cartes-la-cena-presse-les-electeur","status":"publish","type":"post","link":"https:\/\/www.nettali.com\/2021\/12\/23\/retrait-des-cartes-la-cena-presse-les-electeur\/","title":{"rendered":"RETRAIT DES CARTES \u2013 La Cena presse les \u00e9lecteurs"},"content":{"rendered":"<p>NETTALI.COM - Les cartes d\u2019\u00e9lecteur issues de la derni\u00e8re r\u00e9vision exceptionnelle des listes \u00e9lectorales, envoy\u00e9es aux autorit\u00e9s administratives locales (Pr\u00e9fets et Sous-pr\u00e9fets), sont disponibles aupr\u00e8s des commissions de distribution install\u00e9es dans les diff\u00e9rentes communes du pays.<\/p>\n<p>&nbsp;<\/p>\n<p>Les informations communiqu\u00e9es \u00e0 la CENA par ses repr\u00e9sentants sur le terrain r\u00e9v\u00e8lent que la distribution desdites cartes, qui a d\u00e9marr\u00e9 depuis le 8 d\u00e9cembre 2021 sur l\u2019ensemble du territoire national, s\u2019effectue normalement, mais on note un taux de retrait relativement faible.<\/p>\n<p>&nbsp;<\/p>\n<p>Face \u00e0 cette situation, la CENA invite les populations concern\u00e9es \u00e0 se mobiliser davantage pour le retrait de leurs cartes, seul document en mesure de leur permettre d\u2019accomplir leur devoir de citoyen \u00e0 l\u2019occasion des \u00e9lections territoriales du dimanche 23 janvier 2022.<\/p>\n<p>&nbsp;<\/p>\n<p>La CENA tient \u00e0 pr\u00e9ciser qu\u2019\u00e0 ce stade du processus \u00e9lectoral, et conform\u00e9ment \u00e0 ses attributions l\u00e9gales, elle proc\u00e8de au contr\u00f4le de la distribution de ces cartes d\u2019\u00e9lecteur, en application de l\u2019article L.11 tiret 5 du Code \u00e9lectoral qui dispose : Les attributions de la CENA sont les suivantes : \u00ab \u2026superviser et contr\u00f4ler l\u2019impression, la distribution et la conservation des cartes d\u2019\u00e9lecteur ; la CENA est inform\u00e9e de tout le processus d\u2019appel \u00e0 concurrence et de commande des cartes d\u2019\u00e9lecteur ; un contr\u00f4leur, nomm\u00e9 par elle, est pr\u00e9sent de droit dans toute commission ou structure charg\u00e9e de fabriquer, de ventiler et de distribuer des cartes d\u2019\u00e9lecteur\u2026 \u00bb.<\/p>\n<p>&nbsp;<\/p>\n<div class='share-to-whatsapp-wrapper'><div class='share-on-whsp'>PARTAGER SUR : <\/div><a data-text='RETRAIT DES CARTES \u2013 La Cena presse les \u00e9lecteurs' data-link='https:\/\/www.nettali.com\/2021\/12\/23\/retrait-des-cartes-la-cena-presse-les-electeur\/' class='whatsapp-button whatsapp-share'>WhatsApp<\/a><div class='clear '><\/div><\/div>","protected":false},"excerpt":{"rendered":"<p>NETTALI.COM - Les cartes d\u2019\u00e9lecteur issues de la derni\u00e8re r\u00e9vision exceptionnelle des listes \u00e9lectorales, envoy\u00e9es aux autorit\u00e9s administratives locales (Pr\u00e9fets et Sous-pr\u00e9fets), sont disponibles aupr\u00e8s des commissions de distribution install\u00e9es dans les diff\u00e9rentes communes du pays. &nbsp; Les informations communiqu\u00e9es \u00e0 la CENA par ses repr\u00e9sentants sur le terrain r\u00e9v\u00e8lent que la distribution desdites cartes, [&hellip;]<\/p>\n","protected":false},"author":11,"featured_media":67973,"comment_status":"open","ping_status":"open","sticky":false,"template":"","format":"standard","meta":{"_et_pb_use_builder":"","_et_pb_old_content":""},"categories":[2],"tags":[],"yoast_head":"<!-- This site is optimized with the Yoast SEO Premium plugin v17.8 (Yoast SEO v17.8) - https:\/\/yoast.com\/wordpress\/plugins\/seo\/ -->\n<title>RETRAIT DES CARTES \u2013 La Cena presse les \u00e9lecteurs | Nettali.com<\/title>\n<meta name=\"robots\" content=\"index, follow, max-snippet:-1, max-image-preview:large, max-video-preview:-1\" \/>\n<link rel=\"canonical\" href=\"https:\/\/www.nettali.com\/2021\/12\/23\/retrait-des-cartes-la-cena-presse-les-electeur\/\" \/>\n<meta property=\"og:locale\" content=\"fr_FR\" \/>\n<meta property=\"og:type\" content=\"article\" \/>\n<meta property=\"og:title\" content=\"RETRAIT DES CARTES \u2013 La Cena presse les \u00e9lecteurs\" \/>\n<meta property=\"og:description\" content=\"NETTALI.COM - Les cartes d\u2019\u00e9lecteur issues de la derni\u00e8re r\u00e9vision exceptionnelle des listes \u00e9lectorales, envoy\u00e9es aux autorit\u00e9s administratives locales (Pr\u00e9fets et Sous-pr\u00e9fets), sont disponibles aupr\u00e8s des commissions de distribution install\u00e9es dans les diff\u00e9rentes communes du pays. &nbsp; Les informations communiqu\u00e9es \u00e0 la CENA par ses repr\u00e9sentants sur le terrain r\u00e9v\u00e8lent que la distribution desdites cartes, [&hellip;]\" \/>\n<meta property=\"og:url\" content=\"https:\/\/www.nettali.com\/2021\/12\/23\/retrait-des-cartes-la-cena-presse-les-electeur\/\" \/>\n<meta property=\"og:site_name\" content=\"Nettali.com\" \/>\n<meta property=\"article:publisher\" content=\"https:\/\/www.facebook.com\/nettalicom\" \/>\n<meta property=\"article:published_time\" content=\"2021-12-23T19:25:13+00:00\" \/>\n<meta property=\"article:modified_time\" content=\"2021-12-23T21:34:52+00:00\" \/>\n<meta property=\"og:image\" content=\"https:\/\/www.nettali.com\/wp-content\/uploads\/2021\/07\/cena.jpg\" \/>\n\t<meta property=\"og:image:width\" content=\"692\" \/>\n\t<meta property=\"og:image:height\" content=\"380\" \/>\n<meta name=\"twitter:card\" content=\"summary_large_image\" \/>\n<meta name=\"twitter:label1\" content=\"\u00c9crit par\" \/>\n\t<meta name=\"twitter:data1\" content=\"Thierno Diop\" \/>\n\t<meta name=\"twitter:label2\" content=\"Dur\u00e9e de lecture estim\u00e9e\" \/>\n\t<meta name=\"twitter:data2\" content=\"1 minute\" \/>\n<script type=\"application\/ld+json\" class=\"yoast-schema-graph\">{\"@context\":\"https:\/\/schema.org\",\"@graph\":[{\"@type\":\"WebSite\",\"@id\":\"https:\/\/www.nettali.com\/#website\",\"url\":\"https:\/\/www.nettali.com\/\",\"name\":\"Nettali.com\",\"description\":\"Le rendez-vous critique du Net\",\"potentialAction\":[{\"@type\":\"SearchAction\",\"target\":{\"@type\":\"EntryPoint\",\"urlTemplate\":\"https:\/\/www.nettali.com\/?s={search_term_string}\"},\"query-input\":\"required name=search_term_string\"}],\"inLanguage\":\"fr-FR\"},{\"@type\":\"ImageObject\",\"@id\":\"https:\/\/www.nettali.com\/2021\/12\/23\/retrait-des-cartes-la-cena-presse-les-electeur\/#primaryimage\",\"inLanguage\":\"fr-FR\",\"url\":\"https:\/\/www.nettali.com\/wp-content\/uploads\/2021\/07\/cena.jpg\",\"contentUrl\":\"https:\/\/www.nettali.com\/wp-content\/uploads\/2021\/07\/cena.jpg\",\"width\":692,\"height\":380},{\"@type\":\"WebPage\",\"@id\":\"https:\/\/www.nettali.com\/2021\/12\/23\/retrait-des-cartes-la-cena-presse-les-electeur\/#webpage\",\"url\":\"https:\/\/www.nettali.com\/2021\/12\/23\/retrait-des-cartes-la-cena-presse-les-electeur\/\",\"name\":\"RETRAIT DES CARTES \\u2013 La Cena presse les \\u00e9lecteurs | Nettali.com\",\"isPartOf\":{\"@id\":\"https:\/\/www.nettali.com\/#website\"},\"primaryImageOfPage\":{\"@id\":\"https:\/\/www.nettali.com\/2021\/12\/23\/retrait-des-cartes-la-cena-presse-les-electeur\/#primaryimage\"},\"datePublished\":\"2021-12-23T19:25:13+00:00\",\"dateModified\":\"2021-12-23T21:34:52+00:00\",\"author\":{\"@id\":\"https:\/\/www.nettali.com\/#\/schema\/person\/8a06c6bd7b19304cf4bf985862900b5b\"},\"breadcrumb\":{\"@id\":\"https:\/\/www.nettali.com\/2021\/12\/23\/retrait-des-cartes-la-cena-presse-les-electeur\/#breadcrumb\"},\"inLanguage\":\"fr-FR\",\"potentialAction\":[{\"@type\":\"ReadAction\",\"target\":[\"https:\/\/www.nettali.com\/2021\/12\/23\/retrait-des-cartes-la-cena-presse-les-electeur\/\"]}]},{\"@type\":\"BreadcrumbList\",\"@id\":\"https:\/\/www.nettali.com\/2021\/12\/23\/retrait-des-cartes-la-cena-presse-les-electeur\/#breadcrumb\",\"itemListElement\":[{\"@type\":\"ListItem\",\"position\":1,\"name\":\"Accueil\",\"item\":\"https:\/\/www.nettali.com\/\"},{\"@type\":\"ListItem\",\"position\":2,\"name\":\"RETRAIT DES CARTES \\u2013 La Cena presse les \\u00e9lecteurs\"}]},{\"@type\":\"Person\",\"@id\":\"https:\/\/www.nettali.com\/#\/schema\/person\/8a06c6bd7b19304cf4bf985862900b5b\",\"name\":\"Thierno Diop\",\"image\":{\"@type\":\"ImageObject\",\"@id\":\"https:\/\/www.nettali.com\/#personlogo\",\"inLanguage\":\"fr-FR\",\"url\":\"https:\/\/secure.gravatar.com\/avatar\/c8ca58550c94fd2ac856d27391a6c866?s=96&d=mm&r=g\",\"contentUrl\":\"https:\/\/secure.gravatar.com\/avatar\/c8ca58550c94fd2ac856d27391a6c866?s=96&d=mm&r=g\",\"caption\":\"Thierno Diop\"},\"sameAs\":[\"https:\/\/nettali.com\"]}]}<\/script>\n<!-- \/ Yoast SEO Premium plugin. -->","yoast_head_json":{"title":"RETRAIT DES CARTES \u2013 La Cena presse les \u00e9lecteurs | Nettali.com","robots":{"index":"index","follow":"follow","max-snippet":"max-snippet:-1","max-image-preview":"max-image-preview:large","max-video-preview":"max-video-preview:-1"},"canonical":"https:\/\/www.nettali.com\/2021\/12\/23\/retrait-des-cartes-la-cena-presse-les-electeur\/","og_locale":"fr_FR","og_type":"article","og_title":"RETRAIT DES CARTES \u2013 La Cena presse les \u00e9lecteurs","og_description":"NETTALI.COM - Les cartes d\u2019\u00e9lecteur issues de la derni\u00e8re r\u00e9vision exceptionnelle des listes \u00e9lectorales, envoy\u00e9es aux autorit\u00e9s administratives locales (Pr\u00e9fets et Sous-pr\u00e9fets), sont disponibles aupr\u00e8s des commissions de distribution install\u00e9es dans les diff\u00e9rentes communes du pays. &nbsp; Les informations communiqu\u00e9es \u00e0 la CENA par ses repr\u00e9sentants sur le terrain r\u00e9v\u00e8lent que la distribution desdites cartes, [&hellip;]","og_url":"https:\/\/www.nettali.com\/2021\/12\/23\/retrait-des-cartes-la-cena-presse-les-electeur\/","og_site_name":"Nettali.com","article_publisher":"https:\/\/www.facebook.com\/nettalicom","article_published_time":"2021-12-23T19:25:13+00:00","article_modified_time":"2021-12-23T21:34:52+00:00","og_image":[{"width":692,"height":380,"url":"https:\/\/www.nettali.com\/wp-content\/uploads\/2021\/07\/cena.jpg","type":"image\/jpeg"}],"twitter_card":"summary_large_image","twitter_misc":{"\u00c9crit par":"Thierno Diop","Dur\u00e9e de lecture estim\u00e9e":"1 minute"},"schema":{"@context":"https:\/\/schema.org","@graph":[{"@type":"WebSite","@id":"https:\/\/www.nettali.com\/#website","url":"https:\/\/www.nettali.com\/","name":"Nettali.com","description":"Le rendez-vous critique du Net","potentialAction":[{"@type":"SearchAction","target":{"@type":"EntryPoint","urlTemplate":"https:\/\/www.nettali.com\/?s={search_term_string}"},"query-input":"required name=search_term_string"}],"inLanguage":"fr-FR"},{"@type":"ImageObject","@id":"https:\/\/www.nettali.com\/2021\/12\/23\/retrait-des-cartes-la-cena-presse-les-electeur\/#primaryimage","inLanguage":"fr-FR","url":"https:\/\/www.nettali.com\/wp-content\/uploads\/2021\/07\/cena.jpg","contentUrl":"https:\/\/www.nettali.com\/wp-content\/uploads\/2021\/07\/cena.jpg","width":692,"height":380},{"@type":"WebPage","@id":"https:\/\/www.nettali.com\/2021\/12\/23\/retrait-des-cartes-la-cena-presse-les-electeur\/#webpage","url":"https:\/\/www.nettali.com\/2021\/12\/23\/retrait-des-cartes-la-cena-presse-les-electeur\/","name":"RETRAIT DES CARTES \u2013 La Cena presse les \u00e9lecteurs | Nettali.com","isPartOf":{"@id":"https:\/\/www.nettali.com\/#website"},"primaryImageOfPage":{"@id":"https:\/\/www.nettali.com\/2021\/12\/23\/retrait-des-cartes-la-cena-presse-les-electeur\/#primaryimage"},"datePublished":"2021-12-23T19:25:13+00:00","dateModified":"2021-12-23T21:34:52+00:00","author":{"@id":"https:\/\/www.nettali.com\/#\/schema\/person\/8a06c6bd7b19304cf4bf985862900b5b"},"breadcrumb":{"@id":"https:\/\/www.nettali.com\/2021\/12\/23\/retrait-des-cartes-la-cena-presse-les-electeur\/#breadcrumb"},"inLanguage":"fr-FR","potentialAction":[{"@type":"ReadAction","target":["https:\/\/www.nettali.com\/2021\/12\/23\/retrait-des-cartes-la-cena-presse-les-electeur\/"]}]},{"@type":"BreadcrumbList","@id":"https:\/\/www.nettali.com\/2021\/12\/23\/retrait-des-cartes-la-cena-presse-les-electeur\/#breadcrumb","itemListElement":[{"@type":"ListItem","position":1,"name":"Accueil","item":"https:\/\/www.nettali.com\/"},{"@type":"ListItem","position":2,"name":"RETRAIT DES CARTES \u2013 La Cena presse les \u00e9lecteurs"}]},{"@type":"Person","@id":"https:\/\/www.nettali.com\/#\/schema\/person\/8a06c6bd7b19304cf4bf985862900b5b","name":"Thierno Diop","image":{"@type":"ImageObject","@id":"https:\/\/www.nettali.com\/#personlogo","inLanguage":"fr-FR","url":"https:\/\/secure.gravatar.com\/avatar\/c8ca58550c94fd2ac856d27391a6c866?s=96&d=mm&r=g","contentUrl":"https:\/\/secure.gravatar.com\/avatar\/c8ca58550c94fd2ac856d27391a6c866?s=96&d=mm&r=g","caption":"Thierno Diop"},"sameAs":["https:\/\/nettali.com"]}]}},"_links":{"self":[{"href":"https:\/\/www.nettali.com\/rest\/wp\/v2\/posts\/77864"}],"collection":[{"href":"https:\/\/www.nettali.com\/rest\/wp\/v2\/posts"}],"about":[{"href":"https:\/\/www.nettali.com\/rest\/wp\/v2\/types\/post"}],"author":[{"embeddable":true,"href":"https:\/\/www.nettali.com\/rest\/wp\/v2\/users\/11"}],"replies":[{"embeddable":true,"href":"https:\/\/www.nettali.com\/rest\/wp\/v2\/comments?post=77864"}],"version-history":[{"count":2,"href":"https:\/\/www.nettali.com\/rest\/wp\/v2\/posts\/77864\/revisions"}],"predecessor-version":[{"id":77870,"href":"https:\/\/www.nettali.com\/rest\/wp\/v2\/posts\/77864\/revisions\/77870"}],"wp:featuredmedia":[{"embeddable":true,"href":"https:\/\/www.nettali.com\/rest\/wp\/v2\/media\/67973"}],"wp:attachment":[{"href":"https:\/\/www.nettali.com\/rest\/wp\/v2\/media?parent=77864"}],"wp:term":[{"taxonomy":"category","embeddable":true,"href":"https:\/\/www.nettali.com\/rest\/wp\/v2\/categories?post=77864"},{"taxonomy":"post_tag","embeddable":true,"href":"https:\/\/www.nettali.com\/rest\/wp\/v2\/tags?post=77864"}],"curies":[{"name":"wp","href":"https:\/\/api.w.org\/{rel}","templated":true}]}}