{"id":77808,"date":"2021-12-22T14:53:39","date_gmt":"2021-12-22T14:53:39","guid":{"rendered":"https:\/\/www.nettali.com\/?p=77808"},"modified":"2021-12-22T14:58:39","modified_gmt":"2021-12-22T14:58:39","slug":"le-footballeur-benjamin-mendy-inculpe-dun-7e-viol","status":"publish","type":"post","link":"https:\/\/www.nettali.com\/2021\/12\/22\/le-footballeur-benjamin-mendy-inculpe-dun-7e-viol\/","title":{"rendered":"Le footballeur Benjamin Mendy inculp\u00e9 d'un 7e viol"},"content":{"rendered":"<p class=\"summary_label\"><strong>NETTALI.COM - Le d\u00e9fenseur champion du monde 2018 est d\u00e9sormais vis\u00e9 par sept accusations de viol apr\u00e8s le d\u00e9p\u00f4t d'une plainte d\u00e9pos\u00e9e par une nouvelle femme. Le footballeur est en d\u00e9tention provisoire depuis le mois d'ao\u00fbt.<\/strong><\/p>\n<div id=\"printable\" class=\"text_body\">\n<p>Le d\u00e9fenseur fran\u00e7ais de Manchester City, Benjamin Mendy, 27 ans, a \u00e9t\u00e9 inculp\u00e9 d'un viol suppl\u00e9mentaire, a-t-on appris lors de sa comparution, mercredi 22 d\u00e9cembre, devant un tribunal anglais.<\/p>\n<p>Champion du monde en 2018, Benjamin Mendy est d\u00e9sormais vis\u00e9 par sept chefs d'accusation de viol sur quatre femmes et un chef d'accusation d'agression sexuelle sur une cinqui\u00e8me.<\/p>\n<p>Cette septi\u00e8me charge de viol concerne une nouvelle plaignante, pour des faits qui auraient eu lieu en juillet de cette ann\u00e9e. La justice britannique n'a pas donn\u00e9 plus de pr\u00e9cisions. Les pr\u00e9c\u00e9dents faits qui lui \u00e9taient reproch\u00e9s s'\u00e9tendaient entre octobre 2020 et ao\u00fbt 2021.<\/p>\n<p>En d\u00e9tention provisoire depuis fin ao\u00fbt, le footballeur a comparu mercredi pendant 40 minutes devant le tribunal de la Crown Court de Chester.<\/p>\n<p style=\"text-align: center;\"><strong>Proc\u00e8s repouss\u00e9 \u00e0 l'\u00e9t\u00e9 2022<\/strong><\/p>\n<p>Lors de cette m\u00eame audience, un autre homme, Louis Saha Matturie, 40 ans, sans rapport avec l'ancien footballeur Louis Saha et dont les liens avec Mendy ne sont pas clairement \u00e9tablis, a \u00e9galement comparu. Il est \u00e9galement poursuivi pour six viols et une agression sexuelle entre mars et ao\u00fbt 2021.<\/p>\n<p>Le juge Patrick Thompsons a plac\u00e9 les deux hommes en d\u00e9tention provisoire dans une prison de Liverpool en attendant leur proc\u00e8s, repouss\u00e9 \u00e0 l'\u00e9t\u00e9 (27 juin ou 1er ao\u00fbt) apr\u00e8s avoir \u00e9t\u00e9 initialement programm\u00e9 le 24 janvier.<\/p>\n<p>Une audience pr\u00e9liminaire est cependant maintenue \u00e0 cette date, et une autre a \u00e9t\u00e9 pr\u00e9vue le 7 janvier.<\/p>\n<p>Mendy devrait prochainement faire savoir s'il plaidait coupable ou non coupable des nouvelles accusations de viols. La peine maximale qu'il encoure, s'il plaide non coupable, est la perp\u00e9tuit\u00e9. Et m\u00eame s'il \u00e9vite une telle sentence, une condamnation pourrait lui valoir plusieurs ann\u00e9es derri\u00e8re les barreaux et une fin de carri\u00e8re imm\u00e9diate.<\/p>\n<p>Form\u00e9 au Havre, r\u00e9v\u00e9l\u00e9 \u00e0 Marseille et pass\u00e9 une saison par Monaco, Mendy \u00e9tait devenu le d\u00e9fenseur le plus cher de l'histoire en 2017 quand les Citizens n'avaient pas h\u00e9sit\u00e9 \u00e0 d\u00e9bourser 52 millions de livres (environ 60 millions d'euros) pour s'attacher ses services.<\/p>\n<p>\u00c0 son arriv\u00e9e \u00e0 City, o\u00f9 il lui reste un an et demi de contrat, il \u00e9tait consid\u00e9r\u00e9 comme l'un des grands espoirs fran\u00e7ais et mondiaux au poste d'arri\u00e8re gauche. Mais la carri\u00e8re du joueur aujourd'hui \u00e2g\u00e9 de 27 ans a \u00e9t\u00e9 frein\u00e9e depuis quatre ans par des blessures, avant de l\u2019\u00eatre d\u00e9sormais par cette proc\u00e9dure judiciaire.<\/p>\n<p><strong>Avec France 24<\/strong><\/p>\n<\/div>\n<div class='share-to-whatsapp-wrapper'><div class='share-on-whsp'>PARTAGER SUR : <\/div><a data-text='Le footballeur Benjamin Mendy inculp\u00e9 d'un 7e viol' data-link='https:\/\/www.nettali.com\/2021\/12\/22\/le-footballeur-benjamin-mendy-inculpe-dun-7e-viol\/' class='whatsapp-button whatsapp-share'>WhatsApp<\/a><div class='clear '><\/div><\/div>","protected":false},"excerpt":{"rendered":"<p>NETTALI.COM - Le d\u00e9fenseur champion du monde 2018 est d\u00e9sormais vis\u00e9 par sept accusations de viol apr\u00e8s le d\u00e9p\u00f4t d'une plainte d\u00e9pos\u00e9e par une nouvelle femme. Le footballeur est en d\u00e9tention provisoire depuis le mois d'ao\u00fbt. Le d\u00e9fenseur fran\u00e7ais de Manchester City, Benjamin Mendy, 27 ans, a \u00e9t\u00e9 inculp\u00e9 d'un viol suppl\u00e9mentaire, a-t-on appris lors [&hellip;]<\/p>\n","protected":false},"author":4,"featured_media":73514,"comment_status":"open","ping_status":"open","sticky":false,"template":"","format":"standard","meta":{"_et_pb_use_builder":"","_et_pb_old_content":""},"categories":[3],"tags":[],"yoast_head":"<!-- This site is optimized with the Yoast SEO Premium plugin v17.8 (Yoast SEO v17.8) - https:\/\/yoast.com\/wordpress\/plugins\/seo\/ -->\n<title>Le footballeur Benjamin Mendy inculp\u00e9 d&#039;un 7e viol | Nettali.com<\/title>\n<meta name=\"robots\" content=\"index, follow, max-snippet:-1, max-image-preview:large, max-video-preview:-1\" \/>\n<link rel=\"canonical\" href=\"https:\/\/www.nettali.com\/2021\/12\/22\/le-footballeur-benjamin-mendy-inculpe-dun-7e-viol\/\" \/>\n<meta property=\"og:locale\" content=\"fr_FR\" \/>\n<meta property=\"og:type\" content=\"article\" \/>\n<meta property=\"og:title\" content=\"Le footballeur Benjamin Mendy inculp\u00e9 d&#039;un 7e viol\" \/>\n<meta property=\"og:description\" content=\"NETTALI.COM - Le d\u00e9fenseur champion du monde 2018 est d\u00e9sormais vis\u00e9 par sept accusations de viol apr\u00e8s le d\u00e9p\u00f4t d&#039;une plainte d\u00e9pos\u00e9e par une nouvelle femme. Le footballeur est en d\u00e9tention provisoire depuis le mois d&#039;ao\u00fbt. Le d\u00e9fenseur fran\u00e7ais de Manchester City, Benjamin Mendy, 27 ans, a \u00e9t\u00e9 inculp\u00e9 d&#039;un viol suppl\u00e9mentaire, a-t-on appris lors [&hellip;]\" \/>\n<meta property=\"og:url\" content=\"https:\/\/www.nettali.com\/2021\/12\/22\/le-footballeur-benjamin-mendy-inculpe-dun-7e-viol\/\" \/>\n<meta property=\"og:site_name\" content=\"Nettali.com\" \/>\n<meta property=\"article:publisher\" content=\"https:\/\/www.facebook.com\/nettalicom\" \/>\n<meta property=\"article:published_time\" content=\"2021-12-22T14:53:39+00:00\" \/>\n<meta property=\"article:modified_time\" content=\"2021-12-22T14:58:39+00:00\" \/>\n<meta property=\"og:image\" content=\"https:\/\/www.nettali.com\/wp-content\/uploads\/2021\/10\/XG2K6NWQVRGRRKIR5AKQ5GD47I.jpg\" \/>\n\t<meta property=\"og:image:width\" content=\"932\" \/>\n\t<meta property=\"og:image:height\" content=\"582\" \/>\n<meta name=\"twitter:card\" content=\"summary_large_image\" \/>\n<meta name=\"twitter:label1\" content=\"\u00c9crit par\" \/>\n\t<meta name=\"twitter:data1\" content=\"Daouda\" \/>\n\t<meta name=\"twitter:label2\" content=\"Dur\u00e9e de lecture estim\u00e9e\" \/>\n\t<meta name=\"twitter:data2\" content=\"2 minutes\" \/>\n<script type=\"application\/ld+json\" class=\"yoast-schema-graph\">{\"@context\":\"https:\/\/schema.org\",\"@graph\":[{\"@type\":\"WebSite\",\"@id\":\"https:\/\/www.nettali.com\/#website\",\"url\":\"https:\/\/www.nettali.com\/\",\"name\":\"Nettali.com\",\"description\":\"Le rendez-vous critique du Net\",\"potentialAction\":[{\"@type\":\"SearchAction\",\"target\":{\"@type\":\"EntryPoint\",\"urlTemplate\":\"https:\/\/www.nettali.com\/?s={search_term_string}\"},\"query-input\":\"required name=search_term_string\"}],\"inLanguage\":\"fr-FR\"},{\"@type\":\"ImageObject\",\"@id\":\"https:\/\/www.nettali.com\/2021\/12\/22\/le-footballeur-benjamin-mendy-inculpe-dun-7e-viol\/#primaryimage\",\"inLanguage\":\"fr-FR\",\"url\":\"https:\/\/www.nettali.com\/wp-content\/uploads\/2021\/10\/XG2K6NWQVRGRRKIR5AKQ5GD47I.jpg\",\"contentUrl\":\"https:\/\/www.nettali.com\/wp-content\/uploads\/2021\/10\/XG2K6NWQVRGRRKIR5AKQ5GD47I.jpg\",\"width\":932,\"height\":582,\"caption\":\"\\u00a9PHOTOPQR\/LE PARISIEN ; LE 26 08 2021 Le footballeur fran\\u00e7ais Benjamin Mendy accus\\u00e9 de quatre viols et d'une agression sexuelle et plac\\u00e9 en d\\u00e9tention provisoire au Royaume-Uni Le d\\u00e9fenseur, champion du monde 2018 avec les Bleus, a \\u00e9t\\u00e9 suspendu par son club Manchester City apr\\u00e8s son inculpation. ARCHIVES Mendy suspended by City after being charged by police with four counts of rape FILES Football, ligue des nations. Stade de France. France - Pays-Bas. Benjamin Mendy 09\/09\/2018 \\u00a9A JOURNOIS\"},{\"@type\":\"WebPage\",\"@id\":\"https:\/\/www.nettali.com\/2021\/12\/22\/le-footballeur-benjamin-mendy-inculpe-dun-7e-viol\/#webpage\",\"url\":\"https:\/\/www.nettali.com\/2021\/12\/22\/le-footballeur-benjamin-mendy-inculpe-dun-7e-viol\/\",\"name\":\"Le footballeur Benjamin Mendy inculp\\u00e9 d'un 7e viol | Nettali.com\",\"isPartOf\":{\"@id\":\"https:\/\/www.nettali.com\/#website\"},\"primaryImageOfPage\":{\"@id\":\"https:\/\/www.nettali.com\/2021\/12\/22\/le-footballeur-benjamin-mendy-inculpe-dun-7e-viol\/#primaryimage\"},\"datePublished\":\"2021-12-22T14:53:39+00:00\",\"dateModified\":\"2021-12-22T14:58:39+00:00\",\"author\":{\"@id\":\"https:\/\/www.nettali.com\/#\/schema\/person\/3317e0bb3aa1da309fbf7b2780901bf4\"},\"breadcrumb\":{\"@id\":\"https:\/\/www.nettali.com\/2021\/12\/22\/le-footballeur-benjamin-mendy-inculpe-dun-7e-viol\/#breadcrumb\"},\"inLanguage\":\"fr-FR\",\"potentialAction\":[{\"@type\":\"ReadAction\",\"target\":[\"https:\/\/www.nettali.com\/2021\/12\/22\/le-footballeur-benjamin-mendy-inculpe-dun-7e-viol\/\"]}]},{\"@type\":\"BreadcrumbList\",\"@id\":\"https:\/\/www.nettali.com\/2021\/12\/22\/le-footballeur-benjamin-mendy-inculpe-dun-7e-viol\/#breadcrumb\",\"itemListElement\":[{\"@type\":\"ListItem\",\"position\":1,\"name\":\"Accueil\",\"item\":\"https:\/\/www.nettali.com\/\"},{\"@type\":\"ListItem\",\"position\":2,\"name\":\"Le footballeur Benjamin Mendy inculp\\u00e9 d&rsquo;un 7e viol\"}]},{\"@type\":\"Person\",\"@id\":\"https:\/\/www.nettali.com\/#\/schema\/person\/3317e0bb3aa1da309fbf7b2780901bf4\",\"name\":\"Daouda\",\"image\":{\"@type\":\"ImageObject\",\"@id\":\"https:\/\/www.nettali.com\/#personlogo\",\"inLanguage\":\"fr-FR\",\"url\":\"https:\/\/secure.gravatar.com\/avatar\/8d143b5a49345098ddcfee1c49c2f47c?s=96&d=mm&r=g\",\"contentUrl\":\"https:\/\/secure.gravatar.com\/avatar\/8d143b5a49345098ddcfee1c49c2f47c?s=96&d=mm&r=g\",\"caption\":\"Daouda\"},\"sameAs\":[\"https:\/\/www.nettali.com\"]}]}<\/script>\n<!-- \/ Yoast SEO Premium plugin. -->","yoast_head_json":{"title":"Le footballeur Benjamin Mendy inculp\u00e9 d'un 7e viol | Nettali.com","robots":{"index":"index","follow":"follow","max-snippet":"max-snippet:-1","max-image-preview":"max-image-preview:large","max-video-preview":"max-video-preview:-1"},"canonical":"https:\/\/www.nettali.com\/2021\/12\/22\/le-footballeur-benjamin-mendy-inculpe-dun-7e-viol\/","og_locale":"fr_FR","og_type":"article","og_title":"Le footballeur Benjamin Mendy inculp\u00e9 d'un 7e viol","og_description":"NETTALI.COM - Le d\u00e9fenseur champion du monde 2018 est d\u00e9sormais vis\u00e9 par sept accusations de viol apr\u00e8s le d\u00e9p\u00f4t d'une plainte d\u00e9pos\u00e9e par une nouvelle femme. Le footballeur est en d\u00e9tention provisoire depuis le mois d'ao\u00fbt. Le d\u00e9fenseur fran\u00e7ais de Manchester City, Benjamin Mendy, 27 ans, a \u00e9t\u00e9 inculp\u00e9 d'un viol suppl\u00e9mentaire, a-t-on appris lors [&hellip;]","og_url":"https:\/\/www.nettali.com\/2021\/12\/22\/le-footballeur-benjamin-mendy-inculpe-dun-7e-viol\/","og_site_name":"Nettali.com","article_publisher":"https:\/\/www.facebook.com\/nettalicom","article_published_time":"2021-12-22T14:53:39+00:00","article_modified_time":"2021-12-22T14:58:39+00:00","og_image":[{"width":932,"height":582,"url":"https:\/\/www.nettali.com\/wp-content\/uploads\/2021\/10\/XG2K6NWQVRGRRKIR5AKQ5GD47I.jpg","type":"image\/jpeg"}],"twitter_card":"summary_large_image","twitter_misc":{"\u00c9crit par":"Daouda","Dur\u00e9e de lecture estim\u00e9e":"2 minutes"},"schema":{"@context":"https:\/\/schema.org","@graph":[{"@type":"WebSite","@id":"https:\/\/www.nettali.com\/#website","url":"https:\/\/www.nettali.com\/","name":"Nettali.com","description":"Le rendez-vous critique du Net","potentialAction":[{"@type":"SearchAction","target":{"@type":"EntryPoint","urlTemplate":"https:\/\/www.nettali.com\/?s={search_term_string}"},"query-input":"required name=search_term_string"}],"inLanguage":"fr-FR"},{"@type":"ImageObject","@id":"https:\/\/www.nettali.com\/2021\/12\/22\/le-footballeur-benjamin-mendy-inculpe-dun-7e-viol\/#primaryimage","inLanguage":"fr-FR","url":"https:\/\/www.nettali.com\/wp-content\/uploads\/2021\/10\/XG2K6NWQVRGRRKIR5AKQ5GD47I.jpg","contentUrl":"https:\/\/www.nettali.com\/wp-content\/uploads\/2021\/10\/XG2K6NWQVRGRRKIR5AKQ5GD47I.jpg","width":932,"height":582,"caption":"\u00a9PHOTOPQR\/LE PARISIEN ; LE 26 08 2021 Le footballeur fran\u00e7ais Benjamin Mendy accus\u00e9 de quatre viols et d'une agression sexuelle et plac\u00e9 en d\u00e9tention provisoire au Royaume-Uni Le d\u00e9fenseur, champion du monde 2018 avec les Bleus, a \u00e9t\u00e9 suspendu par son club Manchester City apr\u00e8s son inculpation. ARCHIVES Mendy suspended by City after being charged by police with four counts of rape FILES Football, ligue des nations. Stade de France. France - Pays-Bas. Benjamin Mendy 09\/09\/2018 \u00a9A JOURNOIS"},{"@type":"WebPage","@id":"https:\/\/www.nettali.com\/2021\/12\/22\/le-footballeur-benjamin-mendy-inculpe-dun-7e-viol\/#webpage","url":"https:\/\/www.nettali.com\/2021\/12\/22\/le-footballeur-benjamin-mendy-inculpe-dun-7e-viol\/","name":"Le footballeur Benjamin Mendy inculp\u00e9 d'un 7e viol | Nettali.com","isPartOf":{"@id":"https:\/\/www.nettali.com\/#website"},"primaryImageOfPage":{"@id":"https:\/\/www.nettali.com\/2021\/12\/22\/le-footballeur-benjamin-mendy-inculpe-dun-7e-viol\/#primaryimage"},"datePublished":"2021-12-22T14:53:39+00:00","dateModified":"2021-12-22T14:58:39+00:00","author":{"@id":"https:\/\/www.nettali.com\/#\/schema\/person\/3317e0bb3aa1da309fbf7b2780901bf4"},"breadcrumb":{"@id":"https:\/\/www.nettali.com\/2021\/12\/22\/le-footballeur-benjamin-mendy-inculpe-dun-7e-viol\/#breadcrumb"},"inLanguage":"fr-FR","potentialAction":[{"@type":"ReadAction","target":["https:\/\/www.nettali.com\/2021\/12\/22\/le-footballeur-benjamin-mendy-inculpe-dun-7e-viol\/"]}]},{"@type":"BreadcrumbList","@id":"https:\/\/www.nettali.com\/2021\/12\/22\/le-footballeur-benjamin-mendy-inculpe-dun-7e-viol\/#breadcrumb","itemListElement":[{"@type":"ListItem","position":1,"name":"Accueil","item":"https:\/\/www.nettali.com\/"},{"@type":"ListItem","position":2,"name":"Le footballeur Benjamin Mendy inculp\u00e9 d&rsquo;un 7e viol"}]},{"@type":"Person","@id":"https:\/\/www.nettali.com\/#\/schema\/person\/3317e0bb3aa1da309fbf7b2780901bf4","name":"Daouda","image":{"@type":"ImageObject","@id":"https:\/\/www.nettali.com\/#personlogo","inLanguage":"fr-FR","url":"https:\/\/secure.gravatar.com\/avatar\/8d143b5a49345098ddcfee1c49c2f47c?s=96&d=mm&r=g","contentUrl":"https:\/\/secure.gravatar.com\/avatar\/8d143b5a49345098ddcfee1c49c2f47c?s=96&d=mm&r=g","caption":"Daouda"},"sameAs":["https:\/\/www.nettali.com"]}]}},"_links":{"self":[{"href":"https:\/\/www.nettali.com\/rest\/wp\/v2\/posts\/77808"}],"collection":[{"href":"https:\/\/www.nettali.com\/rest\/wp\/v2\/posts"}],"about":[{"href":"https:\/\/www.nettali.com\/rest\/wp\/v2\/types\/post"}],"author":[{"embeddable":true,"href":"https:\/\/www.nettali.com\/rest\/wp\/v2\/users\/4"}],"replies":[{"embeddable":true,"href":"https:\/\/www.nettali.com\/rest\/wp\/v2\/comments?post=77808"}],"version-history":[{"count":3,"href":"https:\/\/www.nettali.com\/rest\/wp\/v2\/posts\/77808\/revisions"}],"predecessor-version":[{"id":77811,"href":"https:\/\/www.nettali.com\/rest\/wp\/v2\/posts\/77808\/revisions\/77811"}],"wp:featuredmedia":[{"embeddable":true,"href":"https:\/\/www.nettali.com\/rest\/wp\/v2\/media\/73514"}],"wp:attachment":[{"href":"https:\/\/www.nettali.com\/rest\/wp\/v2\/media?parent=77808"}],"wp:term":[{"taxonomy":"category","embeddable":true,"href":"https:\/\/www.nettali.com\/rest\/wp\/v2\/categories?post=77808"},{"taxonomy":"post_tag","embeddable":true,"href":"https:\/\/www.nettali.com\/rest\/wp\/v2\/tags?post=77808"}],"curies":[{"name":"wp","href":"https:\/\/api.w.org\/{rel}","templated":true}]}}