{"id":77754,"date":"2021-12-21T20:40:12","date_gmt":"2021-12-21T20:40:12","guid":{"rendered":"https:\/\/www.nettali.com\/?p=77754"},"modified":"2021-12-22T09:28:48","modified_gmt":"2021-12-22T09:28:48","slug":"homosexualite-la-position-ferme-de-aissata-tall-sall","status":"publish","type":"post","link":"https:\/\/www.nettali.com\/2021\/12\/21\/homosexualite-la-position-ferme-de-aissata-tall-sall\/","title":{"rendered":"HOMOSEXUALIT\u00c9 - La position \"ferme\" de A\u00efssata Tall Sall"},"content":{"rendered":"<p><strong>NETTALI.COM - Face aux d\u00e9put\u00e9s ce mardi, la ministre des Affaires \u00e9trang\u00e8res s'est prononc\u00e9e sur la question de l'homosexualit\u00e9 que les Occidentaux veulent imposer au S\u00e9n\u00e9gal. Pour A\u00efssata Tall Sall, le pays de la T\u00e9ranga \"<em>n'acceptera jamais l'homosexualit\u00e9<\/em>\".<\/strong><\/p>\n<p>C\u2019est la premi\u00e8re d\u00e9claration de A\u00efssata Tall Sall sur la question de l\u2019homosexualit\u00e9, depuis qu\u2019elle occupe le fauteuil de ministre des Affaires \u00e9trang\u00e8res.<\/p>\n<p>\" <em>L\u2019Espagne est un pays qui interdit la polygamie. Mais nous, nous avons fait en sorte que, quand un de nos compatriotes polygame y perd la vie, que ses \u00e9pouses b\u00e9n\u00e9ficient toutes de sa pension. Ceci est nos r\u00e9alit\u00e9s que nous avons inclues dans la convention. Et pourtant eux il y a des choses qu\u2019ils nous demandent que nous refusons<\/em>\", a d\u00e9clar\u00e9 la cheffe de la diplomatie s\u00e9n\u00e9galaise.<\/p>\n<p>\" <em>Vous savez que dans ces pays, pas l\u2019Espagne, mais d\u2019autres pays, des hommes peuvent se marier entre eux et les femmes aussi peuvent se marier entre elles. Mais on leur a dit de ne m\u00eame pas penser \u00e0 amener ce d\u00e9bat ici au S\u00e9n\u00e9gal. On ne l\u2019acceptera pas jamais<\/em>\", a-t-elle promis.<\/p>\n<p>Par ailleurs, A\u00efssata Tall Sall d\u00e9fendait plusieurs textes, comme le projet de loi n\u00b015\/2021 autorisant le pr\u00e9sident de la R\u00e9publique \u00e0 ratifier la Convention de S\u00e9curit\u00e9 sociale entre la R\u00e9publique du S\u00e9n\u00e9gal et le Royaume d\u2019Espagne, sign\u00e9e \u00e0 Dakar.<\/p>\n<div class='share-to-whatsapp-wrapper'><div class='share-on-whsp'>PARTAGER SUR : <\/div><a data-text='HOMOSEXUALIT\u00c9 - La position \"ferme\" de A\u00efssata Tall Sall' data-link='https:\/\/www.nettali.com\/2021\/12\/21\/homosexualite-la-position-ferme-de-aissata-tall-sall\/' class='whatsapp-button whatsapp-share'>WhatsApp<\/a><div class='clear '><\/div><\/div>","protected":false},"excerpt":{"rendered":"<p>NETTALI.COM - Face aux d\u00e9put\u00e9s ce mardi, la ministre des Affaires \u00e9trang\u00e8res s'est prononc\u00e9e sur la question de l'homosexualit\u00e9 que les Occidentaux veulent imposer au S\u00e9n\u00e9gal. Pour A\u00efssata Tall Sall, le pays de la T\u00e9ranga \"n'acceptera jamais l'homosexualit\u00e9\". C\u2019est la premi\u00e8re d\u00e9claration de A\u00efssata Tall Sall sur la question de l\u2019homosexualit\u00e9, depuis qu\u2019elle occupe le [&hellip;]<\/p>\n","protected":false},"author":5,"featured_media":73470,"comment_status":"open","ping_status":"open","sticky":false,"template":"","format":"standard","meta":{"_et_pb_use_builder":"","_et_pb_old_content":""},"categories":[3878,2],"tags":[],"yoast_head":"<!-- This site is optimized with the Yoast SEO Premium plugin v17.8 (Yoast SEO v17.8) - https:\/\/yoast.com\/wordpress\/plugins\/seo\/ -->\n<title>HOMOSEXUALIT\u00c9 - La position &quot;ferme&quot; de A\u00efssata Tall Sall | Nettali.com<\/title>\n<meta name=\"robots\" content=\"index, follow, max-snippet:-1, max-image-preview:large, max-video-preview:-1\" \/>\n<link rel=\"canonical\" href=\"https:\/\/www.nettali.com\/2021\/12\/21\/homosexualite-la-position-ferme-de-aissata-tall-sall\/\" \/>\n<meta property=\"og:locale\" content=\"fr_FR\" \/>\n<meta property=\"og:type\" content=\"article\" \/>\n<meta property=\"og:title\" content=\"HOMOSEXUALIT\u00c9 - La position &quot;ferme&quot; de A\u00efssata Tall Sall\" \/>\n<meta property=\"og:description\" content=\"NETTALI.COM - Face aux d\u00e9put\u00e9s ce mardi, la ministre des Affaires \u00e9trang\u00e8res s&#039;est prononc\u00e9e sur la question de l&#039;homosexualit\u00e9 que les Occidentaux veulent imposer au S\u00e9n\u00e9gal. Pour A\u00efssata Tall Sall, le pays de la T\u00e9ranga &quot;n&#039;acceptera jamais l&#039;homosexualit\u00e9&quot;. C\u2019est la premi\u00e8re d\u00e9claration de A\u00efssata Tall Sall sur la question de l\u2019homosexualit\u00e9, depuis qu\u2019elle occupe le [&hellip;]\" \/>\n<meta property=\"og:url\" content=\"https:\/\/www.nettali.com\/2021\/12\/21\/homosexualite-la-position-ferme-de-aissata-tall-sall\/\" \/>\n<meta property=\"og:site_name\" content=\"Nettali.com\" \/>\n<meta property=\"article:publisher\" content=\"https:\/\/www.facebook.com\/nettalicom\" \/>\n<meta property=\"article:published_time\" content=\"2021-12-21T20:40:12+00:00\" \/>\n<meta property=\"article:modified_time\" content=\"2021-12-22T09:28:48+00:00\" \/>\n<meta property=\"og:image\" content=\"https:\/\/www.nettali.com\/wp-content\/uploads\/2021\/10\/aissata-tall-sall.png\" \/>\n\t<meta property=\"og:image:width\" content=\"2048\" \/>\n\t<meta property=\"og:image:height\" content=\"1022\" \/>\n<meta name=\"twitter:card\" content=\"summary_large_image\" \/>\n<meta name=\"twitter:label1\" content=\"\u00c9crit par\" \/>\n\t<meta name=\"twitter:data1\" content=\"Ibrahima\" \/>\n\t<meta name=\"twitter:label2\" content=\"Dur\u00e9e de lecture estim\u00e9e\" \/>\n\t<meta name=\"twitter:data2\" content=\"1 minute\" \/>\n<script type=\"application\/ld+json\" class=\"yoast-schema-graph\">{\"@context\":\"https:\/\/schema.org\",\"@graph\":[{\"@type\":\"WebSite\",\"@id\":\"https:\/\/www.nettali.com\/#website\",\"url\":\"https:\/\/www.nettali.com\/\",\"name\":\"Nettali.com\",\"description\":\"Le rendez-vous critique du Net\",\"potentialAction\":[{\"@type\":\"SearchAction\",\"target\":{\"@type\":\"EntryPoint\",\"urlTemplate\":\"https:\/\/www.nettali.com\/?s={search_term_string}\"},\"query-input\":\"required name=search_term_string\"}],\"inLanguage\":\"fr-FR\"},{\"@type\":\"ImageObject\",\"@id\":\"https:\/\/www.nettali.com\/2021\/12\/21\/homosexualite-la-position-ferme-de-aissata-tall-sall\/#primaryimage\",\"inLanguage\":\"fr-FR\",\"url\":\"https:\/\/www.nettali.com\/wp-content\/uploads\/2021\/10\/aissata-tall-sall.png\",\"contentUrl\":\"https:\/\/www.nettali.com\/wp-content\/uploads\/2021\/10\/aissata-tall-sall.png\",\"width\":2048,\"height\":1022},{\"@type\":\"WebPage\",\"@id\":\"https:\/\/www.nettali.com\/2021\/12\/21\/homosexualite-la-position-ferme-de-aissata-tall-sall\/#webpage\",\"url\":\"https:\/\/www.nettali.com\/2021\/12\/21\/homosexualite-la-position-ferme-de-aissata-tall-sall\/\",\"name\":\"HOMOSEXUALIT\\u00c9 - La position \\\"ferme\\\" de A\\u00efssata Tall Sall | Nettali.com\",\"isPartOf\":{\"@id\":\"https:\/\/www.nettali.com\/#website\"},\"primaryImageOfPage\":{\"@id\":\"https:\/\/www.nettali.com\/2021\/12\/21\/homosexualite-la-position-ferme-de-aissata-tall-sall\/#primaryimage\"},\"datePublished\":\"2021-12-21T20:40:12+00:00\",\"dateModified\":\"2021-12-22T09:28:48+00:00\",\"author\":{\"@id\":\"https:\/\/www.nettali.com\/#\/schema\/person\/bb147657c2986240405a608162b9bb23\"},\"breadcrumb\":{\"@id\":\"https:\/\/www.nettali.com\/2021\/12\/21\/homosexualite-la-position-ferme-de-aissata-tall-sall\/#breadcrumb\"},\"inLanguage\":\"fr-FR\",\"potentialAction\":[{\"@type\":\"ReadAction\",\"target\":[\"https:\/\/www.nettali.com\/2021\/12\/21\/homosexualite-la-position-ferme-de-aissata-tall-sall\/\"]}]},{\"@type\":\"BreadcrumbList\",\"@id\":\"https:\/\/www.nettali.com\/2021\/12\/21\/homosexualite-la-position-ferme-de-aissata-tall-sall\/#breadcrumb\",\"itemListElement\":[{\"@type\":\"ListItem\",\"position\":1,\"name\":\"Accueil\",\"item\":\"https:\/\/www.nettali.com\/\"},{\"@type\":\"ListItem\",\"position\":2,\"name\":\"HOMOSEXUALIT\\u00c9 &#8211; La position \\u00ab\\u00a0ferme\\u00a0\\u00bb de A\\u00efssata Tall Sall\"}]},{\"@type\":\"Person\",\"@id\":\"https:\/\/www.nettali.com\/#\/schema\/person\/bb147657c2986240405a608162b9bb23\",\"name\":\"Ibrahima\",\"image\":{\"@type\":\"ImageObject\",\"@id\":\"https:\/\/www.nettali.com\/#personlogo\",\"inLanguage\":\"fr-FR\",\"url\":\"https:\/\/secure.gravatar.com\/avatar\/26a8a81f09f0dd7624c9d5c36c9ba3a2?s=96&d=mm&r=g\",\"contentUrl\":\"https:\/\/secure.gravatar.com\/avatar\/26a8a81f09f0dd7624c9d5c36c9ba3a2?s=96&d=mm&r=g\",\"caption\":\"Ibrahima\"},\"sameAs\":[\"https:\/\/www.nettali.com\"]}]}<\/script>\n<!-- \/ Yoast SEO Premium plugin. -->","yoast_head_json":{"title":"HOMOSEXUALIT\u00c9 - La position \"ferme\" de A\u00efssata Tall Sall | Nettali.com","robots":{"index":"index","follow":"follow","max-snippet":"max-snippet:-1","max-image-preview":"max-image-preview:large","max-video-preview":"max-video-preview:-1"},"canonical":"https:\/\/www.nettali.com\/2021\/12\/21\/homosexualite-la-position-ferme-de-aissata-tall-sall\/","og_locale":"fr_FR","og_type":"article","og_title":"HOMOSEXUALIT\u00c9 - La position \"ferme\" de A\u00efssata Tall Sall","og_description":"NETTALI.COM - Face aux d\u00e9put\u00e9s ce mardi, la ministre des Affaires \u00e9trang\u00e8res s'est prononc\u00e9e sur la question de l'homosexualit\u00e9 que les Occidentaux veulent imposer au S\u00e9n\u00e9gal. Pour A\u00efssata Tall Sall, le pays de la T\u00e9ranga \"n'acceptera jamais l'homosexualit\u00e9\". C\u2019est la premi\u00e8re d\u00e9claration de A\u00efssata Tall Sall sur la question de l\u2019homosexualit\u00e9, depuis qu\u2019elle occupe le [&hellip;]","og_url":"https:\/\/www.nettali.com\/2021\/12\/21\/homosexualite-la-position-ferme-de-aissata-tall-sall\/","og_site_name":"Nettali.com","article_publisher":"https:\/\/www.facebook.com\/nettalicom","article_published_time":"2021-12-21T20:40:12+00:00","article_modified_time":"2021-12-22T09:28:48+00:00","og_image":[{"width":2048,"height":1022,"url":"https:\/\/www.nettali.com\/wp-content\/uploads\/2021\/10\/aissata-tall-sall.png","type":"image\/png"}],"twitter_card":"summary_large_image","twitter_misc":{"\u00c9crit par":"Ibrahima","Dur\u00e9e de lecture estim\u00e9e":"1 minute"},"schema":{"@context":"https:\/\/schema.org","@graph":[{"@type":"WebSite","@id":"https:\/\/www.nettali.com\/#website","url":"https:\/\/www.nettali.com\/","name":"Nettali.com","description":"Le rendez-vous critique du Net","potentialAction":[{"@type":"SearchAction","target":{"@type":"EntryPoint","urlTemplate":"https:\/\/www.nettali.com\/?s={search_term_string}"},"query-input":"required name=search_term_string"}],"inLanguage":"fr-FR"},{"@type":"ImageObject","@id":"https:\/\/www.nettali.com\/2021\/12\/21\/homosexualite-la-position-ferme-de-aissata-tall-sall\/#primaryimage","inLanguage":"fr-FR","url":"https:\/\/www.nettali.com\/wp-content\/uploads\/2021\/10\/aissata-tall-sall.png","contentUrl":"https:\/\/www.nettali.com\/wp-content\/uploads\/2021\/10\/aissata-tall-sall.png","width":2048,"height":1022},{"@type":"WebPage","@id":"https:\/\/www.nettali.com\/2021\/12\/21\/homosexualite-la-position-ferme-de-aissata-tall-sall\/#webpage","url":"https:\/\/www.nettali.com\/2021\/12\/21\/homosexualite-la-position-ferme-de-aissata-tall-sall\/","name":"HOMOSEXUALIT\u00c9 - La position \"ferme\" de A\u00efssata Tall Sall | Nettali.com","isPartOf":{"@id":"https:\/\/www.nettali.com\/#website"},"primaryImageOfPage":{"@id":"https:\/\/www.nettali.com\/2021\/12\/21\/homosexualite-la-position-ferme-de-aissata-tall-sall\/#primaryimage"},"datePublished":"2021-12-21T20:40:12+00:00","dateModified":"2021-12-22T09:28:48+00:00","author":{"@id":"https:\/\/www.nettali.com\/#\/schema\/person\/bb147657c2986240405a608162b9bb23"},"breadcrumb":{"@id":"https:\/\/www.nettali.com\/2021\/12\/21\/homosexualite-la-position-ferme-de-aissata-tall-sall\/#breadcrumb"},"inLanguage":"fr-FR","potentialAction":[{"@type":"ReadAction","target":["https:\/\/www.nettali.com\/2021\/12\/21\/homosexualite-la-position-ferme-de-aissata-tall-sall\/"]}]},{"@type":"BreadcrumbList","@id":"https:\/\/www.nettali.com\/2021\/12\/21\/homosexualite-la-position-ferme-de-aissata-tall-sall\/#breadcrumb","itemListElement":[{"@type":"ListItem","position":1,"name":"Accueil","item":"https:\/\/www.nettali.com\/"},{"@type":"ListItem","position":2,"name":"HOMOSEXUALIT\u00c9 &#8211; La position \u00ab\u00a0ferme\u00a0\u00bb de A\u00efssata Tall Sall"}]},{"@type":"Person","@id":"https:\/\/www.nettali.com\/#\/schema\/person\/bb147657c2986240405a608162b9bb23","name":"Ibrahima","image":{"@type":"ImageObject","@id":"https:\/\/www.nettali.com\/#personlogo","inLanguage":"fr-FR","url":"https:\/\/secure.gravatar.com\/avatar\/26a8a81f09f0dd7624c9d5c36c9ba3a2?s=96&d=mm&r=g","contentUrl":"https:\/\/secure.gravatar.com\/avatar\/26a8a81f09f0dd7624c9d5c36c9ba3a2?s=96&d=mm&r=g","caption":"Ibrahima"},"sameAs":["https:\/\/www.nettali.com"]}]}},"_links":{"self":[{"href":"https:\/\/www.nettali.com\/rest\/wp\/v2\/posts\/77754"}],"collection":[{"href":"https:\/\/www.nettali.com\/rest\/wp\/v2\/posts"}],"about":[{"href":"https:\/\/www.nettali.com\/rest\/wp\/v2\/types\/post"}],"author":[{"embeddable":true,"href":"https:\/\/www.nettali.com\/rest\/wp\/v2\/users\/5"}],"replies":[{"embeddable":true,"href":"https:\/\/www.nettali.com\/rest\/wp\/v2\/comments?post=77754"}],"version-history":[{"count":3,"href":"https:\/\/www.nettali.com\/rest\/wp\/v2\/posts\/77754\/revisions"}],"predecessor-version":[{"id":77757,"href":"https:\/\/www.nettali.com\/rest\/wp\/v2\/posts\/77754\/revisions\/77757"}],"wp:featuredmedia":[{"embeddable":true,"href":"https:\/\/www.nettali.com\/rest\/wp\/v2\/media\/73470"}],"wp:attachment":[{"href":"https:\/\/www.nettali.com\/rest\/wp\/v2\/media?parent=77754"}],"wp:term":[{"taxonomy":"category","embeddable":true,"href":"https:\/\/www.nettali.com\/rest\/wp\/v2\/categories?post=77754"},{"taxonomy":"post_tag","embeddable":true,"href":"https:\/\/www.nettali.com\/rest\/wp\/v2\/tags?post=77754"}],"curies":[{"name":"wp","href":"https:\/\/api.w.org\/{rel}","templated":true}]}}