{"id":77729,"date":"2021-12-21T11:59:44","date_gmt":"2021-12-21T11:59:44","guid":{"rendered":"https:\/\/www.nettali.com\/?p=77729"},"modified":"2021-12-21T18:34:50","modified_gmt":"2021-12-21T18:34:50","slug":"ttrafic-de-visa-kilifeu-en-liberte-provisoire","status":"publish","type":"post","link":"https:\/\/www.nettali.com\/2021\/12\/21\/ttrafic-de-visa-kilifeu-en-liberte-provisoire\/","title":{"rendered":"TTRAFIC DE VISA - Kilifeu en libert\u00e9 provisoire"},"content":{"rendered":"<p><strong>NETTALI.COM- Le juge du deuxi\u00e8me cabinet d'instruction du Tribunal de grande instance de Dakar vient d'accorder la libert\u00e9 provisoire \u00e0\u00a0 Kilifeu inculp\u00e9 dans une affaire de trafic de visa.<\/strong><\/p>\n<p>En prison depuis le mois de septembre, Kilifeu a recouvr\u00e9 la libert\u00e9 ce mardi 21 d\u00e9cembre 2021. Le juge du deuxi\u00e8me cabinet d'instruction lui a accord\u00e9 la libert\u00e9 provisoire conform\u00e9ment au r\u00e9quisitoire du parquet qui, cette fois-ci, ne s'est pas oppos\u00e9 \u00e0 la requ\u00eate des conseils du rappeur activiste.<\/p>\n<p>Kilifeu \u00e9tait le seul qui restait en prison dans cette affaire dans laquelle Simon Kouka et Thierno Amadou Diallo \u00e9taient inculp\u00e9s et plac\u00e9s sous mandat de mandat de d\u00e9p\u00f4t. Le trio est inculp\u00e9 entre autres pour association de malfaiteurs, escroquerie, corruption, faux et usage de faux et trafic de migrants.<\/p>\n<div class='share-to-whatsapp-wrapper'><div class='share-on-whsp'>PARTAGER SUR : <\/div><a data-text='TTRAFIC DE VISA - Kilifeu en libert\u00e9 provisoire' data-link='https:\/\/www.nettali.com\/2021\/12\/21\/ttrafic-de-visa-kilifeu-en-liberte-provisoire\/' class='whatsapp-button whatsapp-share'>WhatsApp<\/a><div class='clear '><\/div><\/div>","protected":false},"excerpt":{"rendered":"<p>NETTALI.COM- Le juge du deuxi\u00e8me cabinet d'instruction du Tribunal de grande instance de Dakar vient d'accorder la libert\u00e9 provisoire \u00e0\u00a0 Kilifeu inculp\u00e9 dans une affaire de trafic de visa. En prison depuis le mois de septembre, Kilifeu a recouvr\u00e9 la libert\u00e9 ce mardi 21 d\u00e9cembre 2021. Le juge du deuxi\u00e8me cabinet d'instruction lui a accord\u00e9 [&hellip;]<\/p>\n","protected":false},"author":6,"featured_media":15033,"comment_status":"open","ping_status":"open","sticky":false,"template":"","format":"standard","meta":{"_et_pb_use_builder":"","_et_pb_old_content":""},"categories":[3],"tags":[],"yoast_head":"<!-- This site is optimized with the Yoast SEO Premium plugin v17.8 (Yoast SEO v17.8) - https:\/\/yoast.com\/wordpress\/plugins\/seo\/ -->\n<title>TTRAFIC DE VISA - Kilifeu en libert\u00e9 provisoire | Nettali.com<\/title>\n<meta name=\"robots\" content=\"index, follow, max-snippet:-1, max-image-preview:large, max-video-preview:-1\" \/>\n<link rel=\"canonical\" href=\"https:\/\/www.nettali.com\/2021\/12\/21\/ttrafic-de-visa-kilifeu-en-liberte-provisoire\/\" \/>\n<meta property=\"og:locale\" content=\"fr_FR\" \/>\n<meta property=\"og:type\" content=\"article\" \/>\n<meta property=\"og:title\" content=\"TTRAFIC DE VISA - Kilifeu en libert\u00e9 provisoire\" \/>\n<meta property=\"og:description\" content=\"NETTALI.COM- Le juge du deuxi\u00e8me cabinet d&#039;instruction du Tribunal de grande instance de Dakar vient d&#039;accorder la libert\u00e9 provisoire \u00e0\u00a0 Kilifeu inculp\u00e9 dans une affaire de trafic de visa. En prison depuis le mois de septembre, Kilifeu a recouvr\u00e9 la libert\u00e9 ce mardi 21 d\u00e9cembre 2021. Le juge du deuxi\u00e8me cabinet d&#039;instruction lui a accord\u00e9 [&hellip;]\" \/>\n<meta property=\"og:url\" content=\"https:\/\/www.nettali.com\/2021\/12\/21\/ttrafic-de-visa-kilifeu-en-liberte-provisoire\/\" \/>\n<meta property=\"og:site_name\" content=\"Nettali.com\" \/>\n<meta property=\"article:publisher\" content=\"https:\/\/www.facebook.com\/nettalicom\" \/>\n<meta property=\"article:published_time\" content=\"2021-12-21T11:59:44+00:00\" \/>\n<meta property=\"article:modified_time\" content=\"2021-12-21T18:34:50+00:00\" \/>\n<meta property=\"og:image\" content=\"https:\/\/www.nettali.com\/wp-content\/uploads\/2019\/08\/kilifeu-696x479.jpg\" \/>\n\t<meta property=\"og:image:width\" content=\"696\" \/>\n\t<meta property=\"og:image:height\" content=\"479\" \/>\n<meta name=\"twitter:card\" content=\"summary_large_image\" \/>\n<meta name=\"twitter:label1\" content=\"\u00c9crit par\" \/>\n\t<meta name=\"twitter:data1\" content=\"Fatou\" \/>\n\t<meta name=\"twitter:label2\" content=\"Dur\u00e9e de lecture estim\u00e9e\" \/>\n\t<meta name=\"twitter:data2\" content=\"1 minute\" \/>\n<script type=\"application\/ld+json\" class=\"yoast-schema-graph\">{\"@context\":\"https:\/\/schema.org\",\"@graph\":[{\"@type\":\"WebSite\",\"@id\":\"https:\/\/www.nettali.com\/#website\",\"url\":\"https:\/\/www.nettali.com\/\",\"name\":\"Nettali.com\",\"description\":\"Le rendez-vous critique du Net\",\"potentialAction\":[{\"@type\":\"SearchAction\",\"target\":{\"@type\":\"EntryPoint\",\"urlTemplate\":\"https:\/\/www.nettali.com\/?s={search_term_string}\"},\"query-input\":\"required name=search_term_string\"}],\"inLanguage\":\"fr-FR\"},{\"@type\":\"ImageObject\",\"@id\":\"https:\/\/www.nettali.com\/2021\/12\/21\/ttrafic-de-visa-kilifeu-en-liberte-provisoire\/#primaryimage\",\"inLanguage\":\"fr-FR\",\"url\":\"https:\/\/www.nettali.com\/wp-content\/uploads\/2019\/08\/kilifeu-696x479.jpg\",\"contentUrl\":\"https:\/\/www.nettali.com\/wp-content\/uploads\/2019\/08\/kilifeu-696x479.jpg\",\"width\":696,\"height\":479},{\"@type\":\"WebPage\",\"@id\":\"https:\/\/www.nettali.com\/2021\/12\/21\/ttrafic-de-visa-kilifeu-en-liberte-provisoire\/#webpage\",\"url\":\"https:\/\/www.nettali.com\/2021\/12\/21\/ttrafic-de-visa-kilifeu-en-liberte-provisoire\/\",\"name\":\"TTRAFIC DE VISA - Kilifeu en libert\\u00e9 provisoire | Nettali.com\",\"isPartOf\":{\"@id\":\"https:\/\/www.nettali.com\/#website\"},\"primaryImageOfPage\":{\"@id\":\"https:\/\/www.nettali.com\/2021\/12\/21\/ttrafic-de-visa-kilifeu-en-liberte-provisoire\/#primaryimage\"},\"datePublished\":\"2021-12-21T11:59:44+00:00\",\"dateModified\":\"2021-12-21T18:34:50+00:00\",\"author\":{\"@id\":\"https:\/\/www.nettali.com\/#\/schema\/person\/418274a86bdf87caff7a3ef476bd0bbf\"},\"breadcrumb\":{\"@id\":\"https:\/\/www.nettali.com\/2021\/12\/21\/ttrafic-de-visa-kilifeu-en-liberte-provisoire\/#breadcrumb\"},\"inLanguage\":\"fr-FR\",\"potentialAction\":[{\"@type\":\"ReadAction\",\"target\":[\"https:\/\/www.nettali.com\/2021\/12\/21\/ttrafic-de-visa-kilifeu-en-liberte-provisoire\/\"]}]},{\"@type\":\"BreadcrumbList\",\"@id\":\"https:\/\/www.nettali.com\/2021\/12\/21\/ttrafic-de-visa-kilifeu-en-liberte-provisoire\/#breadcrumb\",\"itemListElement\":[{\"@type\":\"ListItem\",\"position\":1,\"name\":\"Accueil\",\"item\":\"https:\/\/www.nettali.com\/\"},{\"@type\":\"ListItem\",\"position\":2,\"name\":\"TTRAFIC DE VISA &#8211; Kilifeu en libert\\u00e9 provisoire\"}]},{\"@type\":\"Person\",\"@id\":\"https:\/\/www.nettali.com\/#\/schema\/person\/418274a86bdf87caff7a3ef476bd0bbf\",\"name\":\"Fatou\",\"image\":{\"@type\":\"ImageObject\",\"@id\":\"https:\/\/www.nettali.com\/#personlogo\",\"inLanguage\":\"fr-FR\",\"url\":\"https:\/\/secure.gravatar.com\/avatar\/5a9442a2bee7b4dcf167cab035858e9a?s=96&d=mm&r=g\",\"contentUrl\":\"https:\/\/secure.gravatar.com\/avatar\/5a9442a2bee7b4dcf167cab035858e9a?s=96&d=mm&r=g\",\"caption\":\"Fatou\"},\"sameAs\":[\"https:\/\/www.nettali.com\"]}]}<\/script>\n<!-- \/ Yoast SEO Premium plugin. -->","yoast_head_json":{"title":"TTRAFIC DE VISA - Kilifeu en libert\u00e9 provisoire | Nettali.com","robots":{"index":"index","follow":"follow","max-snippet":"max-snippet:-1","max-image-preview":"max-image-preview:large","max-video-preview":"max-video-preview:-1"},"canonical":"https:\/\/www.nettali.com\/2021\/12\/21\/ttrafic-de-visa-kilifeu-en-liberte-provisoire\/","og_locale":"fr_FR","og_type":"article","og_title":"TTRAFIC DE VISA - Kilifeu en libert\u00e9 provisoire","og_description":"NETTALI.COM- Le juge du deuxi\u00e8me cabinet d'instruction du Tribunal de grande instance de Dakar vient d'accorder la libert\u00e9 provisoire \u00e0\u00a0 Kilifeu inculp\u00e9 dans une affaire de trafic de visa. En prison depuis le mois de septembre, Kilifeu a recouvr\u00e9 la libert\u00e9 ce mardi 21 d\u00e9cembre 2021. Le juge du deuxi\u00e8me cabinet d'instruction lui a accord\u00e9 [&hellip;]","og_url":"https:\/\/www.nettali.com\/2021\/12\/21\/ttrafic-de-visa-kilifeu-en-liberte-provisoire\/","og_site_name":"Nettali.com","article_publisher":"https:\/\/www.facebook.com\/nettalicom","article_published_time":"2021-12-21T11:59:44+00:00","article_modified_time":"2021-12-21T18:34:50+00:00","og_image":[{"width":696,"height":479,"url":"https:\/\/www.nettali.com\/wp-content\/uploads\/2019\/08\/kilifeu-696x479.jpg","type":"image\/jpeg"}],"twitter_card":"summary_large_image","twitter_misc":{"\u00c9crit par":"Fatou","Dur\u00e9e de lecture estim\u00e9e":"1 minute"},"schema":{"@context":"https:\/\/schema.org","@graph":[{"@type":"WebSite","@id":"https:\/\/www.nettali.com\/#website","url":"https:\/\/www.nettali.com\/","name":"Nettali.com","description":"Le rendez-vous critique du Net","potentialAction":[{"@type":"SearchAction","target":{"@type":"EntryPoint","urlTemplate":"https:\/\/www.nettali.com\/?s={search_term_string}"},"query-input":"required name=search_term_string"}],"inLanguage":"fr-FR"},{"@type":"ImageObject","@id":"https:\/\/www.nettali.com\/2021\/12\/21\/ttrafic-de-visa-kilifeu-en-liberte-provisoire\/#primaryimage","inLanguage":"fr-FR","url":"https:\/\/www.nettali.com\/wp-content\/uploads\/2019\/08\/kilifeu-696x479.jpg","contentUrl":"https:\/\/www.nettali.com\/wp-content\/uploads\/2019\/08\/kilifeu-696x479.jpg","width":696,"height":479},{"@type":"WebPage","@id":"https:\/\/www.nettali.com\/2021\/12\/21\/ttrafic-de-visa-kilifeu-en-liberte-provisoire\/#webpage","url":"https:\/\/www.nettali.com\/2021\/12\/21\/ttrafic-de-visa-kilifeu-en-liberte-provisoire\/","name":"TTRAFIC DE VISA - Kilifeu en libert\u00e9 provisoire | Nettali.com","isPartOf":{"@id":"https:\/\/www.nettali.com\/#website"},"primaryImageOfPage":{"@id":"https:\/\/www.nettali.com\/2021\/12\/21\/ttrafic-de-visa-kilifeu-en-liberte-provisoire\/#primaryimage"},"datePublished":"2021-12-21T11:59:44+00:00","dateModified":"2021-12-21T18:34:50+00:00","author":{"@id":"https:\/\/www.nettali.com\/#\/schema\/person\/418274a86bdf87caff7a3ef476bd0bbf"},"breadcrumb":{"@id":"https:\/\/www.nettali.com\/2021\/12\/21\/ttrafic-de-visa-kilifeu-en-liberte-provisoire\/#breadcrumb"},"inLanguage":"fr-FR","potentialAction":[{"@type":"ReadAction","target":["https:\/\/www.nettali.com\/2021\/12\/21\/ttrafic-de-visa-kilifeu-en-liberte-provisoire\/"]}]},{"@type":"BreadcrumbList","@id":"https:\/\/www.nettali.com\/2021\/12\/21\/ttrafic-de-visa-kilifeu-en-liberte-provisoire\/#breadcrumb","itemListElement":[{"@type":"ListItem","position":1,"name":"Accueil","item":"https:\/\/www.nettali.com\/"},{"@type":"ListItem","position":2,"name":"TTRAFIC DE VISA &#8211; Kilifeu en libert\u00e9 provisoire"}]},{"@type":"Person","@id":"https:\/\/www.nettali.com\/#\/schema\/person\/418274a86bdf87caff7a3ef476bd0bbf","name":"Fatou","image":{"@type":"ImageObject","@id":"https:\/\/www.nettali.com\/#personlogo","inLanguage":"fr-FR","url":"https:\/\/secure.gravatar.com\/avatar\/5a9442a2bee7b4dcf167cab035858e9a?s=96&d=mm&r=g","contentUrl":"https:\/\/secure.gravatar.com\/avatar\/5a9442a2bee7b4dcf167cab035858e9a?s=96&d=mm&r=g","caption":"Fatou"},"sameAs":["https:\/\/www.nettali.com"]}]}},"_links":{"self":[{"href":"https:\/\/www.nettali.com\/rest\/wp\/v2\/posts\/77729"}],"collection":[{"href":"https:\/\/www.nettali.com\/rest\/wp\/v2\/posts"}],"about":[{"href":"https:\/\/www.nettali.com\/rest\/wp\/v2\/types\/post"}],"author":[{"embeddable":true,"href":"https:\/\/www.nettali.com\/rest\/wp\/v2\/users\/6"}],"replies":[{"embeddable":true,"href":"https:\/\/www.nettali.com\/rest\/wp\/v2\/comments?post=77729"}],"version-history":[{"count":3,"href":"https:\/\/www.nettali.com\/rest\/wp\/v2\/posts\/77729\/revisions"}],"predecessor-version":[{"id":77745,"href":"https:\/\/www.nettali.com\/rest\/wp\/v2\/posts\/77729\/revisions\/77745"}],"wp:featuredmedia":[{"embeddable":true,"href":"https:\/\/www.nettali.com\/rest\/wp\/v2\/media\/15033"}],"wp:attachment":[{"href":"https:\/\/www.nettali.com\/rest\/wp\/v2\/media?parent=77729"}],"wp:term":[{"taxonomy":"category","embeddable":true,"href":"https:\/\/www.nettali.com\/rest\/wp\/v2\/categories?post=77729"},{"taxonomy":"post_tag","embeddable":true,"href":"https:\/\/www.nettali.com\/rest\/wp\/v2\/tags?post=77729"}],"curies":[{"name":"wp","href":"https:\/\/api.w.org\/{rel}","templated":true}]}}