{"id":77727,"date":"2021-12-21T10:49:45","date_gmt":"2021-12-21T10:49:45","guid":{"rendered":"https:\/\/www.nettali.com\/?p=77727"},"modified":"2021-12-21T10:49:45","modified_gmt":"2021-12-21T10:49:45","slug":"par-diagne-fode-roland-voyage-de-macron-au-mali-annonce-puis-annule-le-multilateralisme-met-la-francafrique-en-difficulte","status":"publish","type":"post","link":"https:\/\/www.nettali.com\/2021\/12\/21\/par-diagne-fode-roland-voyage-de-macron-au-mali-annonce-puis-annule-le-multilateralisme-met-la-francafrique-en-difficulte\/","title":{"rendered":"PAR DIAGNE FODE ROLAND - VOYAGE DE MACRON AU MALI ANNONCE PUIS ANNULE \/ Le multilat\u00e9ralisme met la fran\u00e7afrique en difficult\u00e9 !"},"content":{"rendered":"<p>CONTRIBUTION - A peine annonc\u00e9 pour le 20 d\u00e9cembre et aussit\u00f4t annul\u00e9,\u00a0le pr\u00e9sident fran\u00e7ais Macron n\u2019aura pas l\u2019occasion de \u00ab\u00a0f\u00eater no\u00ebl et la fin d\u2019ann\u00e9e\u00a021 \u00bb aupr\u00e8s des troupes fran\u00e7aises\u00a0occupant le Sahel\u00a0comme l\u2019ont fait ses pr\u00e9d\u00e9cesseurs Hollande et Sarkozy.<\/p>\n<p>Le spectacle des \u00ab\u00a0petits maliens\u00a0\u00bb agitant les drapeaux tricolores a laiss\u00e9 place \u00e0 la d\u00e9sillusion am\u00e8re de la d\u00e9couverte grandeur nature de \u00ab\u00a0l\u2019inefficacit\u00e9\u00a0\u00bb voire de la \u00ab\u00a0duplicit\u00e9\u00a0\u00bb fran\u00e7aise venue \u00ab\u00a0sauver\u00a0\u00bb mais se r\u00e9v\u00e9lant \u00ab\u00a0complice\u00a0\u00bb des s\u00e9paratistes djihado-terroristes.<\/p>\n<p>Les USA avaient faussement accus\u00e9 les Talibans d\u2019Afghanistan des attentats des Tours jumelles pour s\u2019y installer durant 20 ans et de liquider officiellement au Pakistan leur ex-agent Ben Laden, ci-devant chef d\u2019Al Qa\u00efda, qui l\u2019avait revendiqu\u00e9. Des g\u00e9n\u00e9raux fran\u00e7ais avaient annonc\u00e9 leur occupation militaire du Sahel \u00ab\u00a0pendant 20 ans\u00a0\u00bb.<\/p>\n<p>Mais voil\u00e0 c\u2019\u00e9tait sans compter avec le peuple du Maliba qui, une fois \u00e9vapor\u00e9s le traumatisme d\u2019Aguelkok et la manipulation des colonnes de pick-up allant \u00e0 la conqu\u00eate de Bamako, s\u2019est mis \u00e0 exiger la fin d\u2019une pr\u00e9sence militaire concoct\u00e9e par des \u00e9lites n\u00e9ocoloniales soumises. ATT en 2012, puis IBK en 2020 furent chass\u00e9s du pouvoir par le peuple dont la mobilisation fut finalis\u00e9e par l\u2019intervention des militaires qui ont pay\u00e9 un lourd tribut face \u00e0 la d\u00e9stabilisation\u00a0djihado-terrroriste et dont les g\u00e9n\u00e9raux \u00e9taient vautr\u00e9s dans les eaux sales de la corruption \u00e0 l\u2019instar de tous les gouvernants n\u00e9ocoloniaux successifs depuis la chute de l\u2019autocratie fasciste de Moussa Traor\u00e9 en mars 1991.<\/p>\n<p>Le peuple de Mamadou Konat\u00e9 et de Modibo Keita a remis \u00e0 l\u2019ordre du jour l\u2019exigence de la souverainet\u00e9 nationale, de l\u2019unit\u00e9 nationale et territoriale du pays. Les actuelles autorit\u00e9s de la Transition se conforment \u00e0 la volont\u00e9 quasi-unanime du peuple de Soundjata Keita. C\u2019est ce qu\u2019exprime le journaliste malien\u00a0Seydou Oumar Traor\u00e9\u00a0\u00ab\u00a0<em>Sans trahir des secrets, le chef d'\u00c9tat malien dira clairement en face \u00e0 Macron, le rejet de sa politique s\u00e9curitaire au Sahel et particuli\u00e8rement au Mali. Il l'avait dit par visioconf\u00e9rence \u00e0 d'autres occasions. En d'autres termes, si Macron ne retire pas ses terroristes et leurs r\u00e9seaux de renseignements obscurs du Mali, la France devrait compl\u00e9ment plier bagage de tous les secteurs \u00e9conomiques et s\u00e9curitaires du Mali. Elle doit avant cela r\u00e9parer ce qu'elle a cass\u00e9.\u00a0L'autre sujet important qui sera abord\u00e9: la br\u00fblante question de Wagner et pour cela,\u00a0 la position du Mali est clair: nous sommes ouverts \u00e0 tout type de partenariat pouvant lib\u00e9rer nos territoires des djihadistes y compris celle de l'\u00c9tat russe et la soci\u00e9t\u00e9 militaire russe Wagner. D'ailleurs le Mali a entrepris plusieurs types de coop\u00e9ration militaire avec diverses puissances \u00e9conomiques du monde: la Chine, la Russie, les USA, la Turquie et autres\u2026 Si la France presse le pas ce mois de d\u00e9cembre, c'est parce qu'en janvier 2022, les russes devraient rentrer militairement dans la danse et soutenir l'arm\u00e9e malienne. D\u00e9j\u00e0, sur le terrain \u00e0 Badjangara et dans certaines localit\u00e9s du pays dogons, sous la houlette du colonel Sadio Camara, les premi\u00e8res op\u00e9rations de reconqu\u00eate ont d\u00e9but\u00e9 selon des t\u00e9moins sur place. Une chose est s\u00fbre, plus rien ne sera comme avant<\/em>\u00a0\u00bb.<\/p>\n<p>Les peuples du Burkina o\u00f9 un enfant de 14 ans a abattu un drone militaire fran\u00e7ais, du Niger, de Centrafrique victimes des assassins djihado-terroristes et du double jeu fran\u00e7ais ont, par leur mobilisation montante, vite compris l\u2019importance de prendre le m\u00eame chemin que le peuple fr\u00e8re du Mali. Ceux du S\u00e9n\u00e9gal, des deux Guin\u00e9es, du B\u00e9nin, du Togo doivent aussi prendre le m\u00eame chemin de la libert\u00e9. Macron a vu que le peuple malien ne lui donnerait pas l\u2019occasion de fanfaronner sur le sol malien.<\/p>\n<p>Le multilat\u00e9ralisme induit par la coop\u00e9ration \u00ab\u00a0gagnant-gagnant\u00a0\u00bb du socialisme chinois, la protection strat\u00e9gique et militaire de la Russie bourgeoise et les rivalit\u00e9s inter-imp\u00e9rialistes au sein m\u00eame de l\u2019alliance pr\u00e9datrice Euro-Atlantique (USA\/UE) offre une opportunit\u00e9 \u00e0 saisir par la transition malienne pour donner une le\u00e7on de souverainisme au club des chefs d\u2019\u00e9tats n\u00e9ocoloniaux de la fran\u00e7afrique serviles de la CEDEAO.<\/p>\n<p>Ce pas en avant vers la fin de l\u2019enfermement des peuples dans la prison du \u00ab\u00a0pr\u00e9-carr\u00e9\u00a0\u00bb n\u00e9ocolonial fran\u00e7afrcain, eurafricain et usafricain est \u00e0 affermir, \u00e0 consolider, \u00e0 d\u00e9velopper et tous les peuples d\u2019Afrique doivent s\u2019en saisir dans cette seconde phase de la lib\u00e9ration nationale et panafricaine.<\/p>\n<p>18\/12\/21<\/p>\n<p>&nbsp;<\/p>\n<div class='share-to-whatsapp-wrapper'><div class='share-on-whsp'>PARTAGER SUR : <\/div><a data-text='PAR DIAGNE FODE ROLAND - VOYAGE DE MACRON AU MALI ANNONCE PUIS ANNULE \/ Le multilat\u00e9ralisme met la fran\u00e7afrique en difficult\u00e9 !' data-link='https:\/\/www.nettali.com\/2021\/12\/21\/par-diagne-fode-roland-voyage-de-macron-au-mali-annonce-puis-annule-le-multilateralisme-met-la-francafrique-en-difficulte\/' class='whatsapp-button whatsapp-share'>WhatsApp<\/a><div class='clear '><\/div><\/div>","protected":false},"excerpt":{"rendered":"<p>CONTRIBUTION - A peine annonc\u00e9 pour le 20 d\u00e9cembre et aussit\u00f4t annul\u00e9,\u00a0le pr\u00e9sident fran\u00e7ais Macron n\u2019aura pas l\u2019occasion de \u00ab\u00a0f\u00eater no\u00ebl et la fin d\u2019ann\u00e9e\u00a021 \u00bb aupr\u00e8s des troupes fran\u00e7aises\u00a0occupant le Sahel\u00a0comme l\u2019ont fait ses pr\u00e9d\u00e9cesseurs Hollande et Sarkozy. Le spectacle des \u00ab\u00a0petits maliens\u00a0\u00bb agitant les drapeaux tricolores a laiss\u00e9 place \u00e0 la d\u00e9sillusion am\u00e8re [&hellip;]<\/p>\n","protected":false},"author":11,"featured_media":72892,"comment_status":"open","ping_status":"open","sticky":false,"template":"","format":"standard","meta":{"_et_pb_use_builder":"","_et_pb_old_content":""},"categories":[23,34934],"tags":[],"yoast_head":"<!-- This site is optimized with the Yoast SEO Premium plugin v17.8 (Yoast SEO v17.8) - https:\/\/yoast.com\/wordpress\/plugins\/seo\/ -->\n<title>PAR DIAGNE FODE ROLAND - VOYAGE DE MACRON AU MALI ANNONCE PUIS ANNULE \/ Le multilat\u00e9ralisme met la fran\u00e7afrique en difficult\u00e9 ! | Nettali.com<\/title>\n<meta name=\"robots\" content=\"index, follow, max-snippet:-1, max-image-preview:large, max-video-preview:-1\" \/>\n<link rel=\"canonical\" href=\"https:\/\/www.nettali.com\/2021\/12\/21\/par-diagne-fode-roland-voyage-de-macron-au-mali-annonce-puis-annule-le-multilateralisme-met-la-francafrique-en-difficulte\/\" \/>\n<meta property=\"og:locale\" content=\"fr_FR\" \/>\n<meta property=\"og:type\" content=\"article\" \/>\n<meta property=\"og:title\" content=\"PAR DIAGNE FODE ROLAND - VOYAGE DE MACRON AU MALI ANNONCE PUIS ANNULE \/ Le multilat\u00e9ralisme met la fran\u00e7afrique en difficult\u00e9 !\" \/>\n<meta property=\"og:description\" content=\"CONTRIBUTION - A peine annonc\u00e9 pour le 20 d\u00e9cembre et aussit\u00f4t annul\u00e9,\u00a0le pr\u00e9sident fran\u00e7ais Macron n\u2019aura pas l\u2019occasion de \u00ab\u00a0f\u00eater no\u00ebl et la fin d\u2019ann\u00e9e\u00a021 \u00bb aupr\u00e8s des troupes fran\u00e7aises\u00a0occupant le Sahel\u00a0comme l\u2019ont fait ses pr\u00e9d\u00e9cesseurs Hollande et Sarkozy. Le spectacle des \u00ab\u00a0petits maliens\u00a0\u00bb agitant les drapeaux tricolores a laiss\u00e9 place \u00e0 la d\u00e9sillusion am\u00e8re [&hellip;]\" \/>\n<meta property=\"og:url\" content=\"https:\/\/www.nettali.com\/2021\/12\/21\/par-diagne-fode-roland-voyage-de-macron-au-mali-annonce-puis-annule-le-multilateralisme-met-la-francafrique-en-difficulte\/\" \/>\n<meta property=\"og:site_name\" content=\"Nettali.com\" \/>\n<meta property=\"article:publisher\" content=\"https:\/\/www.facebook.com\/nettalicom\" \/>\n<meta property=\"article:published_time\" content=\"2021-12-21T10:49:45+00:00\" \/>\n<meta property=\"og:image\" content=\"https:\/\/www.nettali.com\/wp-content\/uploads\/2021\/09\/Macron.jpg\" \/>\n\t<meta property=\"og:image:width\" content=\"613\" \/>\n\t<meta property=\"og:image:height\" content=\"344\" \/>\n<meta name=\"twitter:card\" content=\"summary_large_image\" \/>\n<meta name=\"twitter:label1\" content=\"\u00c9crit par\" \/>\n\t<meta name=\"twitter:data1\" content=\"Thierno Diop\" \/>\n\t<meta name=\"twitter:label2\" content=\"Dur\u00e9e de lecture estim\u00e9e\" \/>\n\t<meta name=\"twitter:data2\" content=\"4 minutes\" \/>\n<script type=\"application\/ld+json\" class=\"yoast-schema-graph\">{\"@context\":\"https:\/\/schema.org\",\"@graph\":[{\"@type\":\"WebSite\",\"@id\":\"https:\/\/www.nettali.com\/#website\",\"url\":\"https:\/\/www.nettali.com\/\",\"name\":\"Nettali.com\",\"description\":\"Le rendez-vous critique du Net\",\"potentialAction\":[{\"@type\":\"SearchAction\",\"target\":{\"@type\":\"EntryPoint\",\"urlTemplate\":\"https:\/\/www.nettali.com\/?s={search_term_string}\"},\"query-input\":\"required name=search_term_string\"}],\"inLanguage\":\"fr-FR\"},{\"@type\":\"ImageObject\",\"@id\":\"https:\/\/www.nettali.com\/2021\/12\/21\/par-diagne-fode-roland-voyage-de-macron-au-mali-annonce-puis-annule-le-multilateralisme-met-la-francafrique-en-difficulte\/#primaryimage\",\"inLanguage\":\"fr-FR\",\"url\":\"https:\/\/www.nettali.com\/wp-content\/uploads\/2021\/09\/Macron.jpg\",\"contentUrl\":\"https:\/\/www.nettali.com\/wp-content\/uploads\/2021\/09\/Macron.jpg\",\"width\":613,\"height\":344},{\"@type\":\"WebPage\",\"@id\":\"https:\/\/www.nettali.com\/2021\/12\/21\/par-diagne-fode-roland-voyage-de-macron-au-mali-annonce-puis-annule-le-multilateralisme-met-la-francafrique-en-difficulte\/#webpage\",\"url\":\"https:\/\/www.nettali.com\/2021\/12\/21\/par-diagne-fode-roland-voyage-de-macron-au-mali-annonce-puis-annule-le-multilateralisme-met-la-francafrique-en-difficulte\/\",\"name\":\"PAR DIAGNE FODE ROLAND - VOYAGE DE MACRON AU MALI ANNONCE PUIS ANNULE \/ Le multilat\\u00e9ralisme met la fran\\u00e7afrique en difficult\\u00e9 ! | Nettali.com\",\"isPartOf\":{\"@id\":\"https:\/\/www.nettali.com\/#website\"},\"primaryImageOfPage\":{\"@id\":\"https:\/\/www.nettali.com\/2021\/12\/21\/par-diagne-fode-roland-voyage-de-macron-au-mali-annonce-puis-annule-le-multilateralisme-met-la-francafrique-en-difficulte\/#primaryimage\"},\"datePublished\":\"2021-12-21T10:49:45+00:00\",\"dateModified\":\"2021-12-21T10:49:45+00:00\",\"author\":{\"@id\":\"https:\/\/www.nettali.com\/#\/schema\/person\/8a06c6bd7b19304cf4bf985862900b5b\"},\"breadcrumb\":{\"@id\":\"https:\/\/www.nettali.com\/2021\/12\/21\/par-diagne-fode-roland-voyage-de-macron-au-mali-annonce-puis-annule-le-multilateralisme-met-la-francafrique-en-difficulte\/#breadcrumb\"},\"inLanguage\":\"fr-FR\",\"potentialAction\":[{\"@type\":\"ReadAction\",\"target\":[\"https:\/\/www.nettali.com\/2021\/12\/21\/par-diagne-fode-roland-voyage-de-macron-au-mali-annonce-puis-annule-le-multilateralisme-met-la-francafrique-en-difficulte\/\"]}]},{\"@type\":\"BreadcrumbList\",\"@id\":\"https:\/\/www.nettali.com\/2021\/12\/21\/par-diagne-fode-roland-voyage-de-macron-au-mali-annonce-puis-annule-le-multilateralisme-met-la-francafrique-en-difficulte\/#breadcrumb\",\"itemListElement\":[{\"@type\":\"ListItem\",\"position\":1,\"name\":\"Accueil\",\"item\":\"https:\/\/www.nettali.com\/\"},{\"@type\":\"ListItem\",\"position\":2,\"name\":\"PAR DIAGNE FODE ROLAND &#8211; VOYAGE DE MACRON AU MALI ANNONCE PUIS ANNULE \/ Le multilat\\u00e9ralisme met la fran\\u00e7afrique en difficult\\u00e9 !\"}]},{\"@type\":\"Person\",\"@id\":\"https:\/\/www.nettali.com\/#\/schema\/person\/8a06c6bd7b19304cf4bf985862900b5b\",\"name\":\"Thierno Diop\",\"image\":{\"@type\":\"ImageObject\",\"@id\":\"https:\/\/www.nettali.com\/#personlogo\",\"inLanguage\":\"fr-FR\",\"url\":\"https:\/\/secure.gravatar.com\/avatar\/c8ca58550c94fd2ac856d27391a6c866?s=96&d=mm&r=g\",\"contentUrl\":\"https:\/\/secure.gravatar.com\/avatar\/c8ca58550c94fd2ac856d27391a6c866?s=96&d=mm&r=g\",\"caption\":\"Thierno Diop\"},\"sameAs\":[\"https:\/\/nettali.com\"]}]}<\/script>\n<!-- \/ Yoast SEO Premium plugin. -->","yoast_head_json":{"title":"PAR DIAGNE FODE ROLAND - VOYAGE DE MACRON AU MALI ANNONCE PUIS ANNULE \/ Le multilat\u00e9ralisme met la fran\u00e7afrique en difficult\u00e9 ! | Nettali.com","robots":{"index":"index","follow":"follow","max-snippet":"max-snippet:-1","max-image-preview":"max-image-preview:large","max-video-preview":"max-video-preview:-1"},"canonical":"https:\/\/www.nettali.com\/2021\/12\/21\/par-diagne-fode-roland-voyage-de-macron-au-mali-annonce-puis-annule-le-multilateralisme-met-la-francafrique-en-difficulte\/","og_locale":"fr_FR","og_type":"article","og_title":"PAR DIAGNE FODE ROLAND - VOYAGE DE MACRON AU MALI ANNONCE PUIS ANNULE \/ Le multilat\u00e9ralisme met la fran\u00e7afrique en difficult\u00e9 !","og_description":"CONTRIBUTION - A peine annonc\u00e9 pour le 20 d\u00e9cembre et aussit\u00f4t annul\u00e9,\u00a0le pr\u00e9sident fran\u00e7ais Macron n\u2019aura pas l\u2019occasion de \u00ab\u00a0f\u00eater no\u00ebl et la fin d\u2019ann\u00e9e\u00a021 \u00bb aupr\u00e8s des troupes fran\u00e7aises\u00a0occupant le Sahel\u00a0comme l\u2019ont fait ses pr\u00e9d\u00e9cesseurs Hollande et Sarkozy. Le spectacle des \u00ab\u00a0petits maliens\u00a0\u00bb agitant les drapeaux tricolores a laiss\u00e9 place \u00e0 la d\u00e9sillusion am\u00e8re [&hellip;]","og_url":"https:\/\/www.nettali.com\/2021\/12\/21\/par-diagne-fode-roland-voyage-de-macron-au-mali-annonce-puis-annule-le-multilateralisme-met-la-francafrique-en-difficulte\/","og_site_name":"Nettali.com","article_publisher":"https:\/\/www.facebook.com\/nettalicom","article_published_time":"2021-12-21T10:49:45+00:00","og_image":[{"width":613,"height":344,"url":"https:\/\/www.nettali.com\/wp-content\/uploads\/2021\/09\/Macron.jpg","type":"image\/jpeg"}],"twitter_card":"summary_large_image","twitter_misc":{"\u00c9crit par":"Thierno Diop","Dur\u00e9e de lecture estim\u00e9e":"4 minutes"},"schema":{"@context":"https:\/\/schema.org","@graph":[{"@type":"WebSite","@id":"https:\/\/www.nettali.com\/#website","url":"https:\/\/www.nettali.com\/","name":"Nettali.com","description":"Le rendez-vous critique du Net","potentialAction":[{"@type":"SearchAction","target":{"@type":"EntryPoint","urlTemplate":"https:\/\/www.nettali.com\/?s={search_term_string}"},"query-input":"required name=search_term_string"}],"inLanguage":"fr-FR"},{"@type":"ImageObject","@id":"https:\/\/www.nettali.com\/2021\/12\/21\/par-diagne-fode-roland-voyage-de-macron-au-mali-annonce-puis-annule-le-multilateralisme-met-la-francafrique-en-difficulte\/#primaryimage","inLanguage":"fr-FR","url":"https:\/\/www.nettali.com\/wp-content\/uploads\/2021\/09\/Macron.jpg","contentUrl":"https:\/\/www.nettali.com\/wp-content\/uploads\/2021\/09\/Macron.jpg","width":613,"height":344},{"@type":"WebPage","@id":"https:\/\/www.nettali.com\/2021\/12\/21\/par-diagne-fode-roland-voyage-de-macron-au-mali-annonce-puis-annule-le-multilateralisme-met-la-francafrique-en-difficulte\/#webpage","url":"https:\/\/www.nettali.com\/2021\/12\/21\/par-diagne-fode-roland-voyage-de-macron-au-mali-annonce-puis-annule-le-multilateralisme-met-la-francafrique-en-difficulte\/","name":"PAR DIAGNE FODE ROLAND - VOYAGE DE MACRON AU MALI ANNONCE PUIS ANNULE \/ Le multilat\u00e9ralisme met la fran\u00e7afrique en difficult\u00e9 ! | Nettali.com","isPartOf":{"@id":"https:\/\/www.nettali.com\/#website"},"primaryImageOfPage":{"@id":"https:\/\/www.nettali.com\/2021\/12\/21\/par-diagne-fode-roland-voyage-de-macron-au-mali-annonce-puis-annule-le-multilateralisme-met-la-francafrique-en-difficulte\/#primaryimage"},"datePublished":"2021-12-21T10:49:45+00:00","dateModified":"2021-12-21T10:49:45+00:00","author":{"@id":"https:\/\/www.nettali.com\/#\/schema\/person\/8a06c6bd7b19304cf4bf985862900b5b"},"breadcrumb":{"@id":"https:\/\/www.nettali.com\/2021\/12\/21\/par-diagne-fode-roland-voyage-de-macron-au-mali-annonce-puis-annule-le-multilateralisme-met-la-francafrique-en-difficulte\/#breadcrumb"},"inLanguage":"fr-FR","potentialAction":[{"@type":"ReadAction","target":["https:\/\/www.nettali.com\/2021\/12\/21\/par-diagne-fode-roland-voyage-de-macron-au-mali-annonce-puis-annule-le-multilateralisme-met-la-francafrique-en-difficulte\/"]}]},{"@type":"BreadcrumbList","@id":"https:\/\/www.nettali.com\/2021\/12\/21\/par-diagne-fode-roland-voyage-de-macron-au-mali-annonce-puis-annule-le-multilateralisme-met-la-francafrique-en-difficulte\/#breadcrumb","itemListElement":[{"@type":"ListItem","position":1,"name":"Accueil","item":"https:\/\/www.nettali.com\/"},{"@type":"ListItem","position":2,"name":"PAR DIAGNE FODE ROLAND &#8211; VOYAGE DE MACRON AU MALI ANNONCE PUIS ANNULE \/ Le multilat\u00e9ralisme met la fran\u00e7afrique en difficult\u00e9 !"}]},{"@type":"Person","@id":"https:\/\/www.nettali.com\/#\/schema\/person\/8a06c6bd7b19304cf4bf985862900b5b","name":"Thierno Diop","image":{"@type":"ImageObject","@id":"https:\/\/www.nettali.com\/#personlogo","inLanguage":"fr-FR","url":"https:\/\/secure.gravatar.com\/avatar\/c8ca58550c94fd2ac856d27391a6c866?s=96&d=mm&r=g","contentUrl":"https:\/\/secure.gravatar.com\/avatar\/c8ca58550c94fd2ac856d27391a6c866?s=96&d=mm&r=g","caption":"Thierno Diop"},"sameAs":["https:\/\/nettali.com"]}]}},"_links":{"self":[{"href":"https:\/\/www.nettali.com\/rest\/wp\/v2\/posts\/77727"}],"collection":[{"href":"https:\/\/www.nettali.com\/rest\/wp\/v2\/posts"}],"about":[{"href":"https:\/\/www.nettali.com\/rest\/wp\/v2\/types\/post"}],"author":[{"embeddable":true,"href":"https:\/\/www.nettali.com\/rest\/wp\/v2\/users\/11"}],"replies":[{"embeddable":true,"href":"https:\/\/www.nettali.com\/rest\/wp\/v2\/comments?post=77727"}],"version-history":[{"count":1,"href":"https:\/\/www.nettali.com\/rest\/wp\/v2\/posts\/77727\/revisions"}],"predecessor-version":[{"id":77728,"href":"https:\/\/www.nettali.com\/rest\/wp\/v2\/posts\/77727\/revisions\/77728"}],"wp:featuredmedia":[{"embeddable":true,"href":"https:\/\/www.nettali.com\/rest\/wp\/v2\/media\/72892"}],"wp:attachment":[{"href":"https:\/\/www.nettali.com\/rest\/wp\/v2\/media?parent=77727"}],"wp:term":[{"taxonomy":"category","embeddable":true,"href":"https:\/\/www.nettali.com\/rest\/wp\/v2\/categories?post=77727"},{"taxonomy":"post_tag","embeddable":true,"href":"https:\/\/www.nettali.com\/rest\/wp\/v2\/tags?post=77727"}],"curies":[{"name":"wp","href":"https:\/\/api.w.org\/{rel}","templated":true}]}}