{"id":77724,"date":"2021-12-21T10:41:08","date_gmt":"2021-12-21T10:41:08","guid":{"rendered":"https:\/\/www.nettali.com\/?p=77724"},"modified":"2021-12-21T10:41:08","modified_gmt":"2021-12-21T10:41:08","slug":"trafic-presume-de-passeports-diplomatiques-les-deux-deputes-de-la-majorite-face-au-juge-aujourdhui","status":"publish","type":"post","link":"https:\/\/www.nettali.com\/2021\/12\/21\/trafic-presume-de-passeports-diplomatiques-les-deux-deputes-de-la-majorite-face-au-juge-aujourdhui\/","title":{"rendered":"TRAFIC PRESUME DE PASSEPORTS DIPLOMATIQUES \u2013 Les deux d\u00e9put\u00e9s de la majorit\u00e9 face au juge, aujourd\u2019hui"},"content":{"rendered":"<p><strong>NETTALI.COM \u2013 Accus\u00e9s dans une affaire de trafic de passeports diplomatiques, les d\u00e9put\u00e9s El Hadji Mamdou Sall et Boubacar Biaye<\/strong><\/p>\n<p>Cit\u00e9s dans une affaire suppos\u00e9e de trafic de passeports diplomatiques, les d\u00e9put\u00e9s Boubacar Biaye et Mamadou Sall, cit\u00e9s dans une affaire suppos\u00e9e de trafic de passeports diplomatiques, feront face, aujourd'hui, au juge d'instruction du deuxi\u00e8me cabinet d'instruction pr\u00e8s le Tribunal de grande instance de Dakar.<\/p>\n<p>Les deux d\u00e9put\u00e9s de Benno bok yakaar ont re\u00e7u leur notification de mandat de comparution et \u00e9taient de passage au greffe du cabinet pour la signature.<\/p>\n<p>Les d\u00e9put\u00e9s Boubacar Biaye et Mamadou Sall sont impliqu\u00e9s dans un trafic pr\u00e9sum\u00e9 de passeports diplomatiques.<\/p>\n<div class='share-to-whatsapp-wrapper'><div class='share-on-whsp'>PARTAGER SUR : <\/div><a data-text='TRAFIC PRESUME DE PASSEPORTS DIPLOMATIQUES \u2013 Les deux d\u00e9put\u00e9s de la majorit\u00e9 face au juge, aujourd\u2019hui' data-link='https:\/\/www.nettali.com\/2021\/12\/21\/trafic-presume-de-passeports-diplomatiques-les-deux-deputes-de-la-majorite-face-au-juge-aujourdhui\/' class='whatsapp-button whatsapp-share'>WhatsApp<\/a><div class='clear '><\/div><\/div>","protected":false},"excerpt":{"rendered":"<p>NETTALI.COM \u2013 Accus\u00e9s dans une affaire de trafic de passeports diplomatiques, les d\u00e9put\u00e9s El Hadji Mamdou Sall et Boubacar Biaye Cit\u00e9s dans une affaire suppos\u00e9e de trafic de passeports diplomatiques, les d\u00e9put\u00e9s Boubacar Biaye et Mamadou Sall, cit\u00e9s dans une affaire suppos\u00e9e de trafic de passeports diplomatiques, feront face, aujourd'hui, au juge d'instruction du deuxi\u00e8me [&hellip;]<\/p>\n","protected":false},"author":11,"featured_media":73766,"comment_status":"open","ping_status":"open","sticky":false,"template":"","format":"standard","meta":{"_et_pb_use_builder":"","_et_pb_old_content":""},"categories":[3],"tags":[],"yoast_head":"<!-- This site is optimized with the Yoast SEO Premium plugin v17.8 (Yoast SEO v17.8) - https:\/\/yoast.com\/wordpress\/plugins\/seo\/ -->\n<title>TRAFIC PRESUME DE PASSEPORTS DIPLOMATIQUES \u2013 Les deux d\u00e9put\u00e9s de la majorit\u00e9 face au juge, aujourd\u2019hui | Nettali.com<\/title>\n<meta name=\"robots\" content=\"index, follow, max-snippet:-1, max-image-preview:large, max-video-preview:-1\" \/>\n<link rel=\"canonical\" href=\"https:\/\/www.nettali.com\/2021\/12\/21\/trafic-presume-de-passeports-diplomatiques-les-deux-deputes-de-la-majorite-face-au-juge-aujourdhui\/\" \/>\n<meta property=\"og:locale\" content=\"fr_FR\" \/>\n<meta property=\"og:type\" content=\"article\" \/>\n<meta property=\"og:title\" content=\"TRAFIC PRESUME DE PASSEPORTS DIPLOMATIQUES \u2013 Les deux d\u00e9put\u00e9s de la majorit\u00e9 face au juge, aujourd\u2019hui\" \/>\n<meta property=\"og:description\" content=\"NETTALI.COM \u2013 Accus\u00e9s dans une affaire de trafic de passeports diplomatiques, les d\u00e9put\u00e9s El Hadji Mamdou Sall et Boubacar Biaye Cit\u00e9s dans une affaire suppos\u00e9e de trafic de passeports diplomatiques, les d\u00e9put\u00e9s Boubacar Biaye et Mamadou Sall, cit\u00e9s dans une affaire suppos\u00e9e de trafic de passeports diplomatiques, feront face, aujourd&#039;hui, au juge d&#039;instruction du deuxi\u00e8me [&hellip;]\" \/>\n<meta property=\"og:url\" content=\"https:\/\/www.nettali.com\/2021\/12\/21\/trafic-presume-de-passeports-diplomatiques-les-deux-deputes-de-la-majorite-face-au-juge-aujourdhui\/\" \/>\n<meta property=\"og:site_name\" content=\"Nettali.com\" \/>\n<meta property=\"article:publisher\" content=\"https:\/\/www.facebook.com\/nettalicom\" \/>\n<meta property=\"article:published_time\" content=\"2021-12-21T10:41:08+00:00\" \/>\n<meta property=\"og:image\" content=\"https:\/\/www.nettali.com\/wp-content\/uploads\/2021\/10\/voici-les-deux-deputes-cites-dans-laffaire-de-trafic-de-passeports-696x445-1.jpg\" \/>\n\t<meta property=\"og:image:width\" content=\"696\" \/>\n\t<meta property=\"og:image:height\" content=\"445\" \/>\n<meta name=\"twitter:card\" content=\"summary_large_image\" \/>\n<meta name=\"twitter:label1\" content=\"\u00c9crit par\" \/>\n\t<meta name=\"twitter:data1\" content=\"Thierno Diop\" \/>\n\t<meta name=\"twitter:label2\" content=\"Dur\u00e9e de lecture estim\u00e9e\" \/>\n\t<meta name=\"twitter:data2\" content=\"1 minute\" \/>\n<script type=\"application\/ld+json\" class=\"yoast-schema-graph\">{\"@context\":\"https:\/\/schema.org\",\"@graph\":[{\"@type\":\"WebSite\",\"@id\":\"https:\/\/www.nettali.com\/#website\",\"url\":\"https:\/\/www.nettali.com\/\",\"name\":\"Nettali.com\",\"description\":\"Le rendez-vous critique du Net\",\"potentialAction\":[{\"@type\":\"SearchAction\",\"target\":{\"@type\":\"EntryPoint\",\"urlTemplate\":\"https:\/\/www.nettali.com\/?s={search_term_string}\"},\"query-input\":\"required name=search_term_string\"}],\"inLanguage\":\"fr-FR\"},{\"@type\":\"ImageObject\",\"@id\":\"https:\/\/www.nettali.com\/2021\/12\/21\/trafic-presume-de-passeports-diplomatiques-les-deux-deputes-de-la-majorite-face-au-juge-aujourdhui\/#primaryimage\",\"inLanguage\":\"fr-FR\",\"url\":\"https:\/\/www.nettali.com\/wp-content\/uploads\/2021\/10\/voici-les-deux-deputes-cites-dans-laffaire-de-trafic-de-passeports-696x445-1.jpg\",\"contentUrl\":\"https:\/\/www.nettali.com\/wp-content\/uploads\/2021\/10\/voici-les-deux-deputes-cites-dans-laffaire-de-trafic-de-passeports-696x445-1.jpg\",\"width\":696,\"height\":445},{\"@type\":\"WebPage\",\"@id\":\"https:\/\/www.nettali.com\/2021\/12\/21\/trafic-presume-de-passeports-diplomatiques-les-deux-deputes-de-la-majorite-face-au-juge-aujourdhui\/#webpage\",\"url\":\"https:\/\/www.nettali.com\/2021\/12\/21\/trafic-presume-de-passeports-diplomatiques-les-deux-deputes-de-la-majorite-face-au-juge-aujourdhui\/\",\"name\":\"TRAFIC PRESUME DE PASSEPORTS DIPLOMATIQUES \\u2013 Les deux d\\u00e9put\\u00e9s de la majorit\\u00e9 face au juge, aujourd\\u2019hui | Nettali.com\",\"isPartOf\":{\"@id\":\"https:\/\/www.nettali.com\/#website\"},\"primaryImageOfPage\":{\"@id\":\"https:\/\/www.nettali.com\/2021\/12\/21\/trafic-presume-de-passeports-diplomatiques-les-deux-deputes-de-la-majorite-face-au-juge-aujourdhui\/#primaryimage\"},\"datePublished\":\"2021-12-21T10:41:08+00:00\",\"dateModified\":\"2021-12-21T10:41:08+00:00\",\"author\":{\"@id\":\"https:\/\/www.nettali.com\/#\/schema\/person\/8a06c6bd7b19304cf4bf985862900b5b\"},\"breadcrumb\":{\"@id\":\"https:\/\/www.nettali.com\/2021\/12\/21\/trafic-presume-de-passeports-diplomatiques-les-deux-deputes-de-la-majorite-face-au-juge-aujourdhui\/#breadcrumb\"},\"inLanguage\":\"fr-FR\",\"potentialAction\":[{\"@type\":\"ReadAction\",\"target\":[\"https:\/\/www.nettali.com\/2021\/12\/21\/trafic-presume-de-passeports-diplomatiques-les-deux-deputes-de-la-majorite-face-au-juge-aujourdhui\/\"]}]},{\"@type\":\"BreadcrumbList\",\"@id\":\"https:\/\/www.nettali.com\/2021\/12\/21\/trafic-presume-de-passeports-diplomatiques-les-deux-deputes-de-la-majorite-face-au-juge-aujourdhui\/#breadcrumb\",\"itemListElement\":[{\"@type\":\"ListItem\",\"position\":1,\"name\":\"Accueil\",\"item\":\"https:\/\/www.nettali.com\/\"},{\"@type\":\"ListItem\",\"position\":2,\"name\":\"TRAFIC PRESUME DE PASSEPORTS DIPLOMATIQUES \\u2013 Les deux d\\u00e9put\\u00e9s de la majorit\\u00e9 face au juge, aujourd\\u2019hui\"}]},{\"@type\":\"Person\",\"@id\":\"https:\/\/www.nettali.com\/#\/schema\/person\/8a06c6bd7b19304cf4bf985862900b5b\",\"name\":\"Thierno Diop\",\"image\":{\"@type\":\"ImageObject\",\"@id\":\"https:\/\/www.nettali.com\/#personlogo\",\"inLanguage\":\"fr-FR\",\"url\":\"https:\/\/secure.gravatar.com\/avatar\/c8ca58550c94fd2ac856d27391a6c866?s=96&d=mm&r=g\",\"contentUrl\":\"https:\/\/secure.gravatar.com\/avatar\/c8ca58550c94fd2ac856d27391a6c866?s=96&d=mm&r=g\",\"caption\":\"Thierno Diop\"},\"sameAs\":[\"https:\/\/nettali.com\"]}]}<\/script>\n<!-- \/ Yoast SEO Premium plugin. -->","yoast_head_json":{"title":"TRAFIC PRESUME DE PASSEPORTS DIPLOMATIQUES \u2013 Les deux d\u00e9put\u00e9s de la majorit\u00e9 face au juge, aujourd\u2019hui | Nettali.com","robots":{"index":"index","follow":"follow","max-snippet":"max-snippet:-1","max-image-preview":"max-image-preview:large","max-video-preview":"max-video-preview:-1"},"canonical":"https:\/\/www.nettali.com\/2021\/12\/21\/trafic-presume-de-passeports-diplomatiques-les-deux-deputes-de-la-majorite-face-au-juge-aujourdhui\/","og_locale":"fr_FR","og_type":"article","og_title":"TRAFIC PRESUME DE PASSEPORTS DIPLOMATIQUES \u2013 Les deux d\u00e9put\u00e9s de la majorit\u00e9 face au juge, aujourd\u2019hui","og_description":"NETTALI.COM \u2013 Accus\u00e9s dans une affaire de trafic de passeports diplomatiques, les d\u00e9put\u00e9s El Hadji Mamdou Sall et Boubacar Biaye Cit\u00e9s dans une affaire suppos\u00e9e de trafic de passeports diplomatiques, les d\u00e9put\u00e9s Boubacar Biaye et Mamadou Sall, cit\u00e9s dans une affaire suppos\u00e9e de trafic de passeports diplomatiques, feront face, aujourd'hui, au juge d'instruction du deuxi\u00e8me [&hellip;]","og_url":"https:\/\/www.nettali.com\/2021\/12\/21\/trafic-presume-de-passeports-diplomatiques-les-deux-deputes-de-la-majorite-face-au-juge-aujourdhui\/","og_site_name":"Nettali.com","article_publisher":"https:\/\/www.facebook.com\/nettalicom","article_published_time":"2021-12-21T10:41:08+00:00","og_image":[{"width":696,"height":445,"url":"https:\/\/www.nettali.com\/wp-content\/uploads\/2021\/10\/voici-les-deux-deputes-cites-dans-laffaire-de-trafic-de-passeports-696x445-1.jpg","type":"image\/jpeg"}],"twitter_card":"summary_large_image","twitter_misc":{"\u00c9crit par":"Thierno Diop","Dur\u00e9e de lecture estim\u00e9e":"1 minute"},"schema":{"@context":"https:\/\/schema.org","@graph":[{"@type":"WebSite","@id":"https:\/\/www.nettali.com\/#website","url":"https:\/\/www.nettali.com\/","name":"Nettali.com","description":"Le rendez-vous critique du Net","potentialAction":[{"@type":"SearchAction","target":{"@type":"EntryPoint","urlTemplate":"https:\/\/www.nettali.com\/?s={search_term_string}"},"query-input":"required name=search_term_string"}],"inLanguage":"fr-FR"},{"@type":"ImageObject","@id":"https:\/\/www.nettali.com\/2021\/12\/21\/trafic-presume-de-passeports-diplomatiques-les-deux-deputes-de-la-majorite-face-au-juge-aujourdhui\/#primaryimage","inLanguage":"fr-FR","url":"https:\/\/www.nettali.com\/wp-content\/uploads\/2021\/10\/voici-les-deux-deputes-cites-dans-laffaire-de-trafic-de-passeports-696x445-1.jpg","contentUrl":"https:\/\/www.nettali.com\/wp-content\/uploads\/2021\/10\/voici-les-deux-deputes-cites-dans-laffaire-de-trafic-de-passeports-696x445-1.jpg","width":696,"height":445},{"@type":"WebPage","@id":"https:\/\/www.nettali.com\/2021\/12\/21\/trafic-presume-de-passeports-diplomatiques-les-deux-deputes-de-la-majorite-face-au-juge-aujourdhui\/#webpage","url":"https:\/\/www.nettali.com\/2021\/12\/21\/trafic-presume-de-passeports-diplomatiques-les-deux-deputes-de-la-majorite-face-au-juge-aujourdhui\/","name":"TRAFIC PRESUME DE PASSEPORTS DIPLOMATIQUES \u2013 Les deux d\u00e9put\u00e9s de la majorit\u00e9 face au juge, aujourd\u2019hui | Nettali.com","isPartOf":{"@id":"https:\/\/www.nettali.com\/#website"},"primaryImageOfPage":{"@id":"https:\/\/www.nettali.com\/2021\/12\/21\/trafic-presume-de-passeports-diplomatiques-les-deux-deputes-de-la-majorite-face-au-juge-aujourdhui\/#primaryimage"},"datePublished":"2021-12-21T10:41:08+00:00","dateModified":"2021-12-21T10:41:08+00:00","author":{"@id":"https:\/\/www.nettali.com\/#\/schema\/person\/8a06c6bd7b19304cf4bf985862900b5b"},"breadcrumb":{"@id":"https:\/\/www.nettali.com\/2021\/12\/21\/trafic-presume-de-passeports-diplomatiques-les-deux-deputes-de-la-majorite-face-au-juge-aujourdhui\/#breadcrumb"},"inLanguage":"fr-FR","potentialAction":[{"@type":"ReadAction","target":["https:\/\/www.nettali.com\/2021\/12\/21\/trafic-presume-de-passeports-diplomatiques-les-deux-deputes-de-la-majorite-face-au-juge-aujourdhui\/"]}]},{"@type":"BreadcrumbList","@id":"https:\/\/www.nettali.com\/2021\/12\/21\/trafic-presume-de-passeports-diplomatiques-les-deux-deputes-de-la-majorite-face-au-juge-aujourdhui\/#breadcrumb","itemListElement":[{"@type":"ListItem","position":1,"name":"Accueil","item":"https:\/\/www.nettali.com\/"},{"@type":"ListItem","position":2,"name":"TRAFIC PRESUME DE PASSEPORTS DIPLOMATIQUES \u2013 Les deux d\u00e9put\u00e9s de la majorit\u00e9 face au juge, aujourd\u2019hui"}]},{"@type":"Person","@id":"https:\/\/www.nettali.com\/#\/schema\/person\/8a06c6bd7b19304cf4bf985862900b5b","name":"Thierno Diop","image":{"@type":"ImageObject","@id":"https:\/\/www.nettali.com\/#personlogo","inLanguage":"fr-FR","url":"https:\/\/secure.gravatar.com\/avatar\/c8ca58550c94fd2ac856d27391a6c866?s=96&d=mm&r=g","contentUrl":"https:\/\/secure.gravatar.com\/avatar\/c8ca58550c94fd2ac856d27391a6c866?s=96&d=mm&r=g","caption":"Thierno Diop"},"sameAs":["https:\/\/nettali.com"]}]}},"_links":{"self":[{"href":"https:\/\/www.nettali.com\/rest\/wp\/v2\/posts\/77724"}],"collection":[{"href":"https:\/\/www.nettali.com\/rest\/wp\/v2\/posts"}],"about":[{"href":"https:\/\/www.nettali.com\/rest\/wp\/v2\/types\/post"}],"author":[{"embeddable":true,"href":"https:\/\/www.nettali.com\/rest\/wp\/v2\/users\/11"}],"replies":[{"embeddable":true,"href":"https:\/\/www.nettali.com\/rest\/wp\/v2\/comments?post=77724"}],"version-history":[{"count":1,"href":"https:\/\/www.nettali.com\/rest\/wp\/v2\/posts\/77724\/revisions"}],"predecessor-version":[{"id":77725,"href":"https:\/\/www.nettali.com\/rest\/wp\/v2\/posts\/77724\/revisions\/77725"}],"wp:featuredmedia":[{"embeddable":true,"href":"https:\/\/www.nettali.com\/rest\/wp\/v2\/media\/73766"}],"wp:attachment":[{"href":"https:\/\/www.nettali.com\/rest\/wp\/v2\/media?parent=77724"}],"wp:term":[{"taxonomy":"category","embeddable":true,"href":"https:\/\/www.nettali.com\/rest\/wp\/v2\/categories?post=77724"},{"taxonomy":"post_tag","embeddable":true,"href":"https:\/\/www.nettali.com\/rest\/wp\/v2\/tags?post=77724"}],"curies":[{"name":"wp","href":"https:\/\/api.w.org\/{rel}","templated":true}]}}