{"id":77706,"date":"2021-12-20T23:14:31","date_gmt":"2021-12-20T23:14:31","guid":{"rendered":"https:\/\/www.nettali.com\/?p=77706"},"modified":"2021-12-20T23:14:31","modified_gmt":"2021-12-20T23:14:31","slug":"can-2021-motsepe-ecarte-tout-report","status":"publish","type":"post","link":"https:\/\/www.nettali.com\/2021\/12\/20\/can-2021-motsepe-ecarte-tout-report\/","title":{"rendered":"CAN 2021 - Motsepe \u00e9carte tout report"},"content":{"rendered":"<p><strong>NETTALI.COM - La Coupe d'Afrique des Nations ne sera pas report\u00e9e une seconde fois. Malgr\u00e9 la crise sanitaire, l'\u00e9dition 2021 de la comp\u00e9tition aura bien lieu du 9 janvier au 6 f\u00e9vrier prochains, au Cameroun. C'est, en tout cas, ce qu'a assur\u00e9 le pr\u00e9sident de la Conf\u00e9d\u00e9ration Africaine de Football (CAF), Patrice Motsepe.<\/strong><\/p>\n<p>\" <em>Je serai au Cameroun le 7 janvier (\u2026) pour la CAN, qui commence le 9 janvier. Je suis si fier du travail effectu\u00e9. On peut se rendre compte de l\u2019ampleur des engagements pris pour que les probl\u00e8mes \u00e9voqu\u00e9s ces derniers jours soient r\u00e9gl\u00e9s<\/em>\", a d\u00e9clar\u00e9 Patrice Motsepe \u00e0 la fin d\u2019une visite au stade d\u2019Olemb\u00e9, situ\u00e9 dans la capitale camerounaise.<\/p>\n<p>\" <em>Nous allons organiser cette CAN, en partenariat avec le gouvernement du Cameroun, le peuple du Cameroun, la CAF et le nouveau pr\u00e9sident de la F\u00e9d\u00e9ration camerounaise Samuel Eto\u2019o. Nous sommes pr\u00eats \u00e0 montrer au monde le meilleur du football africain, le meilleur de l\u2019hospitalit\u00e9 africaine. Ce sera une CAN r\u00e9ussie, la plus r\u00e9ussie de toutes !<\/em>\", a lanc\u00e9 le dirigeant.<\/p>\n<div class='share-to-whatsapp-wrapper'><div class='share-on-whsp'>PARTAGER SUR : <\/div><a data-text='CAN 2021 - Motsepe \u00e9carte tout report' data-link='https:\/\/www.nettali.com\/2021\/12\/20\/can-2021-motsepe-ecarte-tout-report\/' class='whatsapp-button whatsapp-share'>WhatsApp<\/a><div class='clear '><\/div><\/div>","protected":false},"excerpt":{"rendered":"<p>NETTALI.COM - La Coupe d'Afrique des Nations ne sera pas report\u00e9e une seconde fois. Malgr\u00e9 la crise sanitaire, l'\u00e9dition 2021 de la comp\u00e9tition aura bien lieu du 9 janvier au 6 f\u00e9vrier prochains, au Cameroun. C'est, en tout cas, ce qu'a assur\u00e9 le pr\u00e9sident de la Conf\u00e9d\u00e9ration Africaine de Football (CAF), Patrice Motsepe. \" Je [&hellip;]<\/p>\n","protected":false},"author":5,"featured_media":77707,"comment_status":"open","ping_status":"open","sticky":false,"template":"","format":"standard","meta":{"_et_pb_use_builder":"","_et_pb_old_content":""},"categories":[6],"tags":[],"yoast_head":"<!-- This site is optimized with the Yoast SEO Premium plugin v17.8 (Yoast SEO v17.8) - https:\/\/yoast.com\/wordpress\/plugins\/seo\/ -->\n<title>CAN 2021 - Motsepe \u00e9carte tout report | Nettali.com<\/title>\n<meta name=\"robots\" content=\"index, follow, max-snippet:-1, max-image-preview:large, max-video-preview:-1\" \/>\n<link rel=\"canonical\" href=\"https:\/\/www.nettali.com\/2021\/12\/20\/can-2021-motsepe-ecarte-tout-report\/\" \/>\n<meta property=\"og:locale\" content=\"fr_FR\" \/>\n<meta property=\"og:type\" content=\"article\" \/>\n<meta property=\"og:title\" content=\"CAN 2021 - Motsepe \u00e9carte tout report\" \/>\n<meta property=\"og:description\" content=\"NETTALI.COM - La Coupe d&#039;Afrique des Nations ne sera pas report\u00e9e une seconde fois. Malgr\u00e9 la crise sanitaire, l&#039;\u00e9dition 2021 de la comp\u00e9tition aura bien lieu du 9 janvier au 6 f\u00e9vrier prochains, au Cameroun. C&#039;est, en tout cas, ce qu&#039;a assur\u00e9 le pr\u00e9sident de la Conf\u00e9d\u00e9ration Africaine de Football (CAF), Patrice Motsepe. &quot; Je [&hellip;]\" \/>\n<meta property=\"og:url\" content=\"https:\/\/www.nettali.com\/2021\/12\/20\/can-2021-motsepe-ecarte-tout-report\/\" \/>\n<meta property=\"og:site_name\" content=\"Nettali.com\" \/>\n<meta property=\"article:publisher\" content=\"https:\/\/www.facebook.com\/nettalicom\" \/>\n<meta property=\"article:published_time\" content=\"2021-12-20T23:14:31+00:00\" \/>\n<meta property=\"og:image\" content=\"https:\/\/www.nettali.com\/wp-content\/uploads\/2021\/12\/WhatsApp-Image-2021-09-17-at-16.25.52.jpeg\" \/>\n\t<meta property=\"og:image:width\" content=\"685\" \/>\n\t<meta property=\"og:image:height\" content=\"450\" \/>\n<meta name=\"twitter:card\" content=\"summary_large_image\" \/>\n<meta name=\"twitter:label1\" content=\"\u00c9crit par\" \/>\n\t<meta name=\"twitter:data1\" content=\"Ibrahima\" \/>\n\t<meta name=\"twitter:label2\" content=\"Dur\u00e9e de lecture estim\u00e9e\" \/>\n\t<meta name=\"twitter:data2\" content=\"1 minute\" \/>\n<script type=\"application\/ld+json\" class=\"yoast-schema-graph\">{\"@context\":\"https:\/\/schema.org\",\"@graph\":[{\"@type\":\"WebSite\",\"@id\":\"https:\/\/www.nettali.com\/#website\",\"url\":\"https:\/\/www.nettali.com\/\",\"name\":\"Nettali.com\",\"description\":\"Le rendez-vous critique du Net\",\"potentialAction\":[{\"@type\":\"SearchAction\",\"target\":{\"@type\":\"EntryPoint\",\"urlTemplate\":\"https:\/\/www.nettali.com\/?s={search_term_string}\"},\"query-input\":\"required name=search_term_string\"}],\"inLanguage\":\"fr-FR\"},{\"@type\":\"ImageObject\",\"@id\":\"https:\/\/www.nettali.com\/2021\/12\/20\/can-2021-motsepe-ecarte-tout-report\/#primaryimage\",\"inLanguage\":\"fr-FR\",\"url\":\"https:\/\/www.nettali.com\/wp-content\/uploads\/2021\/12\/WhatsApp-Image-2021-09-17-at-16.25.52.jpeg\",\"contentUrl\":\"https:\/\/www.nettali.com\/wp-content\/uploads\/2021\/12\/WhatsApp-Image-2021-09-17-at-16.25.52.jpeg\",\"width\":685,\"height\":450},{\"@type\":\"WebPage\",\"@id\":\"https:\/\/www.nettali.com\/2021\/12\/20\/can-2021-motsepe-ecarte-tout-report\/#webpage\",\"url\":\"https:\/\/www.nettali.com\/2021\/12\/20\/can-2021-motsepe-ecarte-tout-report\/\",\"name\":\"CAN 2021 - Motsepe \\u00e9carte tout report | Nettali.com\",\"isPartOf\":{\"@id\":\"https:\/\/www.nettali.com\/#website\"},\"primaryImageOfPage\":{\"@id\":\"https:\/\/www.nettali.com\/2021\/12\/20\/can-2021-motsepe-ecarte-tout-report\/#primaryimage\"},\"datePublished\":\"2021-12-20T23:14:31+00:00\",\"dateModified\":\"2021-12-20T23:14:31+00:00\",\"author\":{\"@id\":\"https:\/\/www.nettali.com\/#\/schema\/person\/bb147657c2986240405a608162b9bb23\"},\"breadcrumb\":{\"@id\":\"https:\/\/www.nettali.com\/2021\/12\/20\/can-2021-motsepe-ecarte-tout-report\/#breadcrumb\"},\"inLanguage\":\"fr-FR\",\"potentialAction\":[{\"@type\":\"ReadAction\",\"target\":[\"https:\/\/www.nettali.com\/2021\/12\/20\/can-2021-motsepe-ecarte-tout-report\/\"]}]},{\"@type\":\"BreadcrumbList\",\"@id\":\"https:\/\/www.nettali.com\/2021\/12\/20\/can-2021-motsepe-ecarte-tout-report\/#breadcrumb\",\"itemListElement\":[{\"@type\":\"ListItem\",\"position\":1,\"name\":\"Accueil\",\"item\":\"https:\/\/www.nettali.com\/\"},{\"@type\":\"ListItem\",\"position\":2,\"name\":\"CAN 2021 &#8211; Motsepe \\u00e9carte tout report\"}]},{\"@type\":\"Person\",\"@id\":\"https:\/\/www.nettali.com\/#\/schema\/person\/bb147657c2986240405a608162b9bb23\",\"name\":\"Ibrahima\",\"image\":{\"@type\":\"ImageObject\",\"@id\":\"https:\/\/www.nettali.com\/#personlogo\",\"inLanguage\":\"fr-FR\",\"url\":\"https:\/\/secure.gravatar.com\/avatar\/26a8a81f09f0dd7624c9d5c36c9ba3a2?s=96&d=mm&r=g\",\"contentUrl\":\"https:\/\/secure.gravatar.com\/avatar\/26a8a81f09f0dd7624c9d5c36c9ba3a2?s=96&d=mm&r=g\",\"caption\":\"Ibrahima\"},\"sameAs\":[\"https:\/\/www.nettali.com\"]}]}<\/script>\n<!-- \/ Yoast SEO Premium plugin. -->","yoast_head_json":{"title":"CAN 2021 - Motsepe \u00e9carte tout report | Nettali.com","robots":{"index":"index","follow":"follow","max-snippet":"max-snippet:-1","max-image-preview":"max-image-preview:large","max-video-preview":"max-video-preview:-1"},"canonical":"https:\/\/www.nettali.com\/2021\/12\/20\/can-2021-motsepe-ecarte-tout-report\/","og_locale":"fr_FR","og_type":"article","og_title":"CAN 2021 - Motsepe \u00e9carte tout report","og_description":"NETTALI.COM - La Coupe d'Afrique des Nations ne sera pas report\u00e9e une seconde fois. Malgr\u00e9 la crise sanitaire, l'\u00e9dition 2021 de la comp\u00e9tition aura bien lieu du 9 janvier au 6 f\u00e9vrier prochains, au Cameroun. C'est, en tout cas, ce qu'a assur\u00e9 le pr\u00e9sident de la Conf\u00e9d\u00e9ration Africaine de Football (CAF), Patrice Motsepe. \" Je [&hellip;]","og_url":"https:\/\/www.nettali.com\/2021\/12\/20\/can-2021-motsepe-ecarte-tout-report\/","og_site_name":"Nettali.com","article_publisher":"https:\/\/www.facebook.com\/nettalicom","article_published_time":"2021-12-20T23:14:31+00:00","og_image":[{"width":685,"height":450,"url":"https:\/\/www.nettali.com\/wp-content\/uploads\/2021\/12\/WhatsApp-Image-2021-09-17-at-16.25.52.jpeg","type":"image\/jpeg"}],"twitter_card":"summary_large_image","twitter_misc":{"\u00c9crit par":"Ibrahima","Dur\u00e9e de lecture estim\u00e9e":"1 minute"},"schema":{"@context":"https:\/\/schema.org","@graph":[{"@type":"WebSite","@id":"https:\/\/www.nettali.com\/#website","url":"https:\/\/www.nettali.com\/","name":"Nettali.com","description":"Le rendez-vous critique du Net","potentialAction":[{"@type":"SearchAction","target":{"@type":"EntryPoint","urlTemplate":"https:\/\/www.nettali.com\/?s={search_term_string}"},"query-input":"required name=search_term_string"}],"inLanguage":"fr-FR"},{"@type":"ImageObject","@id":"https:\/\/www.nettali.com\/2021\/12\/20\/can-2021-motsepe-ecarte-tout-report\/#primaryimage","inLanguage":"fr-FR","url":"https:\/\/www.nettali.com\/wp-content\/uploads\/2021\/12\/WhatsApp-Image-2021-09-17-at-16.25.52.jpeg","contentUrl":"https:\/\/www.nettali.com\/wp-content\/uploads\/2021\/12\/WhatsApp-Image-2021-09-17-at-16.25.52.jpeg","width":685,"height":450},{"@type":"WebPage","@id":"https:\/\/www.nettali.com\/2021\/12\/20\/can-2021-motsepe-ecarte-tout-report\/#webpage","url":"https:\/\/www.nettali.com\/2021\/12\/20\/can-2021-motsepe-ecarte-tout-report\/","name":"CAN 2021 - Motsepe \u00e9carte tout report | Nettali.com","isPartOf":{"@id":"https:\/\/www.nettali.com\/#website"},"primaryImageOfPage":{"@id":"https:\/\/www.nettali.com\/2021\/12\/20\/can-2021-motsepe-ecarte-tout-report\/#primaryimage"},"datePublished":"2021-12-20T23:14:31+00:00","dateModified":"2021-12-20T23:14:31+00:00","author":{"@id":"https:\/\/www.nettali.com\/#\/schema\/person\/bb147657c2986240405a608162b9bb23"},"breadcrumb":{"@id":"https:\/\/www.nettali.com\/2021\/12\/20\/can-2021-motsepe-ecarte-tout-report\/#breadcrumb"},"inLanguage":"fr-FR","potentialAction":[{"@type":"ReadAction","target":["https:\/\/www.nettali.com\/2021\/12\/20\/can-2021-motsepe-ecarte-tout-report\/"]}]},{"@type":"BreadcrumbList","@id":"https:\/\/www.nettali.com\/2021\/12\/20\/can-2021-motsepe-ecarte-tout-report\/#breadcrumb","itemListElement":[{"@type":"ListItem","position":1,"name":"Accueil","item":"https:\/\/www.nettali.com\/"},{"@type":"ListItem","position":2,"name":"CAN 2021 &#8211; Motsepe \u00e9carte tout report"}]},{"@type":"Person","@id":"https:\/\/www.nettali.com\/#\/schema\/person\/bb147657c2986240405a608162b9bb23","name":"Ibrahima","image":{"@type":"ImageObject","@id":"https:\/\/www.nettali.com\/#personlogo","inLanguage":"fr-FR","url":"https:\/\/secure.gravatar.com\/avatar\/26a8a81f09f0dd7624c9d5c36c9ba3a2?s=96&d=mm&r=g","contentUrl":"https:\/\/secure.gravatar.com\/avatar\/26a8a81f09f0dd7624c9d5c36c9ba3a2?s=96&d=mm&r=g","caption":"Ibrahima"},"sameAs":["https:\/\/www.nettali.com"]}]}},"_links":{"self":[{"href":"https:\/\/www.nettali.com\/rest\/wp\/v2\/posts\/77706"}],"collection":[{"href":"https:\/\/www.nettali.com\/rest\/wp\/v2\/posts"}],"about":[{"href":"https:\/\/www.nettali.com\/rest\/wp\/v2\/types\/post"}],"author":[{"embeddable":true,"href":"https:\/\/www.nettali.com\/rest\/wp\/v2\/users\/5"}],"replies":[{"embeddable":true,"href":"https:\/\/www.nettali.com\/rest\/wp\/v2\/comments?post=77706"}],"version-history":[{"count":3,"href":"https:\/\/www.nettali.com\/rest\/wp\/v2\/posts\/77706\/revisions"}],"predecessor-version":[{"id":77710,"href":"https:\/\/www.nettali.com\/rest\/wp\/v2\/posts\/77706\/revisions\/77710"}],"wp:featuredmedia":[{"embeddable":true,"href":"https:\/\/www.nettali.com\/rest\/wp\/v2\/media\/77707"}],"wp:attachment":[{"href":"https:\/\/www.nettali.com\/rest\/wp\/v2\/media?parent=77706"}],"wp:term":[{"taxonomy":"category","embeddable":true,"href":"https:\/\/www.nettali.com\/rest\/wp\/v2\/categories?post=77706"},{"taxonomy":"post_tag","embeddable":true,"href":"https:\/\/www.nettali.com\/rest\/wp\/v2\/tags?post=77706"}],"curies":[{"name":"wp","href":"https:\/\/api.w.org\/{rel}","templated":true}]}}