{"id":77682,"date":"2021-12-20T13:32:53","date_gmt":"2021-12-20T13:32:53","guid":{"rendered":"https:\/\/www.nettali.com\/?p=77682"},"modified":"2021-12-20T13:32:53","modified_gmt":"2021-12-20T13:32:53","slug":"macky-chante-la-constance-et-lefficacite-derdogan","status":"publish","type":"post","link":"https:\/\/www.nettali.com\/2021\/12\/20\/macky-chante-la-constance-et-lefficacite-derdogan\/","title":{"rendered":"Macky chante \u00abla constance et l\u2019efficacit\u00e9\u00bb d\u2019Erdogan"},"content":{"rendered":"<p><strong>NETTALI.COM - C\u2019est un discours \u00e9logieux que le chef de l\u2019Etat, Macky Sall, a servi \u00e0 l\u2019endroit du pr\u00e9sident turc, Recep Erdogan. Dans son discours au Troisi\u00e8me sommet Turquie-Afrique, le Pr\u00e9sident Macky Sall qui a t\u00e9moign\u00e9 du dynamisme du partenariat s\u00e9n\u00e9galo-turc, soutenant que depuis pr\u00e8s de dix (10) ans, la Turquie et le S\u00e9n\u00e9gal ont consid\u00e9rablement intensifi\u00e9 leurs relations politiques et diplomatiques.<\/strong><\/p>\n<p>Le pr\u00e9sident Macky Sall s\u2019est r\u00e9joui du partenariat entre le S\u00e9n\u00e9gal et le secteur priv\u00e9 turc dans la construction des chantiers \u00e0 forte intensit\u00e9 de main d\u2019\u0153uvre s\u00e9n\u00e9galaise. Il a formul\u00e9 des remerciements au Pr\u00e9sident Recep Tayyep Erdogan, pour son soutien constant et efficace \u00e0 la coop\u00e9ration s\u00e9n\u00e9galo-turque. <em>\u00ab<\/em><em>Je voudrais remercier notre h\u00f4te, le Pr\u00e9sident Recep Tayyip Erdogan, pour l\u2019accueil chaleureux et l\u2019hospitalit\u00e9 g\u00e9n\u00e9reuse qu\u2019il nous offre dans cette belle cit\u00e9 d\u2019Istanbul, carrefour historique d\u2019\u00e9changes et de rencontres. Sept ans apr\u00e8s notre dernier Sommet, nous sommes r\u00e9unis pour resserrer nos liens et baliser la voie du futur. Aux mutations g\u00e9opolitiques, s\u00e9curitaires et \u00e9conomiques, s\u2019est ajout\u00e9e une crise sanitaire sans pr\u00e9c\u00e9dent. Tout cela devrait faire de notre Sommet le point de d\u00e9part d\u2019une nouvelle \u00e8re dans la relation Turquie-Afrique\u00bb<\/em>, a fait savoir le Pr\u00e9sident Macky Sall.<\/p>\n<p>Il a appel\u00e9 ainsi \u00e0 travailler \u00e0 \u00e9tablir une collaboration r\u00e9nov\u00e9e, r\u00e9solument tourn\u00e9e vers un partenariat mutuellement b\u00e9n\u00e9fique, plus cibl\u00e9 et plus pragmatique, sur la base des compl\u00e9mentarit\u00e9s. A ce sujet, dit-il, l\u2019\u00e9valuation conjointe de la mise en \u0153uvre du plan 2015-2019 a pu noter quelques avanc\u00e9es dans la coop\u00e9ration institutionnelle, les \u00e9changes commerciaux, l\u2019\u00e9ducation et la formation. Les relations politiques et diplomatiques entre la Turquie et l\u2019Afrique se sont intensifi\u00e9es.<\/p>\n<p>A l\u2019endroit de ses homologues chefs d\u2019Etat africain, il ajoute que les Etats peuvent davantage relever le niveau de leurs \u00e9changes commerciaux et l\u2019investissement pour la r\u00e9alisation conjointe de projets d\u2019infrastructures de d\u00e9veloppement\u00a0en Afrique (infrastructures routi\u00e8res, autorouti\u00e8res, portuaires, a\u00e9roportuaires, ferroviaires, \u00e9lectriques, num\u00e9riques et industrielles).<\/p>\n<p>Macky Sall veut que la coop\u00e9ration soit mieux port\u00e9e sur l\u2019industrie pharmaceutique et m\u00e9dicale, ainsi que les cha\u00eenes de valeurs agricoles, compte tenu des risques r\u00e9currents de p\u00e9nuries auxquels ces secteurs sont de plus en plus expos\u00e9s.<\/p>\n<p><em>\u00abVoil\u00e0 ce qui contribuera \u00e0 hisser notre partenariat \u00e0 la hauteur de nos ambitions pour le futur, surtout dans le contexte de la mise en place de la Zone de libre-\u00e9change continental africaine\u00bb<\/em>, dit-il.<\/p>\n<div class='share-to-whatsapp-wrapper'><div class='share-on-whsp'>PARTAGER SUR : <\/div><a data-text='Macky chante \u00abla constance et l\u2019efficacit\u00e9\u00bb d\u2019Erdogan' data-link='https:\/\/www.nettali.com\/2021\/12\/20\/macky-chante-la-constance-et-lefficacite-derdogan\/' class='whatsapp-button whatsapp-share'>WhatsApp<\/a><div class='clear '><\/div><\/div>","protected":false},"excerpt":{"rendered":"<p>NETTALI.COM - C\u2019est un discours \u00e9logieux que le chef de l\u2019Etat, Macky Sall, a servi \u00e0 l\u2019endroit du pr\u00e9sident turc, Recep Erdogan. Dans son discours au Troisi\u00e8me sommet Turquie-Afrique, le Pr\u00e9sident Macky Sall qui a t\u00e9moign\u00e9 du dynamisme du partenariat s\u00e9n\u00e9galo-turc, soutenant que depuis pr\u00e8s de dix (10) ans, la Turquie et le S\u00e9n\u00e9gal ont [&hellip;]<\/p>\n","protected":false},"author":4,"featured_media":77579,"comment_status":"open","ping_status":"open","sticky":false,"template":"","format":"standard","meta":{"_et_pb_use_builder":"","_et_pb_old_content":""},"categories":[3],"tags":[],"yoast_head":"<!-- This site is optimized with the Yoast SEO Premium plugin v17.8 (Yoast SEO v17.8) - https:\/\/yoast.com\/wordpress\/plugins\/seo\/ -->\n<title>Macky chante \u00abla constance et l\u2019efficacit\u00e9\u00bb d\u2019Erdogan | Nettali.com<\/title>\n<meta name=\"robots\" content=\"index, follow, max-snippet:-1, max-image-preview:large, max-video-preview:-1\" \/>\n<link rel=\"canonical\" href=\"https:\/\/www.nettali.com\/2021\/12\/20\/macky-chante-la-constance-et-lefficacite-derdogan\/\" \/>\n<meta property=\"og:locale\" content=\"fr_FR\" \/>\n<meta property=\"og:type\" content=\"article\" \/>\n<meta property=\"og:title\" content=\"Macky chante \u00abla constance et l\u2019efficacit\u00e9\u00bb d\u2019Erdogan\" \/>\n<meta property=\"og:description\" content=\"NETTALI.COM - C\u2019est un discours \u00e9logieux que le chef de l\u2019Etat, Macky Sall, a servi \u00e0 l\u2019endroit du pr\u00e9sident turc, Recep Erdogan. Dans son discours au Troisi\u00e8me sommet Turquie-Afrique, le Pr\u00e9sident Macky Sall qui a t\u00e9moign\u00e9 du dynamisme du partenariat s\u00e9n\u00e9galo-turc, soutenant que depuis pr\u00e8s de dix (10) ans, la Turquie et le S\u00e9n\u00e9gal ont [&hellip;]\" \/>\n<meta property=\"og:url\" content=\"https:\/\/www.nettali.com\/2021\/12\/20\/macky-chante-la-constance-et-lefficacite-derdogan\/\" \/>\n<meta property=\"og:site_name\" content=\"Nettali.com\" \/>\n<meta property=\"article:publisher\" content=\"https:\/\/www.facebook.com\/nettalicom\" \/>\n<meta property=\"article:published_time\" content=\"2021-12-20T13:32:53+00:00\" \/>\n<meta property=\"og:image\" content=\"https:\/\/www.nettali.com\/wp-content\/uploads\/2021\/12\/macky-erdogan.jpg\" \/>\n\t<meta property=\"og:image:width\" content=\"612\" \/>\n\t<meta property=\"og:image:height\" content=\"306\" \/>\n<meta name=\"twitter:card\" content=\"summary_large_image\" \/>\n<meta name=\"twitter:label1\" content=\"\u00c9crit par\" \/>\n\t<meta name=\"twitter:data1\" content=\"Daouda\" \/>\n\t<meta name=\"twitter:label2\" content=\"Dur\u00e9e de lecture estim\u00e9e\" \/>\n\t<meta name=\"twitter:data2\" content=\"2 minutes\" \/>\n<script type=\"application\/ld+json\" class=\"yoast-schema-graph\">{\"@context\":\"https:\/\/schema.org\",\"@graph\":[{\"@type\":\"WebSite\",\"@id\":\"https:\/\/www.nettali.com\/#website\",\"url\":\"https:\/\/www.nettali.com\/\",\"name\":\"Nettali.com\",\"description\":\"Le rendez-vous critique du Net\",\"potentialAction\":[{\"@type\":\"SearchAction\",\"target\":{\"@type\":\"EntryPoint\",\"urlTemplate\":\"https:\/\/www.nettali.com\/?s={search_term_string}\"},\"query-input\":\"required name=search_term_string\"}],\"inLanguage\":\"fr-FR\"},{\"@type\":\"ImageObject\",\"@id\":\"https:\/\/www.nettali.com\/2021\/12\/20\/macky-chante-la-constance-et-lefficacite-derdogan\/#primaryimage\",\"inLanguage\":\"fr-FR\",\"url\":\"https:\/\/www.nettali.com\/wp-content\/uploads\/2021\/12\/macky-erdogan.jpg\",\"contentUrl\":\"https:\/\/www.nettali.com\/wp-content\/uploads\/2021\/12\/macky-erdogan.jpg\",\"width\":612,\"height\":306},{\"@type\":\"WebPage\",\"@id\":\"https:\/\/www.nettali.com\/2021\/12\/20\/macky-chante-la-constance-et-lefficacite-derdogan\/#webpage\",\"url\":\"https:\/\/www.nettali.com\/2021\/12\/20\/macky-chante-la-constance-et-lefficacite-derdogan\/\",\"name\":\"Macky chante \\u00abla constance et l\\u2019efficacit\\u00e9\\u00bb d\\u2019Erdogan | Nettali.com\",\"isPartOf\":{\"@id\":\"https:\/\/www.nettali.com\/#website\"},\"primaryImageOfPage\":{\"@id\":\"https:\/\/www.nettali.com\/2021\/12\/20\/macky-chante-la-constance-et-lefficacite-derdogan\/#primaryimage\"},\"datePublished\":\"2021-12-20T13:32:53+00:00\",\"dateModified\":\"2021-12-20T13:32:53+00:00\",\"author\":{\"@id\":\"https:\/\/www.nettali.com\/#\/schema\/person\/3317e0bb3aa1da309fbf7b2780901bf4\"},\"breadcrumb\":{\"@id\":\"https:\/\/www.nettali.com\/2021\/12\/20\/macky-chante-la-constance-et-lefficacite-derdogan\/#breadcrumb\"},\"inLanguage\":\"fr-FR\",\"potentialAction\":[{\"@type\":\"ReadAction\",\"target\":[\"https:\/\/www.nettali.com\/2021\/12\/20\/macky-chante-la-constance-et-lefficacite-derdogan\/\"]}]},{\"@type\":\"BreadcrumbList\",\"@id\":\"https:\/\/www.nettali.com\/2021\/12\/20\/macky-chante-la-constance-et-lefficacite-derdogan\/#breadcrumb\",\"itemListElement\":[{\"@type\":\"ListItem\",\"position\":1,\"name\":\"Accueil\",\"item\":\"https:\/\/www.nettali.com\/\"},{\"@type\":\"ListItem\",\"position\":2,\"name\":\"Macky chante \\u00abla constance et l\\u2019efficacit\\u00e9\\u00bb d\\u2019Erdogan\"}]},{\"@type\":\"Person\",\"@id\":\"https:\/\/www.nettali.com\/#\/schema\/person\/3317e0bb3aa1da309fbf7b2780901bf4\",\"name\":\"Daouda\",\"image\":{\"@type\":\"ImageObject\",\"@id\":\"https:\/\/www.nettali.com\/#personlogo\",\"inLanguage\":\"fr-FR\",\"url\":\"https:\/\/secure.gravatar.com\/avatar\/8d143b5a49345098ddcfee1c49c2f47c?s=96&d=mm&r=g\",\"contentUrl\":\"https:\/\/secure.gravatar.com\/avatar\/8d143b5a49345098ddcfee1c49c2f47c?s=96&d=mm&r=g\",\"caption\":\"Daouda\"},\"sameAs\":[\"https:\/\/www.nettali.com\"]}]}<\/script>\n<!-- \/ Yoast SEO Premium plugin. -->","yoast_head_json":{"title":"Macky chante \u00abla constance et l\u2019efficacit\u00e9\u00bb d\u2019Erdogan | Nettali.com","robots":{"index":"index","follow":"follow","max-snippet":"max-snippet:-1","max-image-preview":"max-image-preview:large","max-video-preview":"max-video-preview:-1"},"canonical":"https:\/\/www.nettali.com\/2021\/12\/20\/macky-chante-la-constance-et-lefficacite-derdogan\/","og_locale":"fr_FR","og_type":"article","og_title":"Macky chante \u00abla constance et l\u2019efficacit\u00e9\u00bb d\u2019Erdogan","og_description":"NETTALI.COM - C\u2019est un discours \u00e9logieux que le chef de l\u2019Etat, Macky Sall, a servi \u00e0 l\u2019endroit du pr\u00e9sident turc, Recep Erdogan. Dans son discours au Troisi\u00e8me sommet Turquie-Afrique, le Pr\u00e9sident Macky Sall qui a t\u00e9moign\u00e9 du dynamisme du partenariat s\u00e9n\u00e9galo-turc, soutenant que depuis pr\u00e8s de dix (10) ans, la Turquie et le S\u00e9n\u00e9gal ont [&hellip;]","og_url":"https:\/\/www.nettali.com\/2021\/12\/20\/macky-chante-la-constance-et-lefficacite-derdogan\/","og_site_name":"Nettali.com","article_publisher":"https:\/\/www.facebook.com\/nettalicom","article_published_time":"2021-12-20T13:32:53+00:00","og_image":[{"width":612,"height":306,"url":"https:\/\/www.nettali.com\/wp-content\/uploads\/2021\/12\/macky-erdogan.jpg","type":"image\/jpeg"}],"twitter_card":"summary_large_image","twitter_misc":{"\u00c9crit par":"Daouda","Dur\u00e9e de lecture estim\u00e9e":"2 minutes"},"schema":{"@context":"https:\/\/schema.org","@graph":[{"@type":"WebSite","@id":"https:\/\/www.nettali.com\/#website","url":"https:\/\/www.nettali.com\/","name":"Nettali.com","description":"Le rendez-vous critique du Net","potentialAction":[{"@type":"SearchAction","target":{"@type":"EntryPoint","urlTemplate":"https:\/\/www.nettali.com\/?s={search_term_string}"},"query-input":"required name=search_term_string"}],"inLanguage":"fr-FR"},{"@type":"ImageObject","@id":"https:\/\/www.nettali.com\/2021\/12\/20\/macky-chante-la-constance-et-lefficacite-derdogan\/#primaryimage","inLanguage":"fr-FR","url":"https:\/\/www.nettali.com\/wp-content\/uploads\/2021\/12\/macky-erdogan.jpg","contentUrl":"https:\/\/www.nettali.com\/wp-content\/uploads\/2021\/12\/macky-erdogan.jpg","width":612,"height":306},{"@type":"WebPage","@id":"https:\/\/www.nettali.com\/2021\/12\/20\/macky-chante-la-constance-et-lefficacite-derdogan\/#webpage","url":"https:\/\/www.nettali.com\/2021\/12\/20\/macky-chante-la-constance-et-lefficacite-derdogan\/","name":"Macky chante \u00abla constance et l\u2019efficacit\u00e9\u00bb d\u2019Erdogan | Nettali.com","isPartOf":{"@id":"https:\/\/www.nettali.com\/#website"},"primaryImageOfPage":{"@id":"https:\/\/www.nettali.com\/2021\/12\/20\/macky-chante-la-constance-et-lefficacite-derdogan\/#primaryimage"},"datePublished":"2021-12-20T13:32:53+00:00","dateModified":"2021-12-20T13:32:53+00:00","author":{"@id":"https:\/\/www.nettali.com\/#\/schema\/person\/3317e0bb3aa1da309fbf7b2780901bf4"},"breadcrumb":{"@id":"https:\/\/www.nettali.com\/2021\/12\/20\/macky-chante-la-constance-et-lefficacite-derdogan\/#breadcrumb"},"inLanguage":"fr-FR","potentialAction":[{"@type":"ReadAction","target":["https:\/\/www.nettali.com\/2021\/12\/20\/macky-chante-la-constance-et-lefficacite-derdogan\/"]}]},{"@type":"BreadcrumbList","@id":"https:\/\/www.nettali.com\/2021\/12\/20\/macky-chante-la-constance-et-lefficacite-derdogan\/#breadcrumb","itemListElement":[{"@type":"ListItem","position":1,"name":"Accueil","item":"https:\/\/www.nettali.com\/"},{"@type":"ListItem","position":2,"name":"Macky chante \u00abla constance et l\u2019efficacit\u00e9\u00bb d\u2019Erdogan"}]},{"@type":"Person","@id":"https:\/\/www.nettali.com\/#\/schema\/person\/3317e0bb3aa1da309fbf7b2780901bf4","name":"Daouda","image":{"@type":"ImageObject","@id":"https:\/\/www.nettali.com\/#personlogo","inLanguage":"fr-FR","url":"https:\/\/secure.gravatar.com\/avatar\/8d143b5a49345098ddcfee1c49c2f47c?s=96&d=mm&r=g","contentUrl":"https:\/\/secure.gravatar.com\/avatar\/8d143b5a49345098ddcfee1c49c2f47c?s=96&d=mm&r=g","caption":"Daouda"},"sameAs":["https:\/\/www.nettali.com"]}]}},"_links":{"self":[{"href":"https:\/\/www.nettali.com\/rest\/wp\/v2\/posts\/77682"}],"collection":[{"href":"https:\/\/www.nettali.com\/rest\/wp\/v2\/posts"}],"about":[{"href":"https:\/\/www.nettali.com\/rest\/wp\/v2\/types\/post"}],"author":[{"embeddable":true,"href":"https:\/\/www.nettali.com\/rest\/wp\/v2\/users\/4"}],"replies":[{"embeddable":true,"href":"https:\/\/www.nettali.com\/rest\/wp\/v2\/comments?post=77682"}],"version-history":[{"count":1,"href":"https:\/\/www.nettali.com\/rest\/wp\/v2\/posts\/77682\/revisions"}],"predecessor-version":[{"id":77683,"href":"https:\/\/www.nettali.com\/rest\/wp\/v2\/posts\/77682\/revisions\/77683"}],"wp:featuredmedia":[{"embeddable":true,"href":"https:\/\/www.nettali.com\/rest\/wp\/v2\/media\/77579"}],"wp:attachment":[{"href":"https:\/\/www.nettali.com\/rest\/wp\/v2\/media?parent=77682"}],"wp:term":[{"taxonomy":"category","embeddable":true,"href":"https:\/\/www.nettali.com\/rest\/wp\/v2\/categories?post=77682"},{"taxonomy":"post_tag","embeddable":true,"href":"https:\/\/www.nettali.com\/rest\/wp\/v2\/tags?post=77682"}],"curies":[{"name":"wp","href":"https:\/\/api.w.org\/{rel}","templated":true}]}}