{"id":77613,"date":"2021-12-20T10:39:13","date_gmt":"2021-12-20T10:39:13","guid":{"rendered":"https:\/\/www.nettali.com\/?p=77613"},"modified":"2021-12-20T10:39:13","modified_gmt":"2021-12-20T10:39:13","slug":"le-ceebu-jen-inscrit-au-patrimoine-immateriel-de-lhumanite-cela-augmente-le-rayonnement-du-pays-selon-souleymane-jules-diop","status":"publish","type":"post","link":"https:\/\/www.nettali.com\/2021\/12\/20\/le-ceebu-jen-inscrit-au-patrimoine-immateriel-de-lhumanite-cela-augmente-le-rayonnement-du-pays-selon-souleymane-jules-diop\/","title":{"rendered":"LE CEEBU J\u00cbN INSCRIT AU PATRIMOINE IMMAT\u00c9RIEL DE L'HUMANIT\u00c9-\u00a0\u00ab\u00a0Cela augmente le rayonnement du pays\u00a0\u00bb, selon Souleymane Jules Diop"},"content":{"rendered":"<p><strong>NETTALI.COM -<\/strong> <strong>L\u2019inscription du CEEBU J\u00cbN au patrimoine immat\u00e9riel de l\u2019humanit\u00e9 va contribuer davantage au rayonnement du S\u00e9n\u00e9gal \u00e0 l\u2019international. C\u2019est l\u2019avis de Souleymane Jules Diop, invit\u00e9 du Jury du dimanche.<\/strong><\/p>\n<p>Souleymane Jules Diop, ambassadeur d\u00e9l\u00e9gu\u00e9 permanent du S\u00e9n\u00e9gal aupr\u00e8s de l\u2019Unesco a \u00e9t\u00e9 l\u2019invit\u00e9 du Jury du dimanche. Au cours du d\u00e9bat, il a \u00e9t\u00e9 interpell\u00e9 sur l\u2019inscription du \u00ab\u00a0CEEBU J\u00cbN\u00a0\u00bb au patrimoine immat\u00e9riel de l\u2019humanit\u00e9. Il s\u2019en est f\u00e9licit\u00e9 avant de faire savoir que \u00ab\u00a0<em>cela augmente le rayonnement du pays \u00e0 l\u2019international\u00a0\u00bb.<\/em><\/p>\n<p>D\u2019apr\u00e8s lui, depuis\u00a0une semaine, des femmes asiatiques sont all\u00e9es chercher les recettes du \u00ab\u00a0CEEBU J\u00cbN\u00a0\u00bb et sont en train de le pr\u00e9parer. \u00ab\u00a0<em>C\u2019est un rayonnement pour le S\u00e9n\u00e9gal. Nous sommes cit\u00e9s dans tous les magazines sp\u00e9cialis\u00e9s. Je trouve que, au plan symbolique, \u00e7a doit \u00eatre salu\u00e9<\/em>\u00a0\u00bb, a expliqu\u00e9 Souleymane Jules Diop.<\/p>\n<p>Poursuivant, il indique qu ' \u00ab\u00a0<em>un peuple vaut par sa richesse mat\u00e9rielle mais la richesse mat\u00e9rielle s\u2019efface. Un peuple vaut aussi par son g\u00e9nie, sa richesse immat\u00e9rielle. Je trouve que nous avons des valeurs immat\u00e9rielles \u00e0 proposer au monde entier comme des mod\u00e8les<\/em> \u00bb. Selon lui, cette inscription du CEEBU J\u00cbN sur le patrimoine immat\u00e9riel va augmenter les chiffres d\u2019affaires des h\u00f4tels et des restaurants des S\u00e9n\u00e9galais qui sont \u00e0 l\u2019int\u00e9rieur comme \u00e0 l\u2019ext\u00e9rieur du pays. \u00ab <em>Ce sont les touristes qui vont venir et qui vont demander du CEEBU J\u00cbN<\/em>\u00a0\u00bb, dit-il.<\/p>\n<div class='share-to-whatsapp-wrapper'><div class='share-on-whsp'>PARTAGER SUR : <\/div><a data-text='LE CEEBU J\u00cbN INSCRIT AU PATRIMOINE IMMAT\u00c9RIEL DE L'HUMANIT\u00c9-\u00a0\u00ab\u00a0Cela augmente le rayonnement du pays\u00a0\u00bb, selon Souleymane Jules Diop' data-link='https:\/\/www.nettali.com\/2021\/12\/20\/le-ceebu-jen-inscrit-au-patrimoine-immateriel-de-lhumanite-cela-augmente-le-rayonnement-du-pays-selon-souleymane-jules-diop\/' class='whatsapp-button whatsapp-share'>WhatsApp<\/a><div class='clear '><\/div><\/div>","protected":false},"excerpt":{"rendered":"<p>NETTALI.COM - L\u2019inscription du CEEBU J\u00cbN au patrimoine immat\u00e9riel de l\u2019humanit\u00e9 va contribuer davantage au rayonnement du S\u00e9n\u00e9gal \u00e0 l\u2019international. C\u2019est l\u2019avis de Souleymane Jules Diop, invit\u00e9 du Jury du dimanche. Souleymane Jules Diop, ambassadeur d\u00e9l\u00e9gu\u00e9 permanent du S\u00e9n\u00e9gal aupr\u00e8s de l\u2019Unesco a \u00e9t\u00e9 l\u2019invit\u00e9 du Jury du dimanche. Au cours du d\u00e9bat, il a [&hellip;]<\/p>\n","protected":false},"author":6,"featured_media":11459,"comment_status":"open","ping_status":"open","sticky":false,"template":"","format":"standard","meta":{"_et_pb_use_builder":"","_et_pb_old_content":""},"categories":[5],"tags":[],"yoast_head":"<!-- This site is optimized with the Yoast SEO Premium plugin v17.8 (Yoast SEO v17.8) - https:\/\/yoast.com\/wordpress\/plugins\/seo\/ -->\n<title>LE CEEBU J\u00cbN INSCRIT AU PATRIMOINE IMMAT\u00c9RIEL DE L&#039;HUMANIT\u00c9-\u00a0\u00ab\u00a0Cela augmente le rayonnement du pays\u00a0\u00bb, selon Souleymane Jules Diop | Nettali.com<\/title>\n<meta name=\"robots\" content=\"index, follow, max-snippet:-1, max-image-preview:large, max-video-preview:-1\" \/>\n<link rel=\"canonical\" href=\"https:\/\/www.nettali.com\/2021\/12\/20\/le-ceebu-jen-inscrit-au-patrimoine-immateriel-de-lhumanite-cela-augmente-le-rayonnement-du-pays-selon-souleymane-jules-diop\/\" \/>\n<meta property=\"og:locale\" content=\"fr_FR\" \/>\n<meta property=\"og:type\" content=\"article\" \/>\n<meta property=\"og:title\" content=\"LE CEEBU J\u00cbN INSCRIT AU PATRIMOINE IMMAT\u00c9RIEL DE L&#039;HUMANIT\u00c9-\u00a0\u00ab\u00a0Cela augmente le rayonnement du pays\u00a0\u00bb, selon Souleymane Jules Diop\" \/>\n<meta property=\"og:description\" content=\"NETTALI.COM - L\u2019inscription du CEEBU J\u00cbN au patrimoine immat\u00e9riel de l\u2019humanit\u00e9 va contribuer davantage au rayonnement du S\u00e9n\u00e9gal \u00e0 l\u2019international. C\u2019est l\u2019avis de Souleymane Jules Diop, invit\u00e9 du Jury du dimanche. Souleymane Jules Diop, ambassadeur d\u00e9l\u00e9gu\u00e9 permanent du S\u00e9n\u00e9gal aupr\u00e8s de l\u2019Unesco a \u00e9t\u00e9 l\u2019invit\u00e9 du Jury du dimanche. Au cours du d\u00e9bat, il a [&hellip;]\" \/>\n<meta property=\"og:url\" content=\"https:\/\/www.nettali.com\/2021\/12\/20\/le-ceebu-jen-inscrit-au-patrimoine-immateriel-de-lhumanite-cela-augmente-le-rayonnement-du-pays-selon-souleymane-jules-diop\/\" \/>\n<meta property=\"og:site_name\" content=\"Nettali.com\" \/>\n<meta property=\"article:publisher\" content=\"https:\/\/www.facebook.com\/nettalicom\" \/>\n<meta property=\"article:published_time\" content=\"2021-12-20T10:39:13+00:00\" \/>\n<meta property=\"og:image\" content=\"https:\/\/www.nettali.com\/wp-content\/uploads\/2019\/06\/Souleymane-Jules-Diop.jpg\" \/>\n\t<meta property=\"og:image:width\" content=\"797\" \/>\n\t<meta property=\"og:image:height\" content=\"372\" \/>\n<meta name=\"twitter:card\" content=\"summary_large_image\" \/>\n<meta name=\"twitter:label1\" content=\"\u00c9crit par\" \/>\n\t<meta name=\"twitter:data1\" content=\"Fatou\" \/>\n\t<meta name=\"twitter:label2\" content=\"Dur\u00e9e de lecture estim\u00e9e\" \/>\n\t<meta name=\"twitter:data2\" content=\"1 minute\" \/>\n<script type=\"application\/ld+json\" class=\"yoast-schema-graph\">{\"@context\":\"https:\/\/schema.org\",\"@graph\":[{\"@type\":\"WebSite\",\"@id\":\"https:\/\/www.nettali.com\/#website\",\"url\":\"https:\/\/www.nettali.com\/\",\"name\":\"Nettali.com\",\"description\":\"Le rendez-vous critique du Net\",\"potentialAction\":[{\"@type\":\"SearchAction\",\"target\":{\"@type\":\"EntryPoint\",\"urlTemplate\":\"https:\/\/www.nettali.com\/?s={search_term_string}\"},\"query-input\":\"required name=search_term_string\"}],\"inLanguage\":\"fr-FR\"},{\"@type\":\"ImageObject\",\"@id\":\"https:\/\/www.nettali.com\/2021\/12\/20\/le-ceebu-jen-inscrit-au-patrimoine-immateriel-de-lhumanite-cela-augmente-le-rayonnement-du-pays-selon-souleymane-jules-diop\/#primaryimage\",\"inLanguage\":\"fr-FR\",\"url\":\"https:\/\/www.nettali.com\/wp-content\/uploads\/2019\/06\/Souleymane-Jules-Diop.jpg\",\"contentUrl\":\"https:\/\/www.nettali.com\/wp-content\/uploads\/2019\/06\/Souleymane-Jules-Diop.jpg\",\"width\":797,\"height\":372},{\"@type\":\"WebPage\",\"@id\":\"https:\/\/www.nettali.com\/2021\/12\/20\/le-ceebu-jen-inscrit-au-patrimoine-immateriel-de-lhumanite-cela-augmente-le-rayonnement-du-pays-selon-souleymane-jules-diop\/#webpage\",\"url\":\"https:\/\/www.nettali.com\/2021\/12\/20\/le-ceebu-jen-inscrit-au-patrimoine-immateriel-de-lhumanite-cela-augmente-le-rayonnement-du-pays-selon-souleymane-jules-diop\/\",\"name\":\"LE CEEBU J\\u00cbN INSCRIT AU PATRIMOINE IMMAT\\u00c9RIEL DE L'HUMANIT\\u00c9-\\u00a0\\u00ab\\u00a0Cela augmente le rayonnement du pays\\u00a0\\u00bb, selon Souleymane Jules Diop | Nettali.com\",\"isPartOf\":{\"@id\":\"https:\/\/www.nettali.com\/#website\"},\"primaryImageOfPage\":{\"@id\":\"https:\/\/www.nettali.com\/2021\/12\/20\/le-ceebu-jen-inscrit-au-patrimoine-immateriel-de-lhumanite-cela-augmente-le-rayonnement-du-pays-selon-souleymane-jules-diop\/#primaryimage\"},\"datePublished\":\"2021-12-20T10:39:13+00:00\",\"dateModified\":\"2021-12-20T10:39:13+00:00\",\"author\":{\"@id\":\"https:\/\/www.nettali.com\/#\/schema\/person\/418274a86bdf87caff7a3ef476bd0bbf\"},\"breadcrumb\":{\"@id\":\"https:\/\/www.nettali.com\/2021\/12\/20\/le-ceebu-jen-inscrit-au-patrimoine-immateriel-de-lhumanite-cela-augmente-le-rayonnement-du-pays-selon-souleymane-jules-diop\/#breadcrumb\"},\"inLanguage\":\"fr-FR\",\"potentialAction\":[{\"@type\":\"ReadAction\",\"target\":[\"https:\/\/www.nettali.com\/2021\/12\/20\/le-ceebu-jen-inscrit-au-patrimoine-immateriel-de-lhumanite-cela-augmente-le-rayonnement-du-pays-selon-souleymane-jules-diop\/\"]}]},{\"@type\":\"BreadcrumbList\",\"@id\":\"https:\/\/www.nettali.com\/2021\/12\/20\/le-ceebu-jen-inscrit-au-patrimoine-immateriel-de-lhumanite-cela-augmente-le-rayonnement-du-pays-selon-souleymane-jules-diop\/#breadcrumb\",\"itemListElement\":[{\"@type\":\"ListItem\",\"position\":1,\"name\":\"Accueil\",\"item\":\"https:\/\/www.nettali.com\/\"},{\"@type\":\"ListItem\",\"position\":2,\"name\":\"LE CEEBU J\\u00cbN INSCRIT AU PATRIMOINE IMMAT\\u00c9RIEL DE L&rsquo;HUMANIT\\u00c9-\\u00a0\\u00ab\\u00a0Cela augmente le rayonnement du pays\\u00a0\\u00bb, selon Souleymane Jules Diop\"}]},{\"@type\":\"Person\",\"@id\":\"https:\/\/www.nettali.com\/#\/schema\/person\/418274a86bdf87caff7a3ef476bd0bbf\",\"name\":\"Fatou\",\"image\":{\"@type\":\"ImageObject\",\"@id\":\"https:\/\/www.nettali.com\/#personlogo\",\"inLanguage\":\"fr-FR\",\"url\":\"https:\/\/secure.gravatar.com\/avatar\/5a9442a2bee7b4dcf167cab035858e9a?s=96&d=mm&r=g\",\"contentUrl\":\"https:\/\/secure.gravatar.com\/avatar\/5a9442a2bee7b4dcf167cab035858e9a?s=96&d=mm&r=g\",\"caption\":\"Fatou\"},\"sameAs\":[\"https:\/\/www.nettali.com\"]}]}<\/script>\n<!-- \/ Yoast SEO Premium plugin. -->","yoast_head_json":{"title":"LE CEEBU J\u00cbN INSCRIT AU PATRIMOINE IMMAT\u00c9RIEL DE L'HUMANIT\u00c9-\u00a0\u00ab\u00a0Cela augmente le rayonnement du pays\u00a0\u00bb, selon Souleymane Jules Diop | Nettali.com","robots":{"index":"index","follow":"follow","max-snippet":"max-snippet:-1","max-image-preview":"max-image-preview:large","max-video-preview":"max-video-preview:-1"},"canonical":"https:\/\/www.nettali.com\/2021\/12\/20\/le-ceebu-jen-inscrit-au-patrimoine-immateriel-de-lhumanite-cela-augmente-le-rayonnement-du-pays-selon-souleymane-jules-diop\/","og_locale":"fr_FR","og_type":"article","og_title":"LE CEEBU J\u00cbN INSCRIT AU PATRIMOINE IMMAT\u00c9RIEL DE L'HUMANIT\u00c9-\u00a0\u00ab\u00a0Cela augmente le rayonnement du pays\u00a0\u00bb, selon Souleymane Jules Diop","og_description":"NETTALI.COM - L\u2019inscription du CEEBU J\u00cbN au patrimoine immat\u00e9riel de l\u2019humanit\u00e9 va contribuer davantage au rayonnement du S\u00e9n\u00e9gal \u00e0 l\u2019international. C\u2019est l\u2019avis de Souleymane Jules Diop, invit\u00e9 du Jury du dimanche. Souleymane Jules Diop, ambassadeur d\u00e9l\u00e9gu\u00e9 permanent du S\u00e9n\u00e9gal aupr\u00e8s de l\u2019Unesco a \u00e9t\u00e9 l\u2019invit\u00e9 du Jury du dimanche. Au cours du d\u00e9bat, il a [&hellip;]","og_url":"https:\/\/www.nettali.com\/2021\/12\/20\/le-ceebu-jen-inscrit-au-patrimoine-immateriel-de-lhumanite-cela-augmente-le-rayonnement-du-pays-selon-souleymane-jules-diop\/","og_site_name":"Nettali.com","article_publisher":"https:\/\/www.facebook.com\/nettalicom","article_published_time":"2021-12-20T10:39:13+00:00","og_image":[{"width":797,"height":372,"url":"https:\/\/www.nettali.com\/wp-content\/uploads\/2019\/06\/Souleymane-Jules-Diop.jpg","type":"image\/jpeg"}],"twitter_card":"summary_large_image","twitter_misc":{"\u00c9crit par":"Fatou","Dur\u00e9e de lecture estim\u00e9e":"1 minute"},"schema":{"@context":"https:\/\/schema.org","@graph":[{"@type":"WebSite","@id":"https:\/\/www.nettali.com\/#website","url":"https:\/\/www.nettali.com\/","name":"Nettali.com","description":"Le rendez-vous critique du Net","potentialAction":[{"@type":"SearchAction","target":{"@type":"EntryPoint","urlTemplate":"https:\/\/www.nettali.com\/?s={search_term_string}"},"query-input":"required name=search_term_string"}],"inLanguage":"fr-FR"},{"@type":"ImageObject","@id":"https:\/\/www.nettali.com\/2021\/12\/20\/le-ceebu-jen-inscrit-au-patrimoine-immateriel-de-lhumanite-cela-augmente-le-rayonnement-du-pays-selon-souleymane-jules-diop\/#primaryimage","inLanguage":"fr-FR","url":"https:\/\/www.nettali.com\/wp-content\/uploads\/2019\/06\/Souleymane-Jules-Diop.jpg","contentUrl":"https:\/\/www.nettali.com\/wp-content\/uploads\/2019\/06\/Souleymane-Jules-Diop.jpg","width":797,"height":372},{"@type":"WebPage","@id":"https:\/\/www.nettali.com\/2021\/12\/20\/le-ceebu-jen-inscrit-au-patrimoine-immateriel-de-lhumanite-cela-augmente-le-rayonnement-du-pays-selon-souleymane-jules-diop\/#webpage","url":"https:\/\/www.nettali.com\/2021\/12\/20\/le-ceebu-jen-inscrit-au-patrimoine-immateriel-de-lhumanite-cela-augmente-le-rayonnement-du-pays-selon-souleymane-jules-diop\/","name":"LE CEEBU J\u00cbN INSCRIT AU PATRIMOINE IMMAT\u00c9RIEL DE L'HUMANIT\u00c9-\u00a0\u00ab\u00a0Cela augmente le rayonnement du pays\u00a0\u00bb, selon Souleymane Jules Diop | Nettali.com","isPartOf":{"@id":"https:\/\/www.nettali.com\/#website"},"primaryImageOfPage":{"@id":"https:\/\/www.nettali.com\/2021\/12\/20\/le-ceebu-jen-inscrit-au-patrimoine-immateriel-de-lhumanite-cela-augmente-le-rayonnement-du-pays-selon-souleymane-jules-diop\/#primaryimage"},"datePublished":"2021-12-20T10:39:13+00:00","dateModified":"2021-12-20T10:39:13+00:00","author":{"@id":"https:\/\/www.nettali.com\/#\/schema\/person\/418274a86bdf87caff7a3ef476bd0bbf"},"breadcrumb":{"@id":"https:\/\/www.nettali.com\/2021\/12\/20\/le-ceebu-jen-inscrit-au-patrimoine-immateriel-de-lhumanite-cela-augmente-le-rayonnement-du-pays-selon-souleymane-jules-diop\/#breadcrumb"},"inLanguage":"fr-FR","potentialAction":[{"@type":"ReadAction","target":["https:\/\/www.nettali.com\/2021\/12\/20\/le-ceebu-jen-inscrit-au-patrimoine-immateriel-de-lhumanite-cela-augmente-le-rayonnement-du-pays-selon-souleymane-jules-diop\/"]}]},{"@type":"BreadcrumbList","@id":"https:\/\/www.nettali.com\/2021\/12\/20\/le-ceebu-jen-inscrit-au-patrimoine-immateriel-de-lhumanite-cela-augmente-le-rayonnement-du-pays-selon-souleymane-jules-diop\/#breadcrumb","itemListElement":[{"@type":"ListItem","position":1,"name":"Accueil","item":"https:\/\/www.nettali.com\/"},{"@type":"ListItem","position":2,"name":"LE CEEBU J\u00cbN INSCRIT AU PATRIMOINE IMMAT\u00c9RIEL DE L&rsquo;HUMANIT\u00c9-\u00a0\u00ab\u00a0Cela augmente le rayonnement du pays\u00a0\u00bb, selon Souleymane Jules Diop"}]},{"@type":"Person","@id":"https:\/\/www.nettali.com\/#\/schema\/person\/418274a86bdf87caff7a3ef476bd0bbf","name":"Fatou","image":{"@type":"ImageObject","@id":"https:\/\/www.nettali.com\/#personlogo","inLanguage":"fr-FR","url":"https:\/\/secure.gravatar.com\/avatar\/5a9442a2bee7b4dcf167cab035858e9a?s=96&d=mm&r=g","contentUrl":"https:\/\/secure.gravatar.com\/avatar\/5a9442a2bee7b4dcf167cab035858e9a?s=96&d=mm&r=g","caption":"Fatou"},"sameAs":["https:\/\/www.nettali.com"]}]}},"_links":{"self":[{"href":"https:\/\/www.nettali.com\/rest\/wp\/v2\/posts\/77613"}],"collection":[{"href":"https:\/\/www.nettali.com\/rest\/wp\/v2\/posts"}],"about":[{"href":"https:\/\/www.nettali.com\/rest\/wp\/v2\/types\/post"}],"author":[{"embeddable":true,"href":"https:\/\/www.nettali.com\/rest\/wp\/v2\/users\/6"}],"replies":[{"embeddable":true,"href":"https:\/\/www.nettali.com\/rest\/wp\/v2\/comments?post=77613"}],"version-history":[{"count":3,"href":"https:\/\/www.nettali.com\/rest\/wp\/v2\/posts\/77613\/revisions"}],"predecessor-version":[{"id":77664,"href":"https:\/\/www.nettali.com\/rest\/wp\/v2\/posts\/77613\/revisions\/77664"}],"wp:featuredmedia":[{"embeddable":true,"href":"https:\/\/www.nettali.com\/rest\/wp\/v2\/media\/11459"}],"wp:attachment":[{"href":"https:\/\/www.nettali.com\/rest\/wp\/v2\/media?parent=77613"}],"wp:term":[{"taxonomy":"category","embeddable":true,"href":"https:\/\/www.nettali.com\/rest\/wp\/v2\/categories?post=77613"},{"taxonomy":"post_tag","embeddable":true,"href":"https:\/\/www.nettali.com\/rest\/wp\/v2\/tags?post=77613"}],"curies":[{"name":"wp","href":"https:\/\/api.w.org\/{rel}","templated":true}]}}