{"id":77543,"date":"2021-12-17T19:41:06","date_gmt":"2021-12-17T19:41:06","guid":{"rendered":"https:\/\/www.nettali.com\/?p=77543"},"modified":"2021-12-18T08:43:19","modified_gmt":"2021-12-18T08:43:19","slug":"macky-sall-il-ny-a-ni-fatalite-ni-malediction-du-petrole","status":"publish","type":"post","link":"https:\/\/www.nettali.com\/2021\/12\/17\/macky-sall-il-ny-a-ni-fatalite-ni-malediction-du-petrole\/","title":{"rendered":"Macky Sall : \u00abIl n\u2019y a ni fatalit\u00e9, ni mal\u00e9diction du p\u00e9trole\u00bb"},"content":{"rendered":"<p class=\"summary_label\"><strong>NETTALI.COM - La mal\u00e9diction du p\u00e9trole n\u2019existe pas. C'est la conviction du pr\u00e9sident Macky Sall. Il s\u2019agit juste pour nos pays, dit-il, de savoir bien prendre en charge les questions importantes pour mener \u00e0 bien les projets p\u00e9troliers.<\/strong><\/p>\n<div id=\"printable\" class=\"text_body\">\n<p><em>\u00abIl faut assurer une exploitation \u00e9quitable et apais\u00e9e des gisements transfrontaliers\u00bb<\/em>, a expliqu\u00e9 le Pr\u00e9sident Macky Sall lors de la c\u00e9r\u00e9monie d\u2019ouverture de la conf\u00e9rence-exposition MSGBC oil, gas and Power, donnant l\u2019exemple de la collaboration entre le S\u00e9n\u00e9gal et la Mauritanie autour du gisement gazier de Grand Tortue Ahmeyim (GTA).<\/p>\n<p><em>\u00abVoil\u00e0 un excellent exemple de collaboration qui montre que nous pouvons r\u00e9aliser ensemble, en parfaite intelligence et dans un domaine aussi complexe, en association avec un partenaire majeur (BP). Et cette association tripartite est d\u2019autant plus appr\u00e9ciable que nous l\u2019avons mise en place dans des d\u00e9lais extr\u00eamement courts, plus que la moyenne habituelle mondiale. Cela veut dire qu\u2019il n\u2019y a ni fatalit\u00e9, ni mal\u00e9diction du p\u00e9trole ni concurrence ruineuse si la volont\u00e9 politique existe de part et d\u2019autres<\/em>\u00bb, a-t-il indiqu\u00e9.<\/p>\n<p>Cette premi\u00e8re \u00e9dition de la <em>\"conf\u00e9rence-exposition MSGBC oil, gas and Power\"<\/em> est organis\u00e9e par le minist\u00e8re du P\u00e9trole en partenariat avec Energy Capital and Power. Elle s'est ouverte hier au Cicad et a \u00e9t\u00e9 cl\u00f4tur\u00e9e ce vendredi.<\/p>\n<\/div>\n<div class='share-to-whatsapp-wrapper'><div class='share-on-whsp'>PARTAGER SUR : <\/div><a data-text='Macky Sall : \u00abIl n\u2019y a ni fatalit\u00e9, ni mal\u00e9diction du p\u00e9trole\u00bb' data-link='https:\/\/www.nettali.com\/2021\/12\/17\/macky-sall-il-ny-a-ni-fatalite-ni-malediction-du-petrole\/' class='whatsapp-button whatsapp-share'>WhatsApp<\/a><div class='clear '><\/div><\/div>","protected":false},"excerpt":{"rendered":"<p>NETTALI.COM - La mal\u00e9diction du p\u00e9trole n\u2019existe pas. C'est la conviction du pr\u00e9sident Macky Sall. Il s\u2019agit juste pour nos pays, dit-il, de savoir bien prendre en charge les questions importantes pour mener \u00e0 bien les projets p\u00e9troliers. \u00abIl faut assurer une exploitation \u00e9quitable et apais\u00e9e des gisements transfrontaliers\u00bb, a expliqu\u00e9 le Pr\u00e9sident Macky Sall [&hellip;]<\/p>\n","protected":false},"author":4,"featured_media":73699,"comment_status":"open","ping_status":"open","sticky":false,"template":"","format":"standard","meta":{"_et_pb_use_builder":"","_et_pb_old_content":""},"categories":[4],"tags":[],"yoast_head":"<!-- This site is optimized with the Yoast SEO Premium plugin v17.8 (Yoast SEO v17.8) - https:\/\/yoast.com\/wordpress\/plugins\/seo\/ -->\n<title>Macky Sall : \u00abIl n\u2019y a ni fatalit\u00e9, ni mal\u00e9diction du p\u00e9trole\u00bb | Nettali.com<\/title>\n<meta name=\"robots\" content=\"index, follow, max-snippet:-1, max-image-preview:large, max-video-preview:-1\" \/>\n<link rel=\"canonical\" href=\"https:\/\/www.nettali.com\/2021\/12\/17\/macky-sall-il-ny-a-ni-fatalite-ni-malediction-du-petrole\/\" \/>\n<meta property=\"og:locale\" content=\"fr_FR\" \/>\n<meta property=\"og:type\" content=\"article\" \/>\n<meta property=\"og:title\" content=\"Macky Sall : \u00abIl n\u2019y a ni fatalit\u00e9, ni mal\u00e9diction du p\u00e9trole\u00bb\" \/>\n<meta property=\"og:description\" content=\"NETTALI.COM - La mal\u00e9diction du p\u00e9trole n\u2019existe pas. C&#039;est la conviction du pr\u00e9sident Macky Sall. Il s\u2019agit juste pour nos pays, dit-il, de savoir bien prendre en charge les questions importantes pour mener \u00e0 bien les projets p\u00e9troliers. \u00abIl faut assurer une exploitation \u00e9quitable et apais\u00e9e des gisements transfrontaliers\u00bb, a expliqu\u00e9 le Pr\u00e9sident Macky Sall [&hellip;]\" \/>\n<meta property=\"og:url\" content=\"https:\/\/www.nettali.com\/2021\/12\/17\/macky-sall-il-ny-a-ni-fatalite-ni-malediction-du-petrole\/\" \/>\n<meta property=\"og:site_name\" content=\"Nettali.com\" \/>\n<meta property=\"article:publisher\" content=\"https:\/\/www.facebook.com\/nettalicom\" \/>\n<meta property=\"article:published_time\" content=\"2021-12-17T19:41:06+00:00\" \/>\n<meta property=\"article:modified_time\" content=\"2021-12-18T08:43:19+00:00\" \/>\n<meta property=\"og:image\" content=\"https:\/\/www.nettali.com\/wp-content\/uploads\/2021\/10\/Macky-e1634142929896.jpeg\" \/>\n\t<meta property=\"og:image:width\" content=\"1264\" \/>\n\t<meta property=\"og:image:height\" content=\"592\" \/>\n<meta name=\"twitter:card\" content=\"summary_large_image\" \/>\n<meta name=\"twitter:label1\" content=\"\u00c9crit par\" \/>\n\t<meta name=\"twitter:data1\" content=\"Daouda\" \/>\n\t<meta name=\"twitter:label2\" content=\"Dur\u00e9e de lecture estim\u00e9e\" \/>\n\t<meta name=\"twitter:data2\" content=\"1 minute\" \/>\n<script type=\"application\/ld+json\" class=\"yoast-schema-graph\">{\"@context\":\"https:\/\/schema.org\",\"@graph\":[{\"@type\":\"WebSite\",\"@id\":\"https:\/\/www.nettali.com\/#website\",\"url\":\"https:\/\/www.nettali.com\/\",\"name\":\"Nettali.com\",\"description\":\"Le rendez-vous critique du Net\",\"potentialAction\":[{\"@type\":\"SearchAction\",\"target\":{\"@type\":\"EntryPoint\",\"urlTemplate\":\"https:\/\/www.nettali.com\/?s={search_term_string}\"},\"query-input\":\"required name=search_term_string\"}],\"inLanguage\":\"fr-FR\"},{\"@type\":\"ImageObject\",\"@id\":\"https:\/\/www.nettali.com\/2021\/12\/17\/macky-sall-il-ny-a-ni-fatalite-ni-malediction-du-petrole\/#primaryimage\",\"inLanguage\":\"fr-FR\",\"url\":\"https:\/\/www.nettali.com\/wp-content\/uploads\/2021\/10\/Macky-e1634142929896.jpeg\",\"contentUrl\":\"https:\/\/www.nettali.com\/wp-content\/uploads\/2021\/10\/Macky-e1634142929896.jpeg\",\"width\":1264,\"height\":592},{\"@type\":\"WebPage\",\"@id\":\"https:\/\/www.nettali.com\/2021\/12\/17\/macky-sall-il-ny-a-ni-fatalite-ni-malediction-du-petrole\/#webpage\",\"url\":\"https:\/\/www.nettali.com\/2021\/12\/17\/macky-sall-il-ny-a-ni-fatalite-ni-malediction-du-petrole\/\",\"name\":\"Macky Sall : \\u00abIl n\\u2019y a ni fatalit\\u00e9, ni mal\\u00e9diction du p\\u00e9trole\\u00bb | Nettali.com\",\"isPartOf\":{\"@id\":\"https:\/\/www.nettali.com\/#website\"},\"primaryImageOfPage\":{\"@id\":\"https:\/\/www.nettali.com\/2021\/12\/17\/macky-sall-il-ny-a-ni-fatalite-ni-malediction-du-petrole\/#primaryimage\"},\"datePublished\":\"2021-12-17T19:41:06+00:00\",\"dateModified\":\"2021-12-18T08:43:19+00:00\",\"author\":{\"@id\":\"https:\/\/www.nettali.com\/#\/schema\/person\/3317e0bb3aa1da309fbf7b2780901bf4\"},\"breadcrumb\":{\"@id\":\"https:\/\/www.nettali.com\/2021\/12\/17\/macky-sall-il-ny-a-ni-fatalite-ni-malediction-du-petrole\/#breadcrumb\"},\"inLanguage\":\"fr-FR\",\"potentialAction\":[{\"@type\":\"ReadAction\",\"target\":[\"https:\/\/www.nettali.com\/2021\/12\/17\/macky-sall-il-ny-a-ni-fatalite-ni-malediction-du-petrole\/\"]}]},{\"@type\":\"BreadcrumbList\",\"@id\":\"https:\/\/www.nettali.com\/2021\/12\/17\/macky-sall-il-ny-a-ni-fatalite-ni-malediction-du-petrole\/#breadcrumb\",\"itemListElement\":[{\"@type\":\"ListItem\",\"position\":1,\"name\":\"Accueil\",\"item\":\"https:\/\/www.nettali.com\/\"},{\"@type\":\"ListItem\",\"position\":2,\"name\":\"Macky Sall : \\u00abIl n\\u2019y a ni fatalit\\u00e9, ni mal\\u00e9diction du p\\u00e9trole\\u00bb\"}]},{\"@type\":\"Person\",\"@id\":\"https:\/\/www.nettali.com\/#\/schema\/person\/3317e0bb3aa1da309fbf7b2780901bf4\",\"name\":\"Daouda\",\"image\":{\"@type\":\"ImageObject\",\"@id\":\"https:\/\/www.nettali.com\/#personlogo\",\"inLanguage\":\"fr-FR\",\"url\":\"https:\/\/secure.gravatar.com\/avatar\/8d143b5a49345098ddcfee1c49c2f47c?s=96&d=mm&r=g\",\"contentUrl\":\"https:\/\/secure.gravatar.com\/avatar\/8d143b5a49345098ddcfee1c49c2f47c?s=96&d=mm&r=g\",\"caption\":\"Daouda\"},\"sameAs\":[\"https:\/\/www.nettali.com\"]}]}<\/script>\n<!-- \/ Yoast SEO Premium plugin. -->","yoast_head_json":{"title":"Macky Sall : \u00abIl n\u2019y a ni fatalit\u00e9, ni mal\u00e9diction du p\u00e9trole\u00bb | Nettali.com","robots":{"index":"index","follow":"follow","max-snippet":"max-snippet:-1","max-image-preview":"max-image-preview:large","max-video-preview":"max-video-preview:-1"},"canonical":"https:\/\/www.nettali.com\/2021\/12\/17\/macky-sall-il-ny-a-ni-fatalite-ni-malediction-du-petrole\/","og_locale":"fr_FR","og_type":"article","og_title":"Macky Sall : \u00abIl n\u2019y a ni fatalit\u00e9, ni mal\u00e9diction du p\u00e9trole\u00bb","og_description":"NETTALI.COM - La mal\u00e9diction du p\u00e9trole n\u2019existe pas. C'est la conviction du pr\u00e9sident Macky Sall. Il s\u2019agit juste pour nos pays, dit-il, de savoir bien prendre en charge les questions importantes pour mener \u00e0 bien les projets p\u00e9troliers. \u00abIl faut assurer une exploitation \u00e9quitable et apais\u00e9e des gisements transfrontaliers\u00bb, a expliqu\u00e9 le Pr\u00e9sident Macky Sall [&hellip;]","og_url":"https:\/\/www.nettali.com\/2021\/12\/17\/macky-sall-il-ny-a-ni-fatalite-ni-malediction-du-petrole\/","og_site_name":"Nettali.com","article_publisher":"https:\/\/www.facebook.com\/nettalicom","article_published_time":"2021-12-17T19:41:06+00:00","article_modified_time":"2021-12-18T08:43:19+00:00","og_image":[{"width":1264,"height":592,"url":"https:\/\/www.nettali.com\/wp-content\/uploads\/2021\/10\/Macky-e1634142929896.jpeg","type":"image\/jpeg"}],"twitter_card":"summary_large_image","twitter_misc":{"\u00c9crit par":"Daouda","Dur\u00e9e de lecture estim\u00e9e":"1 minute"},"schema":{"@context":"https:\/\/schema.org","@graph":[{"@type":"WebSite","@id":"https:\/\/www.nettali.com\/#website","url":"https:\/\/www.nettali.com\/","name":"Nettali.com","description":"Le rendez-vous critique du Net","potentialAction":[{"@type":"SearchAction","target":{"@type":"EntryPoint","urlTemplate":"https:\/\/www.nettali.com\/?s={search_term_string}"},"query-input":"required name=search_term_string"}],"inLanguage":"fr-FR"},{"@type":"ImageObject","@id":"https:\/\/www.nettali.com\/2021\/12\/17\/macky-sall-il-ny-a-ni-fatalite-ni-malediction-du-petrole\/#primaryimage","inLanguage":"fr-FR","url":"https:\/\/www.nettali.com\/wp-content\/uploads\/2021\/10\/Macky-e1634142929896.jpeg","contentUrl":"https:\/\/www.nettali.com\/wp-content\/uploads\/2021\/10\/Macky-e1634142929896.jpeg","width":1264,"height":592},{"@type":"WebPage","@id":"https:\/\/www.nettali.com\/2021\/12\/17\/macky-sall-il-ny-a-ni-fatalite-ni-malediction-du-petrole\/#webpage","url":"https:\/\/www.nettali.com\/2021\/12\/17\/macky-sall-il-ny-a-ni-fatalite-ni-malediction-du-petrole\/","name":"Macky Sall : \u00abIl n\u2019y a ni fatalit\u00e9, ni mal\u00e9diction du p\u00e9trole\u00bb | Nettali.com","isPartOf":{"@id":"https:\/\/www.nettali.com\/#website"},"primaryImageOfPage":{"@id":"https:\/\/www.nettali.com\/2021\/12\/17\/macky-sall-il-ny-a-ni-fatalite-ni-malediction-du-petrole\/#primaryimage"},"datePublished":"2021-12-17T19:41:06+00:00","dateModified":"2021-12-18T08:43:19+00:00","author":{"@id":"https:\/\/www.nettali.com\/#\/schema\/person\/3317e0bb3aa1da309fbf7b2780901bf4"},"breadcrumb":{"@id":"https:\/\/www.nettali.com\/2021\/12\/17\/macky-sall-il-ny-a-ni-fatalite-ni-malediction-du-petrole\/#breadcrumb"},"inLanguage":"fr-FR","potentialAction":[{"@type":"ReadAction","target":["https:\/\/www.nettali.com\/2021\/12\/17\/macky-sall-il-ny-a-ni-fatalite-ni-malediction-du-petrole\/"]}]},{"@type":"BreadcrumbList","@id":"https:\/\/www.nettali.com\/2021\/12\/17\/macky-sall-il-ny-a-ni-fatalite-ni-malediction-du-petrole\/#breadcrumb","itemListElement":[{"@type":"ListItem","position":1,"name":"Accueil","item":"https:\/\/www.nettali.com\/"},{"@type":"ListItem","position":2,"name":"Macky Sall : \u00abIl n\u2019y a ni fatalit\u00e9, ni mal\u00e9diction du p\u00e9trole\u00bb"}]},{"@type":"Person","@id":"https:\/\/www.nettali.com\/#\/schema\/person\/3317e0bb3aa1da309fbf7b2780901bf4","name":"Daouda","image":{"@type":"ImageObject","@id":"https:\/\/www.nettali.com\/#personlogo","inLanguage":"fr-FR","url":"https:\/\/secure.gravatar.com\/avatar\/8d143b5a49345098ddcfee1c49c2f47c?s=96&d=mm&r=g","contentUrl":"https:\/\/secure.gravatar.com\/avatar\/8d143b5a49345098ddcfee1c49c2f47c?s=96&d=mm&r=g","caption":"Daouda"},"sameAs":["https:\/\/www.nettali.com"]}]}},"_links":{"self":[{"href":"https:\/\/www.nettali.com\/rest\/wp\/v2\/posts\/77543"}],"collection":[{"href":"https:\/\/www.nettali.com\/rest\/wp\/v2\/posts"}],"about":[{"href":"https:\/\/www.nettali.com\/rest\/wp\/v2\/types\/post"}],"author":[{"embeddable":true,"href":"https:\/\/www.nettali.com\/rest\/wp\/v2\/users\/4"}],"replies":[{"embeddable":true,"href":"https:\/\/www.nettali.com\/rest\/wp\/v2\/comments?post=77543"}],"version-history":[{"count":1,"href":"https:\/\/www.nettali.com\/rest\/wp\/v2\/posts\/77543\/revisions"}],"predecessor-version":[{"id":77544,"href":"https:\/\/www.nettali.com\/rest\/wp\/v2\/posts\/77543\/revisions\/77544"}],"wp:featuredmedia":[{"embeddable":true,"href":"https:\/\/www.nettali.com\/rest\/wp\/v2\/media\/73699"}],"wp:attachment":[{"href":"https:\/\/www.nettali.com\/rest\/wp\/v2\/media?parent=77543"}],"wp:term":[{"taxonomy":"category","embeddable":true,"href":"https:\/\/www.nettali.com\/rest\/wp\/v2\/categories?post=77543"},{"taxonomy":"post_tag","embeddable":true,"href":"https:\/\/www.nettali.com\/rest\/wp\/v2\/tags?post=77543"}],"curies":[{"name":"wp","href":"https:\/\/api.w.org\/{rel}","templated":true}]}}