{"id":77421,"date":"2021-12-15T11:15:08","date_gmt":"2021-12-15T11:15:08","guid":{"rendered":"https:\/\/www.nettali.com\/?p=77421"},"modified":"2021-12-15T11:15:08","modified_gmt":"2021-12-15T11:15:08","slug":"pr-mahy-diaw-recteur-de-luniversite-de-bambey-je-suis-oblige-dappliquer-les-decisions-prises-par-les-instances-de-luniversite","status":"publish","type":"post","link":"https:\/\/www.nettali.com\/2021\/12\/15\/pr-mahy-diaw-recteur-de-luniversite-de-bambey-je-suis-oblige-dappliquer-les-decisions-prises-par-les-instances-de-luniversite\/","title":{"rendered":"PR MAHY DIAW, RECTEUR DE L\u2019UNIVERSITE DE BAMBEY - \u2018\u2019Je suis oblig\u00e9 d\u2019appliquer les d\u00e9cisions prises par les instances de l\u2019universit\u00e9\u2019\u2019"},"content":{"rendered":"<p><strong>NETTALI.COM - Le recteur de l\u2019universit\u00e9 Alioune Diop sort de sa r\u00e9serve. Jusqu\u2019ici muet, malgr\u00e9 les soubresauts not\u00e9s dans son \u00e9tablissement, le professeur Mahy Diaw revient sur les \u00e9v\u00e9nements qui se sont d\u00e9roul\u00e9s au niveau de l\u2019UADB. Il clame haut et fort que ce n\u2019est pas le recteur qui prend les d\u00e9cisions, mais l\u2019assembl\u00e9e de l\u2019universit\u00e9 et il est oblig\u00e9 de les appliquer.<\/strong><\/p>\n<p>Les \u00e9tudiants, qui ne veulent pas de la session unique, r\u00e9clament de meilleures conditions d\u2019\u00e9tudes, la lumi\u00e8re sur la mort de l\u2019\u00e9tudiant Badara Ndiaye, entre autres revendications. Interpell\u00e9 par Enqu\u00eate sur ces dol\u00e9ances, le recteur Mahy Diaw commence par rappeler \u00ab\u00a0que la coordination qui a \u00e9t\u00e9 mise en place jusqu\u2019\u00e0 sa dissolution, a \u00e9t\u00e9 mont\u00e9e \u00e0 partir du mois de juin 2021\u00a0\u00bb.<\/p>\n<p>\u00ab\u00a0Nous avons \u00e9t\u00e9 oblig\u00e9s, au cours d\u2019une assembl\u00e9e de l\u2019universit\u00e9, au mois d\u2019ao\u00fbt 2021, de dissoudre cette coordination, parce qu\u2019au cours du mois de juin et de juillet, la coordination a eu \u00e0 d\u00e9poser quelques mots d\u2019ordre. Ce qu\u2019on pouvait remarquer, c\u2019est qu\u2019aucune plateforme revendicative ne reconduisait une autre. A chaque fois qu\u2019il y a une plateforme, on remarquait qu\u2019elle \u00e9tait diff\u00e9rente de la plateforme pr\u00e9c\u00e9dente. Et il est arriv\u00e9 au mois de juillet 2021 toujours, il y avait une session d\u2019examen qui avait \u00e9t\u00e9 propos\u00e9e par les diff\u00e9rentes UFR (Unit\u00e9 de formation et de recherche). Par la violence, les \u00e9tudiants se sont oppos\u00e9s \u00e0 ce qu\u2019on fasse les examens au mois de juillet. Ce qu\u2019ils avaient refus\u00e9 par la violence au mois de juillet 2021, c\u2019est ce qu\u2019ils r\u00e9clament aussi par la violence au mois de d\u00e9cembre 2021. Donc, par la violence, ils ont arr\u00eat\u00e9 la possibilit\u00e9 de faire une premi\u00e8re session au mois de juillet. Par la violence, ils r\u00e9clament qu\u2019on fasse deux sessions au mois de d\u00e9cembre 2021, alors que cette session avait \u00e9t\u00e9 propos\u00e9e par les UFR au mois de juillet 2021\u00a0\u00bb, d\u00e9clare le recteur.<\/p>\n<p>A la question de savoir s\u2019il veut dire que les \u00e9tudiants sont violents, il pr\u00e9cise\u00a0: \u00ab\u00a0Ce qu\u2019on peut remarquer, c\u2019est que depuis la mise en place de cette coordination, c\u2019est plut\u00f4t par des actions de violence qu\u2019ils se sont fait remarquer\u00a0\u00bb.<\/p>\n<p>Ainsi, au sujet de la satisfaction des revendications des \u00e9tudiants, il mentionne : \u00ab Ce sont des d\u00e9cisions d\u2019instance. Il ne me revient pas, moi recteur, de revenir sur les d\u00e9cisions d\u2019instance qui sont tr\u00e8s claires. La premi\u00e8re d\u00e9cision devait avoir lieu \u00e0 partir du 26 juillet. Par la violence, la coordination s\u2019est oppos\u00e9e \u00e0 la tenue de cette premi\u00e8re session. Par la violence, ils r\u00e9clament les deux sessions, le7d\u00e9cembre2021, soit cinq mois plus tard. S\u2019il y a des d\u00e9cisions \u00e0 prendre \u00e0 nouveau, ce seront les instances de l\u2019assembl\u00e9e de l\u2019universit\u00e9 qui vont les prendre, mais pas moi seul. Comme dans le cas de la pr\u00e9sence des policiers au niveau de l\u2019universit\u00e9, je suis oblig\u00e9 d\u2019appliquer les d\u00e9cisions prises par les instances de l\u2019universit\u00e9 \u00bb.<\/p>\n<div class='share-to-whatsapp-wrapper'><div class='share-on-whsp'>PARTAGER SUR : <\/div><a data-text='PR MAHY DIAW, RECTEUR DE L\u2019UNIVERSITE DE BAMBEY - \u2018\u2019Je suis oblig\u00e9 d\u2019appliquer les d\u00e9cisions prises par les instances de l\u2019universit\u00e9\u2019\u2019' data-link='https:\/\/www.nettali.com\/2021\/12\/15\/pr-mahy-diaw-recteur-de-luniversite-de-bambey-je-suis-oblige-dappliquer-les-decisions-prises-par-les-instances-de-luniversite\/' class='whatsapp-button whatsapp-share'>WhatsApp<\/a><div class='clear '><\/div><\/div>","protected":false},"excerpt":{"rendered":"<p>NETTALI.COM - Le recteur de l\u2019universit\u00e9 Alioune Diop sort de sa r\u00e9serve. Jusqu\u2019ici muet, malgr\u00e9 les soubresauts not\u00e9s dans son \u00e9tablissement, le professeur Mahy Diaw revient sur les \u00e9v\u00e9nements qui se sont d\u00e9roul\u00e9s au niveau de l\u2019UADB. Il clame haut et fort que ce n\u2019est pas le recteur qui prend les d\u00e9cisions, mais l\u2019assembl\u00e9e de [&hellip;]<\/p>\n","protected":false},"author":11,"featured_media":77423,"comment_status":"open","ping_status":"open","sticky":false,"template":"","format":"standard","meta":{"_et_pb_use_builder":"","_et_pb_old_content":""},"categories":[3],"tags":[],"yoast_head":"<!-- This site is optimized with the Yoast SEO Premium plugin v17.8 (Yoast SEO v17.8) - https:\/\/yoast.com\/wordpress\/plugins\/seo\/ -->\n<title>PR MAHY DIAW, RECTEUR DE L\u2019UNIVERSITE DE BAMBEY - \u2018\u2019Je suis oblig\u00e9 d\u2019appliquer les d\u00e9cisions prises par les instances de l\u2019universit\u00e9\u2019\u2019 | Nettali.com<\/title>\n<meta name=\"robots\" content=\"index, follow, max-snippet:-1, max-image-preview:large, max-video-preview:-1\" \/>\n<link rel=\"canonical\" href=\"https:\/\/www.nettali.com\/2021\/12\/15\/pr-mahy-diaw-recteur-de-luniversite-de-bambey-je-suis-oblige-dappliquer-les-decisions-prises-par-les-instances-de-luniversite\/\" \/>\n<meta property=\"og:locale\" content=\"fr_FR\" \/>\n<meta property=\"og:type\" content=\"article\" \/>\n<meta property=\"og:title\" content=\"PR MAHY DIAW, RECTEUR DE L\u2019UNIVERSITE DE BAMBEY - \u2018\u2019Je suis oblig\u00e9 d\u2019appliquer les d\u00e9cisions prises par les instances de l\u2019universit\u00e9\u2019\u2019\" \/>\n<meta property=\"og:description\" content=\"NETTALI.COM - Le recteur de l\u2019universit\u00e9 Alioune Diop sort de sa r\u00e9serve. Jusqu\u2019ici muet, malgr\u00e9 les soubresauts not\u00e9s dans son \u00e9tablissement, le professeur Mahy Diaw revient sur les \u00e9v\u00e9nements qui se sont d\u00e9roul\u00e9s au niveau de l\u2019UADB. Il clame haut et fort que ce n\u2019est pas le recteur qui prend les d\u00e9cisions, mais l\u2019assembl\u00e9e de [&hellip;]\" \/>\n<meta property=\"og:url\" content=\"https:\/\/www.nettali.com\/2021\/12\/15\/pr-mahy-diaw-recteur-de-luniversite-de-bambey-je-suis-oblige-dappliquer-les-decisions-prises-par-les-instances-de-luniversite\/\" \/>\n<meta property=\"og:site_name\" content=\"Nettali.com\" \/>\n<meta property=\"article:publisher\" content=\"https:\/\/www.facebook.com\/nettalicom\" \/>\n<meta property=\"article:published_time\" content=\"2021-12-15T11:15:08+00:00\" \/>\n<meta property=\"og:image\" content=\"https:\/\/www.nettali.com\/wp-content\/uploads\/2021\/12\/mahy-diaw.jpg\" \/>\n\t<meta property=\"og:image:width\" content=\"235\" \/>\n\t<meta property=\"og:image:height\" content=\"215\" \/>\n<meta name=\"twitter:card\" content=\"summary_large_image\" \/>\n<meta name=\"twitter:label1\" content=\"\u00c9crit par\" \/>\n\t<meta name=\"twitter:data1\" content=\"Thierno Diop\" \/>\n\t<meta name=\"twitter:label2\" content=\"Dur\u00e9e de lecture estim\u00e9e\" \/>\n\t<meta name=\"twitter:data2\" content=\"3 minutes\" \/>\n<script type=\"application\/ld+json\" class=\"yoast-schema-graph\">{\"@context\":\"https:\/\/schema.org\",\"@graph\":[{\"@type\":\"WebSite\",\"@id\":\"https:\/\/www.nettali.com\/#website\",\"url\":\"https:\/\/www.nettali.com\/\",\"name\":\"Nettali.com\",\"description\":\"Le rendez-vous critique du Net\",\"potentialAction\":[{\"@type\":\"SearchAction\",\"target\":{\"@type\":\"EntryPoint\",\"urlTemplate\":\"https:\/\/www.nettali.com\/?s={search_term_string}\"},\"query-input\":\"required name=search_term_string\"}],\"inLanguage\":\"fr-FR\"},{\"@type\":\"ImageObject\",\"@id\":\"https:\/\/www.nettali.com\/2021\/12\/15\/pr-mahy-diaw-recteur-de-luniversite-de-bambey-je-suis-oblige-dappliquer-les-decisions-prises-par-les-instances-de-luniversite\/#primaryimage\",\"inLanguage\":\"fr-FR\",\"url\":\"https:\/\/www.nettali.com\/wp-content\/uploads\/2021\/12\/mahy-diaw.jpg\",\"contentUrl\":\"https:\/\/www.nettali.com\/wp-content\/uploads\/2021\/12\/mahy-diaw.jpg\",\"width\":235,\"height\":215},{\"@type\":\"WebPage\",\"@id\":\"https:\/\/www.nettali.com\/2021\/12\/15\/pr-mahy-diaw-recteur-de-luniversite-de-bambey-je-suis-oblige-dappliquer-les-decisions-prises-par-les-instances-de-luniversite\/#webpage\",\"url\":\"https:\/\/www.nettali.com\/2021\/12\/15\/pr-mahy-diaw-recteur-de-luniversite-de-bambey-je-suis-oblige-dappliquer-les-decisions-prises-par-les-instances-de-luniversite\/\",\"name\":\"PR MAHY DIAW, RECTEUR DE L\\u2019UNIVERSITE DE BAMBEY - \\u2018\\u2019Je suis oblig\\u00e9 d\\u2019appliquer les d\\u00e9cisions prises par les instances de l\\u2019universit\\u00e9\\u2019\\u2019 | Nettali.com\",\"isPartOf\":{\"@id\":\"https:\/\/www.nettali.com\/#website\"},\"primaryImageOfPage\":{\"@id\":\"https:\/\/www.nettali.com\/2021\/12\/15\/pr-mahy-diaw-recteur-de-luniversite-de-bambey-je-suis-oblige-dappliquer-les-decisions-prises-par-les-instances-de-luniversite\/#primaryimage\"},\"datePublished\":\"2021-12-15T11:15:08+00:00\",\"dateModified\":\"2021-12-15T11:15:08+00:00\",\"author\":{\"@id\":\"https:\/\/www.nettali.com\/#\/schema\/person\/8a06c6bd7b19304cf4bf985862900b5b\"},\"breadcrumb\":{\"@id\":\"https:\/\/www.nettali.com\/2021\/12\/15\/pr-mahy-diaw-recteur-de-luniversite-de-bambey-je-suis-oblige-dappliquer-les-decisions-prises-par-les-instances-de-luniversite\/#breadcrumb\"},\"inLanguage\":\"fr-FR\",\"potentialAction\":[{\"@type\":\"ReadAction\",\"target\":[\"https:\/\/www.nettali.com\/2021\/12\/15\/pr-mahy-diaw-recteur-de-luniversite-de-bambey-je-suis-oblige-dappliquer-les-decisions-prises-par-les-instances-de-luniversite\/\"]}]},{\"@type\":\"BreadcrumbList\",\"@id\":\"https:\/\/www.nettali.com\/2021\/12\/15\/pr-mahy-diaw-recteur-de-luniversite-de-bambey-je-suis-oblige-dappliquer-les-decisions-prises-par-les-instances-de-luniversite\/#breadcrumb\",\"itemListElement\":[{\"@type\":\"ListItem\",\"position\":1,\"name\":\"Accueil\",\"item\":\"https:\/\/www.nettali.com\/\"},{\"@type\":\"ListItem\",\"position\":2,\"name\":\"PR MAHY DIAW, RECTEUR DE L\\u2019UNIVERSITE DE BAMBEY &#8211; \\u2018\\u2019Je suis oblig\\u00e9 d\\u2019appliquer les d\\u00e9cisions prises par les instances de l\\u2019universit\\u00e9\\u2019\\u2019\"}]},{\"@type\":\"Person\",\"@id\":\"https:\/\/www.nettali.com\/#\/schema\/person\/8a06c6bd7b19304cf4bf985862900b5b\",\"name\":\"Thierno Diop\",\"image\":{\"@type\":\"ImageObject\",\"@id\":\"https:\/\/www.nettali.com\/#personlogo\",\"inLanguage\":\"fr-FR\",\"url\":\"https:\/\/secure.gravatar.com\/avatar\/c8ca58550c94fd2ac856d27391a6c866?s=96&d=mm&r=g\",\"contentUrl\":\"https:\/\/secure.gravatar.com\/avatar\/c8ca58550c94fd2ac856d27391a6c866?s=96&d=mm&r=g\",\"caption\":\"Thierno Diop\"},\"sameAs\":[\"https:\/\/nettali.com\"]}]}<\/script>\n<!-- \/ Yoast SEO Premium plugin. -->","yoast_head_json":{"title":"PR MAHY DIAW, RECTEUR DE L\u2019UNIVERSITE DE BAMBEY - \u2018\u2019Je suis oblig\u00e9 d\u2019appliquer les d\u00e9cisions prises par les instances de l\u2019universit\u00e9\u2019\u2019 | Nettali.com","robots":{"index":"index","follow":"follow","max-snippet":"max-snippet:-1","max-image-preview":"max-image-preview:large","max-video-preview":"max-video-preview:-1"},"canonical":"https:\/\/www.nettali.com\/2021\/12\/15\/pr-mahy-diaw-recteur-de-luniversite-de-bambey-je-suis-oblige-dappliquer-les-decisions-prises-par-les-instances-de-luniversite\/","og_locale":"fr_FR","og_type":"article","og_title":"PR MAHY DIAW, RECTEUR DE L\u2019UNIVERSITE DE BAMBEY - \u2018\u2019Je suis oblig\u00e9 d\u2019appliquer les d\u00e9cisions prises par les instances de l\u2019universit\u00e9\u2019\u2019","og_description":"NETTALI.COM - Le recteur de l\u2019universit\u00e9 Alioune Diop sort de sa r\u00e9serve. Jusqu\u2019ici muet, malgr\u00e9 les soubresauts not\u00e9s dans son \u00e9tablissement, le professeur Mahy Diaw revient sur les \u00e9v\u00e9nements qui se sont d\u00e9roul\u00e9s au niveau de l\u2019UADB. Il clame haut et fort que ce n\u2019est pas le recteur qui prend les d\u00e9cisions, mais l\u2019assembl\u00e9e de [&hellip;]","og_url":"https:\/\/www.nettali.com\/2021\/12\/15\/pr-mahy-diaw-recteur-de-luniversite-de-bambey-je-suis-oblige-dappliquer-les-decisions-prises-par-les-instances-de-luniversite\/","og_site_name":"Nettali.com","article_publisher":"https:\/\/www.facebook.com\/nettalicom","article_published_time":"2021-12-15T11:15:08+00:00","og_image":[{"width":235,"height":215,"url":"https:\/\/www.nettali.com\/wp-content\/uploads\/2021\/12\/mahy-diaw.jpg","type":"image\/jpeg"}],"twitter_card":"summary_large_image","twitter_misc":{"\u00c9crit par":"Thierno Diop","Dur\u00e9e de lecture estim\u00e9e":"3 minutes"},"schema":{"@context":"https:\/\/schema.org","@graph":[{"@type":"WebSite","@id":"https:\/\/www.nettali.com\/#website","url":"https:\/\/www.nettali.com\/","name":"Nettali.com","description":"Le rendez-vous critique du Net","potentialAction":[{"@type":"SearchAction","target":{"@type":"EntryPoint","urlTemplate":"https:\/\/www.nettali.com\/?s={search_term_string}"},"query-input":"required name=search_term_string"}],"inLanguage":"fr-FR"},{"@type":"ImageObject","@id":"https:\/\/www.nettali.com\/2021\/12\/15\/pr-mahy-diaw-recteur-de-luniversite-de-bambey-je-suis-oblige-dappliquer-les-decisions-prises-par-les-instances-de-luniversite\/#primaryimage","inLanguage":"fr-FR","url":"https:\/\/www.nettali.com\/wp-content\/uploads\/2021\/12\/mahy-diaw.jpg","contentUrl":"https:\/\/www.nettali.com\/wp-content\/uploads\/2021\/12\/mahy-diaw.jpg","width":235,"height":215},{"@type":"WebPage","@id":"https:\/\/www.nettali.com\/2021\/12\/15\/pr-mahy-diaw-recteur-de-luniversite-de-bambey-je-suis-oblige-dappliquer-les-decisions-prises-par-les-instances-de-luniversite\/#webpage","url":"https:\/\/www.nettali.com\/2021\/12\/15\/pr-mahy-diaw-recteur-de-luniversite-de-bambey-je-suis-oblige-dappliquer-les-decisions-prises-par-les-instances-de-luniversite\/","name":"PR MAHY DIAW, RECTEUR DE L\u2019UNIVERSITE DE BAMBEY - \u2018\u2019Je suis oblig\u00e9 d\u2019appliquer les d\u00e9cisions prises par les instances de l\u2019universit\u00e9\u2019\u2019 | Nettali.com","isPartOf":{"@id":"https:\/\/www.nettali.com\/#website"},"primaryImageOfPage":{"@id":"https:\/\/www.nettali.com\/2021\/12\/15\/pr-mahy-diaw-recteur-de-luniversite-de-bambey-je-suis-oblige-dappliquer-les-decisions-prises-par-les-instances-de-luniversite\/#primaryimage"},"datePublished":"2021-12-15T11:15:08+00:00","dateModified":"2021-12-15T11:15:08+00:00","author":{"@id":"https:\/\/www.nettali.com\/#\/schema\/person\/8a06c6bd7b19304cf4bf985862900b5b"},"breadcrumb":{"@id":"https:\/\/www.nettali.com\/2021\/12\/15\/pr-mahy-diaw-recteur-de-luniversite-de-bambey-je-suis-oblige-dappliquer-les-decisions-prises-par-les-instances-de-luniversite\/#breadcrumb"},"inLanguage":"fr-FR","potentialAction":[{"@type":"ReadAction","target":["https:\/\/www.nettali.com\/2021\/12\/15\/pr-mahy-diaw-recteur-de-luniversite-de-bambey-je-suis-oblige-dappliquer-les-decisions-prises-par-les-instances-de-luniversite\/"]}]},{"@type":"BreadcrumbList","@id":"https:\/\/www.nettali.com\/2021\/12\/15\/pr-mahy-diaw-recteur-de-luniversite-de-bambey-je-suis-oblige-dappliquer-les-decisions-prises-par-les-instances-de-luniversite\/#breadcrumb","itemListElement":[{"@type":"ListItem","position":1,"name":"Accueil","item":"https:\/\/www.nettali.com\/"},{"@type":"ListItem","position":2,"name":"PR MAHY DIAW, RECTEUR DE L\u2019UNIVERSITE DE BAMBEY &#8211; \u2018\u2019Je suis oblig\u00e9 d\u2019appliquer les d\u00e9cisions prises par les instances de l\u2019universit\u00e9\u2019\u2019"}]},{"@type":"Person","@id":"https:\/\/www.nettali.com\/#\/schema\/person\/8a06c6bd7b19304cf4bf985862900b5b","name":"Thierno Diop","image":{"@type":"ImageObject","@id":"https:\/\/www.nettali.com\/#personlogo","inLanguage":"fr-FR","url":"https:\/\/secure.gravatar.com\/avatar\/c8ca58550c94fd2ac856d27391a6c866?s=96&d=mm&r=g","contentUrl":"https:\/\/secure.gravatar.com\/avatar\/c8ca58550c94fd2ac856d27391a6c866?s=96&d=mm&r=g","caption":"Thierno Diop"},"sameAs":["https:\/\/nettali.com"]}]}},"_links":{"self":[{"href":"https:\/\/www.nettali.com\/rest\/wp\/v2\/posts\/77421"}],"collection":[{"href":"https:\/\/www.nettali.com\/rest\/wp\/v2\/posts"}],"about":[{"href":"https:\/\/www.nettali.com\/rest\/wp\/v2\/types\/post"}],"author":[{"embeddable":true,"href":"https:\/\/www.nettali.com\/rest\/wp\/v2\/users\/11"}],"replies":[{"embeddable":true,"href":"https:\/\/www.nettali.com\/rest\/wp\/v2\/comments?post=77421"}],"version-history":[{"count":1,"href":"https:\/\/www.nettali.com\/rest\/wp\/v2\/posts\/77421\/revisions"}],"predecessor-version":[{"id":77424,"href":"https:\/\/www.nettali.com\/rest\/wp\/v2\/posts\/77421\/revisions\/77424"}],"wp:featuredmedia":[{"embeddable":true,"href":"https:\/\/www.nettali.com\/rest\/wp\/v2\/media\/77423"}],"wp:attachment":[{"href":"https:\/\/www.nettali.com\/rest\/wp\/v2\/media?parent=77421"}],"wp:term":[{"taxonomy":"category","embeddable":true,"href":"https:\/\/www.nettali.com\/rest\/wp\/v2\/categories?post=77421"},{"taxonomy":"post_tag","embeddable":true,"href":"https:\/\/www.nettali.com\/rest\/wp\/v2\/tags?post=77421"}],"curies":[{"name":"wp","href":"https:\/\/api.w.org\/{rel}","templated":true}]}}