{"id":77390,"date":"2021-12-14T18:34:33","date_gmt":"2021-12-14T18:34:33","guid":{"rendered":"https:\/\/www.nettali.com\/?p=77390"},"modified":"2021-12-15T10:19:22","modified_gmt":"2021-12-15T10:19:22","slug":"par-mamadou-oumar-ndiaye-goulag-tropical","status":"publish","type":"post","link":"https:\/\/www.nettali.com\/2021\/12\/14\/par-mamadou-oumar-ndiaye-goulag-tropical\/","title":{"rendered":"PAR MAMADOU OUMAR NDIAYE - Goulag tropical"},"content":{"rendered":"<p><strong>CONTRIBUTION - Pendant la colonisation fran\u00e7aise, les t\u00eates br\u00fbl\u00e9es et autres personnes ind\u00e9sirables en M\u00e9tropole \u00e9taient exil\u00e9es en Nouvelle Cal\u00e9donie, un territoire surnomm\u00e9 aussi \u00ab Le Caillou \u00bb. Et dont les habitants viennent d\u2019ailleurs de d\u00e9cider de rester fran\u00e7ais \u00e0 l\u2019issue du troisi\u00e8me r\u00e9f\u00e9rendum d\u2019autod\u00e9termination organis\u00e9 par les autorit\u00e9s de ce pays. Un troisi\u00e8me r\u00e9f\u00e9rendum boycott\u00e9, soit dit en passant, par les ind\u00e9pendantistes du Fnlks.<\/strong><\/p>\n<p>En Afrique, les m\u00eames ind\u00e9sirables, objecteurs de consciences ou personnes consid\u00e9r\u00e9es comme dangereuses \u00e9taient exil\u00e9es en Mauritanie, \u00e0 Madagascar, au Gabon, en Alg\u00e9rie etc. Apr\u00e8s notre ind\u00e9pendance, au S\u00e9n\u00e9gal, les fonctionnaires r\u00e9calcitrants, en guise de sanction, \u00e9taient affect\u00e9s \u00e0 K\u00e9dougou ou en tout cas dans la r\u00e9gion de Tambacounda dont d\u00e9pendait justement cette ville.<\/p>\n<p>A la suite de leur \u00ab coup d\u2019Etat \u00bb contre le pr\u00e9sident Senghor, le pr\u00e9sident du Conseil \u2014 \u00e9quivalent du Premier ministre actuel \u2014 Mamadou Dia et ses compagnons avaient \u00e9t\u00e9 incarc\u00e9r\u00e9s \u00e0 la prison de K\u00e9dougou, une ville consid\u00e9r\u00e9e alors comme le bout du monde, si ce n\u2019est l\u2019enfer car tr\u00e8s \u00e9loign\u00e9e, enclav\u00e9e et avec un climat particuli\u00e8rement inhospitalier. C\u2019est dans ce bagne, donc, que ces nationalistes avaient \u00e9t\u00e9 d\u00e9tenus pendant plus d\u2019une d\u00e9cennie.<\/p>\n<p>Plus pr\u00e8s de nous, l\u2019opposant Barth\u00e9l\u00e9my Dias avait \u00e9t\u00e9 lui aussi emprisonn\u00e9 tr\u00e8s loin de Dakar, \u00e0 Tambacounda, par le r\u00e9gime du pr\u00e9sident Abdoulaye Wade pour le couper de ses supporters et lui faire ressentir, en quelque sorte, les rigueurs de \u00ab l\u2019exil \u00bb car il s\u2019agissait bien d\u2019une sorte d\u2019exil int\u00e9rieur qui frappait le maire de Mermoz-Sacr\u00e9-C\u0153ur. Avant cela, au lendemain des \u00e9v\u00e9nements de 1988, Boubacar Sall surnomm\u00e9 le \u00ab Lion du Cayor \u00bb, alors fougueux et radical num\u00e9ro deux du Parti d\u00e9mocratique s\u00e9n\u00e9galais (Pds) avait \u00e9t\u00e9 lui aussi envoy\u00e9 en exil int\u00e9rieur dans une r\u00e9gion p\u00e9riph\u00e9rique, celle de Kolda plus pr\u00e9cis\u00e9ment, o\u00f9 il avait \u00e9t\u00e9 d\u00e9tenu avant d\u2019\u00eatre lib\u00e9r\u00e9 \u00e0 la faveur des n\u00e9gociations entre le pr\u00e9sident Abdou Diouf et son principal opposant d\u2019alors, Me Abdoulaye Wade.<\/p>\n<p>Eh bien le pr\u00e9sident Macky Sall, bien que n\u00e9 apr\u00e8s les ind\u00e9pendances, est en train de s\u2019inspirer des m\u00e9thodes de ses pr\u00e9d\u00e9cesseurs non pas en emprisonnant ses opposants dans l\u2019ex-r\u00e9gion du S\u00e9n\u00e9gal Oriental (non, non il a embastill\u00e9 aussi bien Khalifa Sall et Karim Wade \u00e0 Rebeuss pour les avoir en quelque sorte sous les yeux) mais, de plus en plus, en les exilant \u00e0 l\u2019int\u00e9rieur du pays. Comme le faisaient les autorit\u00e9s sovi\u00e9tiques en envoyant les dissidents et autres objecteurs de consciences en Sib\u00e9rie !<\/p>\n<p>Coup sur coup, donc, le magistrat Souleymane Teliko, tr\u00e8s courageux pr\u00e9sident sortant de l\u2019Union des Magistrats du S\u00e9n\u00e9gal (UMS) et l\u2019\u00e9ducateur sp\u00e9cialis\u00e9 Guy Marius Sagna, parce qu\u2019ils ont donn\u00e9 du fil \u00e0 retordre \u00e0 son pouvoir, ont \u00e9t\u00e9 affect\u00e9s respectivement \u00e0 Tambacounda et \u00e0 K\u00e9dougou ! C\u2019est-\u00e0-dire, encore une fois, dans ce qui, jusque dans les ann\u00e9es 2000, constituait la r\u00e9gion administrative du S\u00e9n\u00e9gal Oriental. Ah, j\u2019allais oublier ! Quelques-uns des leaders de la fronde estudiantine de 1971, enr\u00f4l\u00e9s dans l\u2019Arm\u00e9e, avaient \u00e9t\u00e9 mis dans un avion avant d\u2019\u00eatre d\u00e9barqu\u00e9s dans un camp militaire en plein c\u0153ur du Parc national de Niokolo Koba rempli de lions, d\u2019hy\u00e8nes et d\u2019autres b\u00eates sauvages. Un parc situ\u00e9\u2026dans l\u2019actuelle r\u00e9gion de K\u00e9dougou. Le grand banquier Bassirou Faty, qui faisait partie de ces \u00e9tudiants martyrs, ne me d\u00e9mentira pas. Bref, le r\u00e9gime du pr\u00e9sident Macky Sall, donc, pour se d\u00e9barrasser des t\u00eates br\u00fbl\u00e9es et autres g\u00eaneurs, fait tout simplement comme celui du pr\u00e9sident Senghor mais dans un tout autre contexte ! Nous pensions \u00e9voluer en plein 21\u00e8me si\u00e8cle et \u00e0 l\u2019\u00e8re du num\u00e9rique, de la mondialisation et de la d\u00e9mocratie triomphante \u2014 le S\u00e9n\u00e9gal ne fait-il pas partie des pays invit\u00e9s par le pr\u00e9sident am\u00e9ricain Joe Biden \u00e0 son Sommet mondial de la d\u00e9mocratie tenu la semaine derni\u00e8re ? \u2014 mais h\u00e9las, nous voil\u00e0 retourn\u00e9s \u00e0 la sombre p\u00e9riode du parti unique, de la guerre froide et des m\u00e9thodes staliniennes de r\u00e9pression des opposants par l\u2019emprisonnement et\/ou l\u2019exil int\u00e9rieur !<\/p>\n<p><strong>Post scriptum : La r\u00e9gion de K\u00e9dougou, c\u2019est aussi celle qui abrita, au d\u00e9but de nos ind\u00e9pendances, le fameux maquis du PAI et o\u00f9, ces temps-ci, on dit que des djihadistes seraient signal\u00e9s dans la zone de Kidira qui en d\u00e9pend administrativement. Prenons garde \u00e0 ce que l\u2019ami Guy Marius Sagna ne fasse ami-ami avec ces fous de Dieu !<\/strong><\/p>\n<p>&nbsp;<\/p>\n<p>Avec Le T\u00e9moin<\/p>\n<div class='share-to-whatsapp-wrapper'><div class='share-on-whsp'>PARTAGER SUR : <\/div><a data-text='PAR MAMADOU OUMAR NDIAYE - Goulag tropical' data-link='https:\/\/www.nettali.com\/2021\/12\/14\/par-mamadou-oumar-ndiaye-goulag-tropical\/' class='whatsapp-button whatsapp-share'>WhatsApp<\/a><div class='clear '><\/div><\/div>","protected":false},"excerpt":{"rendered":"<p>CONTRIBUTION - Pendant la colonisation fran\u00e7aise, les t\u00eates br\u00fbl\u00e9es et autres personnes ind\u00e9sirables en M\u00e9tropole \u00e9taient exil\u00e9es en Nouvelle Cal\u00e9donie, un territoire surnomm\u00e9 aussi \u00ab Le Caillou \u00bb. Et dont les habitants viennent d\u2019ailleurs de d\u00e9cider de rester fran\u00e7ais \u00e0 l\u2019issue du troisi\u00e8me r\u00e9f\u00e9rendum d\u2019autod\u00e9termination organis\u00e9 par les autorit\u00e9s de ce pays. Un troisi\u00e8me r\u00e9f\u00e9rendum [&hellip;]<\/p>\n","protected":false},"author":11,"featured_media":9112,"comment_status":"open","ping_status":"open","sticky":false,"template":"","format":"standard","meta":{"_et_pb_use_builder":"","_et_pb_old_content":""},"categories":[23,34934],"tags":[],"yoast_head":"<!-- This site is optimized with the Yoast SEO Premium plugin v17.8 (Yoast SEO v17.8) - https:\/\/yoast.com\/wordpress\/plugins\/seo\/ -->\n<title>PAR MAMADOU OUMAR NDIAYE - Goulag tropical | Nettali.com<\/title>\n<meta name=\"robots\" content=\"index, follow, max-snippet:-1, max-image-preview:large, max-video-preview:-1\" \/>\n<link rel=\"canonical\" href=\"https:\/\/www.nettali.com\/2021\/12\/14\/par-mamadou-oumar-ndiaye-goulag-tropical\/\" \/>\n<meta property=\"og:locale\" content=\"fr_FR\" \/>\n<meta property=\"og:type\" content=\"article\" \/>\n<meta property=\"og:title\" content=\"PAR MAMADOU OUMAR NDIAYE - Goulag tropical\" \/>\n<meta property=\"og:description\" content=\"CONTRIBUTION - Pendant la colonisation fran\u00e7aise, les t\u00eates br\u00fbl\u00e9es et autres personnes ind\u00e9sirables en M\u00e9tropole \u00e9taient exil\u00e9es en Nouvelle Cal\u00e9donie, un territoire surnomm\u00e9 aussi \u00ab Le Caillou \u00bb. Et dont les habitants viennent d\u2019ailleurs de d\u00e9cider de rester fran\u00e7ais \u00e0 l\u2019issue du troisi\u00e8me r\u00e9f\u00e9rendum d\u2019autod\u00e9termination organis\u00e9 par les autorit\u00e9s de ce pays. Un troisi\u00e8me r\u00e9f\u00e9rendum [&hellip;]\" \/>\n<meta property=\"og:url\" content=\"https:\/\/www.nettali.com\/2021\/12\/14\/par-mamadou-oumar-ndiaye-goulag-tropical\/\" \/>\n<meta property=\"og:site_name\" content=\"Nettali.com\" \/>\n<meta property=\"article:publisher\" content=\"https:\/\/www.facebook.com\/nettalicom\" \/>\n<meta property=\"article:published_time\" content=\"2021-12-14T18:34:33+00:00\" \/>\n<meta property=\"article:modified_time\" content=\"2021-12-15T10:19:22+00:00\" \/>\n<meta property=\"og:image\" content=\"https:\/\/www.nettali.com\/wp-content\/uploads\/2019\/05\/Mamadou-Oumar-Ndiaye-.jpg\" \/>\n\t<meta property=\"og:image:width\" content=\"652\" \/>\n\t<meta property=\"og:image:height\" content=\"366\" \/>\n<meta name=\"twitter:card\" content=\"summary_large_image\" \/>\n<meta name=\"twitter:label1\" content=\"\u00c9crit par\" \/>\n\t<meta name=\"twitter:data1\" content=\"Thierno Diop\" \/>\n\t<meta name=\"twitter:label2\" content=\"Dur\u00e9e de lecture estim\u00e9e\" \/>\n\t<meta name=\"twitter:data2\" content=\"4 minutes\" \/>\n<script type=\"application\/ld+json\" class=\"yoast-schema-graph\">{\"@context\":\"https:\/\/schema.org\",\"@graph\":[{\"@type\":\"WebSite\",\"@id\":\"https:\/\/www.nettali.com\/#website\",\"url\":\"https:\/\/www.nettali.com\/\",\"name\":\"Nettali.com\",\"description\":\"Le rendez-vous critique du Net\",\"potentialAction\":[{\"@type\":\"SearchAction\",\"target\":{\"@type\":\"EntryPoint\",\"urlTemplate\":\"https:\/\/www.nettali.com\/?s={search_term_string}\"},\"query-input\":\"required name=search_term_string\"}],\"inLanguage\":\"fr-FR\"},{\"@type\":\"ImageObject\",\"@id\":\"https:\/\/www.nettali.com\/2021\/12\/14\/par-mamadou-oumar-ndiaye-goulag-tropical\/#primaryimage\",\"inLanguage\":\"fr-FR\",\"url\":\"https:\/\/www.nettali.com\/wp-content\/uploads\/2019\/05\/Mamadou-Oumar-Ndiaye-.jpg\",\"contentUrl\":\"https:\/\/www.nettali.com\/wp-content\/uploads\/2019\/05\/Mamadou-Oumar-Ndiaye-.jpg\",\"width\":652,\"height\":366},{\"@type\":\"WebPage\",\"@id\":\"https:\/\/www.nettali.com\/2021\/12\/14\/par-mamadou-oumar-ndiaye-goulag-tropical\/#webpage\",\"url\":\"https:\/\/www.nettali.com\/2021\/12\/14\/par-mamadou-oumar-ndiaye-goulag-tropical\/\",\"name\":\"PAR MAMADOU OUMAR NDIAYE - Goulag tropical | Nettali.com\",\"isPartOf\":{\"@id\":\"https:\/\/www.nettali.com\/#website\"},\"primaryImageOfPage\":{\"@id\":\"https:\/\/www.nettali.com\/2021\/12\/14\/par-mamadou-oumar-ndiaye-goulag-tropical\/#primaryimage\"},\"datePublished\":\"2021-12-14T18:34:33+00:00\",\"dateModified\":\"2021-12-15T10:19:22+00:00\",\"author\":{\"@id\":\"https:\/\/www.nettali.com\/#\/schema\/person\/8a06c6bd7b19304cf4bf985862900b5b\"},\"breadcrumb\":{\"@id\":\"https:\/\/www.nettali.com\/2021\/12\/14\/par-mamadou-oumar-ndiaye-goulag-tropical\/#breadcrumb\"},\"inLanguage\":\"fr-FR\",\"potentialAction\":[{\"@type\":\"ReadAction\",\"target\":[\"https:\/\/www.nettali.com\/2021\/12\/14\/par-mamadou-oumar-ndiaye-goulag-tropical\/\"]}]},{\"@type\":\"BreadcrumbList\",\"@id\":\"https:\/\/www.nettali.com\/2021\/12\/14\/par-mamadou-oumar-ndiaye-goulag-tropical\/#breadcrumb\",\"itemListElement\":[{\"@type\":\"ListItem\",\"position\":1,\"name\":\"Accueil\",\"item\":\"https:\/\/www.nettali.com\/\"},{\"@type\":\"ListItem\",\"position\":2,\"name\":\"PAR MAMADOU OUMAR NDIAYE &#8211; Goulag tropical\"}]},{\"@type\":\"Person\",\"@id\":\"https:\/\/www.nettali.com\/#\/schema\/person\/8a06c6bd7b19304cf4bf985862900b5b\",\"name\":\"Thierno Diop\",\"image\":{\"@type\":\"ImageObject\",\"@id\":\"https:\/\/www.nettali.com\/#personlogo\",\"inLanguage\":\"fr-FR\",\"url\":\"https:\/\/secure.gravatar.com\/avatar\/c8ca58550c94fd2ac856d27391a6c866?s=96&d=mm&r=g\",\"contentUrl\":\"https:\/\/secure.gravatar.com\/avatar\/c8ca58550c94fd2ac856d27391a6c866?s=96&d=mm&r=g\",\"caption\":\"Thierno Diop\"},\"sameAs\":[\"https:\/\/nettali.com\"]}]}<\/script>\n<!-- \/ Yoast SEO Premium plugin. -->","yoast_head_json":{"title":"PAR MAMADOU OUMAR NDIAYE - Goulag tropical | Nettali.com","robots":{"index":"index","follow":"follow","max-snippet":"max-snippet:-1","max-image-preview":"max-image-preview:large","max-video-preview":"max-video-preview:-1"},"canonical":"https:\/\/www.nettali.com\/2021\/12\/14\/par-mamadou-oumar-ndiaye-goulag-tropical\/","og_locale":"fr_FR","og_type":"article","og_title":"PAR MAMADOU OUMAR NDIAYE - Goulag tropical","og_description":"CONTRIBUTION - Pendant la colonisation fran\u00e7aise, les t\u00eates br\u00fbl\u00e9es et autres personnes ind\u00e9sirables en M\u00e9tropole \u00e9taient exil\u00e9es en Nouvelle Cal\u00e9donie, un territoire surnomm\u00e9 aussi \u00ab Le Caillou \u00bb. Et dont les habitants viennent d\u2019ailleurs de d\u00e9cider de rester fran\u00e7ais \u00e0 l\u2019issue du troisi\u00e8me r\u00e9f\u00e9rendum d\u2019autod\u00e9termination organis\u00e9 par les autorit\u00e9s de ce pays. Un troisi\u00e8me r\u00e9f\u00e9rendum [&hellip;]","og_url":"https:\/\/www.nettali.com\/2021\/12\/14\/par-mamadou-oumar-ndiaye-goulag-tropical\/","og_site_name":"Nettali.com","article_publisher":"https:\/\/www.facebook.com\/nettalicom","article_published_time":"2021-12-14T18:34:33+00:00","article_modified_time":"2021-12-15T10:19:22+00:00","og_image":[{"width":652,"height":366,"url":"https:\/\/www.nettali.com\/wp-content\/uploads\/2019\/05\/Mamadou-Oumar-Ndiaye-.jpg","type":"image\/jpeg"}],"twitter_card":"summary_large_image","twitter_misc":{"\u00c9crit par":"Thierno Diop","Dur\u00e9e de lecture estim\u00e9e":"4 minutes"},"schema":{"@context":"https:\/\/schema.org","@graph":[{"@type":"WebSite","@id":"https:\/\/www.nettali.com\/#website","url":"https:\/\/www.nettali.com\/","name":"Nettali.com","description":"Le rendez-vous critique du Net","potentialAction":[{"@type":"SearchAction","target":{"@type":"EntryPoint","urlTemplate":"https:\/\/www.nettali.com\/?s={search_term_string}"},"query-input":"required name=search_term_string"}],"inLanguage":"fr-FR"},{"@type":"ImageObject","@id":"https:\/\/www.nettali.com\/2021\/12\/14\/par-mamadou-oumar-ndiaye-goulag-tropical\/#primaryimage","inLanguage":"fr-FR","url":"https:\/\/www.nettali.com\/wp-content\/uploads\/2019\/05\/Mamadou-Oumar-Ndiaye-.jpg","contentUrl":"https:\/\/www.nettali.com\/wp-content\/uploads\/2019\/05\/Mamadou-Oumar-Ndiaye-.jpg","width":652,"height":366},{"@type":"WebPage","@id":"https:\/\/www.nettali.com\/2021\/12\/14\/par-mamadou-oumar-ndiaye-goulag-tropical\/#webpage","url":"https:\/\/www.nettali.com\/2021\/12\/14\/par-mamadou-oumar-ndiaye-goulag-tropical\/","name":"PAR MAMADOU OUMAR NDIAYE - Goulag tropical | Nettali.com","isPartOf":{"@id":"https:\/\/www.nettali.com\/#website"},"primaryImageOfPage":{"@id":"https:\/\/www.nettali.com\/2021\/12\/14\/par-mamadou-oumar-ndiaye-goulag-tropical\/#primaryimage"},"datePublished":"2021-12-14T18:34:33+00:00","dateModified":"2021-12-15T10:19:22+00:00","author":{"@id":"https:\/\/www.nettali.com\/#\/schema\/person\/8a06c6bd7b19304cf4bf985862900b5b"},"breadcrumb":{"@id":"https:\/\/www.nettali.com\/2021\/12\/14\/par-mamadou-oumar-ndiaye-goulag-tropical\/#breadcrumb"},"inLanguage":"fr-FR","potentialAction":[{"@type":"ReadAction","target":["https:\/\/www.nettali.com\/2021\/12\/14\/par-mamadou-oumar-ndiaye-goulag-tropical\/"]}]},{"@type":"BreadcrumbList","@id":"https:\/\/www.nettali.com\/2021\/12\/14\/par-mamadou-oumar-ndiaye-goulag-tropical\/#breadcrumb","itemListElement":[{"@type":"ListItem","position":1,"name":"Accueil","item":"https:\/\/www.nettali.com\/"},{"@type":"ListItem","position":2,"name":"PAR MAMADOU OUMAR NDIAYE &#8211; Goulag tropical"}]},{"@type":"Person","@id":"https:\/\/www.nettali.com\/#\/schema\/person\/8a06c6bd7b19304cf4bf985862900b5b","name":"Thierno Diop","image":{"@type":"ImageObject","@id":"https:\/\/www.nettali.com\/#personlogo","inLanguage":"fr-FR","url":"https:\/\/secure.gravatar.com\/avatar\/c8ca58550c94fd2ac856d27391a6c866?s=96&d=mm&r=g","contentUrl":"https:\/\/secure.gravatar.com\/avatar\/c8ca58550c94fd2ac856d27391a6c866?s=96&d=mm&r=g","caption":"Thierno Diop"},"sameAs":["https:\/\/nettali.com"]}]}},"_links":{"self":[{"href":"https:\/\/www.nettali.com\/rest\/wp\/v2\/posts\/77390"}],"collection":[{"href":"https:\/\/www.nettali.com\/rest\/wp\/v2\/posts"}],"about":[{"href":"https:\/\/www.nettali.com\/rest\/wp\/v2\/types\/post"}],"author":[{"embeddable":true,"href":"https:\/\/www.nettali.com\/rest\/wp\/v2\/users\/11"}],"replies":[{"embeddable":true,"href":"https:\/\/www.nettali.com\/rest\/wp\/v2\/comments?post=77390"}],"version-history":[{"count":1,"href":"https:\/\/www.nettali.com\/rest\/wp\/v2\/posts\/77390\/revisions"}],"predecessor-version":[{"id":77391,"href":"https:\/\/www.nettali.com\/rest\/wp\/v2\/posts\/77390\/revisions\/77391"}],"wp:featuredmedia":[{"embeddable":true,"href":"https:\/\/www.nettali.com\/rest\/wp\/v2\/media\/9112"}],"wp:attachment":[{"href":"https:\/\/www.nettali.com\/rest\/wp\/v2\/media?parent=77390"}],"wp:term":[{"taxonomy":"category","embeddable":true,"href":"https:\/\/www.nettali.com\/rest\/wp\/v2\/categories?post=77390"},{"taxonomy":"post_tag","embeddable":true,"href":"https:\/\/www.nettali.com\/rest\/wp\/v2\/tags?post=77390"}],"curies":[{"name":"wp","href":"https:\/\/api.w.org\/{rel}","templated":true}]}}