{"id":77290,"date":"2021-12-13T11:31:19","date_gmt":"2021-12-13T11:31:19","guid":{"rendered":"https:\/\/www.nettali.com\/?p=77290"},"modified":"2021-12-13T11:33:43","modified_gmt":"2021-12-13T11:33:43","slug":"claude-gueant-incarcere-en-application-dune-condamnation-de-2017","status":"publish","type":"post","link":"https:\/\/www.nettali.com\/2021\/12\/13\/claude-gueant-incarcere-en-application-dune-condamnation-de-2017\/","title":{"rendered":"FRANCE - Claude Gu\u00e9ant incarc\u00e9r\u00e9 en application d'une condamnation de 2017"},"content":{"rendered":"<p>NETTALI.COM - Claude Gu\u00e9ant a \u00e9t\u00e9 incarc\u00e9r\u00e9 lundi matin \u00e0 la prison de la Sant\u00e9, en application de sa condamnation en 2017 dans l'affaire des primes en liquide du minist\u00e8re de l'Int\u00e9rieur, ont indiqu\u00e9 son avocat et le parquet g\u00e9n\u00e9ral de Paris, confirmant une information de LCI.<\/p>\n<p>L'ancien grand commis de l\u2019\u00c9tat, 76 ans, avait \u00e9t\u00e9 condamn\u00e9 \u00e0 deux ans d'emprisonnement dont un an ferme et 75.000 euros d'amende en appel en janvier 2017, une peine devenue d\u00e9finitive deux ans plus tard apr\u00e8s le rejet de son pourvoi en cassation. Depuis, il purgeait cette peine sous le r\u00e9gime de la libert\u00e9 conditionnelle.<\/p>\n<p>D\u00e9but novembre, cependant, la cour d'appel de Paris a r\u00e9voqu\u00e9 une partie de son sursis (3 mois) et de sa libert\u00e9 conditionnelle (6 mois), estimant que M. Gu\u00e9ant ne r\u00e9alisait pas les versements n\u00e9cessaires pour payer l'amende et les dommages et int\u00e9r\u00eats qu'il s'\u00e9tait vu infliger.<\/p>\n<p>\"En ex\u00e9cution de deux arr\u00eats rendus le 9 novembre dernier, l'int\u00e9ress\u00e9 s'est pr\u00e9sent\u00e9 ce jour au service de l'ex\u00e9cution des peines du parquet de Paris et a \u00e9t\u00e9 incarc\u00e9r\u00e9 au centre p\u00e9nitentiaire de Paris-La-Sant\u00e9\", \u00e9crit lundi le parquet g\u00e9n\u00e9ral dans un communiqu\u00e9.<\/p>\n<p>L'ex-bras droit de Nicolas Sarkozy a \u00e9t\u00e9 plac\u00e9 sous \u00e9crou pour neuf mois, a indiqu\u00e9 \u00e0 l'AFP son avocat Me Philippe Bouchez El-Ghozi, qui a annonc\u00e9 son intention de saisir le juge d'application des peines pour obtenir un am\u00e9nagement, soulignant l'\u00e9tat de sant\u00e9 \"pr\u00e9occupant\" de son client.<\/p>\n<p>\"Il paye ce qu\u2019il peut payer, c'est-\u00e0-dire 3.000 euros par mois, il n\u2019a pas d'argent cach\u00e9 donc il ne peut pas payer plus, et malgr\u00e9 \u00e7a, on a d\u00e9cid\u00e9 qu\u2019on l\u2019enverrait en prison\", a-t-il d\u00e9plor\u00e9.<\/p>\n<p>Ces d\u00e9cisions de la cour d'appel avaient entra\u00een\u00e9 une r\u00e9ouverture, rarissime, des d\u00e9bats dans l'affaire des sondages de l\u2019\u00c9lys\u00e9e, pour laquelle l'ex-secr\u00e9taire g\u00e9n\u00e9ral de l\u2019\u00c9lys\u00e9e a comparu en octobre et novembre au tribunal de Paris aux c\u00f4t\u00e9s de quatre anciens proches de Nicolas Sarkozy.<\/p>\n<p>Lors d'une audience le 3 d\u00e9cembre, Claude Gu\u00e9ant a r\u00e9p\u00e9t\u00e9: \"J'ai fait tout ce que je pouvais et je fais tout ce que je peux pour m'acquitter de ma dette\".<\/p>\n<p>Le repr\u00e9sentant du parquet national financier (PNF) a au contraire estim\u00e9 que l'ancien ministre ne \"respectait pas les d\u00e9cisions de justice\", alourdissant ses r\u00e9quisitions contre lui, de un an d'emprisonnement dont six mois ferme, \u00e0 un an d'emprisonnement ferme.<\/p>\n<p>Le procureur financier avait fait valoir que \"seulement 36%\" de sa dette d'environ 190.000 euros au Tr\u00e9sor public a \u00e9t\u00e9 acquitt\u00e9e et ce, pour \"une grande partie, de fa\u00e7on contrainte par le biais de saisies\".<\/p>\n<p>La d\u00e9cision dans l'affaire des sondages est attendue le 21 janvier.<\/p>\n<p>Avec AFP<\/p>\n<p>&nbsp;<\/p>\n<div class='share-to-whatsapp-wrapper'><div class='share-on-whsp'>PARTAGER SUR : <\/div><a data-text='FRANCE - Claude Gu\u00e9ant incarc\u00e9r\u00e9 en application d'une condamnation de 2017' data-link='https:\/\/www.nettali.com\/2021\/12\/13\/claude-gueant-incarcere-en-application-dune-condamnation-de-2017\/' class='whatsapp-button whatsapp-share'>WhatsApp<\/a><div class='clear '><\/div><\/div>","protected":false},"excerpt":{"rendered":"<p>NETTALI.COM - Claude Gu\u00e9ant a \u00e9t\u00e9 incarc\u00e9r\u00e9 lundi matin \u00e0 la prison de la Sant\u00e9, en application de sa condamnation en 2017 dans l'affaire des primes en liquide du minist\u00e8re de l'Int\u00e9rieur, ont indiqu\u00e9 son avocat et le parquet g\u00e9n\u00e9ral de Paris, confirmant une information de LCI. L'ancien grand commis de l\u2019\u00c9tat, 76 ans, avait [&hellip;]<\/p>\n","protected":false},"author":11,"featured_media":77291,"comment_status":"open","ping_status":"open","sticky":false,"template":"","format":"standard","meta":{"_et_pb_use_builder":"","_et_pb_old_content":""},"categories":[8],"tags":[],"yoast_head":"<!-- This site is optimized with the Yoast SEO Premium plugin v17.8 (Yoast SEO v17.8) - https:\/\/yoast.com\/wordpress\/plugins\/seo\/ -->\n<title>FRANCE - Claude Gu\u00e9ant incarc\u00e9r\u00e9 en application d&#039;une condamnation de 2017 | Nettali.com<\/title>\n<meta name=\"robots\" content=\"index, follow, max-snippet:-1, max-image-preview:large, max-video-preview:-1\" \/>\n<link rel=\"canonical\" href=\"https:\/\/www.nettali.com\/2021\/12\/13\/claude-gueant-incarcere-en-application-dune-condamnation-de-2017\/\" \/>\n<meta property=\"og:locale\" content=\"fr_FR\" \/>\n<meta property=\"og:type\" content=\"article\" \/>\n<meta property=\"og:title\" content=\"FRANCE - Claude Gu\u00e9ant incarc\u00e9r\u00e9 en application d&#039;une condamnation de 2017\" \/>\n<meta property=\"og:description\" content=\"NETTALI.COM - Claude Gu\u00e9ant a \u00e9t\u00e9 incarc\u00e9r\u00e9 lundi matin \u00e0 la prison de la Sant\u00e9, en application de sa condamnation en 2017 dans l&#039;affaire des primes en liquide du minist\u00e8re de l&#039;Int\u00e9rieur, ont indiqu\u00e9 son avocat et le parquet g\u00e9n\u00e9ral de Paris, confirmant une information de LCI. L&#039;ancien grand commis de l\u2019\u00c9tat, 76 ans, avait [&hellip;]\" \/>\n<meta property=\"og:url\" content=\"https:\/\/www.nettali.com\/2021\/12\/13\/claude-gueant-incarcere-en-application-dune-condamnation-de-2017\/\" \/>\n<meta property=\"og:site_name\" content=\"Nettali.com\" \/>\n<meta property=\"article:publisher\" content=\"https:\/\/www.facebook.com\/nettalicom\" \/>\n<meta property=\"article:published_time\" content=\"2021-12-13T11:31:19+00:00\" \/>\n<meta property=\"article:modified_time\" content=\"2021-12-13T11:33:43+00:00\" \/>\n<meta property=\"og:image\" content=\"https:\/\/www.nettali.com\/wp-content\/uploads\/2021\/12\/Claude-Gueant.jpg\" \/>\n\t<meta property=\"og:image:width\" content=\"1500\" \/>\n\t<meta property=\"og:image:height\" content=\"1500\" \/>\n<meta name=\"twitter:card\" content=\"summary_large_image\" \/>\n<meta name=\"twitter:label1\" content=\"\u00c9crit par\" \/>\n\t<meta name=\"twitter:data1\" content=\"Thierno Diop\" \/>\n\t<meta name=\"twitter:label2\" content=\"Dur\u00e9e de lecture estim\u00e9e\" \/>\n\t<meta name=\"twitter:data2\" content=\"2 minutes\" \/>\n<script type=\"application\/ld+json\" class=\"yoast-schema-graph\">{\"@context\":\"https:\/\/schema.org\",\"@graph\":[{\"@type\":\"WebSite\",\"@id\":\"https:\/\/www.nettali.com\/#website\",\"url\":\"https:\/\/www.nettali.com\/\",\"name\":\"Nettali.com\",\"description\":\"Le rendez-vous critique du Net\",\"potentialAction\":[{\"@type\":\"SearchAction\",\"target\":{\"@type\":\"EntryPoint\",\"urlTemplate\":\"https:\/\/www.nettali.com\/?s={search_term_string}\"},\"query-input\":\"required name=search_term_string\"}],\"inLanguage\":\"fr-FR\"},{\"@type\":\"ImageObject\",\"@id\":\"https:\/\/www.nettali.com\/2021\/12\/13\/claude-gueant-incarcere-en-application-dune-condamnation-de-2017\/#primaryimage\",\"inLanguage\":\"fr-FR\",\"url\":\"https:\/\/www.nettali.com\/wp-content\/uploads\/2021\/12\/Claude-Gueant.jpg\",\"contentUrl\":\"https:\/\/www.nettali.com\/wp-content\/uploads\/2021\/12\/Claude-Gueant.jpg\",\"width\":1500,\"height\":1500},{\"@type\":\"WebPage\",\"@id\":\"https:\/\/www.nettali.com\/2021\/12\/13\/claude-gueant-incarcere-en-application-dune-condamnation-de-2017\/#webpage\",\"url\":\"https:\/\/www.nettali.com\/2021\/12\/13\/claude-gueant-incarcere-en-application-dune-condamnation-de-2017\/\",\"name\":\"FRANCE - Claude Gu\\u00e9ant incarc\\u00e9r\\u00e9 en application d'une condamnation de 2017 | Nettali.com\",\"isPartOf\":{\"@id\":\"https:\/\/www.nettali.com\/#website\"},\"primaryImageOfPage\":{\"@id\":\"https:\/\/www.nettali.com\/2021\/12\/13\/claude-gueant-incarcere-en-application-dune-condamnation-de-2017\/#primaryimage\"},\"datePublished\":\"2021-12-13T11:31:19+00:00\",\"dateModified\":\"2021-12-13T11:33:43+00:00\",\"author\":{\"@id\":\"https:\/\/www.nettali.com\/#\/schema\/person\/8a06c6bd7b19304cf4bf985862900b5b\"},\"breadcrumb\":{\"@id\":\"https:\/\/www.nettali.com\/2021\/12\/13\/claude-gueant-incarcere-en-application-dune-condamnation-de-2017\/#breadcrumb\"},\"inLanguage\":\"fr-FR\",\"potentialAction\":[{\"@type\":\"ReadAction\",\"target\":[\"https:\/\/www.nettali.com\/2021\/12\/13\/claude-gueant-incarcere-en-application-dune-condamnation-de-2017\/\"]}]},{\"@type\":\"BreadcrumbList\",\"@id\":\"https:\/\/www.nettali.com\/2021\/12\/13\/claude-gueant-incarcere-en-application-dune-condamnation-de-2017\/#breadcrumb\",\"itemListElement\":[{\"@type\":\"ListItem\",\"position\":1,\"name\":\"Accueil\",\"item\":\"https:\/\/www.nettali.com\/\"},{\"@type\":\"ListItem\",\"position\":2,\"name\":\"FRANCE &#8211; Claude Gu\\u00e9ant incarc\\u00e9r\\u00e9 en application d&rsquo;une condamnation de 2017\"}]},{\"@type\":\"Person\",\"@id\":\"https:\/\/www.nettali.com\/#\/schema\/person\/8a06c6bd7b19304cf4bf985862900b5b\",\"name\":\"Thierno Diop\",\"image\":{\"@type\":\"ImageObject\",\"@id\":\"https:\/\/www.nettali.com\/#personlogo\",\"inLanguage\":\"fr-FR\",\"url\":\"https:\/\/secure.gravatar.com\/avatar\/c8ca58550c94fd2ac856d27391a6c866?s=96&d=mm&r=g\",\"contentUrl\":\"https:\/\/secure.gravatar.com\/avatar\/c8ca58550c94fd2ac856d27391a6c866?s=96&d=mm&r=g\",\"caption\":\"Thierno Diop\"},\"sameAs\":[\"https:\/\/nettali.com\"]}]}<\/script>\n<!-- \/ Yoast SEO Premium plugin. -->","yoast_head_json":{"title":"FRANCE - Claude Gu\u00e9ant incarc\u00e9r\u00e9 en application d'une condamnation de 2017 | Nettali.com","robots":{"index":"index","follow":"follow","max-snippet":"max-snippet:-1","max-image-preview":"max-image-preview:large","max-video-preview":"max-video-preview:-1"},"canonical":"https:\/\/www.nettali.com\/2021\/12\/13\/claude-gueant-incarcere-en-application-dune-condamnation-de-2017\/","og_locale":"fr_FR","og_type":"article","og_title":"FRANCE - Claude Gu\u00e9ant incarc\u00e9r\u00e9 en application d'une condamnation de 2017","og_description":"NETTALI.COM - Claude Gu\u00e9ant a \u00e9t\u00e9 incarc\u00e9r\u00e9 lundi matin \u00e0 la prison de la Sant\u00e9, en application de sa condamnation en 2017 dans l'affaire des primes en liquide du minist\u00e8re de l'Int\u00e9rieur, ont indiqu\u00e9 son avocat et le parquet g\u00e9n\u00e9ral de Paris, confirmant une information de LCI. L'ancien grand commis de l\u2019\u00c9tat, 76 ans, avait [&hellip;]","og_url":"https:\/\/www.nettali.com\/2021\/12\/13\/claude-gueant-incarcere-en-application-dune-condamnation-de-2017\/","og_site_name":"Nettali.com","article_publisher":"https:\/\/www.facebook.com\/nettalicom","article_published_time":"2021-12-13T11:31:19+00:00","article_modified_time":"2021-12-13T11:33:43+00:00","og_image":[{"width":1500,"height":1500,"url":"https:\/\/www.nettali.com\/wp-content\/uploads\/2021\/12\/Claude-Gueant.jpg","type":"image\/jpeg"}],"twitter_card":"summary_large_image","twitter_misc":{"\u00c9crit par":"Thierno Diop","Dur\u00e9e de lecture estim\u00e9e":"2 minutes"},"schema":{"@context":"https:\/\/schema.org","@graph":[{"@type":"WebSite","@id":"https:\/\/www.nettali.com\/#website","url":"https:\/\/www.nettali.com\/","name":"Nettali.com","description":"Le rendez-vous critique du Net","potentialAction":[{"@type":"SearchAction","target":{"@type":"EntryPoint","urlTemplate":"https:\/\/www.nettali.com\/?s={search_term_string}"},"query-input":"required name=search_term_string"}],"inLanguage":"fr-FR"},{"@type":"ImageObject","@id":"https:\/\/www.nettali.com\/2021\/12\/13\/claude-gueant-incarcere-en-application-dune-condamnation-de-2017\/#primaryimage","inLanguage":"fr-FR","url":"https:\/\/www.nettali.com\/wp-content\/uploads\/2021\/12\/Claude-Gueant.jpg","contentUrl":"https:\/\/www.nettali.com\/wp-content\/uploads\/2021\/12\/Claude-Gueant.jpg","width":1500,"height":1500},{"@type":"WebPage","@id":"https:\/\/www.nettali.com\/2021\/12\/13\/claude-gueant-incarcere-en-application-dune-condamnation-de-2017\/#webpage","url":"https:\/\/www.nettali.com\/2021\/12\/13\/claude-gueant-incarcere-en-application-dune-condamnation-de-2017\/","name":"FRANCE - Claude Gu\u00e9ant incarc\u00e9r\u00e9 en application d'une condamnation de 2017 | Nettali.com","isPartOf":{"@id":"https:\/\/www.nettali.com\/#website"},"primaryImageOfPage":{"@id":"https:\/\/www.nettali.com\/2021\/12\/13\/claude-gueant-incarcere-en-application-dune-condamnation-de-2017\/#primaryimage"},"datePublished":"2021-12-13T11:31:19+00:00","dateModified":"2021-12-13T11:33:43+00:00","author":{"@id":"https:\/\/www.nettali.com\/#\/schema\/person\/8a06c6bd7b19304cf4bf985862900b5b"},"breadcrumb":{"@id":"https:\/\/www.nettali.com\/2021\/12\/13\/claude-gueant-incarcere-en-application-dune-condamnation-de-2017\/#breadcrumb"},"inLanguage":"fr-FR","potentialAction":[{"@type":"ReadAction","target":["https:\/\/www.nettali.com\/2021\/12\/13\/claude-gueant-incarcere-en-application-dune-condamnation-de-2017\/"]}]},{"@type":"BreadcrumbList","@id":"https:\/\/www.nettali.com\/2021\/12\/13\/claude-gueant-incarcere-en-application-dune-condamnation-de-2017\/#breadcrumb","itemListElement":[{"@type":"ListItem","position":1,"name":"Accueil","item":"https:\/\/www.nettali.com\/"},{"@type":"ListItem","position":2,"name":"FRANCE &#8211; Claude Gu\u00e9ant incarc\u00e9r\u00e9 en application d&rsquo;une condamnation de 2017"}]},{"@type":"Person","@id":"https:\/\/www.nettali.com\/#\/schema\/person\/8a06c6bd7b19304cf4bf985862900b5b","name":"Thierno Diop","image":{"@type":"ImageObject","@id":"https:\/\/www.nettali.com\/#personlogo","inLanguage":"fr-FR","url":"https:\/\/secure.gravatar.com\/avatar\/c8ca58550c94fd2ac856d27391a6c866?s=96&d=mm&r=g","contentUrl":"https:\/\/secure.gravatar.com\/avatar\/c8ca58550c94fd2ac856d27391a6c866?s=96&d=mm&r=g","caption":"Thierno Diop"},"sameAs":["https:\/\/nettali.com"]}]}},"_links":{"self":[{"href":"https:\/\/www.nettali.com\/rest\/wp\/v2\/posts\/77290"}],"collection":[{"href":"https:\/\/www.nettali.com\/rest\/wp\/v2\/posts"}],"about":[{"href":"https:\/\/www.nettali.com\/rest\/wp\/v2\/types\/post"}],"author":[{"embeddable":true,"href":"https:\/\/www.nettali.com\/rest\/wp\/v2\/users\/11"}],"replies":[{"embeddable":true,"href":"https:\/\/www.nettali.com\/rest\/wp\/v2\/comments?post=77290"}],"version-history":[{"count":2,"href":"https:\/\/www.nettali.com\/rest\/wp\/v2\/posts\/77290\/revisions"}],"predecessor-version":[{"id":77294,"href":"https:\/\/www.nettali.com\/rest\/wp\/v2\/posts\/77290\/revisions\/77294"}],"wp:featuredmedia":[{"embeddable":true,"href":"https:\/\/www.nettali.com\/rest\/wp\/v2\/media\/77291"}],"wp:attachment":[{"href":"https:\/\/www.nettali.com\/rest\/wp\/v2\/media?parent=77290"}],"wp:term":[{"taxonomy":"category","embeddable":true,"href":"https:\/\/www.nettali.com\/rest\/wp\/v2\/categories?post=77290"},{"taxonomy":"post_tag","embeddable":true,"href":"https:\/\/www.nettali.com\/rest\/wp\/v2\/tags?post=77290"}],"curies":[{"name":"wp","href":"https:\/\/api.w.org\/{rel}","templated":true}]}}