{"id":77095,"date":"2021-12-10T09:07:47","date_gmt":"2021-12-10T09:07:47","guid":{"rendered":"https:\/\/www.nettali.com\/?p=77095"},"modified":"2021-12-10T12:38:53","modified_gmt":"2021-12-10T12:38:53","slug":"restauration-de-la-primature-le-projet-de-loi-examine-ce-vendredi","status":"publish","type":"post","link":"https:\/\/www.nettali.com\/2021\/12\/10\/restauration-de-la-primature-le-projet-de-loi-examine-ce-vendredi\/","title":{"rendered":"RESTAURATION DE LA PRIMATURE \u2013 Le projet de loi examin\u00e9 ce vendredi"},"content":{"rendered":"<p><strong>NETTALI.COM \u2013 Le Parlement examine ce vendredi le projet de loi aff\u00e9rente \u00e0 la restauration de la Primature, qui a \u00e9t\u00e9 supprim\u00e9e en 2019. <\/strong><\/p>\n<p><strong>\u00a0<\/strong><\/p>\n<p><strong>E<\/strong>n s\u00e9ance pl\u00e9ni\u00e8re ce vendredi, les d\u00e9put\u00e9s examinent le projet de loi portant r\u00e9introduction du poste de Premier ministre dans l\u2019ordonnancement institutionnel.<\/p>\n<p>Ce sera en pr\u00e9sence du ministre de la Justice, Me Malick Sall , qui d\u00e9fendra le texte.<\/p>\n<p>Pour m\u00e9moire, le pr\u00e9sident de la R\u00e9publique, Macky Sall, a fait part, le 24 novembre, en Conseil des ministres, de sa volont\u00e9 d\u2019initier une r\u00e9vision de la Constitution en vue de la restauration du poste de Premier ministre, supprim\u00e9 en mai 2019.<\/p>\n<p>\u2019\u2019Le pr\u00e9sident de la R\u00e9publique a (\u2026) inform\u00e9 le Conseil [des ministres], de sa volont\u00e9 d\u2019initier une r\u00e9vision de la Constitution en vue de l\u2019instauration du poste de Premier ministre\u2019\u2019, indiquait le communiqu\u00e9 ayant sanctionn\u00e9 cette rencontre hebdomadaire du gouvernement.<\/p>\n<p>\u2019\u2019\u2019Cette restauration, qui vient ainsi adapter l\u2019organisation du pouvoir ex\u00e9cutif \u00e0 un nouvel environnement \u00e9conomique et socio-politique, s\u2019accompagne d\u2019une n\u00e9cessaire requalification des rapports entre l\u2019ex\u00e9cutif et le l\u00e9gislatif, notamment la r\u00e9introduction de la responsabilit\u00e9 du gouvernement devant l\u2019Assembl\u00e9e nationale et le pouvoir de dissolution de celle-ci d\u00e9volu au pr\u00e9sident de la R\u00e9publique\u2019\u2019, pr\u00e9cisait le texte.<\/p>\n<p>Dans un entretien accord\u00e9 \u00e0 France 24 et Rfi diffus\u00e9 mercredi soir, le chef de l'Etat a tent\u00e9 de justifier cette restauration de la Primature, excipant, entre autres raisons, de ses futures charges de pr\u00e9sident de l'Union africaine. Au cours de cet entretien, Macky Sall a r\u00e9v\u00e9l\u00e9 que le futur Pm sera nomm\u00e9 apr\u00e8s les locales pr\u00e9vues le 23 janvier 2022.<\/p>\n<div class='share-to-whatsapp-wrapper'><div class='share-on-whsp'>PARTAGER SUR : <\/div><a data-text='RESTAURATION DE LA PRIMATURE \u2013 Le projet de loi examin\u00e9 ce vendredi' data-link='https:\/\/www.nettali.com\/2021\/12\/10\/restauration-de-la-primature-le-projet-de-loi-examine-ce-vendredi\/' class='whatsapp-button whatsapp-share'>WhatsApp<\/a><div class='clear '><\/div><\/div>","protected":false},"excerpt":{"rendered":"<p>NETTALI.COM \u2013 Le Parlement examine ce vendredi le projet de loi aff\u00e9rente \u00e0 la restauration de la Primature, qui a \u00e9t\u00e9 supprim\u00e9e en 2019. \u00a0 En s\u00e9ance pl\u00e9ni\u00e8re ce vendredi, les d\u00e9put\u00e9s examinent le projet de loi portant r\u00e9introduction du poste de Premier ministre dans l\u2019ordonnancement institutionnel. Ce sera en pr\u00e9sence du ministre de la [&hellip;]<\/p>\n","protected":false},"author":11,"featured_media":76417,"comment_status":"open","ping_status":"open","sticky":false,"template":"","format":"standard","meta":{"_et_pb_use_builder":"","_et_pb_old_content":""},"categories":[2],"tags":[],"yoast_head":"<!-- This site is optimized with the Yoast SEO Premium plugin v17.8 (Yoast SEO v17.8) - https:\/\/yoast.com\/wordpress\/plugins\/seo\/ -->\n<title>RESTAURATION DE LA PRIMATURE \u2013 Le projet de loi examin\u00e9 ce vendredi | Nettali.com<\/title>\n<meta name=\"robots\" content=\"index, follow, max-snippet:-1, max-image-preview:large, max-video-preview:-1\" \/>\n<link rel=\"canonical\" href=\"https:\/\/www.nettali.com\/2021\/12\/10\/restauration-de-la-primature-le-projet-de-loi-examine-ce-vendredi\/\" \/>\n<meta property=\"og:locale\" content=\"fr_FR\" \/>\n<meta property=\"og:type\" content=\"article\" \/>\n<meta property=\"og:title\" content=\"RESTAURATION DE LA PRIMATURE \u2013 Le projet de loi examin\u00e9 ce vendredi\" \/>\n<meta property=\"og:description\" content=\"NETTALI.COM \u2013 Le Parlement examine ce vendredi le projet de loi aff\u00e9rente \u00e0 la restauration de la Primature, qui a \u00e9t\u00e9 supprim\u00e9e en 2019. \u00a0 En s\u00e9ance pl\u00e9ni\u00e8re ce vendredi, les d\u00e9put\u00e9s examinent le projet de loi portant r\u00e9introduction du poste de Premier ministre dans l\u2019ordonnancement institutionnel. Ce sera en pr\u00e9sence du ministre de la [&hellip;]\" \/>\n<meta property=\"og:url\" content=\"https:\/\/www.nettali.com\/2021\/12\/10\/restauration-de-la-primature-le-projet-de-loi-examine-ce-vendredi\/\" \/>\n<meta property=\"og:site_name\" content=\"Nettali.com\" \/>\n<meta property=\"article:publisher\" content=\"https:\/\/www.facebook.com\/nettalicom\" \/>\n<meta property=\"article:published_time\" content=\"2021-12-10T09:07:47+00:00\" \/>\n<meta property=\"article:modified_time\" content=\"2021-12-10T12:38:53+00:00\" \/>\n<meta property=\"og:image\" content=\"https:\/\/www.nettali.com\/wp-content\/uploads\/2021\/11\/macky-primature.jpg\" \/>\n\t<meta property=\"og:image:width\" content=\"1280\" \/>\n\t<meta property=\"og:image:height\" content=\"600\" \/>\n<meta name=\"twitter:card\" content=\"summary_large_image\" \/>\n<meta name=\"twitter:label1\" content=\"\u00c9crit par\" \/>\n\t<meta name=\"twitter:data1\" content=\"Thierno Diop\" \/>\n\t<meta name=\"twitter:label2\" content=\"Dur\u00e9e de lecture estim\u00e9e\" \/>\n\t<meta name=\"twitter:data2\" content=\"2 minutes\" \/>\n<script type=\"application\/ld+json\" class=\"yoast-schema-graph\">{\"@context\":\"https:\/\/schema.org\",\"@graph\":[{\"@type\":\"WebSite\",\"@id\":\"https:\/\/www.nettali.com\/#website\",\"url\":\"https:\/\/www.nettali.com\/\",\"name\":\"Nettali.com\",\"description\":\"Le rendez-vous critique du Net\",\"potentialAction\":[{\"@type\":\"SearchAction\",\"target\":{\"@type\":\"EntryPoint\",\"urlTemplate\":\"https:\/\/www.nettali.com\/?s={search_term_string}\"},\"query-input\":\"required name=search_term_string\"}],\"inLanguage\":\"fr-FR\"},{\"@type\":\"ImageObject\",\"@id\":\"https:\/\/www.nettali.com\/2021\/12\/10\/restauration-de-la-primature-le-projet-de-loi-examine-ce-vendredi\/#primaryimage\",\"inLanguage\":\"fr-FR\",\"url\":\"https:\/\/www.nettali.com\/wp-content\/uploads\/2021\/11\/macky-primature.jpg\",\"contentUrl\":\"https:\/\/www.nettali.com\/wp-content\/uploads\/2021\/11\/macky-primature.jpg\",\"width\":1280,\"height\":600},{\"@type\":\"WebPage\",\"@id\":\"https:\/\/www.nettali.com\/2021\/12\/10\/restauration-de-la-primature-le-projet-de-loi-examine-ce-vendredi\/#webpage\",\"url\":\"https:\/\/www.nettali.com\/2021\/12\/10\/restauration-de-la-primature-le-projet-de-loi-examine-ce-vendredi\/\",\"name\":\"RESTAURATION DE LA PRIMATURE \\u2013 Le projet de loi examin\\u00e9 ce vendredi | Nettali.com\",\"isPartOf\":{\"@id\":\"https:\/\/www.nettali.com\/#website\"},\"primaryImageOfPage\":{\"@id\":\"https:\/\/www.nettali.com\/2021\/12\/10\/restauration-de-la-primature-le-projet-de-loi-examine-ce-vendredi\/#primaryimage\"},\"datePublished\":\"2021-12-10T09:07:47+00:00\",\"dateModified\":\"2021-12-10T12:38:53+00:00\",\"author\":{\"@id\":\"https:\/\/www.nettali.com\/#\/schema\/person\/8a06c6bd7b19304cf4bf985862900b5b\"},\"breadcrumb\":{\"@id\":\"https:\/\/www.nettali.com\/2021\/12\/10\/restauration-de-la-primature-le-projet-de-loi-examine-ce-vendredi\/#breadcrumb\"},\"inLanguage\":\"fr-FR\",\"potentialAction\":[{\"@type\":\"ReadAction\",\"target\":[\"https:\/\/www.nettali.com\/2021\/12\/10\/restauration-de-la-primature-le-projet-de-loi-examine-ce-vendredi\/\"]}]},{\"@type\":\"BreadcrumbList\",\"@id\":\"https:\/\/www.nettali.com\/2021\/12\/10\/restauration-de-la-primature-le-projet-de-loi-examine-ce-vendredi\/#breadcrumb\",\"itemListElement\":[{\"@type\":\"ListItem\",\"position\":1,\"name\":\"Accueil\",\"item\":\"https:\/\/www.nettali.com\/\"},{\"@type\":\"ListItem\",\"position\":2,\"name\":\"RESTAURATION DE LA PRIMATURE \\u2013 Le projet de loi examin\\u00e9 ce vendredi\"}]},{\"@type\":\"Person\",\"@id\":\"https:\/\/www.nettali.com\/#\/schema\/person\/8a06c6bd7b19304cf4bf985862900b5b\",\"name\":\"Thierno Diop\",\"image\":{\"@type\":\"ImageObject\",\"@id\":\"https:\/\/www.nettali.com\/#personlogo\",\"inLanguage\":\"fr-FR\",\"url\":\"https:\/\/secure.gravatar.com\/avatar\/c8ca58550c94fd2ac856d27391a6c866?s=96&d=mm&r=g\",\"contentUrl\":\"https:\/\/secure.gravatar.com\/avatar\/c8ca58550c94fd2ac856d27391a6c866?s=96&d=mm&r=g\",\"caption\":\"Thierno Diop\"},\"sameAs\":[\"https:\/\/nettali.com\"]}]}<\/script>\n<!-- \/ Yoast SEO Premium plugin. -->","yoast_head_json":{"title":"RESTAURATION DE LA PRIMATURE \u2013 Le projet de loi examin\u00e9 ce vendredi | Nettali.com","robots":{"index":"index","follow":"follow","max-snippet":"max-snippet:-1","max-image-preview":"max-image-preview:large","max-video-preview":"max-video-preview:-1"},"canonical":"https:\/\/www.nettali.com\/2021\/12\/10\/restauration-de-la-primature-le-projet-de-loi-examine-ce-vendredi\/","og_locale":"fr_FR","og_type":"article","og_title":"RESTAURATION DE LA PRIMATURE \u2013 Le projet de loi examin\u00e9 ce vendredi","og_description":"NETTALI.COM \u2013 Le Parlement examine ce vendredi le projet de loi aff\u00e9rente \u00e0 la restauration de la Primature, qui a \u00e9t\u00e9 supprim\u00e9e en 2019. \u00a0 En s\u00e9ance pl\u00e9ni\u00e8re ce vendredi, les d\u00e9put\u00e9s examinent le projet de loi portant r\u00e9introduction du poste de Premier ministre dans l\u2019ordonnancement institutionnel. Ce sera en pr\u00e9sence du ministre de la [&hellip;]","og_url":"https:\/\/www.nettali.com\/2021\/12\/10\/restauration-de-la-primature-le-projet-de-loi-examine-ce-vendredi\/","og_site_name":"Nettali.com","article_publisher":"https:\/\/www.facebook.com\/nettalicom","article_published_time":"2021-12-10T09:07:47+00:00","article_modified_time":"2021-12-10T12:38:53+00:00","og_image":[{"width":1280,"height":600,"url":"https:\/\/www.nettali.com\/wp-content\/uploads\/2021\/11\/macky-primature.jpg","type":"image\/jpeg"}],"twitter_card":"summary_large_image","twitter_misc":{"\u00c9crit par":"Thierno Diop","Dur\u00e9e de lecture estim\u00e9e":"2 minutes"},"schema":{"@context":"https:\/\/schema.org","@graph":[{"@type":"WebSite","@id":"https:\/\/www.nettali.com\/#website","url":"https:\/\/www.nettali.com\/","name":"Nettali.com","description":"Le rendez-vous critique du Net","potentialAction":[{"@type":"SearchAction","target":{"@type":"EntryPoint","urlTemplate":"https:\/\/www.nettali.com\/?s={search_term_string}"},"query-input":"required name=search_term_string"}],"inLanguage":"fr-FR"},{"@type":"ImageObject","@id":"https:\/\/www.nettali.com\/2021\/12\/10\/restauration-de-la-primature-le-projet-de-loi-examine-ce-vendredi\/#primaryimage","inLanguage":"fr-FR","url":"https:\/\/www.nettali.com\/wp-content\/uploads\/2021\/11\/macky-primature.jpg","contentUrl":"https:\/\/www.nettali.com\/wp-content\/uploads\/2021\/11\/macky-primature.jpg","width":1280,"height":600},{"@type":"WebPage","@id":"https:\/\/www.nettali.com\/2021\/12\/10\/restauration-de-la-primature-le-projet-de-loi-examine-ce-vendredi\/#webpage","url":"https:\/\/www.nettali.com\/2021\/12\/10\/restauration-de-la-primature-le-projet-de-loi-examine-ce-vendredi\/","name":"RESTAURATION DE LA PRIMATURE \u2013 Le projet de loi examin\u00e9 ce vendredi | Nettali.com","isPartOf":{"@id":"https:\/\/www.nettali.com\/#website"},"primaryImageOfPage":{"@id":"https:\/\/www.nettali.com\/2021\/12\/10\/restauration-de-la-primature-le-projet-de-loi-examine-ce-vendredi\/#primaryimage"},"datePublished":"2021-12-10T09:07:47+00:00","dateModified":"2021-12-10T12:38:53+00:00","author":{"@id":"https:\/\/www.nettali.com\/#\/schema\/person\/8a06c6bd7b19304cf4bf985862900b5b"},"breadcrumb":{"@id":"https:\/\/www.nettali.com\/2021\/12\/10\/restauration-de-la-primature-le-projet-de-loi-examine-ce-vendredi\/#breadcrumb"},"inLanguage":"fr-FR","potentialAction":[{"@type":"ReadAction","target":["https:\/\/www.nettali.com\/2021\/12\/10\/restauration-de-la-primature-le-projet-de-loi-examine-ce-vendredi\/"]}]},{"@type":"BreadcrumbList","@id":"https:\/\/www.nettali.com\/2021\/12\/10\/restauration-de-la-primature-le-projet-de-loi-examine-ce-vendredi\/#breadcrumb","itemListElement":[{"@type":"ListItem","position":1,"name":"Accueil","item":"https:\/\/www.nettali.com\/"},{"@type":"ListItem","position":2,"name":"RESTAURATION DE LA PRIMATURE \u2013 Le projet de loi examin\u00e9 ce vendredi"}]},{"@type":"Person","@id":"https:\/\/www.nettali.com\/#\/schema\/person\/8a06c6bd7b19304cf4bf985862900b5b","name":"Thierno Diop","image":{"@type":"ImageObject","@id":"https:\/\/www.nettali.com\/#personlogo","inLanguage":"fr-FR","url":"https:\/\/secure.gravatar.com\/avatar\/c8ca58550c94fd2ac856d27391a6c866?s=96&d=mm&r=g","contentUrl":"https:\/\/secure.gravatar.com\/avatar\/c8ca58550c94fd2ac856d27391a6c866?s=96&d=mm&r=g","caption":"Thierno Diop"},"sameAs":["https:\/\/nettali.com"]}]}},"_links":{"self":[{"href":"https:\/\/www.nettali.com\/rest\/wp\/v2\/posts\/77095"}],"collection":[{"href":"https:\/\/www.nettali.com\/rest\/wp\/v2\/posts"}],"about":[{"href":"https:\/\/www.nettali.com\/rest\/wp\/v2\/types\/post"}],"author":[{"embeddable":true,"href":"https:\/\/www.nettali.com\/rest\/wp\/v2\/users\/11"}],"replies":[{"embeddable":true,"href":"https:\/\/www.nettali.com\/rest\/wp\/v2\/comments?post=77095"}],"version-history":[{"count":2,"href":"https:\/\/www.nettali.com\/rest\/wp\/v2\/posts\/77095\/revisions"}],"predecessor-version":[{"id":77097,"href":"https:\/\/www.nettali.com\/rest\/wp\/v2\/posts\/77095\/revisions\/77097"}],"wp:featuredmedia":[{"embeddable":true,"href":"https:\/\/www.nettali.com\/rest\/wp\/v2\/media\/76417"}],"wp:attachment":[{"href":"https:\/\/www.nettali.com\/rest\/wp\/v2\/media?parent=77095"}],"wp:term":[{"taxonomy":"category","embeddable":true,"href":"https:\/\/www.nettali.com\/rest\/wp\/v2\/categories?post=77095"},{"taxonomy":"post_tag","embeddable":true,"href":"https:\/\/www.nettali.com\/rest\/wp\/v2\/tags?post=77095"}],"curies":[{"name":"wp","href":"https:\/\/api.w.org\/{rel}","templated":true}]}}