{"id":77021,"date":"2021-12-09T01:05:16","date_gmt":"2021-12-09T01:05:16","guid":{"rendered":"https:\/\/www.nettali.com\/?p=77021"},"modified":"2021-12-09T01:15:38","modified_gmt":"2021-12-09T01:15:38","slug":"macky-sur-la-suppression-de-la-primature-ce-netait-pas-une-erreur","status":"publish","type":"post","link":"https:\/\/www.nettali.com\/2021\/12\/09\/macky-sur-la-suppression-de-la-primature-ce-netait-pas-une-erreur\/","title":{"rendered":"NOMINATION D'UN NOUVEAU PM - Ce sera apr\u00e8s les locales"},"content":{"rendered":"<p><strong>NETTALI.COM - Invit\u00e9 conjointement sur les antennes de Rfi et France 24 ce mercredi soir, Macky Sall explique pourquoi il est revenu sur la suppression de Primature. Le chef de l\u2019Etat nie \u00eatre dans une posture o\u00f9 il t\u00e2tonne. Il annonce que le prochain Premier ministre sera nomm\u00e9 apr\u00e8s les \u00e9lections locales. \u00a0<\/strong><\/p>\n<p>Macky Sall \u00e9voque, pour la premi\u00e8re fois sur France 24 et \u00a0Rfi, la question aff\u00e9rente \u00e0 la restauration de la Primature, qu\u2019il avait fait supprimer en 2019, au lendemain de sa r\u00e9\u00e9lection. \"<em>Ce n\u2019\u00e9tait pas une erreur, je ne le pense pas. Moi, j\u2019avais voulu en 2019 apr\u00e8s sept ans d\u2019exercice\u00a0 de la fonction pr\u00e9sidentielle testera la gouvernance directe<\/em>\", d\u00e9clare Macky Sall. Qui estime qu\u2019aujourd\u2019hui \"<em>avec le recul et le mandat \u00e0 la t\u00eate de l\u2019Union africaine<\/em>\" qu\u2019il va exercer d\u00e8s l\u2019an prochain, il lui faut un Premier ministre pour \"<em>s\u2019ccuper du S\u00e9n\u00e9gal au quotidien<\/em>\".<\/p>\n<p>Le chef de l\u2019Etat rappelle que le poste a \u00e9t\u00e9 supprim\u00e9 et restaur\u00e9 \u00e0 plusieurs reprises par le pass\u00e9. Quid de la date de nomination du titulaire du poste ? Macky Sall souligne tout juste que la loi sera vot\u00e9e mi-d\u00e9cembre. \"<em>Il sera nomm\u00e9 apr\u00e8s les locales. Cela n\u2019a pas de sens de nommer \u00e0 un mois des locales un Premier ministre<\/em>\", dit-il.<\/p>\n<p>A la question de savoir s\u2019il a d\u00e9j\u00e0 choisi un profil, il r\u00e9pond\u00a0 : \"<em>Certainement dans la t\u00eate. Mais vous savez tant que le d\u00e9cret n\u2019est pas sign\u00e9, rien n\u2019est fait. C\u2019est d\u2019exp\u00e9rience que je le dis. Tant que le pr\u00e9sident n\u2019a pas appos\u00e9 ses signatures, consid\u00e9rez qu\u2019il n\u2019y a pas de Premier ministre.<\/em>\"<\/p>\n<div class='share-to-whatsapp-wrapper'><div class='share-on-whsp'>PARTAGER SUR : <\/div><a data-text='NOMINATION D'UN NOUVEAU PM - Ce sera apr\u00e8s les locales' data-link='https:\/\/www.nettali.com\/2021\/12\/09\/macky-sur-la-suppression-de-la-primature-ce-netait-pas-une-erreur\/' class='whatsapp-button whatsapp-share'>WhatsApp<\/a><div class='clear '><\/div><\/div>","protected":false},"excerpt":{"rendered":"<p>NETTALI.COM - Invit\u00e9 conjointement sur les antennes de Rfi et France 24 ce mercredi soir, Macky Sall explique pourquoi il est revenu sur la suppression de Primature. Le chef de l\u2019Etat nie \u00eatre dans une posture o\u00f9 il t\u00e2tonne. Il annonce que le prochain Premier ministre sera nomm\u00e9 apr\u00e8s les \u00e9lections locales. \u00a0 Macky Sall [&hellip;]<\/p>\n","protected":false},"author":11,"featured_media":63162,"comment_status":"open","ping_status":"open","sticky":false,"template":"","format":"standard","meta":{"_et_pb_use_builder":"","_et_pb_old_content":""},"categories":[2],"tags":[],"yoast_head":"<!-- This site is optimized with the Yoast SEO Premium plugin v17.8 (Yoast SEO v17.8) - https:\/\/yoast.com\/wordpress\/plugins\/seo\/ -->\n<title>NOMINATION D&#039;UN NOUVEAU PM - Ce sera apr\u00e8s les locales | Nettali.com<\/title>\n<meta name=\"robots\" content=\"index, follow, max-snippet:-1, max-image-preview:large, max-video-preview:-1\" \/>\n<link rel=\"canonical\" href=\"https:\/\/www.nettali.com\/2021\/12\/09\/macky-sur-la-suppression-de-la-primature-ce-netait-pas-une-erreur\/\" \/>\n<meta property=\"og:locale\" content=\"fr_FR\" \/>\n<meta property=\"og:type\" content=\"article\" \/>\n<meta property=\"og:title\" content=\"NOMINATION D&#039;UN NOUVEAU PM - Ce sera apr\u00e8s les locales\" \/>\n<meta property=\"og:description\" content=\"NETTALI.COM - Invit\u00e9 conjointement sur les antennes de Rfi et France 24 ce mercredi soir, Macky Sall explique pourquoi il est revenu sur la suppression de Primature. Le chef de l\u2019Etat nie \u00eatre dans une posture o\u00f9 il t\u00e2tonne. Il annonce que le prochain Premier ministre sera nomm\u00e9 apr\u00e8s les \u00e9lections locales. \u00a0 Macky Sall [&hellip;]\" \/>\n<meta property=\"og:url\" content=\"https:\/\/www.nettali.com\/2021\/12\/09\/macky-sur-la-suppression-de-la-primature-ce-netait-pas-une-erreur\/\" \/>\n<meta property=\"og:site_name\" content=\"Nettali.com\" \/>\n<meta property=\"article:publisher\" content=\"https:\/\/www.facebook.com\/nettalicom\" \/>\n<meta property=\"article:published_time\" content=\"2021-12-09T01:05:16+00:00\" \/>\n<meta property=\"article:modified_time\" content=\"2021-12-09T01:15:38+00:00\" \/>\n<meta property=\"og:image\" content=\"https:\/\/www.nettali.com\/wp-content\/uploads\/2021\/05\/Pr_Macky_SALL.jpg\" \/>\n\t<meta property=\"og:image:width\" content=\"539\" \/>\n\t<meta property=\"og:image:height\" content=\"324\" \/>\n<meta name=\"twitter:card\" content=\"summary_large_image\" \/>\n<meta name=\"twitter:label1\" content=\"\u00c9crit par\" \/>\n\t<meta name=\"twitter:data1\" content=\"Thierno Diop\" \/>\n\t<meta name=\"twitter:label2\" content=\"Dur\u00e9e de lecture estim\u00e9e\" \/>\n\t<meta name=\"twitter:data2\" content=\"2 minutes\" \/>\n<script type=\"application\/ld+json\" class=\"yoast-schema-graph\">{\"@context\":\"https:\/\/schema.org\",\"@graph\":[{\"@type\":\"WebSite\",\"@id\":\"https:\/\/www.nettali.com\/#website\",\"url\":\"https:\/\/www.nettali.com\/\",\"name\":\"Nettali.com\",\"description\":\"Le rendez-vous critique du Net\",\"potentialAction\":[{\"@type\":\"SearchAction\",\"target\":{\"@type\":\"EntryPoint\",\"urlTemplate\":\"https:\/\/www.nettali.com\/?s={search_term_string}\"},\"query-input\":\"required name=search_term_string\"}],\"inLanguage\":\"fr-FR\"},{\"@type\":\"ImageObject\",\"@id\":\"https:\/\/www.nettali.com\/2021\/12\/09\/macky-sur-la-suppression-de-la-primature-ce-netait-pas-une-erreur\/#primaryimage\",\"inLanguage\":\"fr-FR\",\"url\":\"https:\/\/www.nettali.com\/wp-content\/uploads\/2021\/05\/Pr_Macky_SALL.jpg\",\"contentUrl\":\"https:\/\/www.nettali.com\/wp-content\/uploads\/2021\/05\/Pr_Macky_SALL.jpg\",\"width\":539,\"height\":324},{\"@type\":\"WebPage\",\"@id\":\"https:\/\/www.nettali.com\/2021\/12\/09\/macky-sur-la-suppression-de-la-primature-ce-netait-pas-une-erreur\/#webpage\",\"url\":\"https:\/\/www.nettali.com\/2021\/12\/09\/macky-sur-la-suppression-de-la-primature-ce-netait-pas-une-erreur\/\",\"name\":\"NOMINATION D'UN NOUVEAU PM - Ce sera apr\\u00e8s les locales | Nettali.com\",\"isPartOf\":{\"@id\":\"https:\/\/www.nettali.com\/#website\"},\"primaryImageOfPage\":{\"@id\":\"https:\/\/www.nettali.com\/2021\/12\/09\/macky-sur-la-suppression-de-la-primature-ce-netait-pas-une-erreur\/#primaryimage\"},\"datePublished\":\"2021-12-09T01:05:16+00:00\",\"dateModified\":\"2021-12-09T01:15:38+00:00\",\"author\":{\"@id\":\"https:\/\/www.nettali.com\/#\/schema\/person\/8a06c6bd7b19304cf4bf985862900b5b\"},\"breadcrumb\":{\"@id\":\"https:\/\/www.nettali.com\/2021\/12\/09\/macky-sur-la-suppression-de-la-primature-ce-netait-pas-une-erreur\/#breadcrumb\"},\"inLanguage\":\"fr-FR\",\"potentialAction\":[{\"@type\":\"ReadAction\",\"target\":[\"https:\/\/www.nettali.com\/2021\/12\/09\/macky-sur-la-suppression-de-la-primature-ce-netait-pas-une-erreur\/\"]}]},{\"@type\":\"BreadcrumbList\",\"@id\":\"https:\/\/www.nettali.com\/2021\/12\/09\/macky-sur-la-suppression-de-la-primature-ce-netait-pas-une-erreur\/#breadcrumb\",\"itemListElement\":[{\"@type\":\"ListItem\",\"position\":1,\"name\":\"Accueil\",\"item\":\"https:\/\/www.nettali.com\/\"},{\"@type\":\"ListItem\",\"position\":2,\"name\":\"NOMINATION D&rsquo;UN NOUVEAU PM &#8211; Ce sera apr\\u00e8s les locales\"}]},{\"@type\":\"Person\",\"@id\":\"https:\/\/www.nettali.com\/#\/schema\/person\/8a06c6bd7b19304cf4bf985862900b5b\",\"name\":\"Thierno Diop\",\"image\":{\"@type\":\"ImageObject\",\"@id\":\"https:\/\/www.nettali.com\/#personlogo\",\"inLanguage\":\"fr-FR\",\"url\":\"https:\/\/secure.gravatar.com\/avatar\/c8ca58550c94fd2ac856d27391a6c866?s=96&d=mm&r=g\",\"contentUrl\":\"https:\/\/secure.gravatar.com\/avatar\/c8ca58550c94fd2ac856d27391a6c866?s=96&d=mm&r=g\",\"caption\":\"Thierno Diop\"},\"sameAs\":[\"https:\/\/nettali.com\"]}]}<\/script>\n<!-- \/ Yoast SEO Premium plugin. -->","yoast_head_json":{"title":"NOMINATION D'UN NOUVEAU PM - Ce sera apr\u00e8s les locales | Nettali.com","robots":{"index":"index","follow":"follow","max-snippet":"max-snippet:-1","max-image-preview":"max-image-preview:large","max-video-preview":"max-video-preview:-1"},"canonical":"https:\/\/www.nettali.com\/2021\/12\/09\/macky-sur-la-suppression-de-la-primature-ce-netait-pas-une-erreur\/","og_locale":"fr_FR","og_type":"article","og_title":"NOMINATION D'UN NOUVEAU PM - Ce sera apr\u00e8s les locales","og_description":"NETTALI.COM - Invit\u00e9 conjointement sur les antennes de Rfi et France 24 ce mercredi soir, Macky Sall explique pourquoi il est revenu sur la suppression de Primature. Le chef de l\u2019Etat nie \u00eatre dans une posture o\u00f9 il t\u00e2tonne. Il annonce que le prochain Premier ministre sera nomm\u00e9 apr\u00e8s les \u00e9lections locales. \u00a0 Macky Sall [&hellip;]","og_url":"https:\/\/www.nettali.com\/2021\/12\/09\/macky-sur-la-suppression-de-la-primature-ce-netait-pas-une-erreur\/","og_site_name":"Nettali.com","article_publisher":"https:\/\/www.facebook.com\/nettalicom","article_published_time":"2021-12-09T01:05:16+00:00","article_modified_time":"2021-12-09T01:15:38+00:00","og_image":[{"width":539,"height":324,"url":"https:\/\/www.nettali.com\/wp-content\/uploads\/2021\/05\/Pr_Macky_SALL.jpg","type":"image\/jpeg"}],"twitter_card":"summary_large_image","twitter_misc":{"\u00c9crit par":"Thierno Diop","Dur\u00e9e de lecture estim\u00e9e":"2 minutes"},"schema":{"@context":"https:\/\/schema.org","@graph":[{"@type":"WebSite","@id":"https:\/\/www.nettali.com\/#website","url":"https:\/\/www.nettali.com\/","name":"Nettali.com","description":"Le rendez-vous critique du Net","potentialAction":[{"@type":"SearchAction","target":{"@type":"EntryPoint","urlTemplate":"https:\/\/www.nettali.com\/?s={search_term_string}"},"query-input":"required name=search_term_string"}],"inLanguage":"fr-FR"},{"@type":"ImageObject","@id":"https:\/\/www.nettali.com\/2021\/12\/09\/macky-sur-la-suppression-de-la-primature-ce-netait-pas-une-erreur\/#primaryimage","inLanguage":"fr-FR","url":"https:\/\/www.nettali.com\/wp-content\/uploads\/2021\/05\/Pr_Macky_SALL.jpg","contentUrl":"https:\/\/www.nettali.com\/wp-content\/uploads\/2021\/05\/Pr_Macky_SALL.jpg","width":539,"height":324},{"@type":"WebPage","@id":"https:\/\/www.nettali.com\/2021\/12\/09\/macky-sur-la-suppression-de-la-primature-ce-netait-pas-une-erreur\/#webpage","url":"https:\/\/www.nettali.com\/2021\/12\/09\/macky-sur-la-suppression-de-la-primature-ce-netait-pas-une-erreur\/","name":"NOMINATION D'UN NOUVEAU PM - Ce sera apr\u00e8s les locales | Nettali.com","isPartOf":{"@id":"https:\/\/www.nettali.com\/#website"},"primaryImageOfPage":{"@id":"https:\/\/www.nettali.com\/2021\/12\/09\/macky-sur-la-suppression-de-la-primature-ce-netait-pas-une-erreur\/#primaryimage"},"datePublished":"2021-12-09T01:05:16+00:00","dateModified":"2021-12-09T01:15:38+00:00","author":{"@id":"https:\/\/www.nettali.com\/#\/schema\/person\/8a06c6bd7b19304cf4bf985862900b5b"},"breadcrumb":{"@id":"https:\/\/www.nettali.com\/2021\/12\/09\/macky-sur-la-suppression-de-la-primature-ce-netait-pas-une-erreur\/#breadcrumb"},"inLanguage":"fr-FR","potentialAction":[{"@type":"ReadAction","target":["https:\/\/www.nettali.com\/2021\/12\/09\/macky-sur-la-suppression-de-la-primature-ce-netait-pas-une-erreur\/"]}]},{"@type":"BreadcrumbList","@id":"https:\/\/www.nettali.com\/2021\/12\/09\/macky-sur-la-suppression-de-la-primature-ce-netait-pas-une-erreur\/#breadcrumb","itemListElement":[{"@type":"ListItem","position":1,"name":"Accueil","item":"https:\/\/www.nettali.com\/"},{"@type":"ListItem","position":2,"name":"NOMINATION D&rsquo;UN NOUVEAU PM &#8211; Ce sera apr\u00e8s les locales"}]},{"@type":"Person","@id":"https:\/\/www.nettali.com\/#\/schema\/person\/8a06c6bd7b19304cf4bf985862900b5b","name":"Thierno Diop","image":{"@type":"ImageObject","@id":"https:\/\/www.nettali.com\/#personlogo","inLanguage":"fr-FR","url":"https:\/\/secure.gravatar.com\/avatar\/c8ca58550c94fd2ac856d27391a6c866?s=96&d=mm&r=g","contentUrl":"https:\/\/secure.gravatar.com\/avatar\/c8ca58550c94fd2ac856d27391a6c866?s=96&d=mm&r=g","caption":"Thierno Diop"},"sameAs":["https:\/\/nettali.com"]}]}},"_links":{"self":[{"href":"https:\/\/www.nettali.com\/rest\/wp\/v2\/posts\/77021"}],"collection":[{"href":"https:\/\/www.nettali.com\/rest\/wp\/v2\/posts"}],"about":[{"href":"https:\/\/www.nettali.com\/rest\/wp\/v2\/types\/post"}],"author":[{"embeddable":true,"href":"https:\/\/www.nettali.com\/rest\/wp\/v2\/users\/11"}],"replies":[{"embeddable":true,"href":"https:\/\/www.nettali.com\/rest\/wp\/v2\/comments?post=77021"}],"version-history":[{"count":3,"href":"https:\/\/www.nettali.com\/rest\/wp\/v2\/posts\/77021\/revisions"}],"predecessor-version":[{"id":77024,"href":"https:\/\/www.nettali.com\/rest\/wp\/v2\/posts\/77021\/revisions\/77024"}],"wp:featuredmedia":[{"embeddable":true,"href":"https:\/\/www.nettali.com\/rest\/wp\/v2\/media\/63162"}],"wp:attachment":[{"href":"https:\/\/www.nettali.com\/rest\/wp\/v2\/media?parent=77021"}],"wp:term":[{"taxonomy":"category","embeddable":true,"href":"https:\/\/www.nettali.com\/rest\/wp\/v2\/categories?post=77021"},{"taxonomy":"post_tag","embeddable":true,"href":"https:\/\/www.nettali.com\/rest\/wp\/v2\/tags?post=77021"}],"curies":[{"name":"wp","href":"https:\/\/api.w.org\/{rel}","templated":true}]}}