{"id":77009,"date":"2021-12-08T21:30:12","date_gmt":"2021-12-08T21:30:12","guid":{"rendered":"https:\/\/www.nettali.com\/?p=77009"},"modified":"2021-12-08T21:30:12","modified_gmt":"2021-12-08T21:30:12","slug":"transport-public-nouvelles-recommandations-de-macky","status":"publish","type":"post","link":"https:\/\/www.nettali.com\/2021\/12\/08\/transport-public-nouvelles-recommandations-de-macky\/","title":{"rendered":"TRANSPORT PUBLIC -  Nouvelles recommandations de Macky"},"content":{"rendered":"<p><b>NETTALI.COM - La semaine derni\u00e8re, le sous-secteur du Transport urbain et interurbain a \u00e9t\u00e9 paralys\u00e9 par une gr\u00e8ve in\u00e9dite, qui a durement \u00e9prouv\u00e9 les usagers. M\u00eame si un accord a \u00e9t\u00e9 trouv\u00e9 entre l'Etat et les acteurs, le pr\u00e9sident Macky Sall a donn\u00e9 de nouvelles instructions pour la modernisation du sous-secteur.\u00a0<\/b><\/p>\n<p>En Conseil des Ministres, ce mercredi 08 d\u00e9cembre 2021, au Palais de la R\u00e9publique, le Chef de l\u2019Etat a mis l\u2019accent sur \u00ab\u00a0la n\u00e9cessaire acc\u00e9l\u00e9ration de la modernisation des transports terrestres\u00a0\u00bb.<\/p>\n<p>Ainsi, le Pr\u00e9sident de la R\u00e9publique rappelle, \u00ab\u00a0avoir engag\u00e9 un programme sans pr\u00e9c\u00e9dent de r\u00e9alisation d\u2019infrastructures routi\u00e8res, autorouti\u00e8res et de d\u00e9senclavement, pour am\u00e9liorer l\u2019am\u00e9nagement et la connectivit\u00e9 du territoire, valoriser et promouvoir les productions locales et l\u2019\u00e9conomie nationale, mais surtout renforcer les mobilit\u00e9s urbaines, interurbaines et sous r\u00e9gionales\u00a0\u00bb.<\/p>\n<p>Poursuivant sa communication, le Chef de l\u2019Etat rappelle, \u00e9galement, \u00ab\u00a0avoir engag\u00e9 l\u2019intensification du renouvellement des parcs automobiles (taxis, gros porteurs\u2026), en lan\u00e7ant en m\u00eame temps des projets de transports collectifs de personnes de derni\u00e8re g\u00e9n\u00e9ration (TER, BRT) qui vont entrer en service prochainement afin d\u2019am\u00e9liorer, dans le confort, la s\u00e9curit\u00e9 et \u00e0 un co\u00fbt comp\u00e9titif, les d\u00e9placements des populations\u00a0\u00bb.<\/p>\n<p>Le Pr\u00e9sident de la R\u00e9publique demande, dans cet \u00e9lan, au Gouvernement d\u2019accorder une priorit\u00e9 sp\u00e9ciale au dialogue social permanent avec l\u2019ensemble des acteurs institutionnels et priv\u00e9s du secteur des transports terrestres, notamment, du sous-secteur des transports routiers.<\/p>\n<p>Le Chef de l\u2019Etat invite, par ailleurs, les membres du Gouvernement impliqu\u00e9s (Forces arm\u00e9es, Finances et Budget, Int\u00e9rieur, Transports terrestres, Environnement et D\u00e9veloppement durable), \u00e0 mettre en service sans d\u00e9lai, les Brigades mixtes (Police, Gendarmerie, Douanes, Eaux et For\u00eats) de contr\u00f4le \u00e0 cr\u00e9er au niveau des diff\u00e9rents points indiqu\u00e9s sur les axes et corridors routiers, conform\u00e9ment au d\u00e9cret n\u00b02021-1600 du 03 d\u00e9cembre 2021 relatif aux contr\u00f4les routiers sur les corridors nationaux.<\/p>\n<p>Le Pr\u00e9sident de la R\u00e9publique signale, dans la m\u00eame dynamique, l\u2019urgence d\u2019acc\u00e9l\u00e9rer le renouvellement rapide des parcs automobiles de transport public\u00a0; d\u2019am\u00e9liorer la gestion des gares routi\u00e8res et l\u2019exercice de l\u2019activit\u00e9 professionnelle de transport public de personnes ou de marchandises int\u00e9grant les conditions de travail\u00a0; d\u2019intensifier (avec des bus adapt\u00e9s et neufs) les efforts de restructuration du syst\u00e8me de transport de la soci\u00e9t\u00e9 Dakar Dem Dikk\u00a0; d\u2019actualiser l\u2019organisation et le fonctionnement du Conseil ex\u00e9cutif des Transports urbains de Dakar (CETUD), en perspective des mises en service du TER et du BRT.<\/p>\n<p>Le Chef de l\u2019Etat demande, en particulier, au Ministre en charge des Transports terrestres, de r\u00e9unir r\u00e9guli\u00e8rement le Conseil national des Transports terrestres (CNTT), organe consultatif de concertation, d\u2019orientation et de veille regroupant les repr\u00e9sentants de l\u2019Etat, du secteur priv\u00e9, des partenaires sociaux et des usagers.<\/p>\n<div class='share-to-whatsapp-wrapper'><div class='share-on-whsp'>PARTAGER SUR : <\/div><a data-text='TRANSPORT PUBLIC -  Nouvelles recommandations de Macky' data-link='https:\/\/www.nettali.com\/2021\/12\/08\/transport-public-nouvelles-recommandations-de-macky\/' class='whatsapp-button whatsapp-share'>WhatsApp<\/a><div class='clear '><\/div><\/div>","protected":false},"excerpt":{"rendered":"<p>NETTALI.COM - La semaine derni\u00e8re, le sous-secteur du Transport urbain et interurbain a \u00e9t\u00e9 paralys\u00e9 par une gr\u00e8ve in\u00e9dite, qui a durement \u00e9prouv\u00e9 les usagers. M\u00eame si un accord a \u00e9t\u00e9 trouv\u00e9 entre l'Etat et les acteurs, le pr\u00e9sident Macky Sall a donn\u00e9 de nouvelles instructions pour la modernisation du sous-secteur.\u00a0 En Conseil des Ministres, [&hellip;]<\/p>\n","protected":false},"author":11,"featured_media":33921,"comment_status":"open","ping_status":"open","sticky":false,"template":"","format":"standard","meta":{"_et_pb_use_builder":"","_et_pb_old_content":""},"categories":[3],"tags":[],"yoast_head":"<!-- This site is optimized with the Yoast SEO Premium plugin v17.8 (Yoast SEO v17.8) - https:\/\/yoast.com\/wordpress\/plugins\/seo\/ -->\n<title>TRANSPORT PUBLIC - Nouvelles recommandations de Macky | Nettali.com<\/title>\n<meta name=\"robots\" content=\"index, follow, max-snippet:-1, max-image-preview:large, max-video-preview:-1\" \/>\n<link rel=\"canonical\" href=\"https:\/\/www.nettali.com\/2021\/12\/08\/transport-public-nouvelles-recommandations-de-macky\/\" \/>\n<meta property=\"og:locale\" content=\"fr_FR\" \/>\n<meta property=\"og:type\" content=\"article\" \/>\n<meta property=\"og:title\" content=\"TRANSPORT PUBLIC - Nouvelles recommandations de Macky\" \/>\n<meta property=\"og:description\" content=\"NETTALI.COM - La semaine derni\u00e8re, le sous-secteur du Transport urbain et interurbain a \u00e9t\u00e9 paralys\u00e9 par une gr\u00e8ve in\u00e9dite, qui a durement \u00e9prouv\u00e9 les usagers. M\u00eame si un accord a \u00e9t\u00e9 trouv\u00e9 entre l&#039;Etat et les acteurs, le pr\u00e9sident Macky Sall a donn\u00e9 de nouvelles instructions pour la modernisation du sous-secteur.\u00a0 En Conseil des Ministres, [&hellip;]\" \/>\n<meta property=\"og:url\" content=\"https:\/\/www.nettali.com\/2021\/12\/08\/transport-public-nouvelles-recommandations-de-macky\/\" \/>\n<meta property=\"og:site_name\" content=\"Nettali.com\" \/>\n<meta property=\"article:publisher\" content=\"https:\/\/www.facebook.com\/nettalicom\" \/>\n<meta property=\"article:published_time\" content=\"2021-12-08T21:30:12+00:00\" \/>\n<meta property=\"og:image\" content=\"https:\/\/www.nettali.com\/wp-content\/uploads\/2020\/04\/277-Transport-en-commun.jpg\" \/>\n\t<meta property=\"og:image:width\" content=\"1000\" \/>\n\t<meta property=\"og:image:height\" content=\"778\" \/>\n<meta name=\"twitter:card\" content=\"summary_large_image\" \/>\n<meta name=\"twitter:label1\" content=\"\u00c9crit par\" \/>\n\t<meta name=\"twitter:data1\" content=\"Thierno Diop\" \/>\n\t<meta name=\"twitter:label2\" content=\"Dur\u00e9e de lecture estim\u00e9e\" \/>\n\t<meta name=\"twitter:data2\" content=\"2 minutes\" \/>\n<script type=\"application\/ld+json\" class=\"yoast-schema-graph\">{\"@context\":\"https:\/\/schema.org\",\"@graph\":[{\"@type\":\"WebSite\",\"@id\":\"https:\/\/www.nettali.com\/#website\",\"url\":\"https:\/\/www.nettali.com\/\",\"name\":\"Nettali.com\",\"description\":\"Le rendez-vous critique du Net\",\"potentialAction\":[{\"@type\":\"SearchAction\",\"target\":{\"@type\":\"EntryPoint\",\"urlTemplate\":\"https:\/\/www.nettali.com\/?s={search_term_string}\"},\"query-input\":\"required name=search_term_string\"}],\"inLanguage\":\"fr-FR\"},{\"@type\":\"ImageObject\",\"@id\":\"https:\/\/www.nettali.com\/2021\/12\/08\/transport-public-nouvelles-recommandations-de-macky\/#primaryimage\",\"inLanguage\":\"fr-FR\",\"url\":\"https:\/\/www.nettali.com\/wp-content\/uploads\/2020\/04\/277-Transport-en-commun.jpg\",\"contentUrl\":\"https:\/\/www.nettali.com\/wp-content\/uploads\/2020\/04\/277-Transport-en-commun.jpg\",\"width\":1000,\"height\":778,\"caption\":\"DCF 1.0\"},{\"@type\":\"WebPage\",\"@id\":\"https:\/\/www.nettali.com\/2021\/12\/08\/transport-public-nouvelles-recommandations-de-macky\/#webpage\",\"url\":\"https:\/\/www.nettali.com\/2021\/12\/08\/transport-public-nouvelles-recommandations-de-macky\/\",\"name\":\"TRANSPORT PUBLIC - Nouvelles recommandations de Macky | Nettali.com\",\"isPartOf\":{\"@id\":\"https:\/\/www.nettali.com\/#website\"},\"primaryImageOfPage\":{\"@id\":\"https:\/\/www.nettali.com\/2021\/12\/08\/transport-public-nouvelles-recommandations-de-macky\/#primaryimage\"},\"datePublished\":\"2021-12-08T21:30:12+00:00\",\"dateModified\":\"2021-12-08T21:30:12+00:00\",\"author\":{\"@id\":\"https:\/\/www.nettali.com\/#\/schema\/person\/8a06c6bd7b19304cf4bf985862900b5b\"},\"breadcrumb\":{\"@id\":\"https:\/\/www.nettali.com\/2021\/12\/08\/transport-public-nouvelles-recommandations-de-macky\/#breadcrumb\"},\"inLanguage\":\"fr-FR\",\"potentialAction\":[{\"@type\":\"ReadAction\",\"target\":[\"https:\/\/www.nettali.com\/2021\/12\/08\/transport-public-nouvelles-recommandations-de-macky\/\"]}]},{\"@type\":\"BreadcrumbList\",\"@id\":\"https:\/\/www.nettali.com\/2021\/12\/08\/transport-public-nouvelles-recommandations-de-macky\/#breadcrumb\",\"itemListElement\":[{\"@type\":\"ListItem\",\"position\":1,\"name\":\"Accueil\",\"item\":\"https:\/\/www.nettali.com\/\"},{\"@type\":\"ListItem\",\"position\":2,\"name\":\"TRANSPORT PUBLIC &#8211; Nouvelles recommandations de Macky\"}]},{\"@type\":\"Person\",\"@id\":\"https:\/\/www.nettali.com\/#\/schema\/person\/8a06c6bd7b19304cf4bf985862900b5b\",\"name\":\"Thierno Diop\",\"image\":{\"@type\":\"ImageObject\",\"@id\":\"https:\/\/www.nettali.com\/#personlogo\",\"inLanguage\":\"fr-FR\",\"url\":\"https:\/\/secure.gravatar.com\/avatar\/c8ca58550c94fd2ac856d27391a6c866?s=96&d=mm&r=g\",\"contentUrl\":\"https:\/\/secure.gravatar.com\/avatar\/c8ca58550c94fd2ac856d27391a6c866?s=96&d=mm&r=g\",\"caption\":\"Thierno Diop\"},\"sameAs\":[\"https:\/\/nettali.com\"]}]}<\/script>\n<!-- \/ Yoast SEO Premium plugin. -->","yoast_head_json":{"title":"TRANSPORT PUBLIC - Nouvelles recommandations de Macky | Nettali.com","robots":{"index":"index","follow":"follow","max-snippet":"max-snippet:-1","max-image-preview":"max-image-preview:large","max-video-preview":"max-video-preview:-1"},"canonical":"https:\/\/www.nettali.com\/2021\/12\/08\/transport-public-nouvelles-recommandations-de-macky\/","og_locale":"fr_FR","og_type":"article","og_title":"TRANSPORT PUBLIC - Nouvelles recommandations de Macky","og_description":"NETTALI.COM - La semaine derni\u00e8re, le sous-secteur du Transport urbain et interurbain a \u00e9t\u00e9 paralys\u00e9 par une gr\u00e8ve in\u00e9dite, qui a durement \u00e9prouv\u00e9 les usagers. M\u00eame si un accord a \u00e9t\u00e9 trouv\u00e9 entre l'Etat et les acteurs, le pr\u00e9sident Macky Sall a donn\u00e9 de nouvelles instructions pour la modernisation du sous-secteur.\u00a0 En Conseil des Ministres, [&hellip;]","og_url":"https:\/\/www.nettali.com\/2021\/12\/08\/transport-public-nouvelles-recommandations-de-macky\/","og_site_name":"Nettali.com","article_publisher":"https:\/\/www.facebook.com\/nettalicom","article_published_time":"2021-12-08T21:30:12+00:00","og_image":[{"width":1000,"height":778,"url":"https:\/\/www.nettali.com\/wp-content\/uploads\/2020\/04\/277-Transport-en-commun.jpg","type":"image\/jpeg"}],"twitter_card":"summary_large_image","twitter_misc":{"\u00c9crit par":"Thierno Diop","Dur\u00e9e de lecture estim\u00e9e":"2 minutes"},"schema":{"@context":"https:\/\/schema.org","@graph":[{"@type":"WebSite","@id":"https:\/\/www.nettali.com\/#website","url":"https:\/\/www.nettali.com\/","name":"Nettali.com","description":"Le rendez-vous critique du Net","potentialAction":[{"@type":"SearchAction","target":{"@type":"EntryPoint","urlTemplate":"https:\/\/www.nettali.com\/?s={search_term_string}"},"query-input":"required name=search_term_string"}],"inLanguage":"fr-FR"},{"@type":"ImageObject","@id":"https:\/\/www.nettali.com\/2021\/12\/08\/transport-public-nouvelles-recommandations-de-macky\/#primaryimage","inLanguage":"fr-FR","url":"https:\/\/www.nettali.com\/wp-content\/uploads\/2020\/04\/277-Transport-en-commun.jpg","contentUrl":"https:\/\/www.nettali.com\/wp-content\/uploads\/2020\/04\/277-Transport-en-commun.jpg","width":1000,"height":778,"caption":"DCF 1.0"},{"@type":"WebPage","@id":"https:\/\/www.nettali.com\/2021\/12\/08\/transport-public-nouvelles-recommandations-de-macky\/#webpage","url":"https:\/\/www.nettali.com\/2021\/12\/08\/transport-public-nouvelles-recommandations-de-macky\/","name":"TRANSPORT PUBLIC - Nouvelles recommandations de Macky | Nettali.com","isPartOf":{"@id":"https:\/\/www.nettali.com\/#website"},"primaryImageOfPage":{"@id":"https:\/\/www.nettali.com\/2021\/12\/08\/transport-public-nouvelles-recommandations-de-macky\/#primaryimage"},"datePublished":"2021-12-08T21:30:12+00:00","dateModified":"2021-12-08T21:30:12+00:00","author":{"@id":"https:\/\/www.nettali.com\/#\/schema\/person\/8a06c6bd7b19304cf4bf985862900b5b"},"breadcrumb":{"@id":"https:\/\/www.nettali.com\/2021\/12\/08\/transport-public-nouvelles-recommandations-de-macky\/#breadcrumb"},"inLanguage":"fr-FR","potentialAction":[{"@type":"ReadAction","target":["https:\/\/www.nettali.com\/2021\/12\/08\/transport-public-nouvelles-recommandations-de-macky\/"]}]},{"@type":"BreadcrumbList","@id":"https:\/\/www.nettali.com\/2021\/12\/08\/transport-public-nouvelles-recommandations-de-macky\/#breadcrumb","itemListElement":[{"@type":"ListItem","position":1,"name":"Accueil","item":"https:\/\/www.nettali.com\/"},{"@type":"ListItem","position":2,"name":"TRANSPORT PUBLIC &#8211; Nouvelles recommandations de Macky"}]},{"@type":"Person","@id":"https:\/\/www.nettali.com\/#\/schema\/person\/8a06c6bd7b19304cf4bf985862900b5b","name":"Thierno Diop","image":{"@type":"ImageObject","@id":"https:\/\/www.nettali.com\/#personlogo","inLanguage":"fr-FR","url":"https:\/\/secure.gravatar.com\/avatar\/c8ca58550c94fd2ac856d27391a6c866?s=96&d=mm&r=g","contentUrl":"https:\/\/secure.gravatar.com\/avatar\/c8ca58550c94fd2ac856d27391a6c866?s=96&d=mm&r=g","caption":"Thierno Diop"},"sameAs":["https:\/\/nettali.com"]}]}},"_links":{"self":[{"href":"https:\/\/www.nettali.com\/rest\/wp\/v2\/posts\/77009"}],"collection":[{"href":"https:\/\/www.nettali.com\/rest\/wp\/v2\/posts"}],"about":[{"href":"https:\/\/www.nettali.com\/rest\/wp\/v2\/types\/post"}],"author":[{"embeddable":true,"href":"https:\/\/www.nettali.com\/rest\/wp\/v2\/users\/11"}],"replies":[{"embeddable":true,"href":"https:\/\/www.nettali.com\/rest\/wp\/v2\/comments?post=77009"}],"version-history":[{"count":1,"href":"https:\/\/www.nettali.com\/rest\/wp\/v2\/posts\/77009\/revisions"}],"predecessor-version":[{"id":77010,"href":"https:\/\/www.nettali.com\/rest\/wp\/v2\/posts\/77009\/revisions\/77010"}],"wp:featuredmedia":[{"embeddable":true,"href":"https:\/\/www.nettali.com\/rest\/wp\/v2\/media\/33921"}],"wp:attachment":[{"href":"https:\/\/www.nettali.com\/rest\/wp\/v2\/media?parent=77009"}],"wp:term":[{"taxonomy":"category","embeddable":true,"href":"https:\/\/www.nettali.com\/rest\/wp\/v2\/categories?post=77009"},{"taxonomy":"post_tag","embeddable":true,"href":"https:\/\/www.nettali.com\/rest\/wp\/v2\/tags?post=77009"}],"curies":[{"name":"wp","href":"https:\/\/api.w.org\/{rel}","templated":true}]}}