{"id":77005,"date":"2021-12-08T21:16:36","date_gmt":"2021-12-08T21:16:36","guid":{"rendered":"https:\/\/www.nettali.com\/?p=77005"},"modified":"2021-12-09T10:46:40","modified_gmt":"2021-12-09T10:46:40","slug":"violences-dans-les-stades-macky-repense-le-mouvement-navetanes","status":"publish","type":"post","link":"https:\/\/www.nettali.com\/2021\/12\/08\/violences-dans-les-stades-macky-repense-le-mouvement-navetanes\/","title":{"rendered":"VIOLENCES DANS LES STADES \u2013 Macky repense le mouvement \"navetanes\""},"content":{"rendered":"<p><strong>NETTALI.COM - Au lendemain des sc\u00e8nes de violence not\u00e9es dans certains stades, comme ce fut le cas derni\u00e8rement \u00e0 Rufisque, le chef de l'Etat demande au gouvernement de prendre les mesures propres \u00e0 repenser le mouvement \"navetanes\".\u00a0<\/strong><\/p>\n<p>Pr\u00e9sidant le Conseil des Ministres, ce mercredi 08 d\u00e9cembre 2021, au Palais de la R\u00e9publique, le Chef de l\u2019Etat,\u00a0\u00ab\u00a0condamne avec fermet\u00e9 les violences not\u00e9es ces derniers jours au niveau de l\u2019Ar\u00e8ne nationale, et lors des comp\u00e9titions NAVETANES, notamment \u00e0 Rufisque et \u00e0 Dahra Djoloff\u00a0\u00bb.<\/p>\n<p>C\u2019est ainsi que le pr\u00e9sident Sall insiste sur l\u2019imp\u00e9ratif de repenser le mouvement \"navetanes\", au lendemain des incidents survenus, lundi 06 d\u00e9cembre 2021, durant un match de football, au stade Ngalandou Diouf de Rufisque,<\/p>\n<p>Le pr\u00e9sident de la R\u00e9publique d\u00e9plore \u00e9galement les actes de vandalisme et les saccages d\u2019infrastructures publiques constat\u00e9s.<\/p>\n<p>\u00ab\u00a0Le Chef de l\u2019Etat demande, d\u00e8s lors, aux Ministres concern\u00e9s (Justice, Forces arm\u00e9es, Int\u00e9rieur et Sports), de faire toute la lumi\u00e8re sur les \u00e9v\u00e8nements tragiques survenus \u00e0 Rufisque et de prendre les dispositions requises pour assurer la s\u00e9curisation des manifestations et infrastructures sportives\u00a0\u00bb, a poursuivi le communiqu\u00e9.<\/p>\n<p>\u00ab\u00a0De mani\u00e8re g\u00e9n\u00e9rale, le Pr\u00e9sident de la R\u00e9publique demande, au Ministre des Sports, de prendre les mesures conservatoires n\u00e9cessaires (y compris la suspension des comp\u00e9titions) \u00e0 la maitrise syst\u00e9matique du calendrier, de la dur\u00e9e et des activit\u00e9s \"Navetanes\"\u00a0: un mouvement \u00e0 r\u00e9organiser\u00a0\u00bb, r\u00e9sume le texte.<\/p>\n<p>Le chef de l\u2019Etat invite, enfin, le ministre des Sports, \u00e0 proposer, en relation avec le ministre de l\u2019Int\u00e9rieur et le mouvement associatif, un plan national de lutte contre les violences dans les stades et terrains de football.<\/p>\n<p>&nbsp;<\/p>\n<div class='share-to-whatsapp-wrapper'><div class='share-on-whsp'>PARTAGER SUR : <\/div><a data-text='VIOLENCES DANS LES STADES \u2013 Macky repense le mouvement \"navetanes\"' data-link='https:\/\/www.nettali.com\/2021\/12\/08\/violences-dans-les-stades-macky-repense-le-mouvement-navetanes\/' class='whatsapp-button whatsapp-share'>WhatsApp<\/a><div class='clear '><\/div><\/div>","protected":false},"excerpt":{"rendered":"<p>NETTALI.COM - Au lendemain des sc\u00e8nes de violence not\u00e9es dans certains stades, comme ce fut le cas derni\u00e8rement \u00e0 Rufisque, le chef de l'Etat demande au gouvernement de prendre les mesures propres \u00e0 repenser le mouvement \"navetanes\".\u00a0 Pr\u00e9sidant le Conseil des Ministres, ce mercredi 08 d\u00e9cembre 2021, au Palais de la R\u00e9publique, le Chef de [&hellip;]<\/p>\n","protected":false},"author":11,"featured_media":74811,"comment_status":"open","ping_status":"open","sticky":false,"template":"","format":"standard","meta":{"_et_pb_use_builder":"","_et_pb_old_content":""},"categories":[6],"tags":[],"yoast_head":"<!-- This site is optimized with the Yoast SEO Premium plugin v17.8 (Yoast SEO v17.8) - https:\/\/yoast.com\/wordpress\/plugins\/seo\/ -->\n<title>VIOLENCES DANS LES STADES \u2013 Macky repense le mouvement &quot;navetanes&quot; | Nettali.com<\/title>\n<meta name=\"robots\" content=\"index, follow, max-snippet:-1, max-image-preview:large, max-video-preview:-1\" \/>\n<link rel=\"canonical\" href=\"https:\/\/www.nettali.com\/2021\/12\/08\/violences-dans-les-stades-macky-repense-le-mouvement-navetanes\/\" \/>\n<meta property=\"og:locale\" content=\"fr_FR\" \/>\n<meta property=\"og:type\" content=\"article\" \/>\n<meta property=\"og:title\" content=\"VIOLENCES DANS LES STADES \u2013 Macky repense le mouvement &quot;navetanes&quot;\" \/>\n<meta property=\"og:description\" content=\"NETTALI.COM - Au lendemain des sc\u00e8nes de violence not\u00e9es dans certains stades, comme ce fut le cas derni\u00e8rement \u00e0 Rufisque, le chef de l&#039;Etat demande au gouvernement de prendre les mesures propres \u00e0 repenser le mouvement &quot;navetanes&quot;.\u00a0 Pr\u00e9sidant le Conseil des Ministres, ce mercredi 08 d\u00e9cembre 2021, au Palais de la R\u00e9publique, le Chef de [&hellip;]\" \/>\n<meta property=\"og:url\" content=\"https:\/\/www.nettali.com\/2021\/12\/08\/violences-dans-les-stades-macky-repense-le-mouvement-navetanes\/\" \/>\n<meta property=\"og:site_name\" content=\"Nettali.com\" \/>\n<meta property=\"article:publisher\" content=\"https:\/\/www.facebook.com\/nettalicom\" \/>\n<meta property=\"article:published_time\" content=\"2021-12-08T21:16:36+00:00\" \/>\n<meta property=\"article:modified_time\" content=\"2021-12-09T10:46:40+00:00\" \/>\n<meta property=\"og:image\" content=\"https:\/\/www.nettali.com\/wp-content\/uploads\/2021\/11\/macky-sall.jpg\" \/>\n\t<meta property=\"og:image:width\" content=\"696\" \/>\n\t<meta property=\"og:image:height\" content=\"487\" \/>\n<meta name=\"twitter:card\" content=\"summary_large_image\" \/>\n<meta name=\"twitter:label1\" content=\"\u00c9crit par\" \/>\n\t<meta name=\"twitter:data1\" content=\"Thierno Diop\" \/>\n\t<meta name=\"twitter:label2\" content=\"Dur\u00e9e de lecture estim\u00e9e\" \/>\n\t<meta name=\"twitter:data2\" content=\"2 minutes\" \/>\n<script type=\"application\/ld+json\" class=\"yoast-schema-graph\">{\"@context\":\"https:\/\/schema.org\",\"@graph\":[{\"@type\":\"WebSite\",\"@id\":\"https:\/\/www.nettali.com\/#website\",\"url\":\"https:\/\/www.nettali.com\/\",\"name\":\"Nettali.com\",\"description\":\"Le rendez-vous critique du Net\",\"potentialAction\":[{\"@type\":\"SearchAction\",\"target\":{\"@type\":\"EntryPoint\",\"urlTemplate\":\"https:\/\/www.nettali.com\/?s={search_term_string}\"},\"query-input\":\"required name=search_term_string\"}],\"inLanguage\":\"fr-FR\"},{\"@type\":\"ImageObject\",\"@id\":\"https:\/\/www.nettali.com\/2021\/12\/08\/violences-dans-les-stades-macky-repense-le-mouvement-navetanes\/#primaryimage\",\"inLanguage\":\"fr-FR\",\"url\":\"https:\/\/www.nettali.com\/wp-content\/uploads\/2021\/11\/macky-sall.jpg\",\"contentUrl\":\"https:\/\/www.nettali.com\/wp-content\/uploads\/2021\/11\/macky-sall.jpg\",\"width\":696,\"height\":487},{\"@type\":\"WebPage\",\"@id\":\"https:\/\/www.nettali.com\/2021\/12\/08\/violences-dans-les-stades-macky-repense-le-mouvement-navetanes\/#webpage\",\"url\":\"https:\/\/www.nettali.com\/2021\/12\/08\/violences-dans-les-stades-macky-repense-le-mouvement-navetanes\/\",\"name\":\"VIOLENCES DANS LES STADES \\u2013 Macky repense le mouvement \\\"navetanes\\\" | Nettali.com\",\"isPartOf\":{\"@id\":\"https:\/\/www.nettali.com\/#website\"},\"primaryImageOfPage\":{\"@id\":\"https:\/\/www.nettali.com\/2021\/12\/08\/violences-dans-les-stades-macky-repense-le-mouvement-navetanes\/#primaryimage\"},\"datePublished\":\"2021-12-08T21:16:36+00:00\",\"dateModified\":\"2021-12-09T10:46:40+00:00\",\"author\":{\"@id\":\"https:\/\/www.nettali.com\/#\/schema\/person\/8a06c6bd7b19304cf4bf985862900b5b\"},\"breadcrumb\":{\"@id\":\"https:\/\/www.nettali.com\/2021\/12\/08\/violences-dans-les-stades-macky-repense-le-mouvement-navetanes\/#breadcrumb\"},\"inLanguage\":\"fr-FR\",\"potentialAction\":[{\"@type\":\"ReadAction\",\"target\":[\"https:\/\/www.nettali.com\/2021\/12\/08\/violences-dans-les-stades-macky-repense-le-mouvement-navetanes\/\"]}]},{\"@type\":\"BreadcrumbList\",\"@id\":\"https:\/\/www.nettali.com\/2021\/12\/08\/violences-dans-les-stades-macky-repense-le-mouvement-navetanes\/#breadcrumb\",\"itemListElement\":[{\"@type\":\"ListItem\",\"position\":1,\"name\":\"Accueil\",\"item\":\"https:\/\/www.nettali.com\/\"},{\"@type\":\"ListItem\",\"position\":2,\"name\":\"VIOLENCES DANS LES STADES \\u2013 Macky repense le mouvement \\u00ab\\u00a0navetanes\\u00a0\\u00bb\"}]},{\"@type\":\"Person\",\"@id\":\"https:\/\/www.nettali.com\/#\/schema\/person\/8a06c6bd7b19304cf4bf985862900b5b\",\"name\":\"Thierno Diop\",\"image\":{\"@type\":\"ImageObject\",\"@id\":\"https:\/\/www.nettali.com\/#personlogo\",\"inLanguage\":\"fr-FR\",\"url\":\"https:\/\/secure.gravatar.com\/avatar\/c8ca58550c94fd2ac856d27391a6c866?s=96&d=mm&r=g\",\"contentUrl\":\"https:\/\/secure.gravatar.com\/avatar\/c8ca58550c94fd2ac856d27391a6c866?s=96&d=mm&r=g\",\"caption\":\"Thierno Diop\"},\"sameAs\":[\"https:\/\/nettali.com\"]}]}<\/script>\n<!-- \/ Yoast SEO Premium plugin. -->","yoast_head_json":{"title":"VIOLENCES DANS LES STADES \u2013 Macky repense le mouvement \"navetanes\" | Nettali.com","robots":{"index":"index","follow":"follow","max-snippet":"max-snippet:-1","max-image-preview":"max-image-preview:large","max-video-preview":"max-video-preview:-1"},"canonical":"https:\/\/www.nettali.com\/2021\/12\/08\/violences-dans-les-stades-macky-repense-le-mouvement-navetanes\/","og_locale":"fr_FR","og_type":"article","og_title":"VIOLENCES DANS LES STADES \u2013 Macky repense le mouvement \"navetanes\"","og_description":"NETTALI.COM - Au lendemain des sc\u00e8nes de violence not\u00e9es dans certains stades, comme ce fut le cas derni\u00e8rement \u00e0 Rufisque, le chef de l'Etat demande au gouvernement de prendre les mesures propres \u00e0 repenser le mouvement \"navetanes\".\u00a0 Pr\u00e9sidant le Conseil des Ministres, ce mercredi 08 d\u00e9cembre 2021, au Palais de la R\u00e9publique, le Chef de [&hellip;]","og_url":"https:\/\/www.nettali.com\/2021\/12\/08\/violences-dans-les-stades-macky-repense-le-mouvement-navetanes\/","og_site_name":"Nettali.com","article_publisher":"https:\/\/www.facebook.com\/nettalicom","article_published_time":"2021-12-08T21:16:36+00:00","article_modified_time":"2021-12-09T10:46:40+00:00","og_image":[{"width":696,"height":487,"url":"https:\/\/www.nettali.com\/wp-content\/uploads\/2021\/11\/macky-sall.jpg","type":"image\/jpeg"}],"twitter_card":"summary_large_image","twitter_misc":{"\u00c9crit par":"Thierno Diop","Dur\u00e9e de lecture estim\u00e9e":"2 minutes"},"schema":{"@context":"https:\/\/schema.org","@graph":[{"@type":"WebSite","@id":"https:\/\/www.nettali.com\/#website","url":"https:\/\/www.nettali.com\/","name":"Nettali.com","description":"Le rendez-vous critique du Net","potentialAction":[{"@type":"SearchAction","target":{"@type":"EntryPoint","urlTemplate":"https:\/\/www.nettali.com\/?s={search_term_string}"},"query-input":"required name=search_term_string"}],"inLanguage":"fr-FR"},{"@type":"ImageObject","@id":"https:\/\/www.nettali.com\/2021\/12\/08\/violences-dans-les-stades-macky-repense-le-mouvement-navetanes\/#primaryimage","inLanguage":"fr-FR","url":"https:\/\/www.nettali.com\/wp-content\/uploads\/2021\/11\/macky-sall.jpg","contentUrl":"https:\/\/www.nettali.com\/wp-content\/uploads\/2021\/11\/macky-sall.jpg","width":696,"height":487},{"@type":"WebPage","@id":"https:\/\/www.nettali.com\/2021\/12\/08\/violences-dans-les-stades-macky-repense-le-mouvement-navetanes\/#webpage","url":"https:\/\/www.nettali.com\/2021\/12\/08\/violences-dans-les-stades-macky-repense-le-mouvement-navetanes\/","name":"VIOLENCES DANS LES STADES \u2013 Macky repense le mouvement \"navetanes\" | Nettali.com","isPartOf":{"@id":"https:\/\/www.nettali.com\/#website"},"primaryImageOfPage":{"@id":"https:\/\/www.nettali.com\/2021\/12\/08\/violences-dans-les-stades-macky-repense-le-mouvement-navetanes\/#primaryimage"},"datePublished":"2021-12-08T21:16:36+00:00","dateModified":"2021-12-09T10:46:40+00:00","author":{"@id":"https:\/\/www.nettali.com\/#\/schema\/person\/8a06c6bd7b19304cf4bf985862900b5b"},"breadcrumb":{"@id":"https:\/\/www.nettali.com\/2021\/12\/08\/violences-dans-les-stades-macky-repense-le-mouvement-navetanes\/#breadcrumb"},"inLanguage":"fr-FR","potentialAction":[{"@type":"ReadAction","target":["https:\/\/www.nettali.com\/2021\/12\/08\/violences-dans-les-stades-macky-repense-le-mouvement-navetanes\/"]}]},{"@type":"BreadcrumbList","@id":"https:\/\/www.nettali.com\/2021\/12\/08\/violences-dans-les-stades-macky-repense-le-mouvement-navetanes\/#breadcrumb","itemListElement":[{"@type":"ListItem","position":1,"name":"Accueil","item":"https:\/\/www.nettali.com\/"},{"@type":"ListItem","position":2,"name":"VIOLENCES DANS LES STADES \u2013 Macky repense le mouvement \u00ab\u00a0navetanes\u00a0\u00bb"}]},{"@type":"Person","@id":"https:\/\/www.nettali.com\/#\/schema\/person\/8a06c6bd7b19304cf4bf985862900b5b","name":"Thierno Diop","image":{"@type":"ImageObject","@id":"https:\/\/www.nettali.com\/#personlogo","inLanguage":"fr-FR","url":"https:\/\/secure.gravatar.com\/avatar\/c8ca58550c94fd2ac856d27391a6c866?s=96&d=mm&r=g","contentUrl":"https:\/\/secure.gravatar.com\/avatar\/c8ca58550c94fd2ac856d27391a6c866?s=96&d=mm&r=g","caption":"Thierno Diop"},"sameAs":["https:\/\/nettali.com"]}]}},"_links":{"self":[{"href":"https:\/\/www.nettali.com\/rest\/wp\/v2\/posts\/77005"}],"collection":[{"href":"https:\/\/www.nettali.com\/rest\/wp\/v2\/posts"}],"about":[{"href":"https:\/\/www.nettali.com\/rest\/wp\/v2\/types\/post"}],"author":[{"embeddable":true,"href":"https:\/\/www.nettali.com\/rest\/wp\/v2\/users\/11"}],"replies":[{"embeddable":true,"href":"https:\/\/www.nettali.com\/rest\/wp\/v2\/comments?post=77005"}],"version-history":[{"count":3,"href":"https:\/\/www.nettali.com\/rest\/wp\/v2\/posts\/77005\/revisions"}],"predecessor-version":[{"id":77008,"href":"https:\/\/www.nettali.com\/rest\/wp\/v2\/posts\/77005\/revisions\/77008"}],"wp:featuredmedia":[{"embeddable":true,"href":"https:\/\/www.nettali.com\/rest\/wp\/v2\/media\/74811"}],"wp:attachment":[{"href":"https:\/\/www.nettali.com\/rest\/wp\/v2\/media?parent=77005"}],"wp:term":[{"taxonomy":"category","embeddable":true,"href":"https:\/\/www.nettali.com\/rest\/wp\/v2\/categories?post=77005"},{"taxonomy":"post_tag","embeddable":true,"href":"https:\/\/www.nettali.com\/rest\/wp\/v2\/tags?post=77005"}],"curies":[{"name":"wp","href":"https:\/\/api.w.org\/{rel}","templated":true}]}}