{"id":76996,"date":"2021-12-08T17:22:02","date_gmt":"2021-12-08T17:22:02","guid":{"rendered":"https:\/\/www.nettali.com\/?p=76996"},"modified":"2021-12-08T20:17:59","modified_gmt":"2021-12-08T20:17:59","slug":"bresil-pele-de-retour-a-lhopital-pour-traiter-une-tumeur","status":"publish","type":"post","link":"https:\/\/www.nettali.com\/2021\/12\/08\/bresil-pele-de-retour-a-lhopital-pour-traiter-une-tumeur\/","title":{"rendered":"BRESIL - Pel\u00e9 de retour \u00e0 l'h\u00f4pital pour traiter une tumeur"},"content":{"rendered":"<p>NETTALI.COM - L'ancien footballeur de l\u00e9gende br\u00e9silien Pel\u00e9 est retourn\u00e9 \u00e0 l'h\u00f4pital \"pour poursuivre son traitement\" d'une tumeur au c\u00f4lon, a annonc\u00e9 mercredi l'\u00e9tablissement m\u00e9dical de Sao Paulo o\u00f9 il avait pass\u00e9 un mois en septembre.<\/p>\n<p>L'h\u00f4pital Albert Einstein a pr\u00e9cis\u00e9 dans son bulletin m\u00e9dical que l'\u00e9tat de sant\u00e9 de Pel\u00e9, 81 ans, \u00e9tait \"stable\" et qu'il devrait sortir \"dans les prochains jours\".<\/p>\n<p>Fin septembre, ce m\u00eame h\u00f4pital avait indiqu\u00e9 que le triple champion du monde suivrait une \"chimioth\u00e9rapie\" pour traiter cette tumeur d\u00e9tect\u00e9e lors d'examens de routine.<\/p>\n<p>Op\u00e9r\u00e9 le 4 septembre, le Br\u00e9silien avait ensuite pass\u00e9 une dizaine de jours dans une unit\u00e9 de soins intensifs, o\u00f9 il \u00e9tait retourn\u00e9 bri\u00e8vement quelques jours plus tard en raison de difficult\u00e9s respiratoires.<\/p>\n<p>Tout au long de son hospitalisation, une de ses filles, Kely Nascimento, avait tenu \u00e0 rassurer les fans avec des photos et vid\u00e9os montrant son p\u00e8re, toujours souriant et plein d'humour malgr\u00e9 une fatigue apparente.<\/p>\n<p>Pel\u00e9 lui-m\u00eame a fait quelques publications r\u00e9cemment sur les r\u00e9seaux sociaux, l'une d'elles f\u00e9licitant l'Argentin Lionel Messi pour son septi\u00e8me ballon d'or la semaine derni\u00e8re.<\/p>\n<p>Edson Arantes do Nascimento, de son vrai nom, a souffert de nombreux probl\u00e8mes de sant\u00e9 ces derni\u00e8res ann\u00e9es, notamment en 2019, lorsqu'il avait \u00e9t\u00e9 hospitalis\u00e9 \u00e0 Paris puis transf\u00e9r\u00e9 \u00e0 Sao Paulo pour des calculs r\u00e9naux.<\/p>\n<p>Avec AFP<\/p>\n<div class='share-to-whatsapp-wrapper'><div class='share-on-whsp'>PARTAGER SUR : <\/div><a data-text='BRESIL - Pel\u00e9 de retour \u00e0 l'h\u00f4pital pour traiter une tumeur' data-link='https:\/\/www.nettali.com\/2021\/12\/08\/bresil-pele-de-retour-a-lhopital-pour-traiter-une-tumeur\/' class='whatsapp-button whatsapp-share'>WhatsApp<\/a><div class='clear '><\/div><\/div>","protected":false},"excerpt":{"rendered":"<p>NETTALI.COM - L'ancien footballeur de l\u00e9gende br\u00e9silien Pel\u00e9 est retourn\u00e9 \u00e0 l'h\u00f4pital \"pour poursuivre son traitement\" d'une tumeur au c\u00f4lon, a annonc\u00e9 mercredi l'\u00e9tablissement m\u00e9dical de Sao Paulo o\u00f9 il avait pass\u00e9 un mois en septembre. L'h\u00f4pital Albert Einstein a pr\u00e9cis\u00e9 dans son bulletin m\u00e9dical que l'\u00e9tat de sant\u00e9 de Pel\u00e9, 81 ans, \u00e9tait \"stable\" [&hellip;]<\/p>\n","protected":false},"author":11,"featured_media":76997,"comment_status":"open","ping_status":"open","sticky":false,"template":"","format":"standard","meta":{"_et_pb_use_builder":"","_et_pb_old_content":""},"categories":[6],"tags":[],"yoast_head":"<!-- This site is optimized with the Yoast SEO Premium plugin v17.8 (Yoast SEO v17.8) - https:\/\/yoast.com\/wordpress\/plugins\/seo\/ -->\n<title>BRESIL - Pel\u00e9 de retour \u00e0 l&#039;h\u00f4pital pour traiter une tumeur | Nettali.com<\/title>\n<meta name=\"robots\" content=\"index, follow, max-snippet:-1, max-image-preview:large, max-video-preview:-1\" \/>\n<link rel=\"canonical\" href=\"https:\/\/www.nettali.com\/2021\/12\/08\/bresil-pele-de-retour-a-lhopital-pour-traiter-une-tumeur\/\" \/>\n<meta property=\"og:locale\" content=\"fr_FR\" \/>\n<meta property=\"og:type\" content=\"article\" \/>\n<meta property=\"og:title\" content=\"BRESIL - Pel\u00e9 de retour \u00e0 l&#039;h\u00f4pital pour traiter une tumeur\" \/>\n<meta property=\"og:description\" content=\"NETTALI.COM - L&#039;ancien footballeur de l\u00e9gende br\u00e9silien Pel\u00e9 est retourn\u00e9 \u00e0 l&#039;h\u00f4pital &quot;pour poursuivre son traitement&quot; d&#039;une tumeur au c\u00f4lon, a annonc\u00e9 mercredi l&#039;\u00e9tablissement m\u00e9dical de Sao Paulo o\u00f9 il avait pass\u00e9 un mois en septembre. L&#039;h\u00f4pital Albert Einstein a pr\u00e9cis\u00e9 dans son bulletin m\u00e9dical que l&#039;\u00e9tat de sant\u00e9 de Pel\u00e9, 81 ans, \u00e9tait &quot;stable&quot; [&hellip;]\" \/>\n<meta property=\"og:url\" content=\"https:\/\/www.nettali.com\/2021\/12\/08\/bresil-pele-de-retour-a-lhopital-pour-traiter-une-tumeur\/\" \/>\n<meta property=\"og:site_name\" content=\"Nettali.com\" \/>\n<meta property=\"article:publisher\" content=\"https:\/\/www.facebook.com\/nettalicom\" \/>\n<meta property=\"article:published_time\" content=\"2021-12-08T17:22:02+00:00\" \/>\n<meta property=\"article:modified_time\" content=\"2021-12-08T20:17:59+00:00\" \/>\n<meta property=\"og:image\" content=\"https:\/\/www.nettali.com\/wp-content\/uploads\/2021\/12\/pele.jpg\" \/>\n\t<meta property=\"og:image:width\" content=\"1000\" \/>\n\t<meta property=\"og:image:height\" content=\"750\" \/>\n<meta name=\"twitter:card\" content=\"summary_large_image\" \/>\n<meta name=\"twitter:label1\" content=\"\u00c9crit par\" \/>\n\t<meta name=\"twitter:data1\" content=\"Thierno Diop\" \/>\n\t<meta name=\"twitter:label2\" content=\"Dur\u00e9e de lecture estim\u00e9e\" \/>\n\t<meta name=\"twitter:data2\" content=\"1 minute\" \/>\n<script type=\"application\/ld+json\" class=\"yoast-schema-graph\">{\"@context\":\"https:\/\/schema.org\",\"@graph\":[{\"@type\":\"WebSite\",\"@id\":\"https:\/\/www.nettali.com\/#website\",\"url\":\"https:\/\/www.nettali.com\/\",\"name\":\"Nettali.com\",\"description\":\"Le rendez-vous critique du Net\",\"potentialAction\":[{\"@type\":\"SearchAction\",\"target\":{\"@type\":\"EntryPoint\",\"urlTemplate\":\"https:\/\/www.nettali.com\/?s={search_term_string}\"},\"query-input\":\"required name=search_term_string\"}],\"inLanguage\":\"fr-FR\"},{\"@type\":\"ImageObject\",\"@id\":\"https:\/\/www.nettali.com\/2021\/12\/08\/bresil-pele-de-retour-a-lhopital-pour-traiter-une-tumeur\/#primaryimage\",\"inLanguage\":\"fr-FR\",\"url\":\"https:\/\/www.nettali.com\/wp-content\/uploads\/2021\/12\/pele.jpg\",\"contentUrl\":\"https:\/\/www.nettali.com\/wp-content\/uploads\/2021\/12\/pele.jpg\",\"width\":1000,\"height\":750},{\"@type\":\"WebPage\",\"@id\":\"https:\/\/www.nettali.com\/2021\/12\/08\/bresil-pele-de-retour-a-lhopital-pour-traiter-une-tumeur\/#webpage\",\"url\":\"https:\/\/www.nettali.com\/2021\/12\/08\/bresil-pele-de-retour-a-lhopital-pour-traiter-une-tumeur\/\",\"name\":\"BRESIL - Pel\\u00e9 de retour \\u00e0 l'h\\u00f4pital pour traiter une tumeur | Nettali.com\",\"isPartOf\":{\"@id\":\"https:\/\/www.nettali.com\/#website\"},\"primaryImageOfPage\":{\"@id\":\"https:\/\/www.nettali.com\/2021\/12\/08\/bresil-pele-de-retour-a-lhopital-pour-traiter-une-tumeur\/#primaryimage\"},\"datePublished\":\"2021-12-08T17:22:02+00:00\",\"dateModified\":\"2021-12-08T20:17:59+00:00\",\"author\":{\"@id\":\"https:\/\/www.nettali.com\/#\/schema\/person\/8a06c6bd7b19304cf4bf985862900b5b\"},\"breadcrumb\":{\"@id\":\"https:\/\/www.nettali.com\/2021\/12\/08\/bresil-pele-de-retour-a-lhopital-pour-traiter-une-tumeur\/#breadcrumb\"},\"inLanguage\":\"fr-FR\",\"potentialAction\":[{\"@type\":\"ReadAction\",\"target\":[\"https:\/\/www.nettali.com\/2021\/12\/08\/bresil-pele-de-retour-a-lhopital-pour-traiter-une-tumeur\/\"]}]},{\"@type\":\"BreadcrumbList\",\"@id\":\"https:\/\/www.nettali.com\/2021\/12\/08\/bresil-pele-de-retour-a-lhopital-pour-traiter-une-tumeur\/#breadcrumb\",\"itemListElement\":[{\"@type\":\"ListItem\",\"position\":1,\"name\":\"Accueil\",\"item\":\"https:\/\/www.nettali.com\/\"},{\"@type\":\"ListItem\",\"position\":2,\"name\":\"BRESIL &#8211; Pel\\u00e9 de retour \\u00e0 l&rsquo;h\\u00f4pital pour traiter une tumeur\"}]},{\"@type\":\"Person\",\"@id\":\"https:\/\/www.nettali.com\/#\/schema\/person\/8a06c6bd7b19304cf4bf985862900b5b\",\"name\":\"Thierno Diop\",\"image\":{\"@type\":\"ImageObject\",\"@id\":\"https:\/\/www.nettali.com\/#personlogo\",\"inLanguage\":\"fr-FR\",\"url\":\"https:\/\/secure.gravatar.com\/avatar\/c8ca58550c94fd2ac856d27391a6c866?s=96&d=mm&r=g\",\"contentUrl\":\"https:\/\/secure.gravatar.com\/avatar\/c8ca58550c94fd2ac856d27391a6c866?s=96&d=mm&r=g\",\"caption\":\"Thierno Diop\"},\"sameAs\":[\"https:\/\/nettali.com\"]}]}<\/script>\n<!-- \/ Yoast SEO Premium plugin. -->","yoast_head_json":{"title":"BRESIL - Pel\u00e9 de retour \u00e0 l'h\u00f4pital pour traiter une tumeur | Nettali.com","robots":{"index":"index","follow":"follow","max-snippet":"max-snippet:-1","max-image-preview":"max-image-preview:large","max-video-preview":"max-video-preview:-1"},"canonical":"https:\/\/www.nettali.com\/2021\/12\/08\/bresil-pele-de-retour-a-lhopital-pour-traiter-une-tumeur\/","og_locale":"fr_FR","og_type":"article","og_title":"BRESIL - Pel\u00e9 de retour \u00e0 l'h\u00f4pital pour traiter une tumeur","og_description":"NETTALI.COM - L'ancien footballeur de l\u00e9gende br\u00e9silien Pel\u00e9 est retourn\u00e9 \u00e0 l'h\u00f4pital \"pour poursuivre son traitement\" d'une tumeur au c\u00f4lon, a annonc\u00e9 mercredi l'\u00e9tablissement m\u00e9dical de Sao Paulo o\u00f9 il avait pass\u00e9 un mois en septembre. L'h\u00f4pital Albert Einstein a pr\u00e9cis\u00e9 dans son bulletin m\u00e9dical que l'\u00e9tat de sant\u00e9 de Pel\u00e9, 81 ans, \u00e9tait \"stable\" [&hellip;]","og_url":"https:\/\/www.nettali.com\/2021\/12\/08\/bresil-pele-de-retour-a-lhopital-pour-traiter-une-tumeur\/","og_site_name":"Nettali.com","article_publisher":"https:\/\/www.facebook.com\/nettalicom","article_published_time":"2021-12-08T17:22:02+00:00","article_modified_time":"2021-12-08T20:17:59+00:00","og_image":[{"width":1000,"height":750,"url":"https:\/\/www.nettali.com\/wp-content\/uploads\/2021\/12\/pele.jpg","type":"image\/jpeg"}],"twitter_card":"summary_large_image","twitter_misc":{"\u00c9crit par":"Thierno Diop","Dur\u00e9e de lecture estim\u00e9e":"1 minute"},"schema":{"@context":"https:\/\/schema.org","@graph":[{"@type":"WebSite","@id":"https:\/\/www.nettali.com\/#website","url":"https:\/\/www.nettali.com\/","name":"Nettali.com","description":"Le rendez-vous critique du Net","potentialAction":[{"@type":"SearchAction","target":{"@type":"EntryPoint","urlTemplate":"https:\/\/www.nettali.com\/?s={search_term_string}"},"query-input":"required name=search_term_string"}],"inLanguage":"fr-FR"},{"@type":"ImageObject","@id":"https:\/\/www.nettali.com\/2021\/12\/08\/bresil-pele-de-retour-a-lhopital-pour-traiter-une-tumeur\/#primaryimage","inLanguage":"fr-FR","url":"https:\/\/www.nettali.com\/wp-content\/uploads\/2021\/12\/pele.jpg","contentUrl":"https:\/\/www.nettali.com\/wp-content\/uploads\/2021\/12\/pele.jpg","width":1000,"height":750},{"@type":"WebPage","@id":"https:\/\/www.nettali.com\/2021\/12\/08\/bresil-pele-de-retour-a-lhopital-pour-traiter-une-tumeur\/#webpage","url":"https:\/\/www.nettali.com\/2021\/12\/08\/bresil-pele-de-retour-a-lhopital-pour-traiter-une-tumeur\/","name":"BRESIL - Pel\u00e9 de retour \u00e0 l'h\u00f4pital pour traiter une tumeur | Nettali.com","isPartOf":{"@id":"https:\/\/www.nettali.com\/#website"},"primaryImageOfPage":{"@id":"https:\/\/www.nettali.com\/2021\/12\/08\/bresil-pele-de-retour-a-lhopital-pour-traiter-une-tumeur\/#primaryimage"},"datePublished":"2021-12-08T17:22:02+00:00","dateModified":"2021-12-08T20:17:59+00:00","author":{"@id":"https:\/\/www.nettali.com\/#\/schema\/person\/8a06c6bd7b19304cf4bf985862900b5b"},"breadcrumb":{"@id":"https:\/\/www.nettali.com\/2021\/12\/08\/bresil-pele-de-retour-a-lhopital-pour-traiter-une-tumeur\/#breadcrumb"},"inLanguage":"fr-FR","potentialAction":[{"@type":"ReadAction","target":["https:\/\/www.nettali.com\/2021\/12\/08\/bresil-pele-de-retour-a-lhopital-pour-traiter-une-tumeur\/"]}]},{"@type":"BreadcrumbList","@id":"https:\/\/www.nettali.com\/2021\/12\/08\/bresil-pele-de-retour-a-lhopital-pour-traiter-une-tumeur\/#breadcrumb","itemListElement":[{"@type":"ListItem","position":1,"name":"Accueil","item":"https:\/\/www.nettali.com\/"},{"@type":"ListItem","position":2,"name":"BRESIL &#8211; Pel\u00e9 de retour \u00e0 l&rsquo;h\u00f4pital pour traiter une tumeur"}]},{"@type":"Person","@id":"https:\/\/www.nettali.com\/#\/schema\/person\/8a06c6bd7b19304cf4bf985862900b5b","name":"Thierno Diop","image":{"@type":"ImageObject","@id":"https:\/\/www.nettali.com\/#personlogo","inLanguage":"fr-FR","url":"https:\/\/secure.gravatar.com\/avatar\/c8ca58550c94fd2ac856d27391a6c866?s=96&d=mm&r=g","contentUrl":"https:\/\/secure.gravatar.com\/avatar\/c8ca58550c94fd2ac856d27391a6c866?s=96&d=mm&r=g","caption":"Thierno Diop"},"sameAs":["https:\/\/nettali.com"]}]}},"_links":{"self":[{"href":"https:\/\/www.nettali.com\/rest\/wp\/v2\/posts\/76996"}],"collection":[{"href":"https:\/\/www.nettali.com\/rest\/wp\/v2\/posts"}],"about":[{"href":"https:\/\/www.nettali.com\/rest\/wp\/v2\/types\/post"}],"author":[{"embeddable":true,"href":"https:\/\/www.nettali.com\/rest\/wp\/v2\/users\/11"}],"replies":[{"embeddable":true,"href":"https:\/\/www.nettali.com\/rest\/wp\/v2\/comments?post=76996"}],"version-history":[{"count":2,"href":"https:\/\/www.nettali.com\/rest\/wp\/v2\/posts\/76996\/revisions"}],"predecessor-version":[{"id":77003,"href":"https:\/\/www.nettali.com\/rest\/wp\/v2\/posts\/76996\/revisions\/77003"}],"wp:featuredmedia":[{"embeddable":true,"href":"https:\/\/www.nettali.com\/rest\/wp\/v2\/media\/76997"}],"wp:attachment":[{"href":"https:\/\/www.nettali.com\/rest\/wp\/v2\/media?parent=76996"}],"wp:term":[{"taxonomy":"category","embeddable":true,"href":"https:\/\/www.nettali.com\/rest\/wp\/v2\/categories?post=76996"},{"taxonomy":"post_tag","embeddable":true,"href":"https:\/\/www.nettali.com\/rest\/wp\/v2\/tags?post=76996"}],"curies":[{"name":"wp","href":"https:\/\/api.w.org\/{rel}","templated":true}]}}