{"id":76816,"date":"2021-12-04T19:35:42","date_gmt":"2021-12-04T19:35:42","guid":{"rendered":"https:\/\/www.nettali.com\/?p=76816"},"modified":"2021-12-04T19:35:42","modified_gmt":"2021-12-04T19:35:42","slug":"centre-du-mali-au-moins-30-morts-lors-dune-nouvelle-attaque-terroriste","status":"publish","type":"post","link":"https:\/\/www.nettali.com\/2021\/12\/04\/centre-du-mali-au-moins-30-morts-lors-dune-nouvelle-attaque-terroriste\/","title":{"rendered":"CENTRE DU MALI - Au moins 30 morts lors d\u2019une nouvelle attaque terroriste"},"content":{"rendered":"<p><strong>NETTALI.COM - Des djihadistes pr\u00e9sum\u00e9s ont pris pour cible un v\u00e9hicule de transport dans lequel se trouvaient des civils. L\u2019attaque n\u2019a \u00e9t\u00e9 revendiqu\u00e9e par aucun des nombreux groupes arm\u00e9s qui s\u00e9vissent dans le pays.<\/strong><\/p>\n<p>Les conflits qui d\u00e9chirent le Mali ont fait de nouvelles victimes. Au moins 30 personnes ont \u00e9t\u00e9 tu\u00e9es, vendredi 3\u00a0novembre, pr\u00e8s de Bandiagara, dans le centre du pays, dans une attaque perp\u00e9tr\u00e9e par des individus soup\u00e7onn\u00e9s d\u2019\u00eatre des djihadistes.<\/p>\n<p><em>\u00ab\u00a0Les civils \u00e9taient dans un v\u00e9hicule de transport. Les passagers ont \u00e9t\u00e9 mitraill\u00e9s et le v\u00e9hicule a \u00e9t\u00e9 br\u00fbl\u00e9. L\u2019Etat a envoy\u00e9 des forces de s\u00e9curit\u00e9 sur place\u00a0\u00bb<\/em>, ont d\u00e9clar\u00e9 des autorit\u00e9s locales de la r\u00e9gion de Mopti \u00e0 l\u2019Agence France-Presse. Un \u00e9lu de la localit\u00e9 de Bandiagara a confirm\u00e9 ce bilan et pr\u00e9cis\u00e9 que, parmi les victimes, se trouvaient\u00a0<em>\u00ab\u00a0des enfants et des femmes et des disparus\u00a0\u00bb<\/em>. Les forces de s\u00e9curit\u00e9 ont \u00e9t\u00e9 envoy\u00e9es sur place, selon les m\u00eames sources.<\/p>\n<p>Dans un communiqu\u00e9 diffus\u00e9 samedi par la t\u00e9l\u00e9vision publique, le gouvernement de transition a annonc\u00e9 un bilan de 31 morts et 17 bless\u00e9s. Il assure que\u00a0<em>\u00ab\u00a0toutes les mesures seront prises pour arr\u00eater et punir les auteurs de cet acte ignoble\u00a0\u00bb<\/em>.<\/p>\n<p>L\u2019attaque n\u2019a \u00e9t\u00e9 revendiqu\u00e9e par aucun des nombreux groupes arm\u00e9s qui s\u00e9vissent dans le pays.<\/p>\n<p><strong>Des milliers de victimes depuis 2012<\/strong><\/p>\n<p>L\u2019Association pour le d\u00e9veloppement de Bandiagara (ADB) a condamn\u00e9\u00a0<em>\u00ab\u00a0une attaque l\u00e2che et criminelle\u00a0\u00bb<\/em>\u00a0et demand\u00e9 aux autorit\u00e9s de prendre toutes les dispositions n\u00e9cessaires pour prot\u00e9ger les populations et leurs biens.<\/p>\n<p>Un conflit intercommunautaire s\u00e9vit dans la r\u00e9gion de Mopti, th\u00e9\u00e2tre de l\u2019attaque de vendredi. Les tensions entre les s\u00e9dentaires dogon et les Peuls \u00e0 majorit\u00e9 nomade y sont r\u00e9currentes en raison des diff\u00e9rends li\u00e9s aux champs et \u00e0 la transhumance.<\/p>\n<p>Les forces de s\u00e9curit\u00e9 y sont \u00e9galement les cibles d\u2019attaques r\u00e9guli\u00e8res des groupes arm\u00e9es. Le 7\u00a0octobre, seize militaires ont \u00e9t\u00e9 tu\u00e9s lors de l\u2019attaque d\u2019un convoi de l\u2019arm\u00e9e malienne entre les localit\u00e9s de Koro et Bandiagara. Il s\u2019agissait alors de l\u2019attaque la plus meurtri\u00e8re frappant l\u2019arm\u00e9e malienne depuis le 19\u00a0ao\u00fbt et l\u2019assaut d\u2019un convoi sur la route entre Boni et Douentza, dans le centre du Mali, qui avait fait dix-sept morts.<\/p>\n<p>Le Mali est livr\u00e9 depuis 2012 aux agissements de groupes affili\u00e9s \u00e0 Al-Qaida et \u00e0 l\u2019organisation Etat islamique, ainsi qu\u2019aux violences de toutes sortes perp\u00e9tr\u00e9es par des bandits et des milices autoproclam\u00e9es d\u2019autod\u00e9fense. Les violences, parties du nord, se sont propag\u00e9es au centre, puis au Burkina Faso et au Niger voisins. Elles ont fait des milliers de morts civils et militaires, et des centaines de milliers de d\u00e9plac\u00e9s, malgr\u00e9 le d\u00e9ploiement de forces onusiennes, fran\u00e7aises et africaines. La prise du pouvoir des militaires \u00e0 la faveur d\u2019un putsch en 2020 au Mali n\u2019a pas enray\u00e9 la spirale de violences.<\/p>\n<p><strong>Le Monde avec AFP<\/strong><\/p>\n<p>&nbsp;<\/p>\n<div class='share-to-whatsapp-wrapper'><div class='share-on-whsp'>PARTAGER SUR : <\/div><a data-text='CENTRE DU MALI - Au moins 30 morts lors d\u2019une nouvelle attaque terroriste' data-link='https:\/\/www.nettali.com\/2021\/12\/04\/centre-du-mali-au-moins-30-morts-lors-dune-nouvelle-attaque-terroriste\/' class='whatsapp-button whatsapp-share'>WhatsApp<\/a><div class='clear '><\/div><\/div>","protected":false},"excerpt":{"rendered":"<p>NETTALI.COM - Des djihadistes pr\u00e9sum\u00e9s ont pris pour cible un v\u00e9hicule de transport dans lequel se trouvaient des civils. L\u2019attaque n\u2019a \u00e9t\u00e9 revendiqu\u00e9e par aucun des nombreux groupes arm\u00e9s qui s\u00e9vissent dans le pays. Les conflits qui d\u00e9chirent le Mali ont fait de nouvelles victimes. Au moins 30 personnes ont \u00e9t\u00e9 tu\u00e9es, vendredi 3\u00a0novembre, pr\u00e8s [&hellip;]<\/p>\n","protected":false},"author":11,"featured_media":54600,"comment_status":"open","ping_status":"open","sticky":false,"template":"","format":"standard","meta":{"_et_pb_use_builder":"","_et_pb_old_content":""},"categories":[8],"tags":[],"yoast_head":"<!-- This site is optimized with the Yoast SEO Premium plugin v17.8 (Yoast SEO v17.8) - https:\/\/yoast.com\/wordpress\/plugins\/seo\/ -->\n<title>CENTRE DU MALI - Au moins 30 morts lors d\u2019une nouvelle attaque terroriste | Nettali.com<\/title>\n<meta name=\"robots\" content=\"index, follow, max-snippet:-1, max-image-preview:large, max-video-preview:-1\" \/>\n<link rel=\"canonical\" href=\"https:\/\/www.nettali.com\/2021\/12\/04\/centre-du-mali-au-moins-30-morts-lors-dune-nouvelle-attaque-terroriste\/\" \/>\n<meta property=\"og:locale\" content=\"fr_FR\" \/>\n<meta property=\"og:type\" content=\"article\" \/>\n<meta property=\"og:title\" content=\"CENTRE DU MALI - Au moins 30 morts lors d\u2019une nouvelle attaque terroriste\" \/>\n<meta property=\"og:description\" content=\"NETTALI.COM - Des djihadistes pr\u00e9sum\u00e9s ont pris pour cible un v\u00e9hicule de transport dans lequel se trouvaient des civils. L\u2019attaque n\u2019a \u00e9t\u00e9 revendiqu\u00e9e par aucun des nombreux groupes arm\u00e9s qui s\u00e9vissent dans le pays. Les conflits qui d\u00e9chirent le Mali ont fait de nouvelles victimes. Au moins 30 personnes ont \u00e9t\u00e9 tu\u00e9es, vendredi 3\u00a0novembre, pr\u00e8s [&hellip;]\" \/>\n<meta property=\"og:url\" content=\"https:\/\/www.nettali.com\/2021\/12\/04\/centre-du-mali-au-moins-30-morts-lors-dune-nouvelle-attaque-terroriste\/\" \/>\n<meta property=\"og:site_name\" content=\"Nettali.com\" \/>\n<meta property=\"article:publisher\" content=\"https:\/\/www.facebook.com\/nettalicom\" \/>\n<meta property=\"article:published_time\" content=\"2021-12-04T19:35:42+00:00\" \/>\n<meta property=\"og:image\" content=\"https:\/\/www.nettali.com\/wp-content\/uploads\/2021\/01\/terroriste.jpg\" \/>\n\t<meta property=\"og:image:width\" content=\"299\" \/>\n\t<meta property=\"og:image:height\" content=\"169\" \/>\n<meta name=\"twitter:card\" content=\"summary_large_image\" \/>\n<meta name=\"twitter:label1\" content=\"\u00c9crit par\" \/>\n\t<meta name=\"twitter:data1\" content=\"Thierno Diop\" \/>\n\t<meta name=\"twitter:label2\" content=\"Dur\u00e9e de lecture estim\u00e9e\" \/>\n\t<meta name=\"twitter:data2\" content=\"3 minutes\" \/>\n<script type=\"application\/ld+json\" class=\"yoast-schema-graph\">{\"@context\":\"https:\/\/schema.org\",\"@graph\":[{\"@type\":\"WebSite\",\"@id\":\"https:\/\/www.nettali.com\/#website\",\"url\":\"https:\/\/www.nettali.com\/\",\"name\":\"Nettali.com\",\"description\":\"Le rendez-vous critique du Net\",\"potentialAction\":[{\"@type\":\"SearchAction\",\"target\":{\"@type\":\"EntryPoint\",\"urlTemplate\":\"https:\/\/www.nettali.com\/?s={search_term_string}\"},\"query-input\":\"required name=search_term_string\"}],\"inLanguage\":\"fr-FR\"},{\"@type\":\"ImageObject\",\"@id\":\"https:\/\/www.nettali.com\/2021\/12\/04\/centre-du-mali-au-moins-30-morts-lors-dune-nouvelle-attaque-terroriste\/#primaryimage\",\"inLanguage\":\"fr-FR\",\"url\":\"https:\/\/www.nettali.com\/wp-content\/uploads\/2021\/01\/terroriste.jpg\",\"contentUrl\":\"https:\/\/www.nettali.com\/wp-content\/uploads\/2021\/01\/terroriste.jpg\",\"width\":299,\"height\":169},{\"@type\":\"WebPage\",\"@id\":\"https:\/\/www.nettali.com\/2021\/12\/04\/centre-du-mali-au-moins-30-morts-lors-dune-nouvelle-attaque-terroriste\/#webpage\",\"url\":\"https:\/\/www.nettali.com\/2021\/12\/04\/centre-du-mali-au-moins-30-morts-lors-dune-nouvelle-attaque-terroriste\/\",\"name\":\"CENTRE DU MALI - Au moins 30 morts lors d\\u2019une nouvelle attaque terroriste | Nettali.com\",\"isPartOf\":{\"@id\":\"https:\/\/www.nettali.com\/#website\"},\"primaryImageOfPage\":{\"@id\":\"https:\/\/www.nettali.com\/2021\/12\/04\/centre-du-mali-au-moins-30-morts-lors-dune-nouvelle-attaque-terroriste\/#primaryimage\"},\"datePublished\":\"2021-12-04T19:35:42+00:00\",\"dateModified\":\"2021-12-04T19:35:42+00:00\",\"author\":{\"@id\":\"https:\/\/www.nettali.com\/#\/schema\/person\/8a06c6bd7b19304cf4bf985862900b5b\"},\"breadcrumb\":{\"@id\":\"https:\/\/www.nettali.com\/2021\/12\/04\/centre-du-mali-au-moins-30-morts-lors-dune-nouvelle-attaque-terroriste\/#breadcrumb\"},\"inLanguage\":\"fr-FR\",\"potentialAction\":[{\"@type\":\"ReadAction\",\"target\":[\"https:\/\/www.nettali.com\/2021\/12\/04\/centre-du-mali-au-moins-30-morts-lors-dune-nouvelle-attaque-terroriste\/\"]}]},{\"@type\":\"BreadcrumbList\",\"@id\":\"https:\/\/www.nettali.com\/2021\/12\/04\/centre-du-mali-au-moins-30-morts-lors-dune-nouvelle-attaque-terroriste\/#breadcrumb\",\"itemListElement\":[{\"@type\":\"ListItem\",\"position\":1,\"name\":\"Accueil\",\"item\":\"https:\/\/www.nettali.com\/\"},{\"@type\":\"ListItem\",\"position\":2,\"name\":\"CENTRE DU MALI &#8211; Au moins 30 morts lors d\\u2019une nouvelle attaque terroriste\"}]},{\"@type\":\"Person\",\"@id\":\"https:\/\/www.nettali.com\/#\/schema\/person\/8a06c6bd7b19304cf4bf985862900b5b\",\"name\":\"Thierno Diop\",\"image\":{\"@type\":\"ImageObject\",\"@id\":\"https:\/\/www.nettali.com\/#personlogo\",\"inLanguage\":\"fr-FR\",\"url\":\"https:\/\/secure.gravatar.com\/avatar\/c8ca58550c94fd2ac856d27391a6c866?s=96&d=mm&r=g\",\"contentUrl\":\"https:\/\/secure.gravatar.com\/avatar\/c8ca58550c94fd2ac856d27391a6c866?s=96&d=mm&r=g\",\"caption\":\"Thierno Diop\"},\"sameAs\":[\"https:\/\/nettali.com\"]}]}<\/script>\n<!-- \/ Yoast SEO Premium plugin. -->","yoast_head_json":{"title":"CENTRE DU MALI - Au moins 30 morts lors d\u2019une nouvelle attaque terroriste | Nettali.com","robots":{"index":"index","follow":"follow","max-snippet":"max-snippet:-1","max-image-preview":"max-image-preview:large","max-video-preview":"max-video-preview:-1"},"canonical":"https:\/\/www.nettali.com\/2021\/12\/04\/centre-du-mali-au-moins-30-morts-lors-dune-nouvelle-attaque-terroriste\/","og_locale":"fr_FR","og_type":"article","og_title":"CENTRE DU MALI - Au moins 30 morts lors d\u2019une nouvelle attaque terroriste","og_description":"NETTALI.COM - Des djihadistes pr\u00e9sum\u00e9s ont pris pour cible un v\u00e9hicule de transport dans lequel se trouvaient des civils. L\u2019attaque n\u2019a \u00e9t\u00e9 revendiqu\u00e9e par aucun des nombreux groupes arm\u00e9s qui s\u00e9vissent dans le pays. Les conflits qui d\u00e9chirent le Mali ont fait de nouvelles victimes. Au moins 30 personnes ont \u00e9t\u00e9 tu\u00e9es, vendredi 3\u00a0novembre, pr\u00e8s [&hellip;]","og_url":"https:\/\/www.nettali.com\/2021\/12\/04\/centre-du-mali-au-moins-30-morts-lors-dune-nouvelle-attaque-terroriste\/","og_site_name":"Nettali.com","article_publisher":"https:\/\/www.facebook.com\/nettalicom","article_published_time":"2021-12-04T19:35:42+00:00","og_image":[{"width":299,"height":169,"url":"https:\/\/www.nettali.com\/wp-content\/uploads\/2021\/01\/terroriste.jpg","type":"image\/jpeg"}],"twitter_card":"summary_large_image","twitter_misc":{"\u00c9crit par":"Thierno Diop","Dur\u00e9e de lecture estim\u00e9e":"3 minutes"},"schema":{"@context":"https:\/\/schema.org","@graph":[{"@type":"WebSite","@id":"https:\/\/www.nettali.com\/#website","url":"https:\/\/www.nettali.com\/","name":"Nettali.com","description":"Le rendez-vous critique du Net","potentialAction":[{"@type":"SearchAction","target":{"@type":"EntryPoint","urlTemplate":"https:\/\/www.nettali.com\/?s={search_term_string}"},"query-input":"required name=search_term_string"}],"inLanguage":"fr-FR"},{"@type":"ImageObject","@id":"https:\/\/www.nettali.com\/2021\/12\/04\/centre-du-mali-au-moins-30-morts-lors-dune-nouvelle-attaque-terroriste\/#primaryimage","inLanguage":"fr-FR","url":"https:\/\/www.nettali.com\/wp-content\/uploads\/2021\/01\/terroriste.jpg","contentUrl":"https:\/\/www.nettali.com\/wp-content\/uploads\/2021\/01\/terroriste.jpg","width":299,"height":169},{"@type":"WebPage","@id":"https:\/\/www.nettali.com\/2021\/12\/04\/centre-du-mali-au-moins-30-morts-lors-dune-nouvelle-attaque-terroriste\/#webpage","url":"https:\/\/www.nettali.com\/2021\/12\/04\/centre-du-mali-au-moins-30-morts-lors-dune-nouvelle-attaque-terroriste\/","name":"CENTRE DU MALI - Au moins 30 morts lors d\u2019une nouvelle attaque terroriste | Nettali.com","isPartOf":{"@id":"https:\/\/www.nettali.com\/#website"},"primaryImageOfPage":{"@id":"https:\/\/www.nettali.com\/2021\/12\/04\/centre-du-mali-au-moins-30-morts-lors-dune-nouvelle-attaque-terroriste\/#primaryimage"},"datePublished":"2021-12-04T19:35:42+00:00","dateModified":"2021-12-04T19:35:42+00:00","author":{"@id":"https:\/\/www.nettali.com\/#\/schema\/person\/8a06c6bd7b19304cf4bf985862900b5b"},"breadcrumb":{"@id":"https:\/\/www.nettali.com\/2021\/12\/04\/centre-du-mali-au-moins-30-morts-lors-dune-nouvelle-attaque-terroriste\/#breadcrumb"},"inLanguage":"fr-FR","potentialAction":[{"@type":"ReadAction","target":["https:\/\/www.nettali.com\/2021\/12\/04\/centre-du-mali-au-moins-30-morts-lors-dune-nouvelle-attaque-terroriste\/"]}]},{"@type":"BreadcrumbList","@id":"https:\/\/www.nettali.com\/2021\/12\/04\/centre-du-mali-au-moins-30-morts-lors-dune-nouvelle-attaque-terroriste\/#breadcrumb","itemListElement":[{"@type":"ListItem","position":1,"name":"Accueil","item":"https:\/\/www.nettali.com\/"},{"@type":"ListItem","position":2,"name":"CENTRE DU MALI &#8211; Au moins 30 morts lors d\u2019une nouvelle attaque terroriste"}]},{"@type":"Person","@id":"https:\/\/www.nettali.com\/#\/schema\/person\/8a06c6bd7b19304cf4bf985862900b5b","name":"Thierno Diop","image":{"@type":"ImageObject","@id":"https:\/\/www.nettali.com\/#personlogo","inLanguage":"fr-FR","url":"https:\/\/secure.gravatar.com\/avatar\/c8ca58550c94fd2ac856d27391a6c866?s=96&d=mm&r=g","contentUrl":"https:\/\/secure.gravatar.com\/avatar\/c8ca58550c94fd2ac856d27391a6c866?s=96&d=mm&r=g","caption":"Thierno Diop"},"sameAs":["https:\/\/nettali.com"]}]}},"_links":{"self":[{"href":"https:\/\/www.nettali.com\/rest\/wp\/v2\/posts\/76816"}],"collection":[{"href":"https:\/\/www.nettali.com\/rest\/wp\/v2\/posts"}],"about":[{"href":"https:\/\/www.nettali.com\/rest\/wp\/v2\/types\/post"}],"author":[{"embeddable":true,"href":"https:\/\/www.nettali.com\/rest\/wp\/v2\/users\/11"}],"replies":[{"embeddable":true,"href":"https:\/\/www.nettali.com\/rest\/wp\/v2\/comments?post=76816"}],"version-history":[{"count":1,"href":"https:\/\/www.nettali.com\/rest\/wp\/v2\/posts\/76816\/revisions"}],"predecessor-version":[{"id":76817,"href":"https:\/\/www.nettali.com\/rest\/wp\/v2\/posts\/76816\/revisions\/76817"}],"wp:featuredmedia":[{"embeddable":true,"href":"https:\/\/www.nettali.com\/rest\/wp\/v2\/media\/54600"}],"wp:attachment":[{"href":"https:\/\/www.nettali.com\/rest\/wp\/v2\/media?parent=76816"}],"wp:term":[{"taxonomy":"category","embeddable":true,"href":"https:\/\/www.nettali.com\/rest\/wp\/v2\/categories?post=76816"},{"taxonomy":"post_tag","embeddable":true,"href":"https:\/\/www.nettali.com\/rest\/wp\/v2\/tags?post=76816"}],"curies":[{"name":"wp","href":"https:\/\/api.w.org\/{rel}","templated":true}]}}