{"id":76797,"date":"2021-12-04T10:34:22","date_gmt":"2021-12-04T10:34:22","guid":{"rendered":"https:\/\/www.nettali.com\/?p=76797"},"modified":"2021-12-04T19:24:26","modified_gmt":"2021-12-04T19:24:26","slug":"gouvernement-transporteurs-les-points-daccord","status":"publish","type":"post","link":"https:\/\/www.nettali.com\/2021\/12\/04\/gouvernement-transporteurs-les-points-daccord\/","title":{"rendered":"GOUVERNEMENT \/ TRANSPORTEURS - Les points d'accord"},"content":{"rendered":"<p><strong>NETTALI.COM - Le Cadre unitaire des syndicats des transports routiers du S\u00e9n\u00e9gal (CUSTR) a annonc\u00e9 vendredi que des solutions ont \u00e9t\u00e9 trouv\u00e9es, apr\u00e8s que le chef de l\u2019Etat a pos\u00e9 un acte fort allant dans le sens de r\u00e8glementer le contr\u00f4le sur les corridors nationaux. En outre, des brigades de contr\u00f4le mixtes compos\u00e9es de la gendarmerie, de la douane, des eaux-et-for\u00eats seront mises en place.<\/strong><\/p>\n<p>Tard dans la soir\u00e9e, vendredi, le Cadre unitaire des syndicats des transports routiers du S\u00e9n\u00e9gal (CUSTR) a annonc\u00e9 la lev\u00e9e de son mot d\u2019ordre apr\u00e8s une gr\u00e8ve de trois jours.<br \/>\nDes pourparlers ont eu lieu vendredi entre le gouvernement et le CUSTR, au si\u00e8ge de l\u2019Ageroute , aux fins de surmonter le bras de fer entre les deux parties, cons\u00e9cutivement au mouvement de gr\u00e8ve qui paralysait le pays depuis trois jours.<br \/>\nMansour Faye, le ministre des Transports, Oumar Gu\u00e8ye, ministre des Collectivit\u00e9s territoriales et Dame Diop, ministre de l\u2019Emploi, entres autres autorit\u00e9s, ont \u00e9chang\u00e9 avec des responsables du CUSTR.<\/p>\n<p>Au terme des n\u00e9gociations bipartites, le chef de l\u2019\u00c9tat a pris un d\u00e9cret r\u00e8glementant le contr\u00f4le sur les corridors nationaux, une de leurs revendications. Des brigades de contr\u00f4le mixtes compos\u00e9es de la gendarmerie, de la douane, des eaux-et-for\u00eats seront mises en place.<\/p>\n<p>Les deux parties ont trente jours pour s\u2019accorder sur les autres dol\u00e9ances des transporteurs.<br \/>\n<em>\u00abCette suspension de notre mot d\u2019ordre de gr\u00e8ve n\u2019a pas \u00e9t\u00e9 facile \u00e0 prendre puisqu\u2019en quittant la salle de r\u00e9union, nous n\u2019avions rien encore retenu avec les minist\u00e8res concern\u00e9s autour de la table des n\u00e9gociations et ici dans les locaux de la Cnts, les discussions \u00e9taient difficiles. Finalement, les syndicalistes ont l\u00e2ch\u00e9 prise\u00bb<\/em>, a d\u00e9clar\u00e9\u00a0 Gora Khouma, un des principaux leaders du mouvement d\u2019humeur, \u00e0 la presse.<\/p>\n<div class='share-to-whatsapp-wrapper'><div class='share-on-whsp'>PARTAGER SUR : <\/div><a data-text='GOUVERNEMENT \/ TRANSPORTEURS - Les points d'accord' data-link='https:\/\/www.nettali.com\/2021\/12\/04\/gouvernement-transporteurs-les-points-daccord\/' class='whatsapp-button whatsapp-share'>WhatsApp<\/a><div class='clear '><\/div><\/div>","protected":false},"excerpt":{"rendered":"<p>NETTALI.COM - Le Cadre unitaire des syndicats des transports routiers du S\u00e9n\u00e9gal (CUSTR) a annonc\u00e9 vendredi que des solutions ont \u00e9t\u00e9 trouv\u00e9es, apr\u00e8s que le chef de l\u2019Etat a pos\u00e9 un acte fort allant dans le sens de r\u00e8glementer le contr\u00f4le sur les corridors nationaux. En outre, des brigades de contr\u00f4le mixtes compos\u00e9es de la [&hellip;]<\/p>\n","protected":false},"author":11,"featured_media":24415,"comment_status":"open","ping_status":"open","sticky":false,"template":"","format":"standard","meta":{"_et_pb_use_builder":"","_et_pb_old_content":""},"categories":[3],"tags":[],"yoast_head":"<!-- This site is optimized with the Yoast SEO Premium plugin v17.8 (Yoast SEO v17.8) - https:\/\/yoast.com\/wordpress\/plugins\/seo\/ -->\n<title>GOUVERNEMENT \/ TRANSPORTEURS - Les points d&#039;accord | Nettali.com<\/title>\n<meta name=\"robots\" content=\"index, follow, max-snippet:-1, max-image-preview:large, max-video-preview:-1\" \/>\n<link rel=\"canonical\" href=\"https:\/\/www.nettali.com\/2021\/12\/04\/gouvernement-transporteurs-les-points-daccord\/\" \/>\n<meta property=\"og:locale\" content=\"fr_FR\" \/>\n<meta property=\"og:type\" content=\"article\" \/>\n<meta property=\"og:title\" content=\"GOUVERNEMENT \/ TRANSPORTEURS - Les points d&#039;accord\" \/>\n<meta property=\"og:description\" content=\"NETTALI.COM - Le Cadre unitaire des syndicats des transports routiers du S\u00e9n\u00e9gal (CUSTR) a annonc\u00e9 vendredi que des solutions ont \u00e9t\u00e9 trouv\u00e9es, apr\u00e8s que le chef de l\u2019Etat a pos\u00e9 un acte fort allant dans le sens de r\u00e8glementer le contr\u00f4le sur les corridors nationaux. En outre, des brigades de contr\u00f4le mixtes compos\u00e9es de la [&hellip;]\" \/>\n<meta property=\"og:url\" content=\"https:\/\/www.nettali.com\/2021\/12\/04\/gouvernement-transporteurs-les-points-daccord\/\" \/>\n<meta property=\"og:site_name\" content=\"Nettali.com\" \/>\n<meta property=\"article:publisher\" content=\"https:\/\/www.facebook.com\/nettalicom\" \/>\n<meta property=\"article:published_time\" content=\"2021-12-04T10:34:22+00:00\" \/>\n<meta property=\"article:modified_time\" content=\"2021-12-04T19:24:26+00:00\" \/>\n<meta property=\"og:image\" content=\"https:\/\/www.nettali.com\/wp-content\/uploads\/2019\/12\/mansour-faye.jpg\" \/>\n\t<meta property=\"og:image:width\" content=\"650\" \/>\n\t<meta property=\"og:image:height\" content=\"430\" \/>\n<meta name=\"twitter:card\" content=\"summary_large_image\" \/>\n<meta name=\"twitter:label1\" content=\"\u00c9crit par\" \/>\n\t<meta name=\"twitter:data1\" content=\"Thierno Diop\" \/>\n\t<meta name=\"twitter:label2\" content=\"Dur\u00e9e de lecture estim\u00e9e\" \/>\n\t<meta name=\"twitter:data2\" content=\"2 minutes\" \/>\n<script type=\"application\/ld+json\" class=\"yoast-schema-graph\">{\"@context\":\"https:\/\/schema.org\",\"@graph\":[{\"@type\":\"WebSite\",\"@id\":\"https:\/\/www.nettali.com\/#website\",\"url\":\"https:\/\/www.nettali.com\/\",\"name\":\"Nettali.com\",\"description\":\"Le rendez-vous critique du Net\",\"potentialAction\":[{\"@type\":\"SearchAction\",\"target\":{\"@type\":\"EntryPoint\",\"urlTemplate\":\"https:\/\/www.nettali.com\/?s={search_term_string}\"},\"query-input\":\"required name=search_term_string\"}],\"inLanguage\":\"fr-FR\"},{\"@type\":\"ImageObject\",\"@id\":\"https:\/\/www.nettali.com\/2021\/12\/04\/gouvernement-transporteurs-les-points-daccord\/#primaryimage\",\"inLanguage\":\"fr-FR\",\"url\":\"https:\/\/www.nettali.com\/wp-content\/uploads\/2019\/12\/mansour-faye.jpg\",\"contentUrl\":\"https:\/\/www.nettali.com\/wp-content\/uploads\/2019\/12\/mansour-faye.jpg\",\"width\":650,\"height\":430},{\"@type\":\"WebPage\",\"@id\":\"https:\/\/www.nettali.com\/2021\/12\/04\/gouvernement-transporteurs-les-points-daccord\/#webpage\",\"url\":\"https:\/\/www.nettali.com\/2021\/12\/04\/gouvernement-transporteurs-les-points-daccord\/\",\"name\":\"GOUVERNEMENT \/ TRANSPORTEURS - Les points d'accord | Nettali.com\",\"isPartOf\":{\"@id\":\"https:\/\/www.nettali.com\/#website\"},\"primaryImageOfPage\":{\"@id\":\"https:\/\/www.nettali.com\/2021\/12\/04\/gouvernement-transporteurs-les-points-daccord\/#primaryimage\"},\"datePublished\":\"2021-12-04T10:34:22+00:00\",\"dateModified\":\"2021-12-04T19:24:26+00:00\",\"author\":{\"@id\":\"https:\/\/www.nettali.com\/#\/schema\/person\/8a06c6bd7b19304cf4bf985862900b5b\"},\"breadcrumb\":{\"@id\":\"https:\/\/www.nettali.com\/2021\/12\/04\/gouvernement-transporteurs-les-points-daccord\/#breadcrumb\"},\"inLanguage\":\"fr-FR\",\"potentialAction\":[{\"@type\":\"ReadAction\",\"target\":[\"https:\/\/www.nettali.com\/2021\/12\/04\/gouvernement-transporteurs-les-points-daccord\/\"]}]},{\"@type\":\"BreadcrumbList\",\"@id\":\"https:\/\/www.nettali.com\/2021\/12\/04\/gouvernement-transporteurs-les-points-daccord\/#breadcrumb\",\"itemListElement\":[{\"@type\":\"ListItem\",\"position\":1,\"name\":\"Accueil\",\"item\":\"https:\/\/www.nettali.com\/\"},{\"@type\":\"ListItem\",\"position\":2,\"name\":\"GOUVERNEMENT \/ TRANSPORTEURS &#8211; Les points d&rsquo;accord\"}]},{\"@type\":\"Person\",\"@id\":\"https:\/\/www.nettali.com\/#\/schema\/person\/8a06c6bd7b19304cf4bf985862900b5b\",\"name\":\"Thierno Diop\",\"image\":{\"@type\":\"ImageObject\",\"@id\":\"https:\/\/www.nettali.com\/#personlogo\",\"inLanguage\":\"fr-FR\",\"url\":\"https:\/\/secure.gravatar.com\/avatar\/c8ca58550c94fd2ac856d27391a6c866?s=96&d=mm&r=g\",\"contentUrl\":\"https:\/\/secure.gravatar.com\/avatar\/c8ca58550c94fd2ac856d27391a6c866?s=96&d=mm&r=g\",\"caption\":\"Thierno Diop\"},\"sameAs\":[\"https:\/\/nettali.com\"]}]}<\/script>\n<!-- \/ Yoast SEO Premium plugin. -->","yoast_head_json":{"title":"GOUVERNEMENT \/ TRANSPORTEURS - Les points d'accord | Nettali.com","robots":{"index":"index","follow":"follow","max-snippet":"max-snippet:-1","max-image-preview":"max-image-preview:large","max-video-preview":"max-video-preview:-1"},"canonical":"https:\/\/www.nettali.com\/2021\/12\/04\/gouvernement-transporteurs-les-points-daccord\/","og_locale":"fr_FR","og_type":"article","og_title":"GOUVERNEMENT \/ TRANSPORTEURS - Les points d'accord","og_description":"NETTALI.COM - Le Cadre unitaire des syndicats des transports routiers du S\u00e9n\u00e9gal (CUSTR) a annonc\u00e9 vendredi que des solutions ont \u00e9t\u00e9 trouv\u00e9es, apr\u00e8s que le chef de l\u2019Etat a pos\u00e9 un acte fort allant dans le sens de r\u00e8glementer le contr\u00f4le sur les corridors nationaux. En outre, des brigades de contr\u00f4le mixtes compos\u00e9es de la [&hellip;]","og_url":"https:\/\/www.nettali.com\/2021\/12\/04\/gouvernement-transporteurs-les-points-daccord\/","og_site_name":"Nettali.com","article_publisher":"https:\/\/www.facebook.com\/nettalicom","article_published_time":"2021-12-04T10:34:22+00:00","article_modified_time":"2021-12-04T19:24:26+00:00","og_image":[{"width":650,"height":430,"url":"https:\/\/www.nettali.com\/wp-content\/uploads\/2019\/12\/mansour-faye.jpg","type":"image\/jpeg"}],"twitter_card":"summary_large_image","twitter_misc":{"\u00c9crit par":"Thierno Diop","Dur\u00e9e de lecture estim\u00e9e":"2 minutes"},"schema":{"@context":"https:\/\/schema.org","@graph":[{"@type":"WebSite","@id":"https:\/\/www.nettali.com\/#website","url":"https:\/\/www.nettali.com\/","name":"Nettali.com","description":"Le rendez-vous critique du Net","potentialAction":[{"@type":"SearchAction","target":{"@type":"EntryPoint","urlTemplate":"https:\/\/www.nettali.com\/?s={search_term_string}"},"query-input":"required name=search_term_string"}],"inLanguage":"fr-FR"},{"@type":"ImageObject","@id":"https:\/\/www.nettali.com\/2021\/12\/04\/gouvernement-transporteurs-les-points-daccord\/#primaryimage","inLanguage":"fr-FR","url":"https:\/\/www.nettali.com\/wp-content\/uploads\/2019\/12\/mansour-faye.jpg","contentUrl":"https:\/\/www.nettali.com\/wp-content\/uploads\/2019\/12\/mansour-faye.jpg","width":650,"height":430},{"@type":"WebPage","@id":"https:\/\/www.nettali.com\/2021\/12\/04\/gouvernement-transporteurs-les-points-daccord\/#webpage","url":"https:\/\/www.nettali.com\/2021\/12\/04\/gouvernement-transporteurs-les-points-daccord\/","name":"GOUVERNEMENT \/ TRANSPORTEURS - Les points d'accord | Nettali.com","isPartOf":{"@id":"https:\/\/www.nettali.com\/#website"},"primaryImageOfPage":{"@id":"https:\/\/www.nettali.com\/2021\/12\/04\/gouvernement-transporteurs-les-points-daccord\/#primaryimage"},"datePublished":"2021-12-04T10:34:22+00:00","dateModified":"2021-12-04T19:24:26+00:00","author":{"@id":"https:\/\/www.nettali.com\/#\/schema\/person\/8a06c6bd7b19304cf4bf985862900b5b"},"breadcrumb":{"@id":"https:\/\/www.nettali.com\/2021\/12\/04\/gouvernement-transporteurs-les-points-daccord\/#breadcrumb"},"inLanguage":"fr-FR","potentialAction":[{"@type":"ReadAction","target":["https:\/\/www.nettali.com\/2021\/12\/04\/gouvernement-transporteurs-les-points-daccord\/"]}]},{"@type":"BreadcrumbList","@id":"https:\/\/www.nettali.com\/2021\/12\/04\/gouvernement-transporteurs-les-points-daccord\/#breadcrumb","itemListElement":[{"@type":"ListItem","position":1,"name":"Accueil","item":"https:\/\/www.nettali.com\/"},{"@type":"ListItem","position":2,"name":"GOUVERNEMENT \/ TRANSPORTEURS &#8211; Les points d&rsquo;accord"}]},{"@type":"Person","@id":"https:\/\/www.nettali.com\/#\/schema\/person\/8a06c6bd7b19304cf4bf985862900b5b","name":"Thierno Diop","image":{"@type":"ImageObject","@id":"https:\/\/www.nettali.com\/#personlogo","inLanguage":"fr-FR","url":"https:\/\/secure.gravatar.com\/avatar\/c8ca58550c94fd2ac856d27391a6c866?s=96&d=mm&r=g","contentUrl":"https:\/\/secure.gravatar.com\/avatar\/c8ca58550c94fd2ac856d27391a6c866?s=96&d=mm&r=g","caption":"Thierno Diop"},"sameAs":["https:\/\/nettali.com"]}]}},"_links":{"self":[{"href":"https:\/\/www.nettali.com\/rest\/wp\/v2\/posts\/76797"}],"collection":[{"href":"https:\/\/www.nettali.com\/rest\/wp\/v2\/posts"}],"about":[{"href":"https:\/\/www.nettali.com\/rest\/wp\/v2\/types\/post"}],"author":[{"embeddable":true,"href":"https:\/\/www.nettali.com\/rest\/wp\/v2\/users\/11"}],"replies":[{"embeddable":true,"href":"https:\/\/www.nettali.com\/rest\/wp\/v2\/comments?post=76797"}],"version-history":[{"count":4,"href":"https:\/\/www.nettali.com\/rest\/wp\/v2\/posts\/76797\/revisions"}],"predecessor-version":[{"id":76815,"href":"https:\/\/www.nettali.com\/rest\/wp\/v2\/posts\/76797\/revisions\/76815"}],"wp:featuredmedia":[{"embeddable":true,"href":"https:\/\/www.nettali.com\/rest\/wp\/v2\/media\/24415"}],"wp:attachment":[{"href":"https:\/\/www.nettali.com\/rest\/wp\/v2\/media?parent=76797"}],"wp:term":[{"taxonomy":"category","embeddable":true,"href":"https:\/\/www.nettali.com\/rest\/wp\/v2\/categories?post=76797"},{"taxonomy":"post_tag","embeddable":true,"href":"https:\/\/www.nettali.com\/rest\/wp\/v2\/tags?post=76797"}],"curies":[{"name":"wp","href":"https:\/\/api.w.org\/{rel}","templated":true}]}}