{"id":76773,"date":"2021-12-03T19:35:46","date_gmt":"2021-12-03T19:35:46","guid":{"rendered":"https:\/\/www.nettali.com\/?p=76773"},"modified":"2021-12-03T19:35:46","modified_gmt":"2021-12-03T19:35:46","slug":"greve-des-transporteurs-la-3eme-journee-du-championnat-local-suspendue","status":"publish","type":"post","link":"https:\/\/www.nettali.com\/2021\/12\/03\/greve-des-transporteurs-la-3eme-journee-du-championnat-local-suspendue\/","title":{"rendered":"GR\u00c8VE DES TRANSPORTEURS - La 3\u00e8me journ\u00e9e du championnat local suspendue"},"content":{"rendered":"<p><strong>NETTALI.COM - La gr\u00e8ve des transporteurs a des cons\u00e9quences inattendues. Le sport, particuli\u00e8rement le football, vient d\u2019\u00eatre victime du mouvement d\u2019humeur des transporteurs. Initialement pr\u00e9vue ce week-end, la 3e journ\u00e9e du championnat Ligue 1 et Ligue 2 a \u00e9t\u00e9 report\u00e9e \u00e0 une date ult\u00e9rieure en raison de cette gr\u00e8ve.<\/strong><\/p>\n<p>C'est \u00e7a que l'on appelle d\u00e9g\u00e2ts collat\u00e9raux. Selon le directeur ex\u00e9cutif de la Ligue s\u00e9n\u00e9galaise de football professionnel (LSFP), Amsatou Fall, la gr\u00e8ve va perturber le d\u00e9placement des officiels des matchs.<br \/>\n\"\u00a0<em>En raison des perturbations constat\u00e9es dans le transport qui naturellement entrainent des cons\u00e9quences sur le d\u00e9placement des arbitres, de certains clubs et des commissaires de matchs, la 3e journ\u00e9e initialement pr\u00e9vue les 04 et 05 d\u00e9cembre 2021, est reprogramm\u00e9e \u00e0 une date ult\u00e9rieure. La nouvelle programmation suivra incessamment<\/em>\", a-t-il not\u00e9 dans la circulaire.<\/p>\n<p>A signaler que le mot d\u2019ordre de la gr\u00e8ve des transporteurs pourrait \u00eatre lev\u00e9 d\u00e8s ce vendredi soir. L\u2019annonce a \u00e9t\u00e9 faite par un des responsables du cadre unitaire des syndicats des transports routiers du S\u00e9n\u00e9gal.<\/p>\n<div class='share-to-whatsapp-wrapper'><div class='share-on-whsp'>PARTAGER SUR : <\/div><a data-text='GR\u00c8VE DES TRANSPORTEURS - La 3\u00e8me journ\u00e9e du championnat local suspendue' data-link='https:\/\/www.nettali.com\/2021\/12\/03\/greve-des-transporteurs-la-3eme-journee-du-championnat-local-suspendue\/' class='whatsapp-button whatsapp-share'>WhatsApp<\/a><div class='clear '><\/div><\/div>","protected":false},"excerpt":{"rendered":"<p>NETTALI.COM - La gr\u00e8ve des transporteurs a des cons\u00e9quences inattendues. Le sport, particuli\u00e8rement le football, vient d\u2019\u00eatre victime du mouvement d\u2019humeur des transporteurs. Initialement pr\u00e9vue ce week-end, la 3e journ\u00e9e du championnat Ligue 1 et Ligue 2 a \u00e9t\u00e9 report\u00e9e \u00e0 une date ult\u00e9rieure en raison de cette gr\u00e8ve. C'est \u00e7a que l'on appelle d\u00e9g\u00e2ts [&hellip;]<\/p>\n","protected":false},"author":5,"featured_media":76774,"comment_status":"open","ping_status":"open","sticky":false,"template":"","format":"standard","meta":{"_et_pb_use_builder":"","_et_pb_old_content":""},"categories":[6],"tags":[],"yoast_head":"<!-- This site is optimized with the Yoast SEO Premium plugin v17.8 (Yoast SEO v17.8) - https:\/\/yoast.com\/wordpress\/plugins\/seo\/ -->\n<title>GR\u00c8VE DES TRANSPORTEURS - La 3\u00e8me journ\u00e9e du championnat local suspendue | Nettali.com<\/title>\n<meta name=\"robots\" content=\"index, follow, max-snippet:-1, max-image-preview:large, max-video-preview:-1\" \/>\n<link rel=\"canonical\" href=\"https:\/\/www.nettali.com\/2021\/12\/03\/greve-des-transporteurs-la-3eme-journee-du-championnat-local-suspendue\/\" \/>\n<meta property=\"og:locale\" content=\"fr_FR\" \/>\n<meta property=\"og:type\" content=\"article\" \/>\n<meta property=\"og:title\" content=\"GR\u00c8VE DES TRANSPORTEURS - La 3\u00e8me journ\u00e9e du championnat local suspendue\" \/>\n<meta property=\"og:description\" content=\"NETTALI.COM - La gr\u00e8ve des transporteurs a des cons\u00e9quences inattendues. Le sport, particuli\u00e8rement le football, vient d\u2019\u00eatre victime du mouvement d\u2019humeur des transporteurs. Initialement pr\u00e9vue ce week-end, la 3e journ\u00e9e du championnat Ligue 1 et Ligue 2 a \u00e9t\u00e9 report\u00e9e \u00e0 une date ult\u00e9rieure en raison de cette gr\u00e8ve. C&#039;est \u00e7a que l&#039;on appelle d\u00e9g\u00e2ts [&hellip;]\" \/>\n<meta property=\"og:url\" content=\"https:\/\/www.nettali.com\/2021\/12\/03\/greve-des-transporteurs-la-3eme-journee-du-championnat-local-suspendue\/\" \/>\n<meta property=\"og:site_name\" content=\"Nettali.com\" \/>\n<meta property=\"article:publisher\" content=\"https:\/\/www.facebook.com\/nettalicom\" \/>\n<meta property=\"article:published_time\" content=\"2021-12-03T19:35:46+00:00\" \/>\n<meta property=\"og:image\" content=\"https:\/\/www.nettali.com\/wp-content\/uploads\/2021\/12\/LSFP.png\" \/>\n\t<meta property=\"og:image:width\" content=\"900\" \/>\n\t<meta property=\"og:image:height\" content=\"505\" \/>\n<meta name=\"twitter:card\" content=\"summary_large_image\" \/>\n<meta name=\"twitter:label1\" content=\"\u00c9crit par\" \/>\n\t<meta name=\"twitter:data1\" content=\"Ibrahima\" \/>\n\t<meta name=\"twitter:label2\" content=\"Dur\u00e9e de lecture estim\u00e9e\" \/>\n\t<meta name=\"twitter:data2\" content=\"1 minute\" \/>\n<script type=\"application\/ld+json\" class=\"yoast-schema-graph\">{\"@context\":\"https:\/\/schema.org\",\"@graph\":[{\"@type\":\"WebSite\",\"@id\":\"https:\/\/www.nettali.com\/#website\",\"url\":\"https:\/\/www.nettali.com\/\",\"name\":\"Nettali.com\",\"description\":\"Le rendez-vous critique du Net\",\"potentialAction\":[{\"@type\":\"SearchAction\",\"target\":{\"@type\":\"EntryPoint\",\"urlTemplate\":\"https:\/\/www.nettali.com\/?s={search_term_string}\"},\"query-input\":\"required name=search_term_string\"}],\"inLanguage\":\"fr-FR\"},{\"@type\":\"ImageObject\",\"@id\":\"https:\/\/www.nettali.com\/2021\/12\/03\/greve-des-transporteurs-la-3eme-journee-du-championnat-local-suspendue\/#primaryimage\",\"inLanguage\":\"fr-FR\",\"url\":\"https:\/\/www.nettali.com\/wp-content\/uploads\/2021\/12\/LSFP.png\",\"contentUrl\":\"https:\/\/www.nettali.com\/wp-content\/uploads\/2021\/12\/LSFP.png\",\"width\":900,\"height\":505},{\"@type\":\"WebPage\",\"@id\":\"https:\/\/www.nettali.com\/2021\/12\/03\/greve-des-transporteurs-la-3eme-journee-du-championnat-local-suspendue\/#webpage\",\"url\":\"https:\/\/www.nettali.com\/2021\/12\/03\/greve-des-transporteurs-la-3eme-journee-du-championnat-local-suspendue\/\",\"name\":\"GR\\u00c8VE DES TRANSPORTEURS - La 3\\u00e8me journ\\u00e9e du championnat local suspendue | Nettali.com\",\"isPartOf\":{\"@id\":\"https:\/\/www.nettali.com\/#website\"},\"primaryImageOfPage\":{\"@id\":\"https:\/\/www.nettali.com\/2021\/12\/03\/greve-des-transporteurs-la-3eme-journee-du-championnat-local-suspendue\/#primaryimage\"},\"datePublished\":\"2021-12-03T19:35:46+00:00\",\"dateModified\":\"2021-12-03T19:35:46+00:00\",\"author\":{\"@id\":\"https:\/\/www.nettali.com\/#\/schema\/person\/bb147657c2986240405a608162b9bb23\"},\"breadcrumb\":{\"@id\":\"https:\/\/www.nettali.com\/2021\/12\/03\/greve-des-transporteurs-la-3eme-journee-du-championnat-local-suspendue\/#breadcrumb\"},\"inLanguage\":\"fr-FR\",\"potentialAction\":[{\"@type\":\"ReadAction\",\"target\":[\"https:\/\/www.nettali.com\/2021\/12\/03\/greve-des-transporteurs-la-3eme-journee-du-championnat-local-suspendue\/\"]}]},{\"@type\":\"BreadcrumbList\",\"@id\":\"https:\/\/www.nettali.com\/2021\/12\/03\/greve-des-transporteurs-la-3eme-journee-du-championnat-local-suspendue\/#breadcrumb\",\"itemListElement\":[{\"@type\":\"ListItem\",\"position\":1,\"name\":\"Accueil\",\"item\":\"https:\/\/www.nettali.com\/\"},{\"@type\":\"ListItem\",\"position\":2,\"name\":\"GR\\u00c8VE DES TRANSPORTEURS &#8211; La 3\\u00e8me journ\\u00e9e du championnat local suspendue\"}]},{\"@type\":\"Person\",\"@id\":\"https:\/\/www.nettali.com\/#\/schema\/person\/bb147657c2986240405a608162b9bb23\",\"name\":\"Ibrahima\",\"image\":{\"@type\":\"ImageObject\",\"@id\":\"https:\/\/www.nettali.com\/#personlogo\",\"inLanguage\":\"fr-FR\",\"url\":\"https:\/\/secure.gravatar.com\/avatar\/26a8a81f09f0dd7624c9d5c36c9ba3a2?s=96&d=mm&r=g\",\"contentUrl\":\"https:\/\/secure.gravatar.com\/avatar\/26a8a81f09f0dd7624c9d5c36c9ba3a2?s=96&d=mm&r=g\",\"caption\":\"Ibrahima\"},\"sameAs\":[\"https:\/\/www.nettali.com\"]}]}<\/script>\n<!-- \/ Yoast SEO Premium plugin. -->","yoast_head_json":{"title":"GR\u00c8VE DES TRANSPORTEURS - La 3\u00e8me journ\u00e9e du championnat local suspendue | Nettali.com","robots":{"index":"index","follow":"follow","max-snippet":"max-snippet:-1","max-image-preview":"max-image-preview:large","max-video-preview":"max-video-preview:-1"},"canonical":"https:\/\/www.nettali.com\/2021\/12\/03\/greve-des-transporteurs-la-3eme-journee-du-championnat-local-suspendue\/","og_locale":"fr_FR","og_type":"article","og_title":"GR\u00c8VE DES TRANSPORTEURS - La 3\u00e8me journ\u00e9e du championnat local suspendue","og_description":"NETTALI.COM - La gr\u00e8ve des transporteurs a des cons\u00e9quences inattendues. Le sport, particuli\u00e8rement le football, vient d\u2019\u00eatre victime du mouvement d\u2019humeur des transporteurs. Initialement pr\u00e9vue ce week-end, la 3e journ\u00e9e du championnat Ligue 1 et Ligue 2 a \u00e9t\u00e9 report\u00e9e \u00e0 une date ult\u00e9rieure en raison de cette gr\u00e8ve. C'est \u00e7a que l'on appelle d\u00e9g\u00e2ts [&hellip;]","og_url":"https:\/\/www.nettali.com\/2021\/12\/03\/greve-des-transporteurs-la-3eme-journee-du-championnat-local-suspendue\/","og_site_name":"Nettali.com","article_publisher":"https:\/\/www.facebook.com\/nettalicom","article_published_time":"2021-12-03T19:35:46+00:00","og_image":[{"width":900,"height":505,"url":"https:\/\/www.nettali.com\/wp-content\/uploads\/2021\/12\/LSFP.png","type":"image\/png"}],"twitter_card":"summary_large_image","twitter_misc":{"\u00c9crit par":"Ibrahima","Dur\u00e9e de lecture estim\u00e9e":"1 minute"},"schema":{"@context":"https:\/\/schema.org","@graph":[{"@type":"WebSite","@id":"https:\/\/www.nettali.com\/#website","url":"https:\/\/www.nettali.com\/","name":"Nettali.com","description":"Le rendez-vous critique du Net","potentialAction":[{"@type":"SearchAction","target":{"@type":"EntryPoint","urlTemplate":"https:\/\/www.nettali.com\/?s={search_term_string}"},"query-input":"required name=search_term_string"}],"inLanguage":"fr-FR"},{"@type":"ImageObject","@id":"https:\/\/www.nettali.com\/2021\/12\/03\/greve-des-transporteurs-la-3eme-journee-du-championnat-local-suspendue\/#primaryimage","inLanguage":"fr-FR","url":"https:\/\/www.nettali.com\/wp-content\/uploads\/2021\/12\/LSFP.png","contentUrl":"https:\/\/www.nettali.com\/wp-content\/uploads\/2021\/12\/LSFP.png","width":900,"height":505},{"@type":"WebPage","@id":"https:\/\/www.nettali.com\/2021\/12\/03\/greve-des-transporteurs-la-3eme-journee-du-championnat-local-suspendue\/#webpage","url":"https:\/\/www.nettali.com\/2021\/12\/03\/greve-des-transporteurs-la-3eme-journee-du-championnat-local-suspendue\/","name":"GR\u00c8VE DES TRANSPORTEURS - La 3\u00e8me journ\u00e9e du championnat local suspendue | Nettali.com","isPartOf":{"@id":"https:\/\/www.nettali.com\/#website"},"primaryImageOfPage":{"@id":"https:\/\/www.nettali.com\/2021\/12\/03\/greve-des-transporteurs-la-3eme-journee-du-championnat-local-suspendue\/#primaryimage"},"datePublished":"2021-12-03T19:35:46+00:00","dateModified":"2021-12-03T19:35:46+00:00","author":{"@id":"https:\/\/www.nettali.com\/#\/schema\/person\/bb147657c2986240405a608162b9bb23"},"breadcrumb":{"@id":"https:\/\/www.nettali.com\/2021\/12\/03\/greve-des-transporteurs-la-3eme-journee-du-championnat-local-suspendue\/#breadcrumb"},"inLanguage":"fr-FR","potentialAction":[{"@type":"ReadAction","target":["https:\/\/www.nettali.com\/2021\/12\/03\/greve-des-transporteurs-la-3eme-journee-du-championnat-local-suspendue\/"]}]},{"@type":"BreadcrumbList","@id":"https:\/\/www.nettali.com\/2021\/12\/03\/greve-des-transporteurs-la-3eme-journee-du-championnat-local-suspendue\/#breadcrumb","itemListElement":[{"@type":"ListItem","position":1,"name":"Accueil","item":"https:\/\/www.nettali.com\/"},{"@type":"ListItem","position":2,"name":"GR\u00c8VE DES TRANSPORTEURS &#8211; La 3\u00e8me journ\u00e9e du championnat local suspendue"}]},{"@type":"Person","@id":"https:\/\/www.nettali.com\/#\/schema\/person\/bb147657c2986240405a608162b9bb23","name":"Ibrahima","image":{"@type":"ImageObject","@id":"https:\/\/www.nettali.com\/#personlogo","inLanguage":"fr-FR","url":"https:\/\/secure.gravatar.com\/avatar\/26a8a81f09f0dd7624c9d5c36c9ba3a2?s=96&d=mm&r=g","contentUrl":"https:\/\/secure.gravatar.com\/avatar\/26a8a81f09f0dd7624c9d5c36c9ba3a2?s=96&d=mm&r=g","caption":"Ibrahima"},"sameAs":["https:\/\/www.nettali.com"]}]}},"_links":{"self":[{"href":"https:\/\/www.nettali.com\/rest\/wp\/v2\/posts\/76773"}],"collection":[{"href":"https:\/\/www.nettali.com\/rest\/wp\/v2\/posts"}],"about":[{"href":"https:\/\/www.nettali.com\/rest\/wp\/v2\/types\/post"}],"author":[{"embeddable":true,"href":"https:\/\/www.nettali.com\/rest\/wp\/v2\/users\/5"}],"replies":[{"embeddable":true,"href":"https:\/\/www.nettali.com\/rest\/wp\/v2\/comments?post=76773"}],"version-history":[{"count":3,"href":"https:\/\/www.nettali.com\/rest\/wp\/v2\/posts\/76773\/revisions"}],"predecessor-version":[{"id":76785,"href":"https:\/\/www.nettali.com\/rest\/wp\/v2\/posts\/76773\/revisions\/76785"}],"wp:featuredmedia":[{"embeddable":true,"href":"https:\/\/www.nettali.com\/rest\/wp\/v2\/media\/76774"}],"wp:attachment":[{"href":"https:\/\/www.nettali.com\/rest\/wp\/v2\/media?parent=76773"}],"wp:term":[{"taxonomy":"category","embeddable":true,"href":"https:\/\/www.nettali.com\/rest\/wp\/v2\/categories?post=76773"},{"taxonomy":"post_tag","embeddable":true,"href":"https:\/\/www.nettali.com\/rest\/wp\/v2\/tags?post=76773"}],"curies":[{"name":"wp","href":"https:\/\/api.w.org\/{rel}","templated":true}]}}