{"id":76661,"date":"2021-12-01T14:31:29","date_gmt":"2021-12-01T14:31:29","guid":{"rendered":"https:\/\/www.nettali.com\/?p=76661"},"modified":"2021-12-02T00:03:52","modified_gmt":"2021-12-02T00:03:52","slug":"rehabilitation-de-karim-wade-et-khalifa-sall-ce-que-macky-cherche-reellement","status":"publish","type":"post","link":"https:\/\/www.nettali.com\/2021\/12\/01\/rehabilitation-de-karim-wade-et-khalifa-sall-ce-que-macky-cherche-reellement\/","title":{"rendered":"REHABILITATION DE KARIM WADE ET KHALIFA SALL \u2013 Ce que Macky cherche r\u00e9ellement !"},"content":{"rendered":"<p><strong>NETTALI.COM - Lors de son audience avant-hier, lundi avec le Cadre unitaire de l\u2019Islam au S\u00e9n\u00e9gal (Cudis), le Chef de l\u2019Etat, Macky Sall a exprim\u00e9 son ouverture \u00e0 engager des discussions pour la r\u00e9habilitation des leaders politiques, Khalifa Sall. Qu\u2019est-ce que le Pr\u00e9sident Sall cherche r\u00e9ellement.\u00a0<\/strong><\/p>\n<p>Alors qu\u2019on n\u2019a pas encore fini d\u2019\u00e9piloguer sur son v\u0153u de restaurer le poste de Premier ministre, le chef de l\u2019Etat semble donner un autre os \u00e0 ronger \u00e0 la classe politique en se disant pr\u00eat \u00e0 discuter de la r\u00e9habilitation de Khalifa Ababacar Sall et Karim Meissa Wade qui ont perdu leurs droits civiques et politiques apr\u00e8s des condamnations par la justice. Une d\u00e9cision subite qui donne de la peine aux sens pour la seule et simple raison que le chef de l\u2019Etat a eu maintes fois par le pass\u00e9 l\u2019occasion de le faire, mais s\u2019en est m\u00eame d\u00e9tourn\u00e9 quand les experts de mission d\u2019audit du fichier \u00e9lectoral l\u2019avait mont\u00e9e en recommandation. Un timing donc pour le moins hasardeux. Et, non sans ruses politiques.<\/p>\n<p><strong>\u00abMacky Sall veut montrer \u00e0 tout le monde qu\u2019il est un homme de paix\u00bb<\/strong><\/p>\n<p>Pour le journaliste-politologue Babacar Dione, la volont\u00e9 du chef de l\u2019Etat est bourr\u00e9e d\u2019artifices politiques. Elle est une sorte d\u2019anticipation \u00e9minemment politique sur les conclusions du Cudis qui seront rendues \u00e0 la fin de leurs consultations des acteurs politiques. Il dit\u00a0: \u00abMacky Sall a un principal adversaire qui s\u2019appelle Ousmane Sonko. Ce dernier a d\u00e9chir\u00e9 la charte de non-violence avant m\u00eame de l\u2019avoir vue. Il a dit \u00e0 tout le monde qu\u2019il ne signerait pas cette charte et il a \u00e9t\u00e9 suivi en cela par tous ses alli\u00e9s de Yewwi Askan Wi (Yaw). Si on regarde la rapidit\u00e9 avec laquelle le Pr\u00e9sident Macky Sall a accueilli le Cudis, \u00e0 donner suite favorable \u00e0 leur audience, il est en train de jouer un coup politique. Au moment o\u00f9 ses principaux adversaires sont en train de d\u00e9chirer la charte, il veut montrer \u00e0 tout le monde que lui est un homme de paix, de dialogue, en rencontrant ceux qui ont \u00e9t\u00e9 rejet\u00e9s par ses adversaires et qui n\u2019ont rien fait \u00e0 part demander \u00e0 la classe politique d\u2019\u00eatre beaucoup plus sereine, de pr\u00f4ner la paix.\u00bb Mieux, pour prouver si besoin en \u00e9tait sa bonne foi, selon Babacar Dione, le chef de l\u2019Etat a fait une digression pour aborder des dossiers judiciaires tr\u00e8s sensibles, les cas Khalifa Sall et Karim Wade. \u00abIl s\u2019est dit, je ne vais pas m\u2019en arr\u00eater l\u00e0, je vais annoncer encore, le r\u00e8glement de ce qui peut \u00eatre un obstacle majeur dans nos rapports avec l\u2019opposition. Macky Sall est du genre \u00e0 cacher son jeu. Il ne dit jamais ce qu\u2019il veut faire. Il m\u00e8ne une d\u00e9marche politique pour montrer que ce n'est pas lui le promoteur de la violence, qu\u2019il est un homme \u00e9pris de paix.\u00bb Un homme de dialogue, ouvert \u00e0 toute la classe politique. \u00abLe Pr\u00e9sident Macky Sall dit qu\u2019il est pr\u00eat \u00e0 discuter de la r\u00e9habilitation de Karim Wade et de Khalifa Sall. Il avait d\u00e9j\u00e0 dit qu\u2019il \u00e9tait pr\u00eat \u00e0 faire une amnistie juste apr\u00e8s les \u00e9lections, mais il s\u2019est retenu de le faire. Maintenant, on est dans une logique de paix et les propos du Pr\u00e9sident vont dans le sens de l\u2019apaisement et faire en sorte que son discours aille dans le sens de la paix de fa\u00e7on g\u00e9n\u00e9rale et l\u2019ouverture d\u2019un dialogue parce qu\u2019il parle de concertations\u00bb, explique Moussa Diaw, Docteur en Sciences politiques, Enseignant-chercheur \u00e0 l\u2019Universit\u00e9 Gaston Berger de Saint-Louis (Ugb). Mais comme Babacar Dione, Dr Diaw s\u2019\u00e9tonne du timing et soup\u00e7onne une acrobatie politique. \u00abC\u2019est un discours responsable, un discours d\u2019ouverture d\u2019esprit. La question est pourquoi le Pr\u00e9sident attend ce moment pour justement parler de \u00e7a. S\u2019il \u00e9tait dans les bonnes dispositions, il aurait d\u00fb prendre ces mesures depuis longtemps.\u00a0 Pourquoi veut-il une discussion\u00a0? Ces personnalit\u00e9s sont sous l\u2019emprise de la loi et c\u2019est lui seul qui d\u00e9tient la cl\u00e9 pour qu\u2019ils puissent recouvrer leur libert\u00e9. La discussion, c\u2019est peut-\u00eatre attendre des contreparties.\u00bb<\/p>\n<p><strong>\u00abC\u2019est une balle lanc\u00e9e dans le camp de l\u2019opposition\u00bb<\/strong><\/p>\n<p>Dr Diaw est convaincu qu\u2019avec cette promesse faite au Cudis, Macky Sall a jet\u00e9 une balle dans le camp de l\u2019opposition. \u00abIl a montr\u00e9 sa volont\u00e9 \u00e0 aller dans le sens de l\u2019apaisement et de la paix, soutient Dr Diaw. Il montre qu\u2019il est r\u00e9ceptif aux questions qui lui sont pos\u00e9es par le Cudis, notamment en ce qui concerne la charte pour la paix. C\u2019est une balle qui est dans le camp de l\u2019opposition dont une partie a donn\u00e9 sa r\u00e9ponse par rapport \u00e0 la charte de non-violence du Cudis, mais maintenant reste \u00e0 voir comment on pourrait rapprocher les points de vue des uns et des autres pour qu\u2019on puisse avoir un climat apais\u00e9 dans le cadre de la pr\u00e9paration des \u00e9lections locales.\u00bb Babacar Dione qui penche plus pour un coup politique, pense que Macky Sall voit plus loin que les \u00e9lections locales. \u00abIl faut se demander quelle sera la posture de Khalifa Sall dans son alliance apr\u00e8s avoir b\u00e9n\u00e9fici\u00e9 d\u2019une amnistie avec une possibilit\u00e9 de participer aux prochaines \u00e9lections ? Est-ce que ce n\u2019est pas un moyen pour Macky Sall de g\u00e2cher cette alliance ? On pouvait s\u2019attendre \u00e0 ce que Khalifa Sall soutienne la candidature de Sonko 2024. Il y a un \u00e9norme jeu politique dans ce que fait ou dit Macky Sall. C\u2019est un coup politique.\u00bb<\/p>\n<p>Avec les \u00e9lections locales qui s\u2019annoncent palpitantes, les observateurs de la sc\u00e8ne politique redoutent un regain de violence, tellement la tension est \u00e9lectrique entre pouvoir et opposition. Cette sortie de Macky Sall pourrait donc \u00eatre, de l\u2019avis de Babacar Dione, une mani\u00e8re aussi de siffler la fin de la r\u00e9cr\u00e9ation. \u00abLe Pr\u00e9sident Macky Sall a cr\u00e9\u00e9 une division, regrette Babacar Dione. On a l\u2019impression qu\u2019il y a deux S\u00e9n\u00e9gal. Quand on n\u2019est pas avec lui, on est victime de toutes sortes de brimades. Avec cette annonce, c\u2019est peut-\u00eatre la fin de la tension. Depuis les condamnations de Khalifa Sall et de Karim Wade, la tension entre le pouvoir et une grande partie de l\u2019opposition a \u00e9t\u00e9 attis\u00e9e. Maintenant, il veut montrer qu\u2019il n\u2019est pas comme ses adversaires, qu\u2019il pr\u00f4ne un dialogue et qu\u2019il est un homme de paix. Macky Sall avait d\u00e9j\u00e0 annonc\u00e9 \u00e7a dans un entretien avec France 24 \u00e0 la veille de la Pr\u00e9sidentielle de 2019.\u00a0 Mais au lendemain de l\u2019\u00e9lection, on a vu le Pr\u00e9sident continuer \u00e0 faire face \u00e0 l\u2019opposition alors qu\u2019on s\u2019attendait \u00e0 ce que ce deuxi\u00e8me mandat soit un mandat de calme, de s\u00e9r\u00e9nit\u00e9, d\u2019autant plus qu\u2019il avait engag\u00e9 un dialogue. Il doit \u00eatre conscient de l\u2019\u00e9chec de ce dialogue national parce qu\u2019apr\u00e8s, on a eu des manifestations, des contradictions entre son opposition et lui. Il sait que maintenant\u00a0; il doit savoir raison garder. Il doit se dire qu\u2019il est temps, \u00e0 mi-mandat, de calmer le jeu. C\u2019est lui seul qui peut arr\u00eater tout ce qui se passe actuellement.\u00bb<\/p>\n<p>&nbsp;<\/p>\n<div class='share-to-whatsapp-wrapper'><div class='share-on-whsp'>PARTAGER SUR : <\/div><a data-text='REHABILITATION DE KARIM WADE ET KHALIFA SALL \u2013 Ce que Macky cherche r\u00e9ellement !' data-link='https:\/\/www.nettali.com\/2021\/12\/01\/rehabilitation-de-karim-wade-et-khalifa-sall-ce-que-macky-cherche-reellement\/' class='whatsapp-button whatsapp-share'>WhatsApp<\/a><div class='clear '><\/div><\/div>","protected":false},"excerpt":{"rendered":"<p>NETTALI.COM - Lors de son audience avant-hier, lundi avec le Cadre unitaire de l\u2019Islam au S\u00e9n\u00e9gal (Cudis), le Chef de l\u2019Etat, Macky Sall a exprim\u00e9 son ouverture \u00e0 engager des discussions pour la r\u00e9habilitation des leaders politiques, Khalifa Sall. Qu\u2019est-ce que le Pr\u00e9sident Sall cherche r\u00e9ellement.\u00a0 Alors qu\u2019on n\u2019a pas encore fini d\u2019\u00e9piloguer sur son [&hellip;]<\/p>\n","protected":false},"author":4,"featured_media":76662,"comment_status":"open","ping_status":"open","sticky":false,"template":"","format":"standard","meta":{"_et_pb_use_builder":"","_et_pb_old_content":""},"categories":[2],"tags":[],"yoast_head":"<!-- This site is optimized with the Yoast SEO Premium plugin v17.8 (Yoast SEO v17.8) - https:\/\/yoast.com\/wordpress\/plugins\/seo\/ -->\n<title>REHABILITATION DE KARIM WADE ET KHALIFA SALL \u2013 Ce que Macky cherche r\u00e9ellement ! | Nettali.com<\/title>\n<meta name=\"robots\" content=\"index, follow, max-snippet:-1, max-image-preview:large, max-video-preview:-1\" \/>\n<link rel=\"canonical\" href=\"https:\/\/www.nettali.com\/2021\/12\/01\/rehabilitation-de-karim-wade-et-khalifa-sall-ce-que-macky-cherche-reellement\/\" \/>\n<meta property=\"og:locale\" content=\"fr_FR\" \/>\n<meta property=\"og:type\" content=\"article\" \/>\n<meta property=\"og:title\" content=\"REHABILITATION DE KARIM WADE ET KHALIFA SALL \u2013 Ce que Macky cherche r\u00e9ellement !\" \/>\n<meta property=\"og:description\" content=\"NETTALI.COM - Lors de son audience avant-hier, lundi avec le Cadre unitaire de l\u2019Islam au S\u00e9n\u00e9gal (Cudis), le Chef de l\u2019Etat, Macky Sall a exprim\u00e9 son ouverture \u00e0 engager des discussions pour la r\u00e9habilitation des leaders politiques, Khalifa Sall. Qu\u2019est-ce que le Pr\u00e9sident Sall cherche r\u00e9ellement.\u00a0 Alors qu\u2019on n\u2019a pas encore fini d\u2019\u00e9piloguer sur son [&hellip;]\" \/>\n<meta property=\"og:url\" content=\"https:\/\/www.nettali.com\/2021\/12\/01\/rehabilitation-de-karim-wade-et-khalifa-sall-ce-que-macky-cherche-reellement\/\" \/>\n<meta property=\"og:site_name\" content=\"Nettali.com\" \/>\n<meta property=\"article:publisher\" content=\"https:\/\/www.facebook.com\/nettalicom\" \/>\n<meta property=\"article:published_time\" content=\"2021-12-01T14:31:29+00:00\" \/>\n<meta property=\"article:modified_time\" content=\"2021-12-02T00:03:52+00:00\" \/>\n<meta property=\"og:image\" content=\"https:\/\/www.nettali.com\/wp-content\/uploads\/2021\/12\/Macky-Karim-Khalifa.jpeg\" \/>\n\t<meta property=\"og:image:width\" content=\"745\" \/>\n\t<meta property=\"og:image:height\" content=\"398\" \/>\n<meta name=\"twitter:card\" content=\"summary_large_image\" \/>\n<meta name=\"twitter:label1\" content=\"\u00c9crit par\" \/>\n\t<meta name=\"twitter:data1\" content=\"Daouda\" \/>\n\t<meta name=\"twitter:label2\" content=\"Dur\u00e9e de lecture estim\u00e9e\" \/>\n\t<meta name=\"twitter:data2\" content=\"6 minutes\" \/>\n<script type=\"application\/ld+json\" class=\"yoast-schema-graph\">{\"@context\":\"https:\/\/schema.org\",\"@graph\":[{\"@type\":\"WebSite\",\"@id\":\"https:\/\/www.nettali.com\/#website\",\"url\":\"https:\/\/www.nettali.com\/\",\"name\":\"Nettali.com\",\"description\":\"Le rendez-vous critique du Net\",\"potentialAction\":[{\"@type\":\"SearchAction\",\"target\":{\"@type\":\"EntryPoint\",\"urlTemplate\":\"https:\/\/www.nettali.com\/?s={search_term_string}\"},\"query-input\":\"required name=search_term_string\"}],\"inLanguage\":\"fr-FR\"},{\"@type\":\"ImageObject\",\"@id\":\"https:\/\/www.nettali.com\/2021\/12\/01\/rehabilitation-de-karim-wade-et-khalifa-sall-ce-que-macky-cherche-reellement\/#primaryimage\",\"inLanguage\":\"fr-FR\",\"url\":\"https:\/\/www.nettali.com\/wp-content\/uploads\/2021\/12\/Macky-Karim-Khalifa.jpeg\",\"contentUrl\":\"https:\/\/www.nettali.com\/wp-content\/uploads\/2021\/12\/Macky-Karim-Khalifa.jpeg\",\"width\":745,\"height\":398},{\"@type\":\"WebPage\",\"@id\":\"https:\/\/www.nettali.com\/2021\/12\/01\/rehabilitation-de-karim-wade-et-khalifa-sall-ce-que-macky-cherche-reellement\/#webpage\",\"url\":\"https:\/\/www.nettali.com\/2021\/12\/01\/rehabilitation-de-karim-wade-et-khalifa-sall-ce-que-macky-cherche-reellement\/\",\"name\":\"REHABILITATION DE KARIM WADE ET KHALIFA SALL \\u2013 Ce que Macky cherche r\\u00e9ellement ! | Nettali.com\",\"isPartOf\":{\"@id\":\"https:\/\/www.nettali.com\/#website\"},\"primaryImageOfPage\":{\"@id\":\"https:\/\/www.nettali.com\/2021\/12\/01\/rehabilitation-de-karim-wade-et-khalifa-sall-ce-que-macky-cherche-reellement\/#primaryimage\"},\"datePublished\":\"2021-12-01T14:31:29+00:00\",\"dateModified\":\"2021-12-02T00:03:52+00:00\",\"author\":{\"@id\":\"https:\/\/www.nettali.com\/#\/schema\/person\/3317e0bb3aa1da309fbf7b2780901bf4\"},\"breadcrumb\":{\"@id\":\"https:\/\/www.nettali.com\/2021\/12\/01\/rehabilitation-de-karim-wade-et-khalifa-sall-ce-que-macky-cherche-reellement\/#breadcrumb\"},\"inLanguage\":\"fr-FR\",\"potentialAction\":[{\"@type\":\"ReadAction\",\"target\":[\"https:\/\/www.nettali.com\/2021\/12\/01\/rehabilitation-de-karim-wade-et-khalifa-sall-ce-que-macky-cherche-reellement\/\"]}]},{\"@type\":\"BreadcrumbList\",\"@id\":\"https:\/\/www.nettali.com\/2021\/12\/01\/rehabilitation-de-karim-wade-et-khalifa-sall-ce-que-macky-cherche-reellement\/#breadcrumb\",\"itemListElement\":[{\"@type\":\"ListItem\",\"position\":1,\"name\":\"Accueil\",\"item\":\"https:\/\/www.nettali.com\/\"},{\"@type\":\"ListItem\",\"position\":2,\"name\":\"REHABILITATION DE KARIM WADE ET KHALIFA SALL \\u2013 Ce que Macky cherche r\\u00e9ellement !\"}]},{\"@type\":\"Person\",\"@id\":\"https:\/\/www.nettali.com\/#\/schema\/person\/3317e0bb3aa1da309fbf7b2780901bf4\",\"name\":\"Daouda\",\"image\":{\"@type\":\"ImageObject\",\"@id\":\"https:\/\/www.nettali.com\/#personlogo\",\"inLanguage\":\"fr-FR\",\"url\":\"https:\/\/secure.gravatar.com\/avatar\/8d143b5a49345098ddcfee1c49c2f47c?s=96&d=mm&r=g\",\"contentUrl\":\"https:\/\/secure.gravatar.com\/avatar\/8d143b5a49345098ddcfee1c49c2f47c?s=96&d=mm&r=g\",\"caption\":\"Daouda\"},\"sameAs\":[\"https:\/\/www.nettali.com\"]}]}<\/script>\n<!-- \/ Yoast SEO Premium plugin. -->","yoast_head_json":{"title":"REHABILITATION DE KARIM WADE ET KHALIFA SALL \u2013 Ce que Macky cherche r\u00e9ellement ! | Nettali.com","robots":{"index":"index","follow":"follow","max-snippet":"max-snippet:-1","max-image-preview":"max-image-preview:large","max-video-preview":"max-video-preview:-1"},"canonical":"https:\/\/www.nettali.com\/2021\/12\/01\/rehabilitation-de-karim-wade-et-khalifa-sall-ce-que-macky-cherche-reellement\/","og_locale":"fr_FR","og_type":"article","og_title":"REHABILITATION DE KARIM WADE ET KHALIFA SALL \u2013 Ce que Macky cherche r\u00e9ellement !","og_description":"NETTALI.COM - Lors de son audience avant-hier, lundi avec le Cadre unitaire de l\u2019Islam au S\u00e9n\u00e9gal (Cudis), le Chef de l\u2019Etat, Macky Sall a exprim\u00e9 son ouverture \u00e0 engager des discussions pour la r\u00e9habilitation des leaders politiques, Khalifa Sall. Qu\u2019est-ce que le Pr\u00e9sident Sall cherche r\u00e9ellement.\u00a0 Alors qu\u2019on n\u2019a pas encore fini d\u2019\u00e9piloguer sur son [&hellip;]","og_url":"https:\/\/www.nettali.com\/2021\/12\/01\/rehabilitation-de-karim-wade-et-khalifa-sall-ce-que-macky-cherche-reellement\/","og_site_name":"Nettali.com","article_publisher":"https:\/\/www.facebook.com\/nettalicom","article_published_time":"2021-12-01T14:31:29+00:00","article_modified_time":"2021-12-02T00:03:52+00:00","og_image":[{"width":745,"height":398,"url":"https:\/\/www.nettali.com\/wp-content\/uploads\/2021\/12\/Macky-Karim-Khalifa.jpeg","type":"image\/jpeg"}],"twitter_card":"summary_large_image","twitter_misc":{"\u00c9crit par":"Daouda","Dur\u00e9e de lecture estim\u00e9e":"6 minutes"},"schema":{"@context":"https:\/\/schema.org","@graph":[{"@type":"WebSite","@id":"https:\/\/www.nettali.com\/#website","url":"https:\/\/www.nettali.com\/","name":"Nettali.com","description":"Le rendez-vous critique du Net","potentialAction":[{"@type":"SearchAction","target":{"@type":"EntryPoint","urlTemplate":"https:\/\/www.nettali.com\/?s={search_term_string}"},"query-input":"required name=search_term_string"}],"inLanguage":"fr-FR"},{"@type":"ImageObject","@id":"https:\/\/www.nettali.com\/2021\/12\/01\/rehabilitation-de-karim-wade-et-khalifa-sall-ce-que-macky-cherche-reellement\/#primaryimage","inLanguage":"fr-FR","url":"https:\/\/www.nettali.com\/wp-content\/uploads\/2021\/12\/Macky-Karim-Khalifa.jpeg","contentUrl":"https:\/\/www.nettali.com\/wp-content\/uploads\/2021\/12\/Macky-Karim-Khalifa.jpeg","width":745,"height":398},{"@type":"WebPage","@id":"https:\/\/www.nettali.com\/2021\/12\/01\/rehabilitation-de-karim-wade-et-khalifa-sall-ce-que-macky-cherche-reellement\/#webpage","url":"https:\/\/www.nettali.com\/2021\/12\/01\/rehabilitation-de-karim-wade-et-khalifa-sall-ce-que-macky-cherche-reellement\/","name":"REHABILITATION DE KARIM WADE ET KHALIFA SALL \u2013 Ce que Macky cherche r\u00e9ellement ! | Nettali.com","isPartOf":{"@id":"https:\/\/www.nettali.com\/#website"},"primaryImageOfPage":{"@id":"https:\/\/www.nettali.com\/2021\/12\/01\/rehabilitation-de-karim-wade-et-khalifa-sall-ce-que-macky-cherche-reellement\/#primaryimage"},"datePublished":"2021-12-01T14:31:29+00:00","dateModified":"2021-12-02T00:03:52+00:00","author":{"@id":"https:\/\/www.nettali.com\/#\/schema\/person\/3317e0bb3aa1da309fbf7b2780901bf4"},"breadcrumb":{"@id":"https:\/\/www.nettali.com\/2021\/12\/01\/rehabilitation-de-karim-wade-et-khalifa-sall-ce-que-macky-cherche-reellement\/#breadcrumb"},"inLanguage":"fr-FR","potentialAction":[{"@type":"ReadAction","target":["https:\/\/www.nettali.com\/2021\/12\/01\/rehabilitation-de-karim-wade-et-khalifa-sall-ce-que-macky-cherche-reellement\/"]}]},{"@type":"BreadcrumbList","@id":"https:\/\/www.nettali.com\/2021\/12\/01\/rehabilitation-de-karim-wade-et-khalifa-sall-ce-que-macky-cherche-reellement\/#breadcrumb","itemListElement":[{"@type":"ListItem","position":1,"name":"Accueil","item":"https:\/\/www.nettali.com\/"},{"@type":"ListItem","position":2,"name":"REHABILITATION DE KARIM WADE ET KHALIFA SALL \u2013 Ce que Macky cherche r\u00e9ellement !"}]},{"@type":"Person","@id":"https:\/\/www.nettali.com\/#\/schema\/person\/3317e0bb3aa1da309fbf7b2780901bf4","name":"Daouda","image":{"@type":"ImageObject","@id":"https:\/\/www.nettali.com\/#personlogo","inLanguage":"fr-FR","url":"https:\/\/secure.gravatar.com\/avatar\/8d143b5a49345098ddcfee1c49c2f47c?s=96&d=mm&r=g","contentUrl":"https:\/\/secure.gravatar.com\/avatar\/8d143b5a49345098ddcfee1c49c2f47c?s=96&d=mm&r=g","caption":"Daouda"},"sameAs":["https:\/\/www.nettali.com"]}]}},"_links":{"self":[{"href":"https:\/\/www.nettali.com\/rest\/wp\/v2\/posts\/76661"}],"collection":[{"href":"https:\/\/www.nettali.com\/rest\/wp\/v2\/posts"}],"about":[{"href":"https:\/\/www.nettali.com\/rest\/wp\/v2\/types\/post"}],"author":[{"embeddable":true,"href":"https:\/\/www.nettali.com\/rest\/wp\/v2\/users\/4"}],"replies":[{"embeddable":true,"href":"https:\/\/www.nettali.com\/rest\/wp\/v2\/comments?post=76661"}],"version-history":[{"count":2,"href":"https:\/\/www.nettali.com\/rest\/wp\/v2\/posts\/76661\/revisions"}],"predecessor-version":[{"id":76680,"href":"https:\/\/www.nettali.com\/rest\/wp\/v2\/posts\/76661\/revisions\/76680"}],"wp:featuredmedia":[{"embeddable":true,"href":"https:\/\/www.nettali.com\/rest\/wp\/v2\/media\/76662"}],"wp:attachment":[{"href":"https:\/\/www.nettali.com\/rest\/wp\/v2\/media?parent=76661"}],"wp:term":[{"taxonomy":"category","embeddable":true,"href":"https:\/\/www.nettali.com\/rest\/wp\/v2\/categories?post=76661"},{"taxonomy":"post_tag","embeddable":true,"href":"https:\/\/www.nettali.com\/rest\/wp\/v2\/tags?post=76661"}],"curies":[{"name":"wp","href":"https:\/\/api.w.org\/{rel}","templated":true}]}}