{"id":76658,"date":"2021-12-01T12:45:58","date_gmt":"2021-12-01T12:45:58","guid":{"rendered":"https:\/\/www.nettali.com\/?p=76658"},"modified":"2021-12-01T12:45:58","modified_gmt":"2021-12-01T12:45:58","slug":"parution-senegal-la-saga-de-lequipe-nationale-de-football-dr-koume-met-un-coup-de-projecteur-sur-les-epopees-des-lions","status":"publish","type":"post","link":"https:\/\/www.nettali.com\/2021\/12\/01\/parution-senegal-la-saga-de-lequipe-nationale-de-football-dr-koume-met-un-coup-de-projecteur-sur-les-epopees-des-lions\/","title":{"rendered":"PARUTION - \u2018\u2018S\u00c9N\u00c9GAL - LA SAGA DE L\u2019\u00c9QUIPE NATIONALE DE FOOTBALL\u2019\u2019 -  Dr Koum\u00e9 met un coup de projecteur sur les \u00e9pop\u00e9es des Lions"},"content":{"rendered":"<p><strong>NETTALI.COM - L\u2019historique de l\u2019\u00e9quipe nationale du S\u00e9n\u00e9gal de football fait l\u2019objet d\u2019un livre intitul\u00e9 \u2018\u2018S\u00e9n\u00e9gal \u2013 La saga de l\u2019\u00e9quipe nationale de football\u2019\u2019. Dans cet ouvrage paru aux \u00e9ditions L\u2019Harmattan-S\u00e9n\u00e9gal, et parcouru par Enqu\u00eate, le journaliste sportif et formateur, Mamadou Koum\u00e9, revisite les faits saillants qui ont marqu\u00e9 la s\u00e9lection nationale de 1961,ann\u00e9e du premier match officiel des Lions, jusqu\u2019\u00e0 nos jours.<\/strong><\/p>\n<p>L\u2019 \u00e9quipe nationale du S\u00e9n\u00e9gal de football est aujourd\u2019hui l\u2019une des s\u00e9lections africaines les plus en vue. Pourtant, un pan important de son histoire, notamment celui allant de la proclamation de la R\u00e9publique du S\u00e9n\u00e9gal \u00e0 la fin des ann\u00e9es 1990, est m\u00e9connu des S\u00e9n\u00e9galais et m\u00eame des journalistes sportifs, notamment les plus jeunes. C\u2019est pour corriger cette lacune que le journaliste et formateur Mamadou Koum\u00e9 s\u2019est employ\u00e9 \u00e0 \u00e9tablir la trajectoire de la s\u00e9lection nationale.<\/p>\n<p>\u201c\u00c7a, c\u2019est notre contribution, parce que les journalistes ont parfois des probl\u00e8mes quand il s\u2019agit de parler des anciens joueurs. Ce livre est un document\u2019\u2019, d\u00e9clare le Dr Koum\u00e9 hier, lors de la pr\u00e9sentation de l\u2019ouvrage \u00e0 la presse sportive.<\/p>\n<p>Selon l\u2019auteur de \u2018\u2018S\u00e9n\u00e9gal - La saga de l\u2019\u00e9quipe nationale de football\u2019\u2019, paru aux \u00e9ditions L\u2019HarmattanS\u00e9n\u00e9gal, le \u201cpremier match officiel de l\u2019\u00e9quipe nationale du S\u00e9n\u00e9gal date du 5 novembre 1961 \u00e0 Bathurst (l\u2019actuel Banjul) contre la Gambie\u2019\u2019. Dans ce livre, qui a n\u00e9cessit\u00e9 \u201ctrois ans\u2019\u2019 de recherche et de r\u00e9daction, l\u2019ancien directeur des \u00e9tudes au Centre d\u2019\u00e9tudes des sciences et techniques de l\u2019information (Cesti) indique que le \u201cc\u0153ur\u2019\u2019 du travail repose sur \u201cla composition des \u00e9quipes depuis 1961. De 1961 \u00e0 la fin 1999, c\u2019est une p\u00e9riode o\u00f9 il \u00e9tait difficile d\u2019avoir des informations sur l\u2019\u00e9quipe nationale, parce qu\u2019il n\u2019y avait pas Internet\u2019\u2019. Ce travail de recherche permet, dit-il, d\u2019avoir la composition des \u00e9quipes, donc \u201cde savoir ceux qui ont marqu\u00e9 des buts et le nombre de rencontres jou\u00e9es par chaque joueur. Ce qui n\u2019existait pas, parce que la f\u00e9d\u00e9ration de football ne l\u2019avait pas, les journalistes non plus\u2019\u2019.<\/p>\n<p>Toujours dans le souci de mieux faire connaitre les diff\u00e9rentes \u00e9quipes du S\u00e9n\u00e9gal avant les ann\u00e9es 2000, l\u2019ancien directeur g\u00e9n\u00e9ral de l\u2019Agence de presse s\u00e9n\u00e9galaise (APS) consacre dans son ouvrage une centaine de profils pour mettre en exergue les anciennes gloires qui ont marqu\u00e9 l\u2019\u00e9pop\u00e9e des Lions durant cette p\u00e9riode. \u201cOn a essay\u00e9 de parler des joueurs des ann\u00e9es 1960, 1970 et 1980 qui ne sont pas connus par les plus jeunes. Par exemple, les joueurs qui ont jou\u00e9 les Jeux de l\u2019Amiti\u00e9 de 1963, ils entendent leurs noms, mais ne les connaissent pas\u2019\u2019.<\/p>\n<p>Les rapports entre la politique et l\u2019\u00e9quipe nationale sont \u00e9galement abord\u00e9s dans ce livre. Mamadou Koum\u00e9 met en \u00e9vidence la relation entretenue avec la s\u00e9lection nationale de football par les diff\u00e9rents chefs d\u2019Etat s\u00e9n\u00e9galais, de Senghor \u00e0 Macky Sall, en passant par Abdou Diouf et Abdoulaye Wade.<\/p>\n<p>D\u2019ailleurs, le pr\u00e9sident Sall a pr\u00e9fac\u00e9 le livre. \u201cCe sont des pr\u00e9sidents qui aiment la s\u00e9lection nationale\u2019\u2019, soutient-il.<\/p>\n<p>En couverture de ce livre de 260 pages, il y a la photo de Sadio Man\u00e9. Selon l\u2019ancien reporter sportif au quotidien national \u201cLe Soleil\u2019\u2019, ce choix est dict\u00e9 par le fait que l\u2019attaquant de Liverpool est \u201cparmi sa g\u00e9n\u00e9ration, notre ambassadeur au football. Aujourd\u2019hui, c\u2019est le plus connu des internationaux s\u00e9n\u00e9galais\u2019\u2019. Mais l\u2019auteur explique que Man\u00e9 partage la couverture avec \u201cles trois \u00e9quipes, en premi\u00e8re page, qui ont eu des r\u00e9sultats importants. C\u2019est l\u2019\u00e9quipe de 1963, celle de 2002 qui a atteint les quarts de finale du Mondial et celle de 2018 qui s\u2019est qualifi\u00e9e \u00e0 la Coupe du monde pour la deuxi\u00e8me fois\u2019.<\/p>\n<p>&nbsp;<\/p>\n<div class='share-to-whatsapp-wrapper'><div class='share-on-whsp'>PARTAGER SUR : <\/div><a data-text='PARUTION - \u2018\u2018S\u00c9N\u00c9GAL - LA SAGA DE L\u2019\u00c9QUIPE NATIONALE DE FOOTBALL\u2019\u2019 -  Dr Koum\u00e9 met un coup de projecteur sur les \u00e9pop\u00e9es des Lions' data-link='https:\/\/www.nettali.com\/2021\/12\/01\/parution-senegal-la-saga-de-lequipe-nationale-de-football-dr-koume-met-un-coup-de-projecteur-sur-les-epopees-des-lions\/' class='whatsapp-button whatsapp-share'>WhatsApp<\/a><div class='clear '><\/div><\/div>","protected":false},"excerpt":{"rendered":"<p>NETTALI.COM - L\u2019historique de l\u2019\u00e9quipe nationale du S\u00e9n\u00e9gal de football fait l\u2019objet d\u2019un livre intitul\u00e9 \u2018\u2018S\u00e9n\u00e9gal \u2013 La saga de l\u2019\u00e9quipe nationale de football\u2019\u2019. Dans cet ouvrage paru aux \u00e9ditions L\u2019Harmattan-S\u00e9n\u00e9gal, et parcouru par Enqu\u00eate, le journaliste sportif et formateur, Mamadou Koum\u00e9, revisite les faits saillants qui ont marqu\u00e9 la s\u00e9lection nationale de 1961,ann\u00e9e du [&hellip;]<\/p>\n","protected":false},"author":11,"featured_media":62509,"comment_status":"open","ping_status":"open","sticky":false,"template":"","format":"standard","meta":{"_et_pb_use_builder":"","_et_pb_old_content":""},"categories":[6],"tags":[],"yoast_head":"<!-- This site is optimized with the Yoast SEO Premium plugin v17.8 (Yoast SEO v17.8) - https:\/\/yoast.com\/wordpress\/plugins\/seo\/ -->\n<title>PARUTION - \u2018\u2018S\u00c9N\u00c9GAL - LA SAGA DE L\u2019\u00c9QUIPE NATIONALE DE FOOTBALL\u2019\u2019 - Dr Koum\u00e9 met un coup de projecteur sur les \u00e9pop\u00e9es des Lions | Nettali.com<\/title>\n<meta name=\"robots\" content=\"index, follow, max-snippet:-1, max-image-preview:large, max-video-preview:-1\" \/>\n<link rel=\"canonical\" href=\"https:\/\/www.nettali.com\/2021\/12\/01\/parution-senegal-la-saga-de-lequipe-nationale-de-football-dr-koume-met-un-coup-de-projecteur-sur-les-epopees-des-lions\/\" \/>\n<meta property=\"og:locale\" content=\"fr_FR\" \/>\n<meta property=\"og:type\" content=\"article\" \/>\n<meta property=\"og:title\" content=\"PARUTION - \u2018\u2018S\u00c9N\u00c9GAL - LA SAGA DE L\u2019\u00c9QUIPE NATIONALE DE FOOTBALL\u2019\u2019 - Dr Koum\u00e9 met un coup de projecteur sur les \u00e9pop\u00e9es des Lions\" \/>\n<meta property=\"og:description\" content=\"NETTALI.COM - L\u2019historique de l\u2019\u00e9quipe nationale du S\u00e9n\u00e9gal de football fait l\u2019objet d\u2019un livre intitul\u00e9 \u2018\u2018S\u00e9n\u00e9gal \u2013 La saga de l\u2019\u00e9quipe nationale de football\u2019\u2019. Dans cet ouvrage paru aux \u00e9ditions L\u2019Harmattan-S\u00e9n\u00e9gal, et parcouru par Enqu\u00eate, le journaliste sportif et formateur, Mamadou Koum\u00e9, revisite les faits saillants qui ont marqu\u00e9 la s\u00e9lection nationale de 1961,ann\u00e9e du [&hellip;]\" \/>\n<meta property=\"og:url\" content=\"https:\/\/www.nettali.com\/2021\/12\/01\/parution-senegal-la-saga-de-lequipe-nationale-de-football-dr-koume-met-un-coup-de-projecteur-sur-les-epopees-des-lions\/\" \/>\n<meta property=\"og:site_name\" content=\"Nettali.com\" \/>\n<meta property=\"article:publisher\" content=\"https:\/\/www.facebook.com\/nettalicom\" \/>\n<meta property=\"article:published_time\" content=\"2021-12-01T12:45:58+00:00\" \/>\n<meta property=\"og:image\" content=\"https:\/\/www.nettali.com\/wp-content\/uploads\/2021\/04\/koume_l-1.jpg\" \/>\n\t<meta property=\"og:image:width\" content=\"800\" \/>\n\t<meta property=\"og:image:height\" content=\"487\" \/>\n<meta name=\"twitter:card\" content=\"summary_large_image\" \/>\n<meta name=\"twitter:label1\" content=\"\u00c9crit par\" \/>\n\t<meta name=\"twitter:data1\" content=\"Thierno Diop\" \/>\n\t<meta name=\"twitter:label2\" content=\"Dur\u00e9e de lecture estim\u00e9e\" \/>\n\t<meta name=\"twitter:data2\" content=\"3 minutes\" \/>\n<script type=\"application\/ld+json\" class=\"yoast-schema-graph\">{\"@context\":\"https:\/\/schema.org\",\"@graph\":[{\"@type\":\"WebSite\",\"@id\":\"https:\/\/www.nettali.com\/#website\",\"url\":\"https:\/\/www.nettali.com\/\",\"name\":\"Nettali.com\",\"description\":\"Le rendez-vous critique du Net\",\"potentialAction\":[{\"@type\":\"SearchAction\",\"target\":{\"@type\":\"EntryPoint\",\"urlTemplate\":\"https:\/\/www.nettali.com\/?s={search_term_string}\"},\"query-input\":\"required name=search_term_string\"}],\"inLanguage\":\"fr-FR\"},{\"@type\":\"ImageObject\",\"@id\":\"https:\/\/www.nettali.com\/2021\/12\/01\/parution-senegal-la-saga-de-lequipe-nationale-de-football-dr-koume-met-un-coup-de-projecteur-sur-les-epopees-des-lions\/#primaryimage\",\"inLanguage\":\"fr-FR\",\"url\":\"https:\/\/www.nettali.com\/wp-content\/uploads\/2021\/04\/koume_l-1.jpg\",\"contentUrl\":\"https:\/\/www.nettali.com\/wp-content\/uploads\/2021\/04\/koume_l-1.jpg\",\"width\":800,\"height\":487},{\"@type\":\"WebPage\",\"@id\":\"https:\/\/www.nettali.com\/2021\/12\/01\/parution-senegal-la-saga-de-lequipe-nationale-de-football-dr-koume-met-un-coup-de-projecteur-sur-les-epopees-des-lions\/#webpage\",\"url\":\"https:\/\/www.nettali.com\/2021\/12\/01\/parution-senegal-la-saga-de-lequipe-nationale-de-football-dr-koume-met-un-coup-de-projecteur-sur-les-epopees-des-lions\/\",\"name\":\"PARUTION - \\u2018\\u2018S\\u00c9N\\u00c9GAL - LA SAGA DE L\\u2019\\u00c9QUIPE NATIONALE DE FOOTBALL\\u2019\\u2019 - Dr Koum\\u00e9 met un coup de projecteur sur les \\u00e9pop\\u00e9es des Lions | Nettali.com\",\"isPartOf\":{\"@id\":\"https:\/\/www.nettali.com\/#website\"},\"primaryImageOfPage\":{\"@id\":\"https:\/\/www.nettali.com\/2021\/12\/01\/parution-senegal-la-saga-de-lequipe-nationale-de-football-dr-koume-met-un-coup-de-projecteur-sur-les-epopees-des-lions\/#primaryimage\"},\"datePublished\":\"2021-12-01T12:45:58+00:00\",\"dateModified\":\"2021-12-01T12:45:58+00:00\",\"author\":{\"@id\":\"https:\/\/www.nettali.com\/#\/schema\/person\/8a06c6bd7b19304cf4bf985862900b5b\"},\"breadcrumb\":{\"@id\":\"https:\/\/www.nettali.com\/2021\/12\/01\/parution-senegal-la-saga-de-lequipe-nationale-de-football-dr-koume-met-un-coup-de-projecteur-sur-les-epopees-des-lions\/#breadcrumb\"},\"inLanguage\":\"fr-FR\",\"potentialAction\":[{\"@type\":\"ReadAction\",\"target\":[\"https:\/\/www.nettali.com\/2021\/12\/01\/parution-senegal-la-saga-de-lequipe-nationale-de-football-dr-koume-met-un-coup-de-projecteur-sur-les-epopees-des-lions\/\"]}]},{\"@type\":\"BreadcrumbList\",\"@id\":\"https:\/\/www.nettali.com\/2021\/12\/01\/parution-senegal-la-saga-de-lequipe-nationale-de-football-dr-koume-met-un-coup-de-projecteur-sur-les-epopees-des-lions\/#breadcrumb\",\"itemListElement\":[{\"@type\":\"ListItem\",\"position\":1,\"name\":\"Accueil\",\"item\":\"https:\/\/www.nettali.com\/\"},{\"@type\":\"ListItem\",\"position\":2,\"name\":\"PARUTION &#8211; \\u2018\\u2018S\\u00c9N\\u00c9GAL &#8211; LA SAGA DE L\\u2019\\u00c9QUIPE NATIONALE DE FOOTBALL\\u2019\\u2019 &#8211; Dr Koum\\u00e9 met un coup de projecteur sur les \\u00e9pop\\u00e9es des Lions\"}]},{\"@type\":\"Person\",\"@id\":\"https:\/\/www.nettali.com\/#\/schema\/person\/8a06c6bd7b19304cf4bf985862900b5b\",\"name\":\"Thierno Diop\",\"image\":{\"@type\":\"ImageObject\",\"@id\":\"https:\/\/www.nettali.com\/#personlogo\",\"inLanguage\":\"fr-FR\",\"url\":\"https:\/\/secure.gravatar.com\/avatar\/c8ca58550c94fd2ac856d27391a6c866?s=96&d=mm&r=g\",\"contentUrl\":\"https:\/\/secure.gravatar.com\/avatar\/c8ca58550c94fd2ac856d27391a6c866?s=96&d=mm&r=g\",\"caption\":\"Thierno Diop\"},\"sameAs\":[\"https:\/\/nettali.com\"]}]}<\/script>\n<!-- \/ Yoast SEO Premium plugin. -->","yoast_head_json":{"title":"PARUTION - \u2018\u2018S\u00c9N\u00c9GAL - LA SAGA DE L\u2019\u00c9QUIPE NATIONALE DE FOOTBALL\u2019\u2019 - Dr Koum\u00e9 met un coup de projecteur sur les \u00e9pop\u00e9es des Lions | Nettali.com","robots":{"index":"index","follow":"follow","max-snippet":"max-snippet:-1","max-image-preview":"max-image-preview:large","max-video-preview":"max-video-preview:-1"},"canonical":"https:\/\/www.nettali.com\/2021\/12\/01\/parution-senegal-la-saga-de-lequipe-nationale-de-football-dr-koume-met-un-coup-de-projecteur-sur-les-epopees-des-lions\/","og_locale":"fr_FR","og_type":"article","og_title":"PARUTION - \u2018\u2018S\u00c9N\u00c9GAL - LA SAGA DE L\u2019\u00c9QUIPE NATIONALE DE FOOTBALL\u2019\u2019 - Dr Koum\u00e9 met un coup de projecteur sur les \u00e9pop\u00e9es des Lions","og_description":"NETTALI.COM - L\u2019historique de l\u2019\u00e9quipe nationale du S\u00e9n\u00e9gal de football fait l\u2019objet d\u2019un livre intitul\u00e9 \u2018\u2018S\u00e9n\u00e9gal \u2013 La saga de l\u2019\u00e9quipe nationale de football\u2019\u2019. Dans cet ouvrage paru aux \u00e9ditions L\u2019Harmattan-S\u00e9n\u00e9gal, et parcouru par Enqu\u00eate, le journaliste sportif et formateur, Mamadou Koum\u00e9, revisite les faits saillants qui ont marqu\u00e9 la s\u00e9lection nationale de 1961,ann\u00e9e du [&hellip;]","og_url":"https:\/\/www.nettali.com\/2021\/12\/01\/parution-senegal-la-saga-de-lequipe-nationale-de-football-dr-koume-met-un-coup-de-projecteur-sur-les-epopees-des-lions\/","og_site_name":"Nettali.com","article_publisher":"https:\/\/www.facebook.com\/nettalicom","article_published_time":"2021-12-01T12:45:58+00:00","og_image":[{"width":800,"height":487,"url":"https:\/\/www.nettali.com\/wp-content\/uploads\/2021\/04\/koume_l-1.jpg","type":"image\/jpeg"}],"twitter_card":"summary_large_image","twitter_misc":{"\u00c9crit par":"Thierno Diop","Dur\u00e9e de lecture estim\u00e9e":"3 minutes"},"schema":{"@context":"https:\/\/schema.org","@graph":[{"@type":"WebSite","@id":"https:\/\/www.nettali.com\/#website","url":"https:\/\/www.nettali.com\/","name":"Nettali.com","description":"Le rendez-vous critique du Net","potentialAction":[{"@type":"SearchAction","target":{"@type":"EntryPoint","urlTemplate":"https:\/\/www.nettali.com\/?s={search_term_string}"},"query-input":"required name=search_term_string"}],"inLanguage":"fr-FR"},{"@type":"ImageObject","@id":"https:\/\/www.nettali.com\/2021\/12\/01\/parution-senegal-la-saga-de-lequipe-nationale-de-football-dr-koume-met-un-coup-de-projecteur-sur-les-epopees-des-lions\/#primaryimage","inLanguage":"fr-FR","url":"https:\/\/www.nettali.com\/wp-content\/uploads\/2021\/04\/koume_l-1.jpg","contentUrl":"https:\/\/www.nettali.com\/wp-content\/uploads\/2021\/04\/koume_l-1.jpg","width":800,"height":487},{"@type":"WebPage","@id":"https:\/\/www.nettali.com\/2021\/12\/01\/parution-senegal-la-saga-de-lequipe-nationale-de-football-dr-koume-met-un-coup-de-projecteur-sur-les-epopees-des-lions\/#webpage","url":"https:\/\/www.nettali.com\/2021\/12\/01\/parution-senegal-la-saga-de-lequipe-nationale-de-football-dr-koume-met-un-coup-de-projecteur-sur-les-epopees-des-lions\/","name":"PARUTION - \u2018\u2018S\u00c9N\u00c9GAL - LA SAGA DE L\u2019\u00c9QUIPE NATIONALE DE FOOTBALL\u2019\u2019 - Dr Koum\u00e9 met un coup de projecteur sur les \u00e9pop\u00e9es des Lions | Nettali.com","isPartOf":{"@id":"https:\/\/www.nettali.com\/#website"},"primaryImageOfPage":{"@id":"https:\/\/www.nettali.com\/2021\/12\/01\/parution-senegal-la-saga-de-lequipe-nationale-de-football-dr-koume-met-un-coup-de-projecteur-sur-les-epopees-des-lions\/#primaryimage"},"datePublished":"2021-12-01T12:45:58+00:00","dateModified":"2021-12-01T12:45:58+00:00","author":{"@id":"https:\/\/www.nettali.com\/#\/schema\/person\/8a06c6bd7b19304cf4bf985862900b5b"},"breadcrumb":{"@id":"https:\/\/www.nettali.com\/2021\/12\/01\/parution-senegal-la-saga-de-lequipe-nationale-de-football-dr-koume-met-un-coup-de-projecteur-sur-les-epopees-des-lions\/#breadcrumb"},"inLanguage":"fr-FR","potentialAction":[{"@type":"ReadAction","target":["https:\/\/www.nettali.com\/2021\/12\/01\/parution-senegal-la-saga-de-lequipe-nationale-de-football-dr-koume-met-un-coup-de-projecteur-sur-les-epopees-des-lions\/"]}]},{"@type":"BreadcrumbList","@id":"https:\/\/www.nettali.com\/2021\/12\/01\/parution-senegal-la-saga-de-lequipe-nationale-de-football-dr-koume-met-un-coup-de-projecteur-sur-les-epopees-des-lions\/#breadcrumb","itemListElement":[{"@type":"ListItem","position":1,"name":"Accueil","item":"https:\/\/www.nettali.com\/"},{"@type":"ListItem","position":2,"name":"PARUTION &#8211; \u2018\u2018S\u00c9N\u00c9GAL &#8211; LA SAGA DE L\u2019\u00c9QUIPE NATIONALE DE FOOTBALL\u2019\u2019 &#8211; Dr Koum\u00e9 met un coup de projecteur sur les \u00e9pop\u00e9es des Lions"}]},{"@type":"Person","@id":"https:\/\/www.nettali.com\/#\/schema\/person\/8a06c6bd7b19304cf4bf985862900b5b","name":"Thierno Diop","image":{"@type":"ImageObject","@id":"https:\/\/www.nettali.com\/#personlogo","inLanguage":"fr-FR","url":"https:\/\/secure.gravatar.com\/avatar\/c8ca58550c94fd2ac856d27391a6c866?s=96&d=mm&r=g","contentUrl":"https:\/\/secure.gravatar.com\/avatar\/c8ca58550c94fd2ac856d27391a6c866?s=96&d=mm&r=g","caption":"Thierno Diop"},"sameAs":["https:\/\/nettali.com"]}]}},"_links":{"self":[{"href":"https:\/\/www.nettali.com\/rest\/wp\/v2\/posts\/76658"}],"collection":[{"href":"https:\/\/www.nettali.com\/rest\/wp\/v2\/posts"}],"about":[{"href":"https:\/\/www.nettali.com\/rest\/wp\/v2\/types\/post"}],"author":[{"embeddable":true,"href":"https:\/\/www.nettali.com\/rest\/wp\/v2\/users\/11"}],"replies":[{"embeddable":true,"href":"https:\/\/www.nettali.com\/rest\/wp\/v2\/comments?post=76658"}],"version-history":[{"count":1,"href":"https:\/\/www.nettali.com\/rest\/wp\/v2\/posts\/76658\/revisions"}],"predecessor-version":[{"id":76659,"href":"https:\/\/www.nettali.com\/rest\/wp\/v2\/posts\/76658\/revisions\/76659"}],"wp:featuredmedia":[{"embeddable":true,"href":"https:\/\/www.nettali.com\/rest\/wp\/v2\/media\/62509"}],"wp:attachment":[{"href":"https:\/\/www.nettali.com\/rest\/wp\/v2\/media?parent=76658"}],"wp:term":[{"taxonomy":"category","embeddable":true,"href":"https:\/\/www.nettali.com\/rest\/wp\/v2\/categories?post=76658"},{"taxonomy":"post_tag","embeddable":true,"href":"https:\/\/www.nettali.com\/rest\/wp\/v2\/tags?post=76658"}],"curies":[{"name":"wp","href":"https:\/\/api.w.org\/{rel}","templated":true}]}}