{"id":76609,"date":"2021-11-30T11:27:17","date_gmt":"2021-11-30T11:27:17","guid":{"rendered":"https:\/\/www.nettali.com\/?p=76609"},"modified":"2021-11-30T11:33:48","modified_gmt":"2021-11-30T11:33:48","slug":"premiere-pierre-du-pont-de-rosso-macky-sall-en-mauritanie","status":"publish","type":"post","link":"https:\/\/www.nettali.com\/2021\/11\/30\/premiere-pierre-du-pont-de-rosso-macky-sall-en-mauritanie\/","title":{"rendered":"PREMIERE PIERRE DU PONT DE ROSSO \u2013 Macky Sall en Mauritanie"},"content":{"rendered":"<p><strong>NETTALI.COM \u2013 Le pr\u00e9sident Macky Sall et son homologue mauritanien, proc\u00e8dent ce matin \u00e0 la pose de la premi\u00e8re pierre du pont de Rosso,<\/strong><strong> qui va co\u00fbter 87, 63 millions d\u2019euros.<\/strong><\/p>\n<p>Selon les services de la Pr\u00e9sidence, Macky Sall a quitt\u00e9 Dakar ce matin \u00e0 destination de Rosso Mauritanie. \u00abLe Chef de l\u2019Etat va proc\u00e9der \u00e0 la pose de la premi\u00e8re pierre du pont de Rosso, en compagnie de son homologue mauritanien Mohamed Ould Cheikh el Ghazouani\u00bb, ont-ils indiqu\u00e9, \u00e0 travers les r\u00e9seaux sociaux.<\/p>\n<p>A en croire la Pr\u00e9sidence, \u00e0 son d\u00e9part, \u00a0le chef de l\u2019Etat a \u00e9t\u00e9 salu\u00e9 par des membres du gouvernement et des autorit\u00e9s militaires.<\/p>\n<p>La r\u00e9alisation de ce pont \u00a0permettre la mise en \u0153uvre de mesures de facilitation du transport et du transit sur axe routier.<\/p>\n<p>L\u2019ouvrage, qui va co\u00fbter 87, 63 millions d\u2019euros, est financ\u00e9 par la Banque europ\u00e9enne d\u2019investissement (22,30 millions d\u2019euros), l\u2019Union europ\u00e9enne (don de 20 millions d\u2019euros), le Fonds d\u2019appui au d\u00e9veloppement (40,75 millions d\u2019euros) de la Banque africaine de d\u00e9veloppement (BAD) et les contributions des deux Etats, le S\u00e9n\u00e9gal (1,04 million d\u2019euros) et la Mauritanie (3,50 millions d\u2019euros).<\/p>\n<p>Le pont de Rosso qui sera \u00e9rig\u00e9 sur le fleuve S\u00e9n\u00e9gal s\u2019\u00e9tendra sur 1461 m\u00e8tres de long pour une largeur de 14,55 m\u00e8tres et 8 km de routes d\u2019acc\u00e8s.<br \/>\n\"La construction du Pont de Rosso, infrastructure essentielle du corridor Transc\u00f4tier Tanger \u2013 Casablanca \u2013 Nouakchott \u2013 Dakar \u2013 Abidjan -Lagos participe grandement \u00e0 la mise en \u0153uvre de la politique d\u2019int\u00e9gration sous r\u00e9gionale. (\u2026)\u2019\u2019, soulignait le gouvernement s\u00e9n\u00e9galais \u00e0 la veille de la signature, le 25 mars 2021, des contrats de construction du Pont.<\/p>\n<p>En plus de constituer une passerelle strat\u00e9gique et \u00e9conomique entre la Mauritanie et le S\u00e9n\u00e9gal, il servira de trait d\u2019union entre l\u2019Europe et l\u2019Afrique subsaharienne.<\/p>\n<p>&nbsp;<\/p>\n<div class='share-to-whatsapp-wrapper'><div class='share-on-whsp'>PARTAGER SUR : <\/div><a data-text='PREMIERE PIERRE DU PONT DE ROSSO \u2013 Macky Sall en Mauritanie' data-link='https:\/\/www.nettali.com\/2021\/11\/30\/premiere-pierre-du-pont-de-rosso-macky-sall-en-mauritanie\/' class='whatsapp-button whatsapp-share'>WhatsApp<\/a><div class='clear '><\/div><\/div>","protected":false},"excerpt":{"rendered":"<p>NETTALI.COM \u2013 Le pr\u00e9sident Macky Sall et son homologue mauritanien, proc\u00e8dent ce matin \u00e0 la pose de la premi\u00e8re pierre du pont de Rosso, qui va co\u00fbter 87, 63 millions d\u2019euros. Selon les services de la Pr\u00e9sidence, Macky Sall a quitt\u00e9 Dakar ce matin \u00e0 destination de Rosso Mauritanie. \u00abLe Chef de l\u2019Etat va proc\u00e9der [&hellip;]<\/p>\n","protected":false},"author":11,"featured_media":1608,"comment_status":"open","ping_status":"open","sticky":false,"template":"","format":"standard","meta":{"_et_pb_use_builder":"","_et_pb_old_content":""},"categories":[8],"tags":[],"yoast_head":"<!-- This site is optimized with the Yoast SEO Premium plugin v17.8 (Yoast SEO v17.8) - https:\/\/yoast.com\/wordpress\/plugins\/seo\/ -->\n<title>PREMIERE PIERRE DU PONT DE ROSSO \u2013 Macky Sall en Mauritanie | Nettali.com<\/title>\n<meta name=\"robots\" content=\"index, follow, max-snippet:-1, max-image-preview:large, max-video-preview:-1\" \/>\n<link rel=\"canonical\" href=\"https:\/\/www.nettali.com\/2021\/11\/30\/premiere-pierre-du-pont-de-rosso-macky-sall-en-mauritanie\/\" \/>\n<meta property=\"og:locale\" content=\"fr_FR\" \/>\n<meta property=\"og:type\" content=\"article\" \/>\n<meta property=\"og:title\" content=\"PREMIERE PIERRE DU PONT DE ROSSO \u2013 Macky Sall en Mauritanie\" \/>\n<meta property=\"og:description\" content=\"NETTALI.COM \u2013 Le pr\u00e9sident Macky Sall et son homologue mauritanien, proc\u00e8dent ce matin \u00e0 la pose de la premi\u00e8re pierre du pont de Rosso, qui va co\u00fbter 87, 63 millions d\u2019euros. Selon les services de la Pr\u00e9sidence, Macky Sall a quitt\u00e9 Dakar ce matin \u00e0 destination de Rosso Mauritanie. \u00abLe Chef de l\u2019Etat va proc\u00e9der [&hellip;]\" \/>\n<meta property=\"og:url\" content=\"https:\/\/www.nettali.com\/2021\/11\/30\/premiere-pierre-du-pont-de-rosso-macky-sall-en-mauritanie\/\" \/>\n<meta property=\"og:site_name\" content=\"Nettali.com\" \/>\n<meta property=\"article:publisher\" content=\"https:\/\/www.facebook.com\/nettalicom\" \/>\n<meta property=\"article:published_time\" content=\"2021-11-30T11:27:17+00:00\" \/>\n<meta property=\"article:modified_time\" content=\"2021-11-30T11:33:48+00:00\" \/>\n<meta property=\"og:image\" content=\"https:\/\/www.nettali.com\/wp-content\/uploads\/2019\/03\/Macky-Sall-voyage.jpg\" \/>\n\t<meta property=\"og:image:width\" content=\"960\" \/>\n\t<meta property=\"og:image:height\" content=\"601\" \/>\n<meta name=\"twitter:card\" content=\"summary_large_image\" \/>\n<meta name=\"twitter:label1\" content=\"\u00c9crit par\" \/>\n\t<meta name=\"twitter:data1\" content=\"Thierno Diop\" \/>\n\t<meta name=\"twitter:label2\" content=\"Dur\u00e9e de lecture estim\u00e9e\" \/>\n\t<meta name=\"twitter:data2\" content=\"2 minutes\" \/>\n<script type=\"application\/ld+json\" class=\"yoast-schema-graph\">{\"@context\":\"https:\/\/schema.org\",\"@graph\":[{\"@type\":\"WebSite\",\"@id\":\"https:\/\/www.nettali.com\/#website\",\"url\":\"https:\/\/www.nettali.com\/\",\"name\":\"Nettali.com\",\"description\":\"Le rendez-vous critique du Net\",\"potentialAction\":[{\"@type\":\"SearchAction\",\"target\":{\"@type\":\"EntryPoint\",\"urlTemplate\":\"https:\/\/www.nettali.com\/?s={search_term_string}\"},\"query-input\":\"required name=search_term_string\"}],\"inLanguage\":\"fr-FR\"},{\"@type\":\"ImageObject\",\"@id\":\"https:\/\/www.nettali.com\/2021\/11\/30\/premiere-pierre-du-pont-de-rosso-macky-sall-en-mauritanie\/#primaryimage\",\"inLanguage\":\"fr-FR\",\"url\":\"https:\/\/www.nettali.com\/wp-content\/uploads\/2019\/03\/Macky-Sall-voyage.jpg\",\"contentUrl\":\"https:\/\/www.nettali.com\/wp-content\/uploads\/2019\/03\/Macky-Sall-voyage.jpg\",\"width\":960,\"height\":601},{\"@type\":\"WebPage\",\"@id\":\"https:\/\/www.nettali.com\/2021\/11\/30\/premiere-pierre-du-pont-de-rosso-macky-sall-en-mauritanie\/#webpage\",\"url\":\"https:\/\/www.nettali.com\/2021\/11\/30\/premiere-pierre-du-pont-de-rosso-macky-sall-en-mauritanie\/\",\"name\":\"PREMIERE PIERRE DU PONT DE ROSSO \\u2013 Macky Sall en Mauritanie | Nettali.com\",\"isPartOf\":{\"@id\":\"https:\/\/www.nettali.com\/#website\"},\"primaryImageOfPage\":{\"@id\":\"https:\/\/www.nettali.com\/2021\/11\/30\/premiere-pierre-du-pont-de-rosso-macky-sall-en-mauritanie\/#primaryimage\"},\"datePublished\":\"2021-11-30T11:27:17+00:00\",\"dateModified\":\"2021-11-30T11:33:48+00:00\",\"author\":{\"@id\":\"https:\/\/www.nettali.com\/#\/schema\/person\/8a06c6bd7b19304cf4bf985862900b5b\"},\"breadcrumb\":{\"@id\":\"https:\/\/www.nettali.com\/2021\/11\/30\/premiere-pierre-du-pont-de-rosso-macky-sall-en-mauritanie\/#breadcrumb\"},\"inLanguage\":\"fr-FR\",\"potentialAction\":[{\"@type\":\"ReadAction\",\"target\":[\"https:\/\/www.nettali.com\/2021\/11\/30\/premiere-pierre-du-pont-de-rosso-macky-sall-en-mauritanie\/\"]}]},{\"@type\":\"BreadcrumbList\",\"@id\":\"https:\/\/www.nettali.com\/2021\/11\/30\/premiere-pierre-du-pont-de-rosso-macky-sall-en-mauritanie\/#breadcrumb\",\"itemListElement\":[{\"@type\":\"ListItem\",\"position\":1,\"name\":\"Accueil\",\"item\":\"https:\/\/www.nettali.com\/\"},{\"@type\":\"ListItem\",\"position\":2,\"name\":\"PREMIERE PIERRE DU PONT DE ROSSO \\u2013 Macky Sall en Mauritanie\"}]},{\"@type\":\"Person\",\"@id\":\"https:\/\/www.nettali.com\/#\/schema\/person\/8a06c6bd7b19304cf4bf985862900b5b\",\"name\":\"Thierno Diop\",\"image\":{\"@type\":\"ImageObject\",\"@id\":\"https:\/\/www.nettali.com\/#personlogo\",\"inLanguage\":\"fr-FR\",\"url\":\"https:\/\/secure.gravatar.com\/avatar\/c8ca58550c94fd2ac856d27391a6c866?s=96&d=mm&r=g\",\"contentUrl\":\"https:\/\/secure.gravatar.com\/avatar\/c8ca58550c94fd2ac856d27391a6c866?s=96&d=mm&r=g\",\"caption\":\"Thierno Diop\"},\"sameAs\":[\"https:\/\/nettali.com\"]}]}<\/script>\n<!-- \/ Yoast SEO Premium plugin. -->","yoast_head_json":{"title":"PREMIERE PIERRE DU PONT DE ROSSO \u2013 Macky Sall en Mauritanie | Nettali.com","robots":{"index":"index","follow":"follow","max-snippet":"max-snippet:-1","max-image-preview":"max-image-preview:large","max-video-preview":"max-video-preview:-1"},"canonical":"https:\/\/www.nettali.com\/2021\/11\/30\/premiere-pierre-du-pont-de-rosso-macky-sall-en-mauritanie\/","og_locale":"fr_FR","og_type":"article","og_title":"PREMIERE PIERRE DU PONT DE ROSSO \u2013 Macky Sall en Mauritanie","og_description":"NETTALI.COM \u2013 Le pr\u00e9sident Macky Sall et son homologue mauritanien, proc\u00e8dent ce matin \u00e0 la pose de la premi\u00e8re pierre du pont de Rosso, qui va co\u00fbter 87, 63 millions d\u2019euros. Selon les services de la Pr\u00e9sidence, Macky Sall a quitt\u00e9 Dakar ce matin \u00e0 destination de Rosso Mauritanie. \u00abLe Chef de l\u2019Etat va proc\u00e9der [&hellip;]","og_url":"https:\/\/www.nettali.com\/2021\/11\/30\/premiere-pierre-du-pont-de-rosso-macky-sall-en-mauritanie\/","og_site_name":"Nettali.com","article_publisher":"https:\/\/www.facebook.com\/nettalicom","article_published_time":"2021-11-30T11:27:17+00:00","article_modified_time":"2021-11-30T11:33:48+00:00","og_image":[{"width":960,"height":601,"url":"https:\/\/www.nettali.com\/wp-content\/uploads\/2019\/03\/Macky-Sall-voyage.jpg","type":"image\/jpeg"}],"twitter_card":"summary_large_image","twitter_misc":{"\u00c9crit par":"Thierno Diop","Dur\u00e9e de lecture estim\u00e9e":"2 minutes"},"schema":{"@context":"https:\/\/schema.org","@graph":[{"@type":"WebSite","@id":"https:\/\/www.nettali.com\/#website","url":"https:\/\/www.nettali.com\/","name":"Nettali.com","description":"Le rendez-vous critique du Net","potentialAction":[{"@type":"SearchAction","target":{"@type":"EntryPoint","urlTemplate":"https:\/\/www.nettali.com\/?s={search_term_string}"},"query-input":"required name=search_term_string"}],"inLanguage":"fr-FR"},{"@type":"ImageObject","@id":"https:\/\/www.nettali.com\/2021\/11\/30\/premiere-pierre-du-pont-de-rosso-macky-sall-en-mauritanie\/#primaryimage","inLanguage":"fr-FR","url":"https:\/\/www.nettali.com\/wp-content\/uploads\/2019\/03\/Macky-Sall-voyage.jpg","contentUrl":"https:\/\/www.nettali.com\/wp-content\/uploads\/2019\/03\/Macky-Sall-voyage.jpg","width":960,"height":601},{"@type":"WebPage","@id":"https:\/\/www.nettali.com\/2021\/11\/30\/premiere-pierre-du-pont-de-rosso-macky-sall-en-mauritanie\/#webpage","url":"https:\/\/www.nettali.com\/2021\/11\/30\/premiere-pierre-du-pont-de-rosso-macky-sall-en-mauritanie\/","name":"PREMIERE PIERRE DU PONT DE ROSSO \u2013 Macky Sall en Mauritanie | Nettali.com","isPartOf":{"@id":"https:\/\/www.nettali.com\/#website"},"primaryImageOfPage":{"@id":"https:\/\/www.nettali.com\/2021\/11\/30\/premiere-pierre-du-pont-de-rosso-macky-sall-en-mauritanie\/#primaryimage"},"datePublished":"2021-11-30T11:27:17+00:00","dateModified":"2021-11-30T11:33:48+00:00","author":{"@id":"https:\/\/www.nettali.com\/#\/schema\/person\/8a06c6bd7b19304cf4bf985862900b5b"},"breadcrumb":{"@id":"https:\/\/www.nettali.com\/2021\/11\/30\/premiere-pierre-du-pont-de-rosso-macky-sall-en-mauritanie\/#breadcrumb"},"inLanguage":"fr-FR","potentialAction":[{"@type":"ReadAction","target":["https:\/\/www.nettali.com\/2021\/11\/30\/premiere-pierre-du-pont-de-rosso-macky-sall-en-mauritanie\/"]}]},{"@type":"BreadcrumbList","@id":"https:\/\/www.nettali.com\/2021\/11\/30\/premiere-pierre-du-pont-de-rosso-macky-sall-en-mauritanie\/#breadcrumb","itemListElement":[{"@type":"ListItem","position":1,"name":"Accueil","item":"https:\/\/www.nettali.com\/"},{"@type":"ListItem","position":2,"name":"PREMIERE PIERRE DU PONT DE ROSSO \u2013 Macky Sall en Mauritanie"}]},{"@type":"Person","@id":"https:\/\/www.nettali.com\/#\/schema\/person\/8a06c6bd7b19304cf4bf985862900b5b","name":"Thierno Diop","image":{"@type":"ImageObject","@id":"https:\/\/www.nettali.com\/#personlogo","inLanguage":"fr-FR","url":"https:\/\/secure.gravatar.com\/avatar\/c8ca58550c94fd2ac856d27391a6c866?s=96&d=mm&r=g","contentUrl":"https:\/\/secure.gravatar.com\/avatar\/c8ca58550c94fd2ac856d27391a6c866?s=96&d=mm&r=g","caption":"Thierno Diop"},"sameAs":["https:\/\/nettali.com"]}]}},"_links":{"self":[{"href":"https:\/\/www.nettali.com\/rest\/wp\/v2\/posts\/76609"}],"collection":[{"href":"https:\/\/www.nettali.com\/rest\/wp\/v2\/posts"}],"about":[{"href":"https:\/\/www.nettali.com\/rest\/wp\/v2\/types\/post"}],"author":[{"embeddable":true,"href":"https:\/\/www.nettali.com\/rest\/wp\/v2\/users\/11"}],"replies":[{"embeddable":true,"href":"https:\/\/www.nettali.com\/rest\/wp\/v2\/comments?post=76609"}],"version-history":[{"count":3,"href":"https:\/\/www.nettali.com\/rest\/wp\/v2\/posts\/76609\/revisions"}],"predecessor-version":[{"id":76612,"href":"https:\/\/www.nettali.com\/rest\/wp\/v2\/posts\/76609\/revisions\/76612"}],"wp:featuredmedia":[{"embeddable":true,"href":"https:\/\/www.nettali.com\/rest\/wp\/v2\/media\/1608"}],"wp:attachment":[{"href":"https:\/\/www.nettali.com\/rest\/wp\/v2\/media?parent=76609"}],"wp:term":[{"taxonomy":"category","embeddable":true,"href":"https:\/\/www.nettali.com\/rest\/wp\/v2\/categories?post=76609"},{"taxonomy":"post_tag","embeddable":true,"href":"https:\/\/www.nettali.com\/rest\/wp\/v2\/tags?post=76609"}],"curies":[{"name":"wp","href":"https:\/\/api.w.org\/{rel}","templated":true}]}}