{"id":76605,"date":"2021-11-30T10:08:23","date_gmt":"2021-11-30T10:08:23","guid":{"rendered":"https:\/\/www.nettali.com\/?p=76605"},"modified":"2021-11-30T14:55:47","modified_gmt":"2021-11-30T14:55:47","slug":"amnistie-pour-karim-et-khalifa-macky-de-nouveau-favorable","status":"publish","type":"post","link":"https:\/\/www.nettali.com\/2021\/11\/30\/amnistie-pour-karim-et-khalifa-macky-de-nouveau-favorable\/","title":{"rendered":"AMNISTIE POUR KARIM ET KHALIFA \u2013 Macky de nouveau favorable"},"content":{"rendered":"<p><strong>NETTALI.COM \u2013 Macky Sall \u00e9voque l\u2019hypoth\u00e8se d\u2019une amnistie pour Karim Wade et Khalifa Sall pour s\u2019en \u00eatre ouvert aux initiateurs de la Charte de non-violence. Au sujet de l\u2019emballement m\u00e9diatique cons\u00e9cutif \u00e0 la convocation de Barthelemy Dias, le chef de l\u2019Etat parle de \"pure co\u00efncidence\", pour se laver \u00e0 grande eau. \u00a0<\/strong><\/p>\n<p><strong>\u00a0<\/strong>Macky Sall est pr\u00eat \u00e0 discuter de la r\u00e9habilitation de Karim Wade et Khalifa Sall qui ont perdu leurs droits civiques. Selon les r\u00e9v\u00e9lations du journal L\u2019Observateur, le chef de l\u2019Etat a pris cet engagement lundi, lors d\u2019une rencontre dans le cadre des consultations pour la signature de la \"Charte de non-violence\" en direction des Locales du 23 janvier 2022.<\/p>\n<p>Pour rappel, accus\u00e9 d'avoir instrumentalis\u00e9 la justice pour \u00e9liminer ces deux personnalit\u00e9s de la course \u00e0 la pr\u00e9sidence, le leader de l'Apr,\u00a0 \u00e0 l\u2019occasion d\u2019un entretien accord\u00e9 \u00e0 France 24 en novembre 2018, avait \u00e9voqu\u00e9 la possibilit\u00e9 d\u2019une gr\u00e2ce pour Karim Wade et Khalifa Sall s\u2019il \u00e9tait r\u00e9\u00e9lu.<\/p>\n<p>\"<em>Je pense que personne n\u2019a \u00e9t\u00e9 \u00e9limin\u00e9 volontairement. Nous avons une justice, certes perfectible comme toutes les justices du monde, mais nous avons une justice responsable\"<\/em>, avait, en son temps, d\u00e9clar\u00e9 le pr\u00e9sident Sall. Pr\u00e9cisant sa pens\u00e9e, il affirmait : \"<em>Je ne peux pas \u00e9carter, dans une circonstance nouvelle d\u2019une r\u00e9\u00e9lection, d\u2019engager une nouvelle phase pour la reconstruction nationale dans un esprit de renouveau national, de consensus national. Parce que je pense qu\u2019il faut savoir tourner des pages aussi\".\u00a0<\/em><\/p>\n<p>Un membre du CUDIS, joint par L\u2019OBS, est pr\u00e9dispos\u00e9 \u00e0 une vision optimiste de l\u2019avenir. Il croit savoir qu\u2019 il y a de bonnes chances pour que les discussions aboutissent.<\/p>\n<p>Lors de cette rencontre avec le Cadre unitaire de l\u2019Islam au S\u00e9n\u00e9gal (CUDIS), le chef de l\u2019\u00c9tat a \u00e9galement \u00e9voqu\u00e9 l\u2019emballement m\u00e9diatique cons\u00e9cutif \u00e0 la convocation de Barth\u00e9lemy Dias pour son proc\u00e8s en appel dans l\u2019affaire Ndiaga Diouf tu\u00e9 en 2011.<\/p>\n<p>D\u00e9gageant toute responsabilit\u00e9, Macky Sall parle de \"<em>co\u00efncidence malheureuse<\/em>\". A en croire L\u2019Observateur toujours, le pr\u00e9sident Sall a confi\u00e9 \u00e0 ses h\u00f4tes que \"c<em>\u2019est quand il y a des grabuges qu\u2019il apprend souvent dans la presse la convocation de certains leaders politiques par la justice<\/em>\". Ainsi, dit Macky Sall, c\u2019est quand il y a eu des appels qu\u2019il a su que le juge avait appel\u00e9 le dossier.<\/p>\n<p>A cet \u00e9gard, fait-il savoir aux membres du Cudis, si on lui avait demand\u00e9 son avis sur ce dossier, il aurait recommand\u00e9 d\u2019attendre apr\u00e8s les \u00e9lections locales du 23 janvier pour le r\u00e9activer.<\/p>\n<div class='share-to-whatsapp-wrapper'><div class='share-on-whsp'>PARTAGER SUR : <\/div><a data-text='AMNISTIE POUR KARIM ET KHALIFA \u2013 Macky de nouveau favorable' data-link='https:\/\/www.nettali.com\/2021\/11\/30\/amnistie-pour-karim-et-khalifa-macky-de-nouveau-favorable\/' class='whatsapp-button whatsapp-share'>WhatsApp<\/a><div class='clear '><\/div><\/div>","protected":false},"excerpt":{"rendered":"<p>NETTALI.COM \u2013 Macky Sall \u00e9voque l\u2019hypoth\u00e8se d\u2019une amnistie pour Karim Wade et Khalifa Sall pour s\u2019en \u00eatre ouvert aux initiateurs de la Charte de non-violence. Au sujet de l\u2019emballement m\u00e9diatique cons\u00e9cutif \u00e0 la convocation de Barthelemy Dias, le chef de l\u2019Etat parle de \"pure co\u00efncidence\", pour se laver \u00e0 grande eau. \u00a0 \u00a0Macky Sall est [&hellip;]<\/p>\n","protected":false},"author":11,"featured_media":62866,"comment_status":"open","ping_status":"open","sticky":false,"template":"","format":"standard","meta":{"_et_pb_use_builder":"","_et_pb_old_content":""},"categories":[2],"tags":[],"yoast_head":"<!-- This site is optimized with the Yoast SEO Premium plugin v17.8 (Yoast SEO v17.8) - https:\/\/yoast.com\/wordpress\/plugins\/seo\/ -->\n<title>AMNISTIE POUR KARIM ET KHALIFA \u2013 Macky de nouveau favorable | Nettali.com<\/title>\n<meta name=\"robots\" content=\"index, follow, max-snippet:-1, max-image-preview:large, max-video-preview:-1\" \/>\n<link rel=\"canonical\" href=\"https:\/\/www.nettali.com\/2021\/11\/30\/amnistie-pour-karim-et-khalifa-macky-de-nouveau-favorable\/\" \/>\n<meta property=\"og:locale\" content=\"fr_FR\" \/>\n<meta property=\"og:type\" content=\"article\" \/>\n<meta property=\"og:title\" content=\"AMNISTIE POUR KARIM ET KHALIFA \u2013 Macky de nouveau favorable\" \/>\n<meta property=\"og:description\" content=\"NETTALI.COM \u2013 Macky Sall \u00e9voque l\u2019hypoth\u00e8se d\u2019une amnistie pour Karim Wade et Khalifa Sall pour s\u2019en \u00eatre ouvert aux initiateurs de la Charte de non-violence. Au sujet de l\u2019emballement m\u00e9diatique cons\u00e9cutif \u00e0 la convocation de Barthelemy Dias, le chef de l\u2019Etat parle de &quot;pure co\u00efncidence&quot;, pour se laver \u00e0 grande eau. \u00a0 \u00a0Macky Sall est [&hellip;]\" \/>\n<meta property=\"og:url\" content=\"https:\/\/www.nettali.com\/2021\/11\/30\/amnistie-pour-karim-et-khalifa-macky-de-nouveau-favorable\/\" \/>\n<meta property=\"og:site_name\" content=\"Nettali.com\" \/>\n<meta property=\"article:publisher\" content=\"https:\/\/www.facebook.com\/nettalicom\" \/>\n<meta property=\"article:published_time\" content=\"2021-11-30T10:08:23+00:00\" \/>\n<meta property=\"article:modified_time\" content=\"2021-11-30T14:55:47+00:00\" \/>\n<meta property=\"og:image\" content=\"https:\/\/www.nettali.com\/wp-content\/uploads\/2021\/04\/Khalifa-Sall-et-Karim-Wade-1200x500-1.jpeg\" \/>\n\t<meta property=\"og:image:width\" content=\"1200\" \/>\n\t<meta property=\"og:image:height\" content=\"500\" \/>\n<meta name=\"twitter:card\" content=\"summary_large_image\" \/>\n<meta name=\"twitter:label1\" content=\"\u00c9crit par\" \/>\n\t<meta name=\"twitter:data1\" content=\"Thierno Diop\" \/>\n\t<meta name=\"twitter:label2\" content=\"Dur\u00e9e de lecture estim\u00e9e\" \/>\n\t<meta name=\"twitter:data2\" content=\"2 minutes\" \/>\n<script type=\"application\/ld+json\" class=\"yoast-schema-graph\">{\"@context\":\"https:\/\/schema.org\",\"@graph\":[{\"@type\":\"WebSite\",\"@id\":\"https:\/\/www.nettali.com\/#website\",\"url\":\"https:\/\/www.nettali.com\/\",\"name\":\"Nettali.com\",\"description\":\"Le rendez-vous critique du Net\",\"potentialAction\":[{\"@type\":\"SearchAction\",\"target\":{\"@type\":\"EntryPoint\",\"urlTemplate\":\"https:\/\/www.nettali.com\/?s={search_term_string}\"},\"query-input\":\"required name=search_term_string\"}],\"inLanguage\":\"fr-FR\"},{\"@type\":\"ImageObject\",\"@id\":\"https:\/\/www.nettali.com\/2021\/11\/30\/amnistie-pour-karim-et-khalifa-macky-de-nouveau-favorable\/#primaryimage\",\"inLanguage\":\"fr-FR\",\"url\":\"https:\/\/www.nettali.com\/wp-content\/uploads\/2021\/04\/Khalifa-Sall-et-Karim-Wade-1200x500-1.jpeg\",\"contentUrl\":\"https:\/\/www.nettali.com\/wp-content\/uploads\/2021\/04\/Khalifa-Sall-et-Karim-Wade-1200x500-1.jpeg\",\"width\":1200,\"height\":500},{\"@type\":\"WebPage\",\"@id\":\"https:\/\/www.nettali.com\/2021\/11\/30\/amnistie-pour-karim-et-khalifa-macky-de-nouveau-favorable\/#webpage\",\"url\":\"https:\/\/www.nettali.com\/2021\/11\/30\/amnistie-pour-karim-et-khalifa-macky-de-nouveau-favorable\/\",\"name\":\"AMNISTIE POUR KARIM ET KHALIFA \\u2013 Macky de nouveau favorable | Nettali.com\",\"isPartOf\":{\"@id\":\"https:\/\/www.nettali.com\/#website\"},\"primaryImageOfPage\":{\"@id\":\"https:\/\/www.nettali.com\/2021\/11\/30\/amnistie-pour-karim-et-khalifa-macky-de-nouveau-favorable\/#primaryimage\"},\"datePublished\":\"2021-11-30T10:08:23+00:00\",\"dateModified\":\"2021-11-30T14:55:47+00:00\",\"author\":{\"@id\":\"https:\/\/www.nettali.com\/#\/schema\/person\/8a06c6bd7b19304cf4bf985862900b5b\"},\"breadcrumb\":{\"@id\":\"https:\/\/www.nettali.com\/2021\/11\/30\/amnistie-pour-karim-et-khalifa-macky-de-nouveau-favorable\/#breadcrumb\"},\"inLanguage\":\"fr-FR\",\"potentialAction\":[{\"@type\":\"ReadAction\",\"target\":[\"https:\/\/www.nettali.com\/2021\/11\/30\/amnistie-pour-karim-et-khalifa-macky-de-nouveau-favorable\/\"]}]},{\"@type\":\"BreadcrumbList\",\"@id\":\"https:\/\/www.nettali.com\/2021\/11\/30\/amnistie-pour-karim-et-khalifa-macky-de-nouveau-favorable\/#breadcrumb\",\"itemListElement\":[{\"@type\":\"ListItem\",\"position\":1,\"name\":\"Accueil\",\"item\":\"https:\/\/www.nettali.com\/\"},{\"@type\":\"ListItem\",\"position\":2,\"name\":\"AMNISTIE POUR KARIM ET KHALIFA \\u2013 Macky de nouveau favorable\"}]},{\"@type\":\"Person\",\"@id\":\"https:\/\/www.nettali.com\/#\/schema\/person\/8a06c6bd7b19304cf4bf985862900b5b\",\"name\":\"Thierno Diop\",\"image\":{\"@type\":\"ImageObject\",\"@id\":\"https:\/\/www.nettali.com\/#personlogo\",\"inLanguage\":\"fr-FR\",\"url\":\"https:\/\/secure.gravatar.com\/avatar\/c8ca58550c94fd2ac856d27391a6c866?s=96&d=mm&r=g\",\"contentUrl\":\"https:\/\/secure.gravatar.com\/avatar\/c8ca58550c94fd2ac856d27391a6c866?s=96&d=mm&r=g\",\"caption\":\"Thierno Diop\"},\"sameAs\":[\"https:\/\/nettali.com\"]}]}<\/script>\n<!-- \/ Yoast SEO Premium plugin. -->","yoast_head_json":{"title":"AMNISTIE POUR KARIM ET KHALIFA \u2013 Macky de nouveau favorable | Nettali.com","robots":{"index":"index","follow":"follow","max-snippet":"max-snippet:-1","max-image-preview":"max-image-preview:large","max-video-preview":"max-video-preview:-1"},"canonical":"https:\/\/www.nettali.com\/2021\/11\/30\/amnistie-pour-karim-et-khalifa-macky-de-nouveau-favorable\/","og_locale":"fr_FR","og_type":"article","og_title":"AMNISTIE POUR KARIM ET KHALIFA \u2013 Macky de nouveau favorable","og_description":"NETTALI.COM \u2013 Macky Sall \u00e9voque l\u2019hypoth\u00e8se d\u2019une amnistie pour Karim Wade et Khalifa Sall pour s\u2019en \u00eatre ouvert aux initiateurs de la Charte de non-violence. Au sujet de l\u2019emballement m\u00e9diatique cons\u00e9cutif \u00e0 la convocation de Barthelemy Dias, le chef de l\u2019Etat parle de \"pure co\u00efncidence\", pour se laver \u00e0 grande eau. \u00a0 \u00a0Macky Sall est [&hellip;]","og_url":"https:\/\/www.nettali.com\/2021\/11\/30\/amnistie-pour-karim-et-khalifa-macky-de-nouveau-favorable\/","og_site_name":"Nettali.com","article_publisher":"https:\/\/www.facebook.com\/nettalicom","article_published_time":"2021-11-30T10:08:23+00:00","article_modified_time":"2021-11-30T14:55:47+00:00","og_image":[{"width":1200,"height":500,"url":"https:\/\/www.nettali.com\/wp-content\/uploads\/2021\/04\/Khalifa-Sall-et-Karim-Wade-1200x500-1.jpeg","type":"image\/jpeg"}],"twitter_card":"summary_large_image","twitter_misc":{"\u00c9crit par":"Thierno Diop","Dur\u00e9e de lecture estim\u00e9e":"2 minutes"},"schema":{"@context":"https:\/\/schema.org","@graph":[{"@type":"WebSite","@id":"https:\/\/www.nettali.com\/#website","url":"https:\/\/www.nettali.com\/","name":"Nettali.com","description":"Le rendez-vous critique du Net","potentialAction":[{"@type":"SearchAction","target":{"@type":"EntryPoint","urlTemplate":"https:\/\/www.nettali.com\/?s={search_term_string}"},"query-input":"required name=search_term_string"}],"inLanguage":"fr-FR"},{"@type":"ImageObject","@id":"https:\/\/www.nettali.com\/2021\/11\/30\/amnistie-pour-karim-et-khalifa-macky-de-nouveau-favorable\/#primaryimage","inLanguage":"fr-FR","url":"https:\/\/www.nettali.com\/wp-content\/uploads\/2021\/04\/Khalifa-Sall-et-Karim-Wade-1200x500-1.jpeg","contentUrl":"https:\/\/www.nettali.com\/wp-content\/uploads\/2021\/04\/Khalifa-Sall-et-Karim-Wade-1200x500-1.jpeg","width":1200,"height":500},{"@type":"WebPage","@id":"https:\/\/www.nettali.com\/2021\/11\/30\/amnistie-pour-karim-et-khalifa-macky-de-nouveau-favorable\/#webpage","url":"https:\/\/www.nettali.com\/2021\/11\/30\/amnistie-pour-karim-et-khalifa-macky-de-nouveau-favorable\/","name":"AMNISTIE POUR KARIM ET KHALIFA \u2013 Macky de nouveau favorable | Nettali.com","isPartOf":{"@id":"https:\/\/www.nettali.com\/#website"},"primaryImageOfPage":{"@id":"https:\/\/www.nettali.com\/2021\/11\/30\/amnistie-pour-karim-et-khalifa-macky-de-nouveau-favorable\/#primaryimage"},"datePublished":"2021-11-30T10:08:23+00:00","dateModified":"2021-11-30T14:55:47+00:00","author":{"@id":"https:\/\/www.nettali.com\/#\/schema\/person\/8a06c6bd7b19304cf4bf985862900b5b"},"breadcrumb":{"@id":"https:\/\/www.nettali.com\/2021\/11\/30\/amnistie-pour-karim-et-khalifa-macky-de-nouveau-favorable\/#breadcrumb"},"inLanguage":"fr-FR","potentialAction":[{"@type":"ReadAction","target":["https:\/\/www.nettali.com\/2021\/11\/30\/amnistie-pour-karim-et-khalifa-macky-de-nouveau-favorable\/"]}]},{"@type":"BreadcrumbList","@id":"https:\/\/www.nettali.com\/2021\/11\/30\/amnistie-pour-karim-et-khalifa-macky-de-nouveau-favorable\/#breadcrumb","itemListElement":[{"@type":"ListItem","position":1,"name":"Accueil","item":"https:\/\/www.nettali.com\/"},{"@type":"ListItem","position":2,"name":"AMNISTIE POUR KARIM ET KHALIFA \u2013 Macky de nouveau favorable"}]},{"@type":"Person","@id":"https:\/\/www.nettali.com\/#\/schema\/person\/8a06c6bd7b19304cf4bf985862900b5b","name":"Thierno Diop","image":{"@type":"ImageObject","@id":"https:\/\/www.nettali.com\/#personlogo","inLanguage":"fr-FR","url":"https:\/\/secure.gravatar.com\/avatar\/c8ca58550c94fd2ac856d27391a6c866?s=96&d=mm&r=g","contentUrl":"https:\/\/secure.gravatar.com\/avatar\/c8ca58550c94fd2ac856d27391a6c866?s=96&d=mm&r=g","caption":"Thierno Diop"},"sameAs":["https:\/\/nettali.com"]}]}},"_links":{"self":[{"href":"https:\/\/www.nettali.com\/rest\/wp\/v2\/posts\/76605"}],"collection":[{"href":"https:\/\/www.nettali.com\/rest\/wp\/v2\/posts"}],"about":[{"href":"https:\/\/www.nettali.com\/rest\/wp\/v2\/types\/post"}],"author":[{"embeddable":true,"href":"https:\/\/www.nettali.com\/rest\/wp\/v2\/users\/11"}],"replies":[{"embeddable":true,"href":"https:\/\/www.nettali.com\/rest\/wp\/v2\/comments?post=76605"}],"version-history":[{"count":3,"href":"https:\/\/www.nettali.com\/rest\/wp\/v2\/posts\/76605\/revisions"}],"predecessor-version":[{"id":76608,"href":"https:\/\/www.nettali.com\/rest\/wp\/v2\/posts\/76605\/revisions\/76608"}],"wp:featuredmedia":[{"embeddable":true,"href":"https:\/\/www.nettali.com\/rest\/wp\/v2\/media\/62866"}],"wp:attachment":[{"href":"https:\/\/www.nettali.com\/rest\/wp\/v2\/media?parent=76605"}],"wp:term":[{"taxonomy":"category","embeddable":true,"href":"https:\/\/www.nettali.com\/rest\/wp\/v2\/categories?post=76605"},{"taxonomy":"post_tag","embeddable":true,"href":"https:\/\/www.nettali.com\/rest\/wp\/v2\/tags?post=76605"}],"curies":[{"name":"wp","href":"https:\/\/api.w.org\/{rel}","templated":true}]}}