{"id":76448,"date":"2021-11-26T14:19:34","date_gmt":"2021-11-26T14:19:34","guid":{"rendered":"https:\/\/www.nettali.com\/?p=76448"},"modified":"2021-11-26T14:19:34","modified_gmt":"2021-11-26T14:19:34","slug":"budget-2022-le-projet-de-loi-examine-en-seance-pleniere-dimanche","status":"publish","type":"post","link":"https:\/\/www.nettali.com\/2021\/11\/26\/budget-2022-le-projet-de-loi-examine-en-seance-pleniere-dimanche\/","title":{"rendered":"BUDGET 2022 \u2013 Le projet de loi examin\u00e9 en s\u00e9ance pl\u00e9ni\u00e8re, dimanche"},"content":{"rendered":"<p><strong>NETTALI.COM - L'Assembl\u00e9e nationale va examiner \u00e0 partir de dimanche, en s\u00e9ance pl\u00e9ni\u00e8re, <\/strong><strong>le projet de loi de finances 2022, dont le montant s\u2019\u00e9l\u00e8ve \u00e0 plus de 5.150 milliards FCFA.<\/strong><\/p>\n<p>Le projet de loi de finances 2022, dont le montant s\u2019\u00e9l\u00e8ve \u00e0 plus de 5.150 milliards FCFA, soit plus du double du budget en 10 ans, sera soumis \u00e0 l\u2019appr\u00e9ciation des parlementaires dimanche, en s\u00e9ance pl\u00e9ni\u00e8re.<\/p>\n<p>La matin\u00e9e sera consacr\u00e9e aux \"consid\u00e9rations g\u00e9n\u00e9rales\" du budget avec l\u2019examen des recettes, de la dette publique, du budget des pouvoirs publics (pr\u00e9sidence de la R\u00e9publique, Assembl\u00e9e nationale, Haut conseil des collectivit\u00e9s territoriales, Conseil \u00e9conomique social et environnemental, Cour supr\u00eame, Conseil constitutionnel, Cour des comptes) et du Secr\u00e9tariat g\u00e9n\u00e9ral du gouvernement.<\/p>\n<p>A partir de 15h, les d\u00e9put\u00e9s vont examiner le projet de budget du minist\u00e8re des Collectivit\u00e9s territoriales, du D\u00e9veloppement et de l\u2019Am\u00e9nagement des territoires, selon l\u2019Agenda des s\u00e9ances pl\u00e9ni\u00e8res re\u00e7u de l\u2019Assembl\u00e9e nationale.<\/p>\n<p>Pour rappel, le projet de loi de finances 2022, arr\u00eat\u00e9 \u00e0 la somme de 5.150 milliards de francs, a \u00e9t\u00e9 adopt\u00e9e le mercredi 06 octobre 2021 en Conseil des ministres.<\/p>\n<p>&nbsp;<\/p>\n<div class='share-to-whatsapp-wrapper'><div class='share-on-whsp'>PARTAGER SUR : <\/div><a data-text='BUDGET 2022 \u2013 Le projet de loi examin\u00e9 en s\u00e9ance pl\u00e9ni\u00e8re, dimanche' data-link='https:\/\/www.nettali.com\/2021\/11\/26\/budget-2022-le-projet-de-loi-examine-en-seance-pleniere-dimanche\/' class='whatsapp-button whatsapp-share'>WhatsApp<\/a><div class='clear '><\/div><\/div>","protected":false},"excerpt":{"rendered":"<p>NETTALI.COM - L'Assembl\u00e9e nationale va examiner \u00e0 partir de dimanche, en s\u00e9ance pl\u00e9ni\u00e8re, le projet de loi de finances 2022, dont le montant s\u2019\u00e9l\u00e8ve \u00e0 plus de 5.150 milliards FCFA. Le projet de loi de finances 2022, dont le montant s\u2019\u00e9l\u00e8ve \u00e0 plus de 5.150 milliards FCFA, soit plus du double du budget en 10 [&hellip;]<\/p>\n","protected":false},"author":11,"featured_media":66747,"comment_status":"open","ping_status":"open","sticky":false,"template":"","format":"standard","meta":{"_et_pb_use_builder":"","_et_pb_old_content":""},"categories":[3],"tags":[],"yoast_head":"<!-- This site is optimized with the Yoast SEO Premium plugin v17.8 (Yoast SEO v17.8) - https:\/\/yoast.com\/wordpress\/plugins\/seo\/ -->\n<title>BUDGET 2022 \u2013 Le projet de loi examin\u00e9 en s\u00e9ance pl\u00e9ni\u00e8re, dimanche | Nettali.com<\/title>\n<meta name=\"robots\" content=\"index, follow, max-snippet:-1, max-image-preview:large, max-video-preview:-1\" \/>\n<link rel=\"canonical\" href=\"https:\/\/www.nettali.com\/2021\/11\/26\/budget-2022-le-projet-de-loi-examine-en-seance-pleniere-dimanche\/\" \/>\n<meta property=\"og:locale\" content=\"fr_FR\" \/>\n<meta property=\"og:type\" content=\"article\" \/>\n<meta property=\"og:title\" content=\"BUDGET 2022 \u2013 Le projet de loi examin\u00e9 en s\u00e9ance pl\u00e9ni\u00e8re, dimanche\" \/>\n<meta property=\"og:description\" content=\"NETTALI.COM - L&#039;Assembl\u00e9e nationale va examiner \u00e0 partir de dimanche, en s\u00e9ance pl\u00e9ni\u00e8re, le projet de loi de finances 2022, dont le montant s\u2019\u00e9l\u00e8ve \u00e0 plus de 5.150 milliards FCFA. Le projet de loi de finances 2022, dont le montant s\u2019\u00e9l\u00e8ve \u00e0 plus de 5.150 milliards FCFA, soit plus du double du budget en 10 [&hellip;]\" \/>\n<meta property=\"og:url\" content=\"https:\/\/www.nettali.com\/2021\/11\/26\/budget-2022-le-projet-de-loi-examine-en-seance-pleniere-dimanche\/\" \/>\n<meta property=\"og:site_name\" content=\"Nettali.com\" \/>\n<meta property=\"article:publisher\" content=\"https:\/\/www.facebook.com\/nettalicom\" \/>\n<meta property=\"article:published_time\" content=\"2021-11-26T14:19:34+00:00\" \/>\n<meta property=\"og:image\" content=\"https:\/\/www.nettali.com\/wp-content\/uploads\/2021\/06\/assemblee_nationale_ok_7_2_5-1.jpg\" \/>\n\t<meta property=\"og:image:width\" content=\"800\" \/>\n\t<meta property=\"og:image:height\" content=\"470\" \/>\n<meta name=\"twitter:card\" content=\"summary_large_image\" \/>\n<meta name=\"twitter:label1\" content=\"\u00c9crit par\" \/>\n\t<meta name=\"twitter:data1\" content=\"Thierno Diop\" \/>\n\t<meta name=\"twitter:label2\" content=\"Dur\u00e9e de lecture estim\u00e9e\" \/>\n\t<meta name=\"twitter:data2\" content=\"1 minute\" \/>\n<script type=\"application\/ld+json\" class=\"yoast-schema-graph\">{\"@context\":\"https:\/\/schema.org\",\"@graph\":[{\"@type\":\"WebSite\",\"@id\":\"https:\/\/www.nettali.com\/#website\",\"url\":\"https:\/\/www.nettali.com\/\",\"name\":\"Nettali.com\",\"description\":\"Le rendez-vous critique du Net\",\"potentialAction\":[{\"@type\":\"SearchAction\",\"target\":{\"@type\":\"EntryPoint\",\"urlTemplate\":\"https:\/\/www.nettali.com\/?s={search_term_string}\"},\"query-input\":\"required name=search_term_string\"}],\"inLanguage\":\"fr-FR\"},{\"@type\":\"ImageObject\",\"@id\":\"https:\/\/www.nettali.com\/2021\/11\/26\/budget-2022-le-projet-de-loi-examine-en-seance-pleniere-dimanche\/#primaryimage\",\"inLanguage\":\"fr-FR\",\"url\":\"https:\/\/www.nettali.com\/wp-content\/uploads\/2021\/06\/assemblee_nationale_ok_7_2_5-1.jpg\",\"contentUrl\":\"https:\/\/www.nettali.com\/wp-content\/uploads\/2021\/06\/assemblee_nationale_ok_7_2_5-1.jpg\",\"width\":800,\"height\":470},{\"@type\":\"WebPage\",\"@id\":\"https:\/\/www.nettali.com\/2021\/11\/26\/budget-2022-le-projet-de-loi-examine-en-seance-pleniere-dimanche\/#webpage\",\"url\":\"https:\/\/www.nettali.com\/2021\/11\/26\/budget-2022-le-projet-de-loi-examine-en-seance-pleniere-dimanche\/\",\"name\":\"BUDGET 2022 \\u2013 Le projet de loi examin\\u00e9 en s\\u00e9ance pl\\u00e9ni\\u00e8re, dimanche | Nettali.com\",\"isPartOf\":{\"@id\":\"https:\/\/www.nettali.com\/#website\"},\"primaryImageOfPage\":{\"@id\":\"https:\/\/www.nettali.com\/2021\/11\/26\/budget-2022-le-projet-de-loi-examine-en-seance-pleniere-dimanche\/#primaryimage\"},\"datePublished\":\"2021-11-26T14:19:34+00:00\",\"dateModified\":\"2021-11-26T14:19:34+00:00\",\"author\":{\"@id\":\"https:\/\/www.nettali.com\/#\/schema\/person\/8a06c6bd7b19304cf4bf985862900b5b\"},\"breadcrumb\":{\"@id\":\"https:\/\/www.nettali.com\/2021\/11\/26\/budget-2022-le-projet-de-loi-examine-en-seance-pleniere-dimanche\/#breadcrumb\"},\"inLanguage\":\"fr-FR\",\"potentialAction\":[{\"@type\":\"ReadAction\",\"target\":[\"https:\/\/www.nettali.com\/2021\/11\/26\/budget-2022-le-projet-de-loi-examine-en-seance-pleniere-dimanche\/\"]}]},{\"@type\":\"BreadcrumbList\",\"@id\":\"https:\/\/www.nettali.com\/2021\/11\/26\/budget-2022-le-projet-de-loi-examine-en-seance-pleniere-dimanche\/#breadcrumb\",\"itemListElement\":[{\"@type\":\"ListItem\",\"position\":1,\"name\":\"Accueil\",\"item\":\"https:\/\/www.nettali.com\/\"},{\"@type\":\"ListItem\",\"position\":2,\"name\":\"BUDGET 2022 \\u2013 Le projet de loi examin\\u00e9 en s\\u00e9ance pl\\u00e9ni\\u00e8re, dimanche\"}]},{\"@type\":\"Person\",\"@id\":\"https:\/\/www.nettali.com\/#\/schema\/person\/8a06c6bd7b19304cf4bf985862900b5b\",\"name\":\"Thierno Diop\",\"image\":{\"@type\":\"ImageObject\",\"@id\":\"https:\/\/www.nettali.com\/#personlogo\",\"inLanguage\":\"fr-FR\",\"url\":\"https:\/\/secure.gravatar.com\/avatar\/c8ca58550c94fd2ac856d27391a6c866?s=96&d=mm&r=g\",\"contentUrl\":\"https:\/\/secure.gravatar.com\/avatar\/c8ca58550c94fd2ac856d27391a6c866?s=96&d=mm&r=g\",\"caption\":\"Thierno Diop\"},\"sameAs\":[\"https:\/\/nettali.com\"]}]}<\/script>\n<!-- \/ Yoast SEO Premium plugin. -->","yoast_head_json":{"title":"BUDGET 2022 \u2013 Le projet de loi examin\u00e9 en s\u00e9ance pl\u00e9ni\u00e8re, dimanche | Nettali.com","robots":{"index":"index","follow":"follow","max-snippet":"max-snippet:-1","max-image-preview":"max-image-preview:large","max-video-preview":"max-video-preview:-1"},"canonical":"https:\/\/www.nettali.com\/2021\/11\/26\/budget-2022-le-projet-de-loi-examine-en-seance-pleniere-dimanche\/","og_locale":"fr_FR","og_type":"article","og_title":"BUDGET 2022 \u2013 Le projet de loi examin\u00e9 en s\u00e9ance pl\u00e9ni\u00e8re, dimanche","og_description":"NETTALI.COM - L'Assembl\u00e9e nationale va examiner \u00e0 partir de dimanche, en s\u00e9ance pl\u00e9ni\u00e8re, le projet de loi de finances 2022, dont le montant s\u2019\u00e9l\u00e8ve \u00e0 plus de 5.150 milliards FCFA. Le projet de loi de finances 2022, dont le montant s\u2019\u00e9l\u00e8ve \u00e0 plus de 5.150 milliards FCFA, soit plus du double du budget en 10 [&hellip;]","og_url":"https:\/\/www.nettali.com\/2021\/11\/26\/budget-2022-le-projet-de-loi-examine-en-seance-pleniere-dimanche\/","og_site_name":"Nettali.com","article_publisher":"https:\/\/www.facebook.com\/nettalicom","article_published_time":"2021-11-26T14:19:34+00:00","og_image":[{"width":800,"height":470,"url":"https:\/\/www.nettali.com\/wp-content\/uploads\/2021\/06\/assemblee_nationale_ok_7_2_5-1.jpg","type":"image\/jpeg"}],"twitter_card":"summary_large_image","twitter_misc":{"\u00c9crit par":"Thierno Diop","Dur\u00e9e de lecture estim\u00e9e":"1 minute"},"schema":{"@context":"https:\/\/schema.org","@graph":[{"@type":"WebSite","@id":"https:\/\/www.nettali.com\/#website","url":"https:\/\/www.nettali.com\/","name":"Nettali.com","description":"Le rendez-vous critique du Net","potentialAction":[{"@type":"SearchAction","target":{"@type":"EntryPoint","urlTemplate":"https:\/\/www.nettali.com\/?s={search_term_string}"},"query-input":"required name=search_term_string"}],"inLanguage":"fr-FR"},{"@type":"ImageObject","@id":"https:\/\/www.nettali.com\/2021\/11\/26\/budget-2022-le-projet-de-loi-examine-en-seance-pleniere-dimanche\/#primaryimage","inLanguage":"fr-FR","url":"https:\/\/www.nettali.com\/wp-content\/uploads\/2021\/06\/assemblee_nationale_ok_7_2_5-1.jpg","contentUrl":"https:\/\/www.nettali.com\/wp-content\/uploads\/2021\/06\/assemblee_nationale_ok_7_2_5-1.jpg","width":800,"height":470},{"@type":"WebPage","@id":"https:\/\/www.nettali.com\/2021\/11\/26\/budget-2022-le-projet-de-loi-examine-en-seance-pleniere-dimanche\/#webpage","url":"https:\/\/www.nettali.com\/2021\/11\/26\/budget-2022-le-projet-de-loi-examine-en-seance-pleniere-dimanche\/","name":"BUDGET 2022 \u2013 Le projet de loi examin\u00e9 en s\u00e9ance pl\u00e9ni\u00e8re, dimanche | Nettali.com","isPartOf":{"@id":"https:\/\/www.nettali.com\/#website"},"primaryImageOfPage":{"@id":"https:\/\/www.nettali.com\/2021\/11\/26\/budget-2022-le-projet-de-loi-examine-en-seance-pleniere-dimanche\/#primaryimage"},"datePublished":"2021-11-26T14:19:34+00:00","dateModified":"2021-11-26T14:19:34+00:00","author":{"@id":"https:\/\/www.nettali.com\/#\/schema\/person\/8a06c6bd7b19304cf4bf985862900b5b"},"breadcrumb":{"@id":"https:\/\/www.nettali.com\/2021\/11\/26\/budget-2022-le-projet-de-loi-examine-en-seance-pleniere-dimanche\/#breadcrumb"},"inLanguage":"fr-FR","potentialAction":[{"@type":"ReadAction","target":["https:\/\/www.nettali.com\/2021\/11\/26\/budget-2022-le-projet-de-loi-examine-en-seance-pleniere-dimanche\/"]}]},{"@type":"BreadcrumbList","@id":"https:\/\/www.nettali.com\/2021\/11\/26\/budget-2022-le-projet-de-loi-examine-en-seance-pleniere-dimanche\/#breadcrumb","itemListElement":[{"@type":"ListItem","position":1,"name":"Accueil","item":"https:\/\/www.nettali.com\/"},{"@type":"ListItem","position":2,"name":"BUDGET 2022 \u2013 Le projet de loi examin\u00e9 en s\u00e9ance pl\u00e9ni\u00e8re, dimanche"}]},{"@type":"Person","@id":"https:\/\/www.nettali.com\/#\/schema\/person\/8a06c6bd7b19304cf4bf985862900b5b","name":"Thierno Diop","image":{"@type":"ImageObject","@id":"https:\/\/www.nettali.com\/#personlogo","inLanguage":"fr-FR","url":"https:\/\/secure.gravatar.com\/avatar\/c8ca58550c94fd2ac856d27391a6c866?s=96&d=mm&r=g","contentUrl":"https:\/\/secure.gravatar.com\/avatar\/c8ca58550c94fd2ac856d27391a6c866?s=96&d=mm&r=g","caption":"Thierno Diop"},"sameAs":["https:\/\/nettali.com"]}]}},"_links":{"self":[{"href":"https:\/\/www.nettali.com\/rest\/wp\/v2\/posts\/76448"}],"collection":[{"href":"https:\/\/www.nettali.com\/rest\/wp\/v2\/posts"}],"about":[{"href":"https:\/\/www.nettali.com\/rest\/wp\/v2\/types\/post"}],"author":[{"embeddable":true,"href":"https:\/\/www.nettali.com\/rest\/wp\/v2\/users\/11"}],"replies":[{"embeddable":true,"href":"https:\/\/www.nettali.com\/rest\/wp\/v2\/comments?post=76448"}],"version-history":[{"count":1,"href":"https:\/\/www.nettali.com\/rest\/wp\/v2\/posts\/76448\/revisions"}],"predecessor-version":[{"id":76449,"href":"https:\/\/www.nettali.com\/rest\/wp\/v2\/posts\/76448\/revisions\/76449"}],"wp:featuredmedia":[{"embeddable":true,"href":"https:\/\/www.nettali.com\/rest\/wp\/v2\/media\/66747"}],"wp:attachment":[{"href":"https:\/\/www.nettali.com\/rest\/wp\/v2\/media?parent=76448"}],"wp:term":[{"taxonomy":"category","embeddable":true,"href":"https:\/\/www.nettali.com\/rest\/wp\/v2\/categories?post=76448"},{"taxonomy":"post_tag","embeddable":true,"href":"https:\/\/www.nettali.com\/rest\/wp\/v2\/tags?post=76448"}],"curies":[{"name":"wp","href":"https:\/\/api.w.org\/{rel}","templated":true}]}}