{"id":76420,"date":"2021-11-26T10:08:31","date_gmt":"2021-11-26T10:08:31","guid":{"rendered":"https:\/\/www.nettali.com\/?p=76420"},"modified":"2021-11-26T12:56:50","modified_gmt":"2021-11-26T12:56:50","slug":"restauration-de-la-primature-oumar-gueye-expose-les-motifs","status":"publish","type":"post","link":"https:\/\/www.nettali.com\/2021\/11\/26\/restauration-de-la-primature-oumar-gueye-expose-les-motifs\/","title":{"rendered":"RESTAURATION DE LA PRIMATURE \u2013 La majorit\u00e9 expose les motifs"},"content":{"rendered":"<p><strong>NETTALI.COM \u2013 Justifiant la restauration de la Primature, e ministre de la Gouvernance territoriale, du D\u00e9veloppement et de l\u2019Am\u00e9nagement du territoire, par ailleurs porte-parole du gouvernement, refuse toutefois d\u2019assimiler cette d\u00e9cision \u00e0 un \u00e9chec du \u201cFast track\u2019\u2019. De son c\u00f4t\u00e9, l'Alliance pour la R\u00e9publique croit savoir que la r\u00e9vision constitutionnelle \u00e0 venir traduit sa ferme volont\u00e9\u00a0 \"d\u2019adapter l\u2019organisation du Pouvoir ex\u00e9cutif \u00e0 un nouvel environnement \u00e9conomique et socio-politique \u00bb marqu\u00e9 par la crise de la Covid-19\".\u00a0<\/strong><\/p>\n<p>Face au Parlement, dans le cadre du vote du projet de loi relatif aux modifications apport\u00e9es au Code \u00e9lectorale, Oumar Gu\u00e8ye a \u00e9t\u00e9 interpell\u00e9 hier sur le r\u00e9tablissement annonc\u00e9 du poste de Premier ministre.<\/p>\n<p>A ce propos, le ministre de la Gouvernance territoriale, du D\u00e9veloppement et de l\u2019Am\u00e9nagement du territoire, par ailleurs porte-parole du gouvernement estime qu\u2019il n\u2019y a rien d\u2019extraordinaire. Le maire de Sangalkam pense d\u2019ailleurs que ce n\u2019est pas une nouveaut\u00e9. \u201cSi vous interrogez l\u2019histoire politique du S\u00e9n\u00e9gal, ce n\u2019est pas la premi\u00e8re fois que le poste de Premier ministre est supprim\u00e9 et r\u00e9tabli ; c\u2019est la bonne marche des choses. C\u2019est le pr\u00e9sident de la R\u00e9publique qui d\u00e9finit la politique de la nation et qui, face \u00e0 certaines situations, d\u00e9cide de comment il doit organiser l\u2019architecture de son gouvernement. C\u2019est la raison pour laquelle le pr\u00e9sident Macky Sall a d\u00e9cid\u00e9 de ramener le poste de Premier ministre apr\u00e8s une suppression\u2019\u2019, d\u00e9taille Oumar Gu\u00e8ye.<\/p>\n<p>De son c\u00f4t\u00e9, l\u2019Alliance pour la R\u00e9publique (Apr) soutient que la d\u00e9cision prise par le Pr\u00e9sident Macky Sall de restaurer le poste de Premier ministre\u00a0 \"s\u2019inscrit dans une perspective de renouveau institutionnel et de performance administrative en vue de renforcer notre mod\u00e8le de gouvernance\".<\/p>\n<p>En clair, explique un document sign\u00e9 du porte-parole national, Seydou Gu\u00e8ye, le parti pr\u00e9sidentiel se f\u00e9licite de l\u2019accueil enthousiaste r\u00e9serv\u00e9 \u00e0 cette d\u00e9cision par de larges segments de la soci\u00e9t\u00e9, convaincus de son bien-fond\u00e9 et de sa pertinence.<\/p>\n<p>Ainsi, l\u2019Apr marque sa parfaite adh\u00e9sion et exprime son soutien total au pr\u00e9sident de la R\u00e9publique qui exerce \u00e0 travers ce projet de r\u00e9vision, une pr\u00e9rogative fondamentale que lui conf\u00e8re la Constitution \u00e0 savoir, selon eux, \"d\u00e9finir la politique de la nation et choisir la forme institutionnelle la plus appropri\u00e9e pour sa mise en \u0153uvre\".<\/p>\n<p>Le document de souligner que \u00ab\u00a0cette d\u00e9cision participe de la logique d\u2019efficacit\u00e9 et d\u2019efficience qui caract\u00e9rise en permanence l\u2019action du Pr\u00e9sident Sall, exclusivement orient\u00e9e vers la satisfaction des attentes des populations et l\u2019\u00e9dification d\u2019un S\u00e9n\u00e9gal de tous, un S\u00e9n\u00e9gal pour tous\u00a0\u00bb.<\/p>\n<p>L\u2019Apr croit savoir que cette r\u00e9vision constitutionnelle traduit sa ferme volont\u00e9\u00a0 \"d\u2019adapter l\u2019organisation du Pouvoir ex\u00e9cutif \u00e0 un nouvel environnement \u00e9conomique et socio-politique marqu\u00e9 par la crise de la Covid-19, l\u2019adoption du Plan de relance de l\u2019\u00e9conomie nationale (PAP2A) et un agenda diplomatique international dont l\u2019Afrique et le monde attendent beaucoup du S\u00e9n\u00e9gal et du Pr\u00e9sident Macky Sall\".<\/p>\n<p>Qui plus est, l\u2019Apr rappelle que le chef de l\u2019Etat, pr\u00e9sident en exercice de l\u2019Union africaine en 2022-2023, devra prendre en charge les questions relatives au d\u00e9veloppement du S\u00e9n\u00e9gal, de l\u2019Afrique et de leur place dans l\u2019\u00e9chiquier mondial.<\/p>\n<p>&nbsp;<\/p>\n<div class='share-to-whatsapp-wrapper'><div class='share-on-whsp'>PARTAGER SUR : <\/div><a data-text='RESTAURATION DE LA PRIMATURE \u2013 La majorit\u00e9 expose les motifs' data-link='https:\/\/www.nettali.com\/2021\/11\/26\/restauration-de-la-primature-oumar-gueye-expose-les-motifs\/' class='whatsapp-button whatsapp-share'>WhatsApp<\/a><div class='clear '><\/div><\/div>","protected":false},"excerpt":{"rendered":"<p>NETTALI.COM \u2013 Justifiant la restauration de la Primature, e ministre de la Gouvernance territoriale, du D\u00e9veloppement et de l\u2019Am\u00e9nagement du territoire, par ailleurs porte-parole du gouvernement, refuse toutefois d\u2019assimiler cette d\u00e9cision \u00e0 un \u00e9chec du \u201cFast track\u2019\u2019. De son c\u00f4t\u00e9, l'Alliance pour la R\u00e9publique croit savoir que la r\u00e9vision constitutionnelle \u00e0 venir traduit sa ferme [&hellip;]<\/p>\n","protected":false},"author":11,"featured_media":62953,"comment_status":"open","ping_status":"open","sticky":false,"template":"","format":"standard","meta":{"_et_pb_use_builder":"","_et_pb_old_content":""},"categories":[2],"tags":[],"yoast_head":"<!-- This site is optimized with the Yoast SEO Premium plugin v17.8 (Yoast SEO v17.8) - https:\/\/yoast.com\/wordpress\/plugins\/seo\/ -->\n<title>RESTAURATION DE LA PRIMATURE \u2013 La majorit\u00e9 expose les motifs | Nettali.com<\/title>\n<meta name=\"robots\" content=\"index, follow, max-snippet:-1, max-image-preview:large, max-video-preview:-1\" \/>\n<link rel=\"canonical\" href=\"https:\/\/www.nettali.com\/2021\/11\/26\/restauration-de-la-primature-oumar-gueye-expose-les-motifs\/\" \/>\n<meta property=\"og:locale\" content=\"fr_FR\" \/>\n<meta property=\"og:type\" content=\"article\" \/>\n<meta property=\"og:title\" content=\"RESTAURATION DE LA PRIMATURE \u2013 La majorit\u00e9 expose les motifs\" \/>\n<meta property=\"og:description\" content=\"NETTALI.COM \u2013 Justifiant la restauration de la Primature, e ministre de la Gouvernance territoriale, du D\u00e9veloppement et de l\u2019Am\u00e9nagement du territoire, par ailleurs porte-parole du gouvernement, refuse toutefois d\u2019assimiler cette d\u00e9cision \u00e0 un \u00e9chec du \u201cFast track\u2019\u2019. De son c\u00f4t\u00e9, l&#039;Alliance pour la R\u00e9publique croit savoir que la r\u00e9vision constitutionnelle \u00e0 venir traduit sa ferme [&hellip;]\" \/>\n<meta property=\"og:url\" content=\"https:\/\/www.nettali.com\/2021\/11\/26\/restauration-de-la-primature-oumar-gueye-expose-les-motifs\/\" \/>\n<meta property=\"og:site_name\" content=\"Nettali.com\" \/>\n<meta property=\"article:publisher\" content=\"https:\/\/www.facebook.com\/nettalicom\" \/>\n<meta property=\"article:published_time\" content=\"2021-11-26T10:08:31+00:00\" \/>\n<meta property=\"article:modified_time\" content=\"2021-11-26T12:56:50+00:00\" \/>\n<meta property=\"og:image\" content=\"https:\/\/www.nettali.com\/wp-content\/uploads\/2021\/04\/oumar-gueye-ministre-1.jpg\" \/>\n\t<meta property=\"og:image:width\" content=\"892\" \/>\n\t<meta property=\"og:image:height\" content=\"528\" \/>\n<meta name=\"twitter:card\" content=\"summary_large_image\" \/>\n<meta name=\"twitter:label1\" content=\"\u00c9crit par\" \/>\n\t<meta name=\"twitter:data1\" content=\"Thierno Diop\" \/>\n\t<meta name=\"twitter:label2\" content=\"Dur\u00e9e de lecture estim\u00e9e\" \/>\n\t<meta name=\"twitter:data2\" content=\"3 minutes\" \/>\n<script type=\"application\/ld+json\" class=\"yoast-schema-graph\">{\"@context\":\"https:\/\/schema.org\",\"@graph\":[{\"@type\":\"WebSite\",\"@id\":\"https:\/\/www.nettali.com\/#website\",\"url\":\"https:\/\/www.nettali.com\/\",\"name\":\"Nettali.com\",\"description\":\"Le rendez-vous critique du Net\",\"potentialAction\":[{\"@type\":\"SearchAction\",\"target\":{\"@type\":\"EntryPoint\",\"urlTemplate\":\"https:\/\/www.nettali.com\/?s={search_term_string}\"},\"query-input\":\"required name=search_term_string\"}],\"inLanguage\":\"fr-FR\"},{\"@type\":\"ImageObject\",\"@id\":\"https:\/\/www.nettali.com\/2021\/11\/26\/restauration-de-la-primature-oumar-gueye-expose-les-motifs\/#primaryimage\",\"inLanguage\":\"fr-FR\",\"url\":\"https:\/\/www.nettali.com\/wp-content\/uploads\/2021\/04\/oumar-gueye-ministre-1.jpg\",\"contentUrl\":\"https:\/\/www.nettali.com\/wp-content\/uploads\/2021\/04\/oumar-gueye-ministre-1.jpg\",\"width\":892,\"height\":528},{\"@type\":\"WebPage\",\"@id\":\"https:\/\/www.nettali.com\/2021\/11\/26\/restauration-de-la-primature-oumar-gueye-expose-les-motifs\/#webpage\",\"url\":\"https:\/\/www.nettali.com\/2021\/11\/26\/restauration-de-la-primature-oumar-gueye-expose-les-motifs\/\",\"name\":\"RESTAURATION DE LA PRIMATURE \\u2013 La majorit\\u00e9 expose les motifs | Nettali.com\",\"isPartOf\":{\"@id\":\"https:\/\/www.nettali.com\/#website\"},\"primaryImageOfPage\":{\"@id\":\"https:\/\/www.nettali.com\/2021\/11\/26\/restauration-de-la-primature-oumar-gueye-expose-les-motifs\/#primaryimage\"},\"datePublished\":\"2021-11-26T10:08:31+00:00\",\"dateModified\":\"2021-11-26T12:56:50+00:00\",\"author\":{\"@id\":\"https:\/\/www.nettali.com\/#\/schema\/person\/8a06c6bd7b19304cf4bf985862900b5b\"},\"breadcrumb\":{\"@id\":\"https:\/\/www.nettali.com\/2021\/11\/26\/restauration-de-la-primature-oumar-gueye-expose-les-motifs\/#breadcrumb\"},\"inLanguage\":\"fr-FR\",\"potentialAction\":[{\"@type\":\"ReadAction\",\"target\":[\"https:\/\/www.nettali.com\/2021\/11\/26\/restauration-de-la-primature-oumar-gueye-expose-les-motifs\/\"]}]},{\"@type\":\"BreadcrumbList\",\"@id\":\"https:\/\/www.nettali.com\/2021\/11\/26\/restauration-de-la-primature-oumar-gueye-expose-les-motifs\/#breadcrumb\",\"itemListElement\":[{\"@type\":\"ListItem\",\"position\":1,\"name\":\"Accueil\",\"item\":\"https:\/\/www.nettali.com\/\"},{\"@type\":\"ListItem\",\"position\":2,\"name\":\"RESTAURATION DE LA PRIMATURE \\u2013 La majorit\\u00e9 expose les motifs\"}]},{\"@type\":\"Person\",\"@id\":\"https:\/\/www.nettali.com\/#\/schema\/person\/8a06c6bd7b19304cf4bf985862900b5b\",\"name\":\"Thierno Diop\",\"image\":{\"@type\":\"ImageObject\",\"@id\":\"https:\/\/www.nettali.com\/#personlogo\",\"inLanguage\":\"fr-FR\",\"url\":\"https:\/\/secure.gravatar.com\/avatar\/c8ca58550c94fd2ac856d27391a6c866?s=96&d=mm&r=g\",\"contentUrl\":\"https:\/\/secure.gravatar.com\/avatar\/c8ca58550c94fd2ac856d27391a6c866?s=96&d=mm&r=g\",\"caption\":\"Thierno Diop\"},\"sameAs\":[\"https:\/\/nettali.com\"]}]}<\/script>\n<!-- \/ Yoast SEO Premium plugin. -->","yoast_head_json":{"title":"RESTAURATION DE LA PRIMATURE \u2013 La majorit\u00e9 expose les motifs | Nettali.com","robots":{"index":"index","follow":"follow","max-snippet":"max-snippet:-1","max-image-preview":"max-image-preview:large","max-video-preview":"max-video-preview:-1"},"canonical":"https:\/\/www.nettali.com\/2021\/11\/26\/restauration-de-la-primature-oumar-gueye-expose-les-motifs\/","og_locale":"fr_FR","og_type":"article","og_title":"RESTAURATION DE LA PRIMATURE \u2013 La majorit\u00e9 expose les motifs","og_description":"NETTALI.COM \u2013 Justifiant la restauration de la Primature, e ministre de la Gouvernance territoriale, du D\u00e9veloppement et de l\u2019Am\u00e9nagement du territoire, par ailleurs porte-parole du gouvernement, refuse toutefois d\u2019assimiler cette d\u00e9cision \u00e0 un \u00e9chec du \u201cFast track\u2019\u2019. De son c\u00f4t\u00e9, l'Alliance pour la R\u00e9publique croit savoir que la r\u00e9vision constitutionnelle \u00e0 venir traduit sa ferme [&hellip;]","og_url":"https:\/\/www.nettali.com\/2021\/11\/26\/restauration-de-la-primature-oumar-gueye-expose-les-motifs\/","og_site_name":"Nettali.com","article_publisher":"https:\/\/www.facebook.com\/nettalicom","article_published_time":"2021-11-26T10:08:31+00:00","article_modified_time":"2021-11-26T12:56:50+00:00","og_image":[{"width":892,"height":528,"url":"https:\/\/www.nettali.com\/wp-content\/uploads\/2021\/04\/oumar-gueye-ministre-1.jpg","type":"image\/jpeg"}],"twitter_card":"summary_large_image","twitter_misc":{"\u00c9crit par":"Thierno Diop","Dur\u00e9e de lecture estim\u00e9e":"3 minutes"},"schema":{"@context":"https:\/\/schema.org","@graph":[{"@type":"WebSite","@id":"https:\/\/www.nettali.com\/#website","url":"https:\/\/www.nettali.com\/","name":"Nettali.com","description":"Le rendez-vous critique du Net","potentialAction":[{"@type":"SearchAction","target":{"@type":"EntryPoint","urlTemplate":"https:\/\/www.nettali.com\/?s={search_term_string}"},"query-input":"required name=search_term_string"}],"inLanguage":"fr-FR"},{"@type":"ImageObject","@id":"https:\/\/www.nettali.com\/2021\/11\/26\/restauration-de-la-primature-oumar-gueye-expose-les-motifs\/#primaryimage","inLanguage":"fr-FR","url":"https:\/\/www.nettali.com\/wp-content\/uploads\/2021\/04\/oumar-gueye-ministre-1.jpg","contentUrl":"https:\/\/www.nettali.com\/wp-content\/uploads\/2021\/04\/oumar-gueye-ministre-1.jpg","width":892,"height":528},{"@type":"WebPage","@id":"https:\/\/www.nettali.com\/2021\/11\/26\/restauration-de-la-primature-oumar-gueye-expose-les-motifs\/#webpage","url":"https:\/\/www.nettali.com\/2021\/11\/26\/restauration-de-la-primature-oumar-gueye-expose-les-motifs\/","name":"RESTAURATION DE LA PRIMATURE \u2013 La majorit\u00e9 expose les motifs | Nettali.com","isPartOf":{"@id":"https:\/\/www.nettali.com\/#website"},"primaryImageOfPage":{"@id":"https:\/\/www.nettali.com\/2021\/11\/26\/restauration-de-la-primature-oumar-gueye-expose-les-motifs\/#primaryimage"},"datePublished":"2021-11-26T10:08:31+00:00","dateModified":"2021-11-26T12:56:50+00:00","author":{"@id":"https:\/\/www.nettali.com\/#\/schema\/person\/8a06c6bd7b19304cf4bf985862900b5b"},"breadcrumb":{"@id":"https:\/\/www.nettali.com\/2021\/11\/26\/restauration-de-la-primature-oumar-gueye-expose-les-motifs\/#breadcrumb"},"inLanguage":"fr-FR","potentialAction":[{"@type":"ReadAction","target":["https:\/\/www.nettali.com\/2021\/11\/26\/restauration-de-la-primature-oumar-gueye-expose-les-motifs\/"]}]},{"@type":"BreadcrumbList","@id":"https:\/\/www.nettali.com\/2021\/11\/26\/restauration-de-la-primature-oumar-gueye-expose-les-motifs\/#breadcrumb","itemListElement":[{"@type":"ListItem","position":1,"name":"Accueil","item":"https:\/\/www.nettali.com\/"},{"@type":"ListItem","position":2,"name":"RESTAURATION DE LA PRIMATURE \u2013 La majorit\u00e9 expose les motifs"}]},{"@type":"Person","@id":"https:\/\/www.nettali.com\/#\/schema\/person\/8a06c6bd7b19304cf4bf985862900b5b","name":"Thierno Diop","image":{"@type":"ImageObject","@id":"https:\/\/www.nettali.com\/#personlogo","inLanguage":"fr-FR","url":"https:\/\/secure.gravatar.com\/avatar\/c8ca58550c94fd2ac856d27391a6c866?s=96&d=mm&r=g","contentUrl":"https:\/\/secure.gravatar.com\/avatar\/c8ca58550c94fd2ac856d27391a6c866?s=96&d=mm&r=g","caption":"Thierno Diop"},"sameAs":["https:\/\/nettali.com"]}]}},"_links":{"self":[{"href":"https:\/\/www.nettali.com\/rest\/wp\/v2\/posts\/76420"}],"collection":[{"href":"https:\/\/www.nettali.com\/rest\/wp\/v2\/posts"}],"about":[{"href":"https:\/\/www.nettali.com\/rest\/wp\/v2\/types\/post"}],"author":[{"embeddable":true,"href":"https:\/\/www.nettali.com\/rest\/wp\/v2\/users\/11"}],"replies":[{"embeddable":true,"href":"https:\/\/www.nettali.com\/rest\/wp\/v2\/comments?post=76420"}],"version-history":[{"count":3,"href":"https:\/\/www.nettali.com\/rest\/wp\/v2\/posts\/76420\/revisions"}],"predecessor-version":[{"id":76423,"href":"https:\/\/www.nettali.com\/rest\/wp\/v2\/posts\/76420\/revisions\/76423"}],"wp:featuredmedia":[{"embeddable":true,"href":"https:\/\/www.nettali.com\/rest\/wp\/v2\/media\/62953"}],"wp:attachment":[{"href":"https:\/\/www.nettali.com\/rest\/wp\/v2\/media?parent=76420"}],"wp:term":[{"taxonomy":"category","embeddable":true,"href":"https:\/\/www.nettali.com\/rest\/wp\/v2\/categories?post=76420"},{"taxonomy":"post_tag","embeddable":true,"href":"https:\/\/www.nettali.com\/rest\/wp\/v2\/tags?post=76420"}],"curies":[{"name":"wp","href":"https:\/\/api.w.org\/{rel}","templated":true}]}}