{"id":76376,"date":"2021-11-25T12:20:27","date_gmt":"2021-11-25T12:20:27","guid":{"rendered":"https:\/\/www.nettali.com\/?p=76376"},"modified":"2021-11-25T12:20:27","modified_gmt":"2021-11-25T12:20:27","slug":"inquietudes-de-la-caf-sur-lorganisation-de-la-can-2022-au-cameroun","status":"publish","type":"post","link":"https:\/\/www.nettali.com\/2021\/11\/25\/inquietudes-de-la-caf-sur-lorganisation-de-la-can-2022-au-cameroun\/","title":{"rendered":"Inqui\u00e9tudes de la CAF sur l'organisation de la CAN 2022 au Cameroun"},"content":{"rendered":"<p dir=\"ltr\"><strong>NETTALI.COM - La Conf\u00e9d\u00e9ration africaine de football (CAF) a fait part de ses doutes ce mercredi sur l'organisation par le Cameroun de la prochaine Coupe d'Afrique des nations (CAN), du 9 janvier au 6 f\u00e9vrier 2022.<\/strong><\/p>\n<p dir=\"ltr\">La Conf\u00e9d\u00e9ration africaine de football a exprim\u00e9 ce mercredi ses inqui\u00e9tudes sur l'organisation de la prochaine Coupe d'Afrique des nations au Cameroun (du 9 janvier au 6 f\u00e9vrier 2022), mais la tenue de la comp\u00e9tition n'est pas menac\u00e9e, a appris l'AFP, aupr\u00e8s de la CAF et du comit\u00e9 d'organisation.<\/p>\n<p dir=\"ltr\">\u00ab <em>Je suis navr\u00e9 de constater que malgr\u00e9 les nombreuses visites, notamment celle du pr\u00e9sident, du secr\u00e9taire g\u00e9n\u00e9ral de la CAF et du vice-pr\u00e9sident de la CAF, et les promesses qui ont suivi, les actes n'ont pas suivi<\/em> \u00bb, \u00e9crit M. Mosengo-Omba, proche conseiller du pr\u00e9sident de la FIFA, Gianni Infantino, v\u00e9ritable cheville ouvri\u00e8re de la CAF, dans un courrier que s'est procur\u00e9 l'AFP.<\/p>\n<p dir=\"ltr\"><em><strong>\u00ab S'AGISSANT DU STADE (D'OUVERTURE) D'OLEMB\u00c9, SACHEZ QUE SI TOUT N'EST PAS R\u00c9GL\u00c9 D'ICI AU 30 NOVEMBRE 2021, LE MATCH D'OUVERTURE AURA LIEU AILLEURS \u00bb<\/strong><\/em><\/p>\n<p dir=\"ltr\">V\u00e9ron Mosengo-Omba, secr\u00e9taire g\u00e9n\u00e9ral de la Coupe d'Afrique des nations.<\/p>\n<p dir=\"ltr\">Ce courrier provient d'un \u00e9change entre la Conf\u00e9d\u00e9ration, bas\u00e9e au Caire (Egypte), et le Comit\u00e9 d'organisation (Cocan), dont l'AFP a \u00e9galement eu connaissance. Des remontrances ont \u00e9t\u00e9 exprim\u00e9es dans un courrier du 17 novembre sign\u00e9 du secr\u00e9taire g\u00e9n\u00e9ral de la CAF, V\u00e9ron Mosengo-Omba, adress\u00e9 au ministre des Sports du Cameroun, Narcisse Mouelle Kombi, \u00e9galement pr\u00e9sident du Cocan. \u00ab <em>Non, non ! Ce sont des fake news<\/em> \u00bb, a r\u00e9pondu ce mercredi \u00e0 l'AFP un haut-dirigeant de la CAF sur les risques de renoncer \u00e0 organiser la CAN au Cameroun.<\/p>\n<p dir=\"ltr\">\u00ab <em>Je dois porter \u00e0 votre attention, poursuit le secr\u00e9taire g\u00e9n\u00e9ral de la CAF, de s\u00e9rieuses inqui\u00e9tudes concernant l'organisation du tournoi<\/em> \u00bb. Le principal sujet de m\u00e9contentement de la CAF concerne les abords du nouveau stade de Yaound\u00e9, \u00e0 Olemb\u00e9, celui du match d'ouverture et de la finale. \u00ab <em>S'agissant du stade d'Olemb\u00e9, sachez que si tout n'est pas r\u00e9gl\u00e9 d'ici au 30 novembre 2021, le match d'ouverture aura lieu ailleurs. Des dispositions ont d'ores et d\u00e9j\u00e0 \u00e9t\u00e9 prises dans ce sens, mais ce serait malheureux pour le Comit\u00e9 d'Organisation, pour la CAF et pour le Cameroun<\/em> \u00bb, indique M. Mosengo-Omba.<\/p>\n<p dir=\"ltr\">La Conf\u00e9d\u00e9ration africaine s'inqui\u00e9tait \u00e9galement du protocole Covid pr\u00e9vu pour acc\u00e9der au stade ou du recrutement des b\u00e9n\u00e9voles. Le ministre et pr\u00e9sident du Cocan a r\u00e9pondu point par point dans un courrier dat\u00e9 du 23 novembre, que l'AFP a \u00e9galement obtenu.<\/p>\n<p dir=\"ltr\"><em><strong>LE CAMEROUN ASSURE QU'IL VA \u00ab RESPECTER SES ENGAGEMENTS \u00bb<\/strong><\/em><\/p>\n<p dir=\"ltr\">Au sujet du stade d'Olemb\u00e9, M. Mouelle Kombi rappelle que le d\u00e9lai fix\u00e9 pour la livraison de l'enceinte est au 30 novembre et r\u00e9affirme \u00ab <em>la volont\u00e9 ferme de l'\u00c9tat du Cameroun et du Cocan de respecter les engagements<\/em> \u00bb. Surtout, le courrier souligne \u00ab <em>qu'en aucun cas l'hypoth\u00e8se de la d\u00e9localisation de la c\u00e9r\u00e9monie d'ouverture n'est envisag\u00e9e et ne peut \u00eatre accept\u00e9e par le gouvernement camerounais<\/em> \u00bb.<\/p>\n<p dir=\"ltr\">L'enceinte d'Olemb\u00e9 a d\u00e9j\u00e0 accueilli Cameroun-Malawi (2-0) le 3 septembre dernier en qualifications pour la Coupe du monde. \u00ab <em>Nous r\u00e9it\u00e9rons le souhait d'un partenariat cordial et harmonieux fond\u00e9 sur le respect des parties et la confiance mutuelle<\/em> \u00bb, est-il expliqu\u00e9 dans le document.<\/p>\n<p dir=\"ltr\">L'Equipe<\/p>\n<div class='share-to-whatsapp-wrapper'><div class='share-on-whsp'>PARTAGER SUR : <\/div><a data-text='Inqui\u00e9tudes de la CAF sur l'organisation de la CAN 2022 au Cameroun' data-link='https:\/\/www.nettali.com\/2021\/11\/25\/inquietudes-de-la-caf-sur-lorganisation-de-la-can-2022-au-cameroun\/' class='whatsapp-button whatsapp-share'>WhatsApp<\/a><div class='clear '><\/div><\/div>","protected":false},"excerpt":{"rendered":"<p>NETTALI.COM - La Conf\u00e9d\u00e9ration africaine de football (CAF) a fait part de ses doutes ce mercredi sur l'organisation par le Cameroun de la prochaine Coupe d'Afrique des nations (CAN), du 9 janvier au 6 f\u00e9vrier 2022. La Conf\u00e9d\u00e9ration africaine de football a exprim\u00e9 ce mercredi ses inqui\u00e9tudes sur l'organisation de la prochaine Coupe d'Afrique des [&hellip;]<\/p>\n","protected":false},"author":5,"featured_media":76377,"comment_status":"open","ping_status":"open","sticky":false,"template":"","format":"standard","meta":{"_et_pb_use_builder":"","_et_pb_old_content":""},"categories":[6],"tags":[],"yoast_head":"<!-- This site is optimized with the Yoast SEO Premium plugin v17.8 (Yoast SEO v17.8) - https:\/\/yoast.com\/wordpress\/plugins\/seo\/ -->\n<title>Inqui\u00e9tudes de la CAF sur l&#039;organisation de la CAN 2022 au Cameroun | Nettali.com<\/title>\n<meta name=\"robots\" content=\"index, follow, max-snippet:-1, max-image-preview:large, max-video-preview:-1\" \/>\n<link rel=\"canonical\" href=\"https:\/\/www.nettali.com\/2021\/11\/25\/inquietudes-de-la-caf-sur-lorganisation-de-la-can-2022-au-cameroun\/\" \/>\n<meta property=\"og:locale\" content=\"fr_FR\" \/>\n<meta property=\"og:type\" content=\"article\" \/>\n<meta property=\"og:title\" content=\"Inqui\u00e9tudes de la CAF sur l&#039;organisation de la CAN 2022 au Cameroun\" \/>\n<meta property=\"og:description\" content=\"NETTALI.COM - La Conf\u00e9d\u00e9ration africaine de football (CAF) a fait part de ses doutes ce mercredi sur l&#039;organisation par le Cameroun de la prochaine Coupe d&#039;Afrique des nations (CAN), du 9 janvier au 6 f\u00e9vrier 2022. La Conf\u00e9d\u00e9ration africaine de football a exprim\u00e9 ce mercredi ses inqui\u00e9tudes sur l&#039;organisation de la prochaine Coupe d&#039;Afrique des [&hellip;]\" \/>\n<meta property=\"og:url\" content=\"https:\/\/www.nettali.com\/2021\/11\/25\/inquietudes-de-la-caf-sur-lorganisation-de-la-can-2022-au-cameroun\/\" \/>\n<meta property=\"og:site_name\" content=\"Nettali.com\" \/>\n<meta property=\"article:publisher\" content=\"https:\/\/www.facebook.com\/nettalicom\" \/>\n<meta property=\"article:published_time\" content=\"2021-11-25T12:20:27+00:00\" \/>\n<meta property=\"og:image\" content=\"https:\/\/www.nettali.com\/wp-content\/uploads\/2021\/11\/can-2022.jpg\" \/>\n\t<meta property=\"og:image:width\" content=\"1024\" \/>\n\t<meta property=\"og:image:height\" content=\"576\" \/>\n<meta name=\"twitter:card\" content=\"summary_large_image\" \/>\n<meta name=\"twitter:label1\" content=\"\u00c9crit par\" \/>\n\t<meta name=\"twitter:data1\" content=\"Ibrahima\" \/>\n\t<meta name=\"twitter:label2\" content=\"Dur\u00e9e de lecture estim\u00e9e\" \/>\n\t<meta name=\"twitter:data2\" content=\"3 minutes\" \/>\n<script type=\"application\/ld+json\" class=\"yoast-schema-graph\">{\"@context\":\"https:\/\/schema.org\",\"@graph\":[{\"@type\":\"WebSite\",\"@id\":\"https:\/\/www.nettali.com\/#website\",\"url\":\"https:\/\/www.nettali.com\/\",\"name\":\"Nettali.com\",\"description\":\"Le rendez-vous critique du Net\",\"potentialAction\":[{\"@type\":\"SearchAction\",\"target\":{\"@type\":\"EntryPoint\",\"urlTemplate\":\"https:\/\/www.nettali.com\/?s={search_term_string}\"},\"query-input\":\"required name=search_term_string\"}],\"inLanguage\":\"fr-FR\"},{\"@type\":\"ImageObject\",\"@id\":\"https:\/\/www.nettali.com\/2021\/11\/25\/inquietudes-de-la-caf-sur-lorganisation-de-la-can-2022-au-cameroun\/#primaryimage\",\"inLanguage\":\"fr-FR\",\"url\":\"https:\/\/www.nettali.com\/wp-content\/uploads\/2021\/11\/can-2022.jpg\",\"contentUrl\":\"https:\/\/www.nettali.com\/wp-content\/uploads\/2021\/11\/can-2022.jpg\",\"width\":1024,\"height\":576},{\"@type\":\"WebPage\",\"@id\":\"https:\/\/www.nettali.com\/2021\/11\/25\/inquietudes-de-la-caf-sur-lorganisation-de-la-can-2022-au-cameroun\/#webpage\",\"url\":\"https:\/\/www.nettali.com\/2021\/11\/25\/inquietudes-de-la-caf-sur-lorganisation-de-la-can-2022-au-cameroun\/\",\"name\":\"Inqui\\u00e9tudes de la CAF sur l'organisation de la CAN 2022 au Cameroun | Nettali.com\",\"isPartOf\":{\"@id\":\"https:\/\/www.nettali.com\/#website\"},\"primaryImageOfPage\":{\"@id\":\"https:\/\/www.nettali.com\/2021\/11\/25\/inquietudes-de-la-caf-sur-lorganisation-de-la-can-2022-au-cameroun\/#primaryimage\"},\"datePublished\":\"2021-11-25T12:20:27+00:00\",\"dateModified\":\"2021-11-25T12:20:27+00:00\",\"author\":{\"@id\":\"https:\/\/www.nettali.com\/#\/schema\/person\/bb147657c2986240405a608162b9bb23\"},\"breadcrumb\":{\"@id\":\"https:\/\/www.nettali.com\/2021\/11\/25\/inquietudes-de-la-caf-sur-lorganisation-de-la-can-2022-au-cameroun\/#breadcrumb\"},\"inLanguage\":\"fr-FR\",\"potentialAction\":[{\"@type\":\"ReadAction\",\"target\":[\"https:\/\/www.nettali.com\/2021\/11\/25\/inquietudes-de-la-caf-sur-lorganisation-de-la-can-2022-au-cameroun\/\"]}]},{\"@type\":\"BreadcrumbList\",\"@id\":\"https:\/\/www.nettali.com\/2021\/11\/25\/inquietudes-de-la-caf-sur-lorganisation-de-la-can-2022-au-cameroun\/#breadcrumb\",\"itemListElement\":[{\"@type\":\"ListItem\",\"position\":1,\"name\":\"Accueil\",\"item\":\"https:\/\/www.nettali.com\/\"},{\"@type\":\"ListItem\",\"position\":2,\"name\":\"Inqui\\u00e9tudes de la CAF sur l&rsquo;organisation de la CAN 2022 au Cameroun\"}]},{\"@type\":\"Person\",\"@id\":\"https:\/\/www.nettali.com\/#\/schema\/person\/bb147657c2986240405a608162b9bb23\",\"name\":\"Ibrahima\",\"image\":{\"@type\":\"ImageObject\",\"@id\":\"https:\/\/www.nettali.com\/#personlogo\",\"inLanguage\":\"fr-FR\",\"url\":\"https:\/\/secure.gravatar.com\/avatar\/26a8a81f09f0dd7624c9d5c36c9ba3a2?s=96&d=mm&r=g\",\"contentUrl\":\"https:\/\/secure.gravatar.com\/avatar\/26a8a81f09f0dd7624c9d5c36c9ba3a2?s=96&d=mm&r=g\",\"caption\":\"Ibrahima\"},\"sameAs\":[\"https:\/\/www.nettali.com\"]}]}<\/script>\n<!-- \/ Yoast SEO Premium plugin. -->","yoast_head_json":{"title":"Inqui\u00e9tudes de la CAF sur l'organisation de la CAN 2022 au Cameroun | Nettali.com","robots":{"index":"index","follow":"follow","max-snippet":"max-snippet:-1","max-image-preview":"max-image-preview:large","max-video-preview":"max-video-preview:-1"},"canonical":"https:\/\/www.nettali.com\/2021\/11\/25\/inquietudes-de-la-caf-sur-lorganisation-de-la-can-2022-au-cameroun\/","og_locale":"fr_FR","og_type":"article","og_title":"Inqui\u00e9tudes de la CAF sur l'organisation de la CAN 2022 au Cameroun","og_description":"NETTALI.COM - La Conf\u00e9d\u00e9ration africaine de football (CAF) a fait part de ses doutes ce mercredi sur l'organisation par le Cameroun de la prochaine Coupe d'Afrique des nations (CAN), du 9 janvier au 6 f\u00e9vrier 2022. La Conf\u00e9d\u00e9ration africaine de football a exprim\u00e9 ce mercredi ses inqui\u00e9tudes sur l'organisation de la prochaine Coupe d'Afrique des [&hellip;]","og_url":"https:\/\/www.nettali.com\/2021\/11\/25\/inquietudes-de-la-caf-sur-lorganisation-de-la-can-2022-au-cameroun\/","og_site_name":"Nettali.com","article_publisher":"https:\/\/www.facebook.com\/nettalicom","article_published_time":"2021-11-25T12:20:27+00:00","og_image":[{"width":1024,"height":576,"url":"https:\/\/www.nettali.com\/wp-content\/uploads\/2021\/11\/can-2022.jpg","type":"image\/jpeg"}],"twitter_card":"summary_large_image","twitter_misc":{"\u00c9crit par":"Ibrahima","Dur\u00e9e de lecture estim\u00e9e":"3 minutes"},"schema":{"@context":"https:\/\/schema.org","@graph":[{"@type":"WebSite","@id":"https:\/\/www.nettali.com\/#website","url":"https:\/\/www.nettali.com\/","name":"Nettali.com","description":"Le rendez-vous critique du Net","potentialAction":[{"@type":"SearchAction","target":{"@type":"EntryPoint","urlTemplate":"https:\/\/www.nettali.com\/?s={search_term_string}"},"query-input":"required name=search_term_string"}],"inLanguage":"fr-FR"},{"@type":"ImageObject","@id":"https:\/\/www.nettali.com\/2021\/11\/25\/inquietudes-de-la-caf-sur-lorganisation-de-la-can-2022-au-cameroun\/#primaryimage","inLanguage":"fr-FR","url":"https:\/\/www.nettali.com\/wp-content\/uploads\/2021\/11\/can-2022.jpg","contentUrl":"https:\/\/www.nettali.com\/wp-content\/uploads\/2021\/11\/can-2022.jpg","width":1024,"height":576},{"@type":"WebPage","@id":"https:\/\/www.nettali.com\/2021\/11\/25\/inquietudes-de-la-caf-sur-lorganisation-de-la-can-2022-au-cameroun\/#webpage","url":"https:\/\/www.nettali.com\/2021\/11\/25\/inquietudes-de-la-caf-sur-lorganisation-de-la-can-2022-au-cameroun\/","name":"Inqui\u00e9tudes de la CAF sur l'organisation de la CAN 2022 au Cameroun | Nettali.com","isPartOf":{"@id":"https:\/\/www.nettali.com\/#website"},"primaryImageOfPage":{"@id":"https:\/\/www.nettali.com\/2021\/11\/25\/inquietudes-de-la-caf-sur-lorganisation-de-la-can-2022-au-cameroun\/#primaryimage"},"datePublished":"2021-11-25T12:20:27+00:00","dateModified":"2021-11-25T12:20:27+00:00","author":{"@id":"https:\/\/www.nettali.com\/#\/schema\/person\/bb147657c2986240405a608162b9bb23"},"breadcrumb":{"@id":"https:\/\/www.nettali.com\/2021\/11\/25\/inquietudes-de-la-caf-sur-lorganisation-de-la-can-2022-au-cameroun\/#breadcrumb"},"inLanguage":"fr-FR","potentialAction":[{"@type":"ReadAction","target":["https:\/\/www.nettali.com\/2021\/11\/25\/inquietudes-de-la-caf-sur-lorganisation-de-la-can-2022-au-cameroun\/"]}]},{"@type":"BreadcrumbList","@id":"https:\/\/www.nettali.com\/2021\/11\/25\/inquietudes-de-la-caf-sur-lorganisation-de-la-can-2022-au-cameroun\/#breadcrumb","itemListElement":[{"@type":"ListItem","position":1,"name":"Accueil","item":"https:\/\/www.nettali.com\/"},{"@type":"ListItem","position":2,"name":"Inqui\u00e9tudes de la CAF sur l&rsquo;organisation de la CAN 2022 au Cameroun"}]},{"@type":"Person","@id":"https:\/\/www.nettali.com\/#\/schema\/person\/bb147657c2986240405a608162b9bb23","name":"Ibrahima","image":{"@type":"ImageObject","@id":"https:\/\/www.nettali.com\/#personlogo","inLanguage":"fr-FR","url":"https:\/\/secure.gravatar.com\/avatar\/26a8a81f09f0dd7624c9d5c36c9ba3a2?s=96&d=mm&r=g","contentUrl":"https:\/\/secure.gravatar.com\/avatar\/26a8a81f09f0dd7624c9d5c36c9ba3a2?s=96&d=mm&r=g","caption":"Ibrahima"},"sameAs":["https:\/\/www.nettali.com"]}]}},"_links":{"self":[{"href":"https:\/\/www.nettali.com\/rest\/wp\/v2\/posts\/76376"}],"collection":[{"href":"https:\/\/www.nettali.com\/rest\/wp\/v2\/posts"}],"about":[{"href":"https:\/\/www.nettali.com\/rest\/wp\/v2\/types\/post"}],"author":[{"embeddable":true,"href":"https:\/\/www.nettali.com\/rest\/wp\/v2\/users\/5"}],"replies":[{"embeddable":true,"href":"https:\/\/www.nettali.com\/rest\/wp\/v2\/comments?post=76376"}],"version-history":[{"count":1,"href":"https:\/\/www.nettali.com\/rest\/wp\/v2\/posts\/76376\/revisions"}],"predecessor-version":[{"id":76378,"href":"https:\/\/www.nettali.com\/rest\/wp\/v2\/posts\/76376\/revisions\/76378"}],"wp:featuredmedia":[{"embeddable":true,"href":"https:\/\/www.nettali.com\/rest\/wp\/v2\/media\/76377"}],"wp:attachment":[{"href":"https:\/\/www.nettali.com\/rest\/wp\/v2\/media?parent=76376"}],"wp:term":[{"taxonomy":"category","embeddable":true,"href":"https:\/\/www.nettali.com\/rest\/wp\/v2\/categories?post=76376"},{"taxonomy":"post_tag","embeddable":true,"href":"https:\/\/www.nettali.com\/rest\/wp\/v2\/tags?post=76376"}],"curies":[{"name":"wp","href":"https:\/\/api.w.org\/{rel}","templated":true}]}}