{"id":76349,"date":"2021-11-24T19:52:46","date_gmt":"2021-11-24T19:52:46","guid":{"rendered":"https:\/\/www.nettali.com\/?p=76349"},"modified":"2021-11-24T20:19:21","modified_gmt":"2021-11-24T20:19:21","slug":"blesse-a-un-genou-krepin-diatta-out-pour-la-can","status":"publish","type":"post","link":"https:\/\/www.nettali.com\/2021\/11\/24\/blesse-a-un-genou-krepin-diatta-out-pour-la-can\/","title":{"rendered":"BLESS\u00c9 A UN GENOU - Kr\u00e9pin Diatta out pour la Can?"},"content":{"rendered":"<p><strong>NETTALI.COM - Victime d'une blessure au genou gauche ce vendredi face \u00e0 Lille, Kr\u00e9pin Diatta souffre d'une l\u00e9sion du ligament crois\u00e9 ant\u00e9rieur du genou gauche et devrait \u00eatre prochainement op\u00e9r\u00e9. Une mauvaise nouvelle\u00a0 qui pourrait priver l'international s\u00e9n\u00e9galais de la prochaine coupe d'Afrique des nations qui va d\u00e9buter en janvier 2022.<\/strong><\/p>\n<p>Oppos\u00e9 jeudi \u00e0 la Real Sociedad \u00e0 Louis-II, dans le cadre de la 5e journ\u00e9e de la phase de poules de la Ligue Europa, Monaco a donn\u00e9 des nouvelles de Kr\u00e9pin Diatta. Buteur vendredi dernier contre Lille (2-2, 14e journ\u00e9e de Ligue 1), l\u2019attaquant s\u00e9n\u00e9galais s\u2019est bless\u00e9 face au LOSC.<\/p>\n<p>Cet apr\u00e8s-midi, le club de la Principaut\u00e9 a fait savoir dans un communiqu\u00e9 m\u00e9dical que le footballeur de 22 ans \"<em>pr\u00e9sente une l\u00e9sion du ligament crois\u00e9 ant\u00e9rieur du genou gauche et devrait \u00eatre prochainement op\u00e9r\u00e9<\/em>\".<\/p>\n<p>Cependant, l'ASM n\u2019a pas pr\u00e9cis\u00e9 la dur\u00e9e de l\u2019indisponibilit\u00e9 de l\u2019ancien joueur du FC Bruges, mais tout porte \u00e0 croire qu\u2019il manquera plusieurs semaines ou mois de comp\u00e9tition.<\/p>\n<p>Ainsi, sa pr\u00e9sence \u00e0 la Coupe d\u2019Afrique des Nations qui va d\u00e9buter dans 46 jours para\u00eet compromise.<\/p>\n<p>L'AS Monaco et Aliou Ciss\u00e9 croisent les doigts.<\/p>\n<div class='share-to-whatsapp-wrapper'><div class='share-on-whsp'>PARTAGER SUR : <\/div><a data-text='BLESS\u00c9 A UN GENOU - Kr\u00e9pin Diatta out pour la Can?' data-link='https:\/\/www.nettali.com\/2021\/11\/24\/blesse-a-un-genou-krepin-diatta-out-pour-la-can\/' class='whatsapp-button whatsapp-share'>WhatsApp<\/a><div class='clear '><\/div><\/div>","protected":false},"excerpt":{"rendered":"<p>NETTALI.COM - Victime d'une blessure au genou gauche ce vendredi face \u00e0 Lille, Kr\u00e9pin Diatta souffre d'une l\u00e9sion du ligament crois\u00e9 ant\u00e9rieur du genou gauche et devrait \u00eatre prochainement op\u00e9r\u00e9. Une mauvaise nouvelle\u00a0 qui pourrait priver l'international s\u00e9n\u00e9galais de la prochaine coupe d'Afrique des nations qui va d\u00e9buter en janvier 2022. Oppos\u00e9 jeudi \u00e0 la [&hellip;]<\/p>\n","protected":false},"author":5,"featured_media":76351,"comment_status":"open","ping_status":"open","sticky":false,"template":"","format":"standard","meta":{"_et_pb_use_builder":"","_et_pb_old_content":""},"categories":[6],"tags":[],"yoast_head":"<!-- This site is optimized with the Yoast SEO Premium plugin v17.8 (Yoast SEO v17.8) - https:\/\/yoast.com\/wordpress\/plugins\/seo\/ -->\n<title>BLESS\u00c9 A UN GENOU - Kr\u00e9pin Diatta out pour la Can? | Nettali.com<\/title>\n<meta name=\"robots\" content=\"index, follow, max-snippet:-1, max-image-preview:large, max-video-preview:-1\" \/>\n<link rel=\"canonical\" href=\"https:\/\/www.nettali.com\/2021\/11\/24\/blesse-a-un-genou-krepin-diatta-out-pour-la-can\/\" \/>\n<meta property=\"og:locale\" content=\"fr_FR\" \/>\n<meta property=\"og:type\" content=\"article\" \/>\n<meta property=\"og:title\" content=\"BLESS\u00c9 A UN GENOU - Kr\u00e9pin Diatta out pour la Can?\" \/>\n<meta property=\"og:description\" content=\"NETTALI.COM - Victime d&#039;une blessure au genou gauche ce vendredi face \u00e0 Lille, Kr\u00e9pin Diatta souffre d&#039;une l\u00e9sion du ligament crois\u00e9 ant\u00e9rieur du genou gauche et devrait \u00eatre prochainement op\u00e9r\u00e9. Une mauvaise nouvelle\u00a0 qui pourrait priver l&#039;international s\u00e9n\u00e9galais de la prochaine coupe d&#039;Afrique des nations qui va d\u00e9buter en janvier 2022. Oppos\u00e9 jeudi \u00e0 la [&hellip;]\" \/>\n<meta property=\"og:url\" content=\"https:\/\/www.nettali.com\/2021\/11\/24\/blesse-a-un-genou-krepin-diatta-out-pour-la-can\/\" \/>\n<meta property=\"og:site_name\" content=\"Nettali.com\" \/>\n<meta property=\"article:publisher\" content=\"https:\/\/www.facebook.com\/nettalicom\" \/>\n<meta property=\"article:published_time\" content=\"2021-11-24T19:52:46+00:00\" \/>\n<meta property=\"article:modified_time\" content=\"2021-11-24T20:19:21+00:00\" \/>\n<meta property=\"og:image\" content=\"https:\/\/www.nettali.com\/wp-content\/uploads\/2021\/11\/krepin-diatta-696x392-1.jpg\" \/>\n\t<meta property=\"og:image:width\" content=\"696\" \/>\n\t<meta property=\"og:image:height\" content=\"392\" \/>\n<meta name=\"twitter:card\" content=\"summary_large_image\" \/>\n<meta name=\"twitter:label1\" content=\"\u00c9crit par\" \/>\n\t<meta name=\"twitter:data1\" content=\"Ibrahima\" \/>\n\t<meta name=\"twitter:label2\" content=\"Dur\u00e9e de lecture estim\u00e9e\" \/>\n\t<meta name=\"twitter:data2\" content=\"1 minute\" \/>\n<script type=\"application\/ld+json\" class=\"yoast-schema-graph\">{\"@context\":\"https:\/\/schema.org\",\"@graph\":[{\"@type\":\"WebSite\",\"@id\":\"https:\/\/www.nettali.com\/#website\",\"url\":\"https:\/\/www.nettali.com\/\",\"name\":\"Nettali.com\",\"description\":\"Le rendez-vous critique du Net\",\"potentialAction\":[{\"@type\":\"SearchAction\",\"target\":{\"@type\":\"EntryPoint\",\"urlTemplate\":\"https:\/\/www.nettali.com\/?s={search_term_string}\"},\"query-input\":\"required name=search_term_string\"}],\"inLanguage\":\"fr-FR\"},{\"@type\":\"ImageObject\",\"@id\":\"https:\/\/www.nettali.com\/2021\/11\/24\/blesse-a-un-genou-krepin-diatta-out-pour-la-can\/#primaryimage\",\"inLanguage\":\"fr-FR\",\"url\":\"https:\/\/www.nettali.com\/wp-content\/uploads\/2021\/11\/krepin-diatta-696x392-1.jpg\",\"contentUrl\":\"https:\/\/www.nettali.com\/wp-content\/uploads\/2021\/11\/krepin-diatta-696x392-1.jpg\",\"width\":696,\"height\":392},{\"@type\":\"WebPage\",\"@id\":\"https:\/\/www.nettali.com\/2021\/11\/24\/blesse-a-un-genou-krepin-diatta-out-pour-la-can\/#webpage\",\"url\":\"https:\/\/www.nettali.com\/2021\/11\/24\/blesse-a-un-genou-krepin-diatta-out-pour-la-can\/\",\"name\":\"BLESS\\u00c9 A UN GENOU - Kr\\u00e9pin Diatta out pour la Can? | Nettali.com\",\"isPartOf\":{\"@id\":\"https:\/\/www.nettali.com\/#website\"},\"primaryImageOfPage\":{\"@id\":\"https:\/\/www.nettali.com\/2021\/11\/24\/blesse-a-un-genou-krepin-diatta-out-pour-la-can\/#primaryimage\"},\"datePublished\":\"2021-11-24T19:52:46+00:00\",\"dateModified\":\"2021-11-24T20:19:21+00:00\",\"author\":{\"@id\":\"https:\/\/www.nettali.com\/#\/schema\/person\/bb147657c2986240405a608162b9bb23\"},\"breadcrumb\":{\"@id\":\"https:\/\/www.nettali.com\/2021\/11\/24\/blesse-a-un-genou-krepin-diatta-out-pour-la-can\/#breadcrumb\"},\"inLanguage\":\"fr-FR\",\"potentialAction\":[{\"@type\":\"ReadAction\",\"target\":[\"https:\/\/www.nettali.com\/2021\/11\/24\/blesse-a-un-genou-krepin-diatta-out-pour-la-can\/\"]}]},{\"@type\":\"BreadcrumbList\",\"@id\":\"https:\/\/www.nettali.com\/2021\/11\/24\/blesse-a-un-genou-krepin-diatta-out-pour-la-can\/#breadcrumb\",\"itemListElement\":[{\"@type\":\"ListItem\",\"position\":1,\"name\":\"Accueil\",\"item\":\"https:\/\/www.nettali.com\/\"},{\"@type\":\"ListItem\",\"position\":2,\"name\":\"BLESS\\u00c9 A UN GENOU &#8211; Kr\\u00e9pin Diatta out pour la Can?\"}]},{\"@type\":\"Person\",\"@id\":\"https:\/\/www.nettali.com\/#\/schema\/person\/bb147657c2986240405a608162b9bb23\",\"name\":\"Ibrahima\",\"image\":{\"@type\":\"ImageObject\",\"@id\":\"https:\/\/www.nettali.com\/#personlogo\",\"inLanguage\":\"fr-FR\",\"url\":\"https:\/\/secure.gravatar.com\/avatar\/26a8a81f09f0dd7624c9d5c36c9ba3a2?s=96&d=mm&r=g\",\"contentUrl\":\"https:\/\/secure.gravatar.com\/avatar\/26a8a81f09f0dd7624c9d5c36c9ba3a2?s=96&d=mm&r=g\",\"caption\":\"Ibrahima\"},\"sameAs\":[\"https:\/\/www.nettali.com\"]}]}<\/script>\n<!-- \/ Yoast SEO Premium plugin. -->","yoast_head_json":{"title":"BLESS\u00c9 A UN GENOU - Kr\u00e9pin Diatta out pour la Can? | Nettali.com","robots":{"index":"index","follow":"follow","max-snippet":"max-snippet:-1","max-image-preview":"max-image-preview:large","max-video-preview":"max-video-preview:-1"},"canonical":"https:\/\/www.nettali.com\/2021\/11\/24\/blesse-a-un-genou-krepin-diatta-out-pour-la-can\/","og_locale":"fr_FR","og_type":"article","og_title":"BLESS\u00c9 A UN GENOU - Kr\u00e9pin Diatta out pour la Can?","og_description":"NETTALI.COM - Victime d'une blessure au genou gauche ce vendredi face \u00e0 Lille, Kr\u00e9pin Diatta souffre d'une l\u00e9sion du ligament crois\u00e9 ant\u00e9rieur du genou gauche et devrait \u00eatre prochainement op\u00e9r\u00e9. Une mauvaise nouvelle\u00a0 qui pourrait priver l'international s\u00e9n\u00e9galais de la prochaine coupe d'Afrique des nations qui va d\u00e9buter en janvier 2022. Oppos\u00e9 jeudi \u00e0 la [&hellip;]","og_url":"https:\/\/www.nettali.com\/2021\/11\/24\/blesse-a-un-genou-krepin-diatta-out-pour-la-can\/","og_site_name":"Nettali.com","article_publisher":"https:\/\/www.facebook.com\/nettalicom","article_published_time":"2021-11-24T19:52:46+00:00","article_modified_time":"2021-11-24T20:19:21+00:00","og_image":[{"width":696,"height":392,"url":"https:\/\/www.nettali.com\/wp-content\/uploads\/2021\/11\/krepin-diatta-696x392-1.jpg","type":"image\/jpeg"}],"twitter_card":"summary_large_image","twitter_misc":{"\u00c9crit par":"Ibrahima","Dur\u00e9e de lecture estim\u00e9e":"1 minute"},"schema":{"@context":"https:\/\/schema.org","@graph":[{"@type":"WebSite","@id":"https:\/\/www.nettali.com\/#website","url":"https:\/\/www.nettali.com\/","name":"Nettali.com","description":"Le rendez-vous critique du Net","potentialAction":[{"@type":"SearchAction","target":{"@type":"EntryPoint","urlTemplate":"https:\/\/www.nettali.com\/?s={search_term_string}"},"query-input":"required name=search_term_string"}],"inLanguage":"fr-FR"},{"@type":"ImageObject","@id":"https:\/\/www.nettali.com\/2021\/11\/24\/blesse-a-un-genou-krepin-diatta-out-pour-la-can\/#primaryimage","inLanguage":"fr-FR","url":"https:\/\/www.nettali.com\/wp-content\/uploads\/2021\/11\/krepin-diatta-696x392-1.jpg","contentUrl":"https:\/\/www.nettali.com\/wp-content\/uploads\/2021\/11\/krepin-diatta-696x392-1.jpg","width":696,"height":392},{"@type":"WebPage","@id":"https:\/\/www.nettali.com\/2021\/11\/24\/blesse-a-un-genou-krepin-diatta-out-pour-la-can\/#webpage","url":"https:\/\/www.nettali.com\/2021\/11\/24\/blesse-a-un-genou-krepin-diatta-out-pour-la-can\/","name":"BLESS\u00c9 A UN GENOU - Kr\u00e9pin Diatta out pour la Can? | Nettali.com","isPartOf":{"@id":"https:\/\/www.nettali.com\/#website"},"primaryImageOfPage":{"@id":"https:\/\/www.nettali.com\/2021\/11\/24\/blesse-a-un-genou-krepin-diatta-out-pour-la-can\/#primaryimage"},"datePublished":"2021-11-24T19:52:46+00:00","dateModified":"2021-11-24T20:19:21+00:00","author":{"@id":"https:\/\/www.nettali.com\/#\/schema\/person\/bb147657c2986240405a608162b9bb23"},"breadcrumb":{"@id":"https:\/\/www.nettali.com\/2021\/11\/24\/blesse-a-un-genou-krepin-diatta-out-pour-la-can\/#breadcrumb"},"inLanguage":"fr-FR","potentialAction":[{"@type":"ReadAction","target":["https:\/\/www.nettali.com\/2021\/11\/24\/blesse-a-un-genou-krepin-diatta-out-pour-la-can\/"]}]},{"@type":"BreadcrumbList","@id":"https:\/\/www.nettali.com\/2021\/11\/24\/blesse-a-un-genou-krepin-diatta-out-pour-la-can\/#breadcrumb","itemListElement":[{"@type":"ListItem","position":1,"name":"Accueil","item":"https:\/\/www.nettali.com\/"},{"@type":"ListItem","position":2,"name":"BLESS\u00c9 A UN GENOU &#8211; Kr\u00e9pin Diatta out pour la Can?"}]},{"@type":"Person","@id":"https:\/\/www.nettali.com\/#\/schema\/person\/bb147657c2986240405a608162b9bb23","name":"Ibrahima","image":{"@type":"ImageObject","@id":"https:\/\/www.nettali.com\/#personlogo","inLanguage":"fr-FR","url":"https:\/\/secure.gravatar.com\/avatar\/26a8a81f09f0dd7624c9d5c36c9ba3a2?s=96&d=mm&r=g","contentUrl":"https:\/\/secure.gravatar.com\/avatar\/26a8a81f09f0dd7624c9d5c36c9ba3a2?s=96&d=mm&r=g","caption":"Ibrahima"},"sameAs":["https:\/\/www.nettali.com"]}]}},"_links":{"self":[{"href":"https:\/\/www.nettali.com\/rest\/wp\/v2\/posts\/76349"}],"collection":[{"href":"https:\/\/www.nettali.com\/rest\/wp\/v2\/posts"}],"about":[{"href":"https:\/\/www.nettali.com\/rest\/wp\/v2\/types\/post"}],"author":[{"embeddable":true,"href":"https:\/\/www.nettali.com\/rest\/wp\/v2\/users\/5"}],"replies":[{"embeddable":true,"href":"https:\/\/www.nettali.com\/rest\/wp\/v2\/comments?post=76349"}],"version-history":[{"count":5,"href":"https:\/\/www.nettali.com\/rest\/wp\/v2\/posts\/76349\/revisions"}],"predecessor-version":[{"id":76359,"href":"https:\/\/www.nettali.com\/rest\/wp\/v2\/posts\/76349\/revisions\/76359"}],"wp:featuredmedia":[{"embeddable":true,"href":"https:\/\/www.nettali.com\/rest\/wp\/v2\/media\/76351"}],"wp:attachment":[{"href":"https:\/\/www.nettali.com\/rest\/wp\/v2\/media?parent=76349"}],"wp:term":[{"taxonomy":"category","embeddable":true,"href":"https:\/\/www.nettali.com\/rest\/wp\/v2\/categories?post=76349"},{"taxonomy":"post_tag","embeddable":true,"href":"https:\/\/www.nettali.com\/rest\/wp\/v2\/tags?post=76349"}],"curies":[{"name":"wp","href":"https:\/\/api.w.org\/{rel}","templated":true}]}}