{"id":76298,"date":"2021-11-24T00:39:50","date_gmt":"2021-11-24T00:39:50","guid":{"rendered":"https:\/\/www.nettali.com\/?p=76298"},"modified":"2021-11-24T09:50:54","modified_gmt":"2021-11-24T09:50:54","slug":"charte-de-non-violence-yewwi-askan-wi-va-rencontrer-le-cadre-unitaire-de-lislam","status":"publish","type":"post","link":"https:\/\/www.nettali.com\/2021\/11\/24\/charte-de-non-violence-yewwi-askan-wi-va-rencontrer-le-cadre-unitaire-de-lislam\/","title":{"rendered":"CHARTE DE NON-VIOLENCE - Yewwi askan wi va rencontrer le Cadre unitaire de l\u2019Islam"},"content":{"rendered":"<p><strong>NETTALI.COM\u00a0 - En d\u00e9pit de la d\u00e9claration d'Ousmane Sonko, Yewwi askan wi va rencontrer le Cadre unitaire de l\u2019Islam au S\u00e9n\u00e9gal (Cudis), initiateur de la charte de non-violence que Pastef n'envisage pas de signer. La rencontre est pr\u00e9vue ce mercredi.\u00a0<\/strong><\/p>\n<p>\"<em>La conf\u00e9rence des leaders de Yewwi askan wi recevra, suite \u00e0 sa demande, une d\u00e9l\u00e9gation du Cadre unitaire de l'islam au S\u00e9n\u00e9gal (Cudis) , ce mercredi 24 novembre \u00e0 17h, au si\u00e8ge du Prp sur la Vdn<\/em>.\" L'annonce a \u00e9t\u00e9 faite ce mardi par D\u00e9thi\u00e9 Fall. Le mandataire national de Yewwi askan wi a pris le soin de pr\u00e9ciser que <em>\"la rencontre portera sur deux points<\/em>\". A l'en croire, il s'agira d'\u00e9changer sur la situation du pays et discuter du projet de charte de non-violence.<\/p>\n<p>Dans un communiqu\u00e9, le\u00a0Cadre Unitaire de l\u2019Islam au S\u00e9n\u00e9gal (Cudis) et la plateforme Jammi Rewmi confirment la tenue de cette\u00a0 rencontre. \"<em>Il s'agit l\u00e0 de la premi\u00e8re d'une s\u00e9rie de rencontres que le Cudis et la Plateforme Jammi Rewmi\u00a0comptent avoir avec tous les acteurs politiques qui comptent concourir pour le suffrage des S\u00e9n\u00e9galais prochainement lors des \u00e9lections locales. Le Cudis et Jammi Rewmi entendent donc \u00e0 la suite, s'entretenir avec toutes les autres coalitions selon un calendrier qui sera rendu public opportun\u00e9ment<\/em>\", indique le communiqu\u00e9.<\/p>\n<p>Les deux organisations\u00a0se f\u00e9licitent \"<em>des nombreuses manifestations de soutien d'acteurs majeurs de la soci\u00e9t\u00e9 s\u00e9n\u00e9galaise suite \u00e0 l'id\u00e9e d'\u00e9tablir une Charte de non-violence<\/em>\". \"<em>Appr\u00e9ciant cet \u00e9lan, le Cudis et la Plateforme Jammi Rewmi informent de leur volont\u00e9 d'\u00e9largir la base des porteurs de la charte \u00e0 toutes les forces vives de la nation, incluant les organisations syndicales, patronales et toute autre entit\u00e9 de la soci\u00e9t\u00e9 civile militante de la paix dans notre espace public<\/em>\", conclut le texte.<\/p>\n<div class='share-to-whatsapp-wrapper'><div class='share-on-whsp'>PARTAGER SUR : <\/div><a data-text='CHARTE DE NON-VIOLENCE - Yewwi askan wi va rencontrer le Cadre unitaire de l\u2019Islam' data-link='https:\/\/www.nettali.com\/2021\/11\/24\/charte-de-non-violence-yewwi-askan-wi-va-rencontrer-le-cadre-unitaire-de-lislam\/' class='whatsapp-button whatsapp-share'>WhatsApp<\/a><div class='clear '><\/div><\/div>","protected":false},"excerpt":{"rendered":"<p>NETTALI.COM\u00a0 - En d\u00e9pit de la d\u00e9claration d'Ousmane Sonko, Yewwi askan wi va rencontrer le Cadre unitaire de l\u2019Islam au S\u00e9n\u00e9gal (Cudis), initiateur de la charte de non-violence que Pastef n'envisage pas de signer. La rencontre est pr\u00e9vue ce mercredi.\u00a0 \"La conf\u00e9rence des leaders de Yewwi askan wi recevra, suite \u00e0 sa demande, une d\u00e9l\u00e9gation [&hellip;]<\/p>\n","protected":false},"author":3,"featured_media":76299,"comment_status":"open","ping_status":"open","sticky":false,"template":"","format":"standard","meta":{"_et_pb_use_builder":"","_et_pb_old_content":""},"categories":[2],"tags":[],"yoast_head":"<!-- This site is optimized with the Yoast SEO Premium plugin v17.8 (Yoast SEO v17.8) - https:\/\/yoast.com\/wordpress\/plugins\/seo\/ -->\n<title>CHARTE DE NON-VIOLENCE - Yewwi askan wi va rencontrer le Cadre unitaire de l\u2019Islam | Nettali.com<\/title>\n<meta name=\"robots\" content=\"index, follow, max-snippet:-1, max-image-preview:large, max-video-preview:-1\" \/>\n<link rel=\"canonical\" href=\"https:\/\/www.nettali.com\/2021\/11\/24\/charte-de-non-violence-yewwi-askan-wi-va-rencontrer-le-cadre-unitaire-de-lislam\/\" \/>\n<meta property=\"og:locale\" content=\"fr_FR\" \/>\n<meta property=\"og:type\" content=\"article\" \/>\n<meta property=\"og:title\" content=\"CHARTE DE NON-VIOLENCE - Yewwi askan wi va rencontrer le Cadre unitaire de l\u2019Islam\" \/>\n<meta property=\"og:description\" content=\"NETTALI.COM\u00a0 - En d\u00e9pit de la d\u00e9claration d&#039;Ousmane Sonko, Yewwi askan wi va rencontrer le Cadre unitaire de l\u2019Islam au S\u00e9n\u00e9gal (Cudis), initiateur de la charte de non-violence que Pastef n&#039;envisage pas de signer. La rencontre est pr\u00e9vue ce mercredi.\u00a0 &quot;La conf\u00e9rence des leaders de Yewwi askan wi recevra, suite \u00e0 sa demande, une d\u00e9l\u00e9gation [&hellip;]\" \/>\n<meta property=\"og:url\" content=\"https:\/\/www.nettali.com\/2021\/11\/24\/charte-de-non-violence-yewwi-askan-wi-va-rencontrer-le-cadre-unitaire-de-lislam\/\" \/>\n<meta property=\"og:site_name\" content=\"Nettali.com\" \/>\n<meta property=\"article:publisher\" content=\"https:\/\/www.facebook.com\/nettalicom\" \/>\n<meta property=\"article:published_time\" content=\"2021-11-24T00:39:50+00:00\" \/>\n<meta property=\"article:modified_time\" content=\"2021-11-24T09:50:54+00:00\" \/>\n<meta property=\"og:image\" content=\"https:\/\/www.nettali.com\/wp-content\/uploads\/2021\/11\/yewi-askan-wi-khaf-sonko-1.jpeg\" \/>\n\t<meta property=\"og:image:width\" content=\"599\" \/>\n\t<meta property=\"og:image:height\" content=\"401\" \/>\n<meta name=\"twitter:card\" content=\"summary_large_image\" \/>\n<meta name=\"twitter:label1\" content=\"\u00c9crit par\" \/>\n\t<meta name=\"twitter:data1\" content=\"Moustapha\" \/>\n\t<meta name=\"twitter:label2\" content=\"Dur\u00e9e de lecture estim\u00e9e\" \/>\n\t<meta name=\"twitter:data2\" content=\"2 minutes\" \/>\n<script type=\"application\/ld+json\" class=\"yoast-schema-graph\">{\"@context\":\"https:\/\/schema.org\",\"@graph\":[{\"@type\":\"WebSite\",\"@id\":\"https:\/\/www.nettali.com\/#website\",\"url\":\"https:\/\/www.nettali.com\/\",\"name\":\"Nettali.com\",\"description\":\"Le rendez-vous critique du Net\",\"potentialAction\":[{\"@type\":\"SearchAction\",\"target\":{\"@type\":\"EntryPoint\",\"urlTemplate\":\"https:\/\/www.nettali.com\/?s={search_term_string}\"},\"query-input\":\"required name=search_term_string\"}],\"inLanguage\":\"fr-FR\"},{\"@type\":\"ImageObject\",\"@id\":\"https:\/\/www.nettali.com\/2021\/11\/24\/charte-de-non-violence-yewwi-askan-wi-va-rencontrer-le-cadre-unitaire-de-lislam\/#primaryimage\",\"inLanguage\":\"fr-FR\",\"url\":\"https:\/\/www.nettali.com\/wp-content\/uploads\/2021\/11\/yewi-askan-wi-khaf-sonko-1.jpeg\",\"contentUrl\":\"https:\/\/www.nettali.com\/wp-content\/uploads\/2021\/11\/yewi-askan-wi-khaf-sonko-1.jpeg\",\"width\":599,\"height\":401},{\"@type\":\"WebPage\",\"@id\":\"https:\/\/www.nettali.com\/2021\/11\/24\/charte-de-non-violence-yewwi-askan-wi-va-rencontrer-le-cadre-unitaire-de-lislam\/#webpage\",\"url\":\"https:\/\/www.nettali.com\/2021\/11\/24\/charte-de-non-violence-yewwi-askan-wi-va-rencontrer-le-cadre-unitaire-de-lislam\/\",\"name\":\"CHARTE DE NON-VIOLENCE - Yewwi askan wi va rencontrer le Cadre unitaire de l\\u2019Islam | Nettali.com\",\"isPartOf\":{\"@id\":\"https:\/\/www.nettali.com\/#website\"},\"primaryImageOfPage\":{\"@id\":\"https:\/\/www.nettali.com\/2021\/11\/24\/charte-de-non-violence-yewwi-askan-wi-va-rencontrer-le-cadre-unitaire-de-lislam\/#primaryimage\"},\"datePublished\":\"2021-11-24T00:39:50+00:00\",\"dateModified\":\"2021-11-24T09:50:54+00:00\",\"author\":{\"@id\":\"https:\/\/www.nettali.com\/#\/schema\/person\/7962a12a6e0267f88f0ffa544c36469a\"},\"breadcrumb\":{\"@id\":\"https:\/\/www.nettali.com\/2021\/11\/24\/charte-de-non-violence-yewwi-askan-wi-va-rencontrer-le-cadre-unitaire-de-lislam\/#breadcrumb\"},\"inLanguage\":\"fr-FR\",\"potentialAction\":[{\"@type\":\"ReadAction\",\"target\":[\"https:\/\/www.nettali.com\/2021\/11\/24\/charte-de-non-violence-yewwi-askan-wi-va-rencontrer-le-cadre-unitaire-de-lislam\/\"]}]},{\"@type\":\"BreadcrumbList\",\"@id\":\"https:\/\/www.nettali.com\/2021\/11\/24\/charte-de-non-violence-yewwi-askan-wi-va-rencontrer-le-cadre-unitaire-de-lislam\/#breadcrumb\",\"itemListElement\":[{\"@type\":\"ListItem\",\"position\":1,\"name\":\"Accueil\",\"item\":\"https:\/\/www.nettali.com\/\"},{\"@type\":\"ListItem\",\"position\":2,\"name\":\"CHARTE DE NON-VIOLENCE &#8211; Yewwi askan wi va rencontrer le Cadre unitaire de l\\u2019Islam\"}]},{\"@type\":\"Person\",\"@id\":\"https:\/\/www.nettali.com\/#\/schema\/person\/7962a12a6e0267f88f0ffa544c36469a\",\"name\":\"Moustapha\",\"image\":{\"@type\":\"ImageObject\",\"@id\":\"https:\/\/www.nettali.com\/#personlogo\",\"inLanguage\":\"fr-FR\",\"url\":\"https:\/\/secure.gravatar.com\/avatar\/10fdf6a071cccdcf374e3dbe45159590?s=96&d=mm&r=g\",\"contentUrl\":\"https:\/\/secure.gravatar.com\/avatar\/10fdf6a071cccdcf374e3dbe45159590?s=96&d=mm&r=g\",\"caption\":\"Moustapha\"},\"sameAs\":[\"https:\/\/www.nettali.com\"]}]}<\/script>\n<!-- \/ Yoast SEO Premium plugin. -->","yoast_head_json":{"title":"CHARTE DE NON-VIOLENCE - Yewwi askan wi va rencontrer le Cadre unitaire de l\u2019Islam | Nettali.com","robots":{"index":"index","follow":"follow","max-snippet":"max-snippet:-1","max-image-preview":"max-image-preview:large","max-video-preview":"max-video-preview:-1"},"canonical":"https:\/\/www.nettali.com\/2021\/11\/24\/charte-de-non-violence-yewwi-askan-wi-va-rencontrer-le-cadre-unitaire-de-lislam\/","og_locale":"fr_FR","og_type":"article","og_title":"CHARTE DE NON-VIOLENCE - Yewwi askan wi va rencontrer le Cadre unitaire de l\u2019Islam","og_description":"NETTALI.COM\u00a0 - En d\u00e9pit de la d\u00e9claration d'Ousmane Sonko, Yewwi askan wi va rencontrer le Cadre unitaire de l\u2019Islam au S\u00e9n\u00e9gal (Cudis), initiateur de la charte de non-violence que Pastef n'envisage pas de signer. La rencontre est pr\u00e9vue ce mercredi.\u00a0 \"La conf\u00e9rence des leaders de Yewwi askan wi recevra, suite \u00e0 sa demande, une d\u00e9l\u00e9gation [&hellip;]","og_url":"https:\/\/www.nettali.com\/2021\/11\/24\/charte-de-non-violence-yewwi-askan-wi-va-rencontrer-le-cadre-unitaire-de-lislam\/","og_site_name":"Nettali.com","article_publisher":"https:\/\/www.facebook.com\/nettalicom","article_published_time":"2021-11-24T00:39:50+00:00","article_modified_time":"2021-11-24T09:50:54+00:00","og_image":[{"width":599,"height":401,"url":"https:\/\/www.nettali.com\/wp-content\/uploads\/2021\/11\/yewi-askan-wi-khaf-sonko-1.jpeg","type":"image\/jpeg"}],"twitter_card":"summary_large_image","twitter_misc":{"\u00c9crit par":"Moustapha","Dur\u00e9e de lecture estim\u00e9e":"2 minutes"},"schema":{"@context":"https:\/\/schema.org","@graph":[{"@type":"WebSite","@id":"https:\/\/www.nettali.com\/#website","url":"https:\/\/www.nettali.com\/","name":"Nettali.com","description":"Le rendez-vous critique du Net","potentialAction":[{"@type":"SearchAction","target":{"@type":"EntryPoint","urlTemplate":"https:\/\/www.nettali.com\/?s={search_term_string}"},"query-input":"required name=search_term_string"}],"inLanguage":"fr-FR"},{"@type":"ImageObject","@id":"https:\/\/www.nettali.com\/2021\/11\/24\/charte-de-non-violence-yewwi-askan-wi-va-rencontrer-le-cadre-unitaire-de-lislam\/#primaryimage","inLanguage":"fr-FR","url":"https:\/\/www.nettali.com\/wp-content\/uploads\/2021\/11\/yewi-askan-wi-khaf-sonko-1.jpeg","contentUrl":"https:\/\/www.nettali.com\/wp-content\/uploads\/2021\/11\/yewi-askan-wi-khaf-sonko-1.jpeg","width":599,"height":401},{"@type":"WebPage","@id":"https:\/\/www.nettali.com\/2021\/11\/24\/charte-de-non-violence-yewwi-askan-wi-va-rencontrer-le-cadre-unitaire-de-lislam\/#webpage","url":"https:\/\/www.nettali.com\/2021\/11\/24\/charte-de-non-violence-yewwi-askan-wi-va-rencontrer-le-cadre-unitaire-de-lislam\/","name":"CHARTE DE NON-VIOLENCE - Yewwi askan wi va rencontrer le Cadre unitaire de l\u2019Islam | Nettali.com","isPartOf":{"@id":"https:\/\/www.nettali.com\/#website"},"primaryImageOfPage":{"@id":"https:\/\/www.nettali.com\/2021\/11\/24\/charte-de-non-violence-yewwi-askan-wi-va-rencontrer-le-cadre-unitaire-de-lislam\/#primaryimage"},"datePublished":"2021-11-24T00:39:50+00:00","dateModified":"2021-11-24T09:50:54+00:00","author":{"@id":"https:\/\/www.nettali.com\/#\/schema\/person\/7962a12a6e0267f88f0ffa544c36469a"},"breadcrumb":{"@id":"https:\/\/www.nettali.com\/2021\/11\/24\/charte-de-non-violence-yewwi-askan-wi-va-rencontrer-le-cadre-unitaire-de-lislam\/#breadcrumb"},"inLanguage":"fr-FR","potentialAction":[{"@type":"ReadAction","target":["https:\/\/www.nettali.com\/2021\/11\/24\/charte-de-non-violence-yewwi-askan-wi-va-rencontrer-le-cadre-unitaire-de-lislam\/"]}]},{"@type":"BreadcrumbList","@id":"https:\/\/www.nettali.com\/2021\/11\/24\/charte-de-non-violence-yewwi-askan-wi-va-rencontrer-le-cadre-unitaire-de-lislam\/#breadcrumb","itemListElement":[{"@type":"ListItem","position":1,"name":"Accueil","item":"https:\/\/www.nettali.com\/"},{"@type":"ListItem","position":2,"name":"CHARTE DE NON-VIOLENCE &#8211; Yewwi askan wi va rencontrer le Cadre unitaire de l\u2019Islam"}]},{"@type":"Person","@id":"https:\/\/www.nettali.com\/#\/schema\/person\/7962a12a6e0267f88f0ffa544c36469a","name":"Moustapha","image":{"@type":"ImageObject","@id":"https:\/\/www.nettali.com\/#personlogo","inLanguage":"fr-FR","url":"https:\/\/secure.gravatar.com\/avatar\/10fdf6a071cccdcf374e3dbe45159590?s=96&d=mm&r=g","contentUrl":"https:\/\/secure.gravatar.com\/avatar\/10fdf6a071cccdcf374e3dbe45159590?s=96&d=mm&r=g","caption":"Moustapha"},"sameAs":["https:\/\/www.nettali.com"]}]}},"_links":{"self":[{"href":"https:\/\/www.nettali.com\/rest\/wp\/v2\/posts\/76298"}],"collection":[{"href":"https:\/\/www.nettali.com\/rest\/wp\/v2\/posts"}],"about":[{"href":"https:\/\/www.nettali.com\/rest\/wp\/v2\/types\/post"}],"author":[{"embeddable":true,"href":"https:\/\/www.nettali.com\/rest\/wp\/v2\/users\/3"}],"replies":[{"embeddable":true,"href":"https:\/\/www.nettali.com\/rest\/wp\/v2\/comments?post=76298"}],"version-history":[{"count":1,"href":"https:\/\/www.nettali.com\/rest\/wp\/v2\/posts\/76298\/revisions"}],"predecessor-version":[{"id":76300,"href":"https:\/\/www.nettali.com\/rest\/wp\/v2\/posts\/76298\/revisions\/76300"}],"wp:featuredmedia":[{"embeddable":true,"href":"https:\/\/www.nettali.com\/rest\/wp\/v2\/media\/76299"}],"wp:attachment":[{"href":"https:\/\/www.nettali.com\/rest\/wp\/v2\/media?parent=76298"}],"wp:term":[{"taxonomy":"category","embeddable":true,"href":"https:\/\/www.nettali.com\/rest\/wp\/v2\/categories?post=76298"},{"taxonomy":"post_tag","embeddable":true,"href":"https:\/\/www.nettali.com\/rest\/wp\/v2\/tags?post=76298"}],"curies":[{"name":"wp","href":"https:\/\/api.w.org\/{rel}","templated":true}]}}