{"id":76234,"date":"2021-11-23T09:41:54","date_gmt":"2021-11-23T09:41:54","guid":{"rendered":"https:\/\/www.nettali.com\/?p=76234"},"modified":"2021-11-23T16:54:54","modified_gmt":"2021-11-23T16:54:54","slug":"fifa-the-best-edouard-mendy-finaliste-pour-le-prix-du-meilleur-gardien","status":"publish","type":"post","link":"https:\/\/www.nettali.com\/2021\/11\/23\/fifa-the-best-edouard-mendy-finaliste-pour-le-prix-du-meilleur-gardien\/","title":{"rendered":"FIFA THE BEST - Edouard Mendy finaliste pour le prix du meilleur gardien"},"content":{"rendered":"<p dir=\"ltr\"><strong>NETTALI.COM - Cette fois-ci Edouard Mendy n\u2019a pas \u00e9t\u00e9 oubli\u00e9. Le S\u00e9n\u00e9galais fait partie des nomin\u00e9s pour le troph\u00e9e The Best du meilleur gardien de l\u2019ann\u00e9e 2021.<\/strong><\/p>\n<p dir=\"ltr\">Ignor\u00e9 dans la course au Ballon d\u2019Or, le vice-champion d'Afrique et vainqueur de la Ligue des Champions peut esp\u00e9rer une autre r\u00e9compense, celle du troph\u00e9e The Best du meilleur gardien de l\u2019ann\u00e9e. Le portier est dans la prestigieuse liste des 5 nomin\u00e9s.<\/p>\n<p dir=\"ltr\">Seul gardien africain \u00e0 ce niveau, Mendy va rivaliser avec quatre concurrents : Alisson Becker de Loverpool, Gianluigi Donnarumma du Psg, Manuel Neuer du Bayern et Kasper Schmeichel de Leicester.<\/p>\n<p dir=\"ltr\">Le successeur de Manuel Neuer sera connu le 17 janvier 2022 \u00e0 l'occasion des prix The Best Fifa Football Awards.<\/p>\n<p dir=\"ltr\">Rappelons qu'Edouard Mendy est \u00e9galement finaliste pour le troph\u00e9e Yacine. Ce prix d\u00e9cern\u00e9 par France Football r\u00e9compense le meilleur gardien de l'ann\u00e9e.<\/p>\n<div class='share-to-whatsapp-wrapper'><div class='share-on-whsp'>PARTAGER SUR : <\/div><a data-text='FIFA THE BEST - Edouard Mendy finaliste pour le prix du meilleur gardien' data-link='https:\/\/www.nettali.com\/2021\/11\/23\/fifa-the-best-edouard-mendy-finaliste-pour-le-prix-du-meilleur-gardien\/' class='whatsapp-button whatsapp-share'>WhatsApp<\/a><div class='clear '><\/div><\/div>","protected":false},"excerpt":{"rendered":"<p>NETTALI.COM - Cette fois-ci Edouard Mendy n\u2019a pas \u00e9t\u00e9 oubli\u00e9. Le S\u00e9n\u00e9galais fait partie des nomin\u00e9s pour le troph\u00e9e The Best du meilleur gardien de l\u2019ann\u00e9e 2021. Ignor\u00e9 dans la course au Ballon d\u2019Or, le vice-champion d'Afrique et vainqueur de la Ligue des Champions peut esp\u00e9rer une autre r\u00e9compense, celle du troph\u00e9e The Best du [&hellip;]<\/p>\n","protected":false},"author":5,"featured_media":76235,"comment_status":"open","ping_status":"open","sticky":false,"template":"","format":"standard","meta":{"_et_pb_use_builder":"","_et_pb_old_content":""},"categories":[6],"tags":[],"yoast_head":"<!-- This site is optimized with the Yoast SEO Premium plugin v17.8 (Yoast SEO v17.8) - https:\/\/yoast.com\/wordpress\/plugins\/seo\/ -->\n<title>FIFA THE BEST - Edouard Mendy finaliste pour le prix du meilleur gardien | Nettali.com<\/title>\n<meta name=\"robots\" content=\"index, follow, max-snippet:-1, max-image-preview:large, max-video-preview:-1\" \/>\n<link rel=\"canonical\" href=\"https:\/\/www.nettali.com\/2021\/11\/23\/fifa-the-best-edouard-mendy-finaliste-pour-le-prix-du-meilleur-gardien\/\" \/>\n<meta property=\"og:locale\" content=\"fr_FR\" \/>\n<meta property=\"og:type\" content=\"article\" \/>\n<meta property=\"og:title\" content=\"FIFA THE BEST - Edouard Mendy finaliste pour le prix du meilleur gardien\" \/>\n<meta property=\"og:description\" content=\"NETTALI.COM - Cette fois-ci Edouard Mendy n\u2019a pas \u00e9t\u00e9 oubli\u00e9. Le S\u00e9n\u00e9galais fait partie des nomin\u00e9s pour le troph\u00e9e The Best du meilleur gardien de l\u2019ann\u00e9e 2021. Ignor\u00e9 dans la course au Ballon d\u2019Or, le vice-champion d&#039;Afrique et vainqueur de la Ligue des Champions peut esp\u00e9rer une autre r\u00e9compense, celle du troph\u00e9e The Best du [&hellip;]\" \/>\n<meta property=\"og:url\" content=\"https:\/\/www.nettali.com\/2021\/11\/23\/fifa-the-best-edouard-mendy-finaliste-pour-le-prix-du-meilleur-gardien\/\" \/>\n<meta property=\"og:site_name\" content=\"Nettali.com\" \/>\n<meta property=\"article:publisher\" content=\"https:\/\/www.facebook.com\/nettalicom\" \/>\n<meta property=\"article:published_time\" content=\"2021-11-23T09:41:54+00:00\" \/>\n<meta property=\"article:modified_time\" content=\"2021-11-23T16:54:54+00:00\" \/>\n<meta property=\"og:image\" content=\"https:\/\/www.nettali.com\/wp-content\/uploads\/2021\/11\/sans-titre-2021-10-11t132556-819.jpg\" \/>\n\t<meta property=\"og:image:width\" content=\"1920\" \/>\n\t<meta property=\"og:image:height\" content=\"1080\" \/>\n<meta name=\"twitter:card\" content=\"summary_large_image\" \/>\n<meta name=\"twitter:label1\" content=\"\u00c9crit par\" \/>\n\t<meta name=\"twitter:data1\" content=\"Ibrahima\" \/>\n\t<meta name=\"twitter:label2\" content=\"Dur\u00e9e de lecture estim\u00e9e\" \/>\n\t<meta name=\"twitter:data2\" content=\"1 minute\" \/>\n<script type=\"application\/ld+json\" class=\"yoast-schema-graph\">{\"@context\":\"https:\/\/schema.org\",\"@graph\":[{\"@type\":\"WebSite\",\"@id\":\"https:\/\/www.nettali.com\/#website\",\"url\":\"https:\/\/www.nettali.com\/\",\"name\":\"Nettali.com\",\"description\":\"Le rendez-vous critique du Net\",\"potentialAction\":[{\"@type\":\"SearchAction\",\"target\":{\"@type\":\"EntryPoint\",\"urlTemplate\":\"https:\/\/www.nettali.com\/?s={search_term_string}\"},\"query-input\":\"required name=search_term_string\"}],\"inLanguage\":\"fr-FR\"},{\"@type\":\"ImageObject\",\"@id\":\"https:\/\/www.nettali.com\/2021\/11\/23\/fifa-the-best-edouard-mendy-finaliste-pour-le-prix-du-meilleur-gardien\/#primaryimage\",\"inLanguage\":\"fr-FR\",\"url\":\"https:\/\/www.nettali.com\/wp-content\/uploads\/2021\/11\/sans-titre-2021-10-11t132556-819.jpg\",\"contentUrl\":\"https:\/\/www.nettali.com\/wp-content\/uploads\/2021\/11\/sans-titre-2021-10-11t132556-819.jpg\",\"width\":1920,\"height\":1080},{\"@type\":\"WebPage\",\"@id\":\"https:\/\/www.nettali.com\/2021\/11\/23\/fifa-the-best-edouard-mendy-finaliste-pour-le-prix-du-meilleur-gardien\/#webpage\",\"url\":\"https:\/\/www.nettali.com\/2021\/11\/23\/fifa-the-best-edouard-mendy-finaliste-pour-le-prix-du-meilleur-gardien\/\",\"name\":\"FIFA THE BEST - Edouard Mendy finaliste pour le prix du meilleur gardien | Nettali.com\",\"isPartOf\":{\"@id\":\"https:\/\/www.nettali.com\/#website\"},\"primaryImageOfPage\":{\"@id\":\"https:\/\/www.nettali.com\/2021\/11\/23\/fifa-the-best-edouard-mendy-finaliste-pour-le-prix-du-meilleur-gardien\/#primaryimage\"},\"datePublished\":\"2021-11-23T09:41:54+00:00\",\"dateModified\":\"2021-11-23T16:54:54+00:00\",\"author\":{\"@id\":\"https:\/\/www.nettali.com\/#\/schema\/person\/bb147657c2986240405a608162b9bb23\"},\"breadcrumb\":{\"@id\":\"https:\/\/www.nettali.com\/2021\/11\/23\/fifa-the-best-edouard-mendy-finaliste-pour-le-prix-du-meilleur-gardien\/#breadcrumb\"},\"inLanguage\":\"fr-FR\",\"potentialAction\":[{\"@type\":\"ReadAction\",\"target\":[\"https:\/\/www.nettali.com\/2021\/11\/23\/fifa-the-best-edouard-mendy-finaliste-pour-le-prix-du-meilleur-gardien\/\"]}]},{\"@type\":\"BreadcrumbList\",\"@id\":\"https:\/\/www.nettali.com\/2021\/11\/23\/fifa-the-best-edouard-mendy-finaliste-pour-le-prix-du-meilleur-gardien\/#breadcrumb\",\"itemListElement\":[{\"@type\":\"ListItem\",\"position\":1,\"name\":\"Accueil\",\"item\":\"https:\/\/www.nettali.com\/\"},{\"@type\":\"ListItem\",\"position\":2,\"name\":\"FIFA THE BEST &#8211; Edouard Mendy finaliste pour le prix du meilleur gardien\"}]},{\"@type\":\"Person\",\"@id\":\"https:\/\/www.nettali.com\/#\/schema\/person\/bb147657c2986240405a608162b9bb23\",\"name\":\"Ibrahima\",\"image\":{\"@type\":\"ImageObject\",\"@id\":\"https:\/\/www.nettali.com\/#personlogo\",\"inLanguage\":\"fr-FR\",\"url\":\"https:\/\/secure.gravatar.com\/avatar\/26a8a81f09f0dd7624c9d5c36c9ba3a2?s=96&d=mm&r=g\",\"contentUrl\":\"https:\/\/secure.gravatar.com\/avatar\/26a8a81f09f0dd7624c9d5c36c9ba3a2?s=96&d=mm&r=g\",\"caption\":\"Ibrahima\"},\"sameAs\":[\"https:\/\/www.nettali.com\"]}]}<\/script>\n<!-- \/ Yoast SEO Premium plugin. -->","yoast_head_json":{"title":"FIFA THE BEST - Edouard Mendy finaliste pour le prix du meilleur gardien | Nettali.com","robots":{"index":"index","follow":"follow","max-snippet":"max-snippet:-1","max-image-preview":"max-image-preview:large","max-video-preview":"max-video-preview:-1"},"canonical":"https:\/\/www.nettali.com\/2021\/11\/23\/fifa-the-best-edouard-mendy-finaliste-pour-le-prix-du-meilleur-gardien\/","og_locale":"fr_FR","og_type":"article","og_title":"FIFA THE BEST - Edouard Mendy finaliste pour le prix du meilleur gardien","og_description":"NETTALI.COM - Cette fois-ci Edouard Mendy n\u2019a pas \u00e9t\u00e9 oubli\u00e9. Le S\u00e9n\u00e9galais fait partie des nomin\u00e9s pour le troph\u00e9e The Best du meilleur gardien de l\u2019ann\u00e9e 2021. Ignor\u00e9 dans la course au Ballon d\u2019Or, le vice-champion d'Afrique et vainqueur de la Ligue des Champions peut esp\u00e9rer une autre r\u00e9compense, celle du troph\u00e9e The Best du [&hellip;]","og_url":"https:\/\/www.nettali.com\/2021\/11\/23\/fifa-the-best-edouard-mendy-finaliste-pour-le-prix-du-meilleur-gardien\/","og_site_name":"Nettali.com","article_publisher":"https:\/\/www.facebook.com\/nettalicom","article_published_time":"2021-11-23T09:41:54+00:00","article_modified_time":"2021-11-23T16:54:54+00:00","og_image":[{"width":1920,"height":1080,"url":"https:\/\/www.nettali.com\/wp-content\/uploads\/2021\/11\/sans-titre-2021-10-11t132556-819.jpg","type":"image\/jpeg"}],"twitter_card":"summary_large_image","twitter_misc":{"\u00c9crit par":"Ibrahima","Dur\u00e9e de lecture estim\u00e9e":"1 minute"},"schema":{"@context":"https:\/\/schema.org","@graph":[{"@type":"WebSite","@id":"https:\/\/www.nettali.com\/#website","url":"https:\/\/www.nettali.com\/","name":"Nettali.com","description":"Le rendez-vous critique du Net","potentialAction":[{"@type":"SearchAction","target":{"@type":"EntryPoint","urlTemplate":"https:\/\/www.nettali.com\/?s={search_term_string}"},"query-input":"required name=search_term_string"}],"inLanguage":"fr-FR"},{"@type":"ImageObject","@id":"https:\/\/www.nettali.com\/2021\/11\/23\/fifa-the-best-edouard-mendy-finaliste-pour-le-prix-du-meilleur-gardien\/#primaryimage","inLanguage":"fr-FR","url":"https:\/\/www.nettali.com\/wp-content\/uploads\/2021\/11\/sans-titre-2021-10-11t132556-819.jpg","contentUrl":"https:\/\/www.nettali.com\/wp-content\/uploads\/2021\/11\/sans-titre-2021-10-11t132556-819.jpg","width":1920,"height":1080},{"@type":"WebPage","@id":"https:\/\/www.nettali.com\/2021\/11\/23\/fifa-the-best-edouard-mendy-finaliste-pour-le-prix-du-meilleur-gardien\/#webpage","url":"https:\/\/www.nettali.com\/2021\/11\/23\/fifa-the-best-edouard-mendy-finaliste-pour-le-prix-du-meilleur-gardien\/","name":"FIFA THE BEST - Edouard Mendy finaliste pour le prix du meilleur gardien | Nettali.com","isPartOf":{"@id":"https:\/\/www.nettali.com\/#website"},"primaryImageOfPage":{"@id":"https:\/\/www.nettali.com\/2021\/11\/23\/fifa-the-best-edouard-mendy-finaliste-pour-le-prix-du-meilleur-gardien\/#primaryimage"},"datePublished":"2021-11-23T09:41:54+00:00","dateModified":"2021-11-23T16:54:54+00:00","author":{"@id":"https:\/\/www.nettali.com\/#\/schema\/person\/bb147657c2986240405a608162b9bb23"},"breadcrumb":{"@id":"https:\/\/www.nettali.com\/2021\/11\/23\/fifa-the-best-edouard-mendy-finaliste-pour-le-prix-du-meilleur-gardien\/#breadcrumb"},"inLanguage":"fr-FR","potentialAction":[{"@type":"ReadAction","target":["https:\/\/www.nettali.com\/2021\/11\/23\/fifa-the-best-edouard-mendy-finaliste-pour-le-prix-du-meilleur-gardien\/"]}]},{"@type":"BreadcrumbList","@id":"https:\/\/www.nettali.com\/2021\/11\/23\/fifa-the-best-edouard-mendy-finaliste-pour-le-prix-du-meilleur-gardien\/#breadcrumb","itemListElement":[{"@type":"ListItem","position":1,"name":"Accueil","item":"https:\/\/www.nettali.com\/"},{"@type":"ListItem","position":2,"name":"FIFA THE BEST &#8211; Edouard Mendy finaliste pour le prix du meilleur gardien"}]},{"@type":"Person","@id":"https:\/\/www.nettali.com\/#\/schema\/person\/bb147657c2986240405a608162b9bb23","name":"Ibrahima","image":{"@type":"ImageObject","@id":"https:\/\/www.nettali.com\/#personlogo","inLanguage":"fr-FR","url":"https:\/\/secure.gravatar.com\/avatar\/26a8a81f09f0dd7624c9d5c36c9ba3a2?s=96&d=mm&r=g","contentUrl":"https:\/\/secure.gravatar.com\/avatar\/26a8a81f09f0dd7624c9d5c36c9ba3a2?s=96&d=mm&r=g","caption":"Ibrahima"},"sameAs":["https:\/\/www.nettali.com"]}]}},"_links":{"self":[{"href":"https:\/\/www.nettali.com\/rest\/wp\/v2\/posts\/76234"}],"collection":[{"href":"https:\/\/www.nettali.com\/rest\/wp\/v2\/posts"}],"about":[{"href":"https:\/\/www.nettali.com\/rest\/wp\/v2\/types\/post"}],"author":[{"embeddable":true,"href":"https:\/\/www.nettali.com\/rest\/wp\/v2\/users\/5"}],"replies":[{"embeddable":true,"href":"https:\/\/www.nettali.com\/rest\/wp\/v2\/comments?post=76234"}],"version-history":[{"count":3,"href":"https:\/\/www.nettali.com\/rest\/wp\/v2\/posts\/76234\/revisions"}],"predecessor-version":[{"id":76238,"href":"https:\/\/www.nettali.com\/rest\/wp\/v2\/posts\/76234\/revisions\/76238"}],"wp:featuredmedia":[{"embeddable":true,"href":"https:\/\/www.nettali.com\/rest\/wp\/v2\/media\/76235"}],"wp:attachment":[{"href":"https:\/\/www.nettali.com\/rest\/wp\/v2\/media?parent=76234"}],"wp:term":[{"taxonomy":"category","embeddable":true,"href":"https:\/\/www.nettali.com\/rest\/wp\/v2\/categories?post=76234"},{"taxonomy":"post_tag","embeddable":true,"href":"https:\/\/www.nettali.com\/rest\/wp\/v2\/tags?post=76234"}],"curies":[{"name":"wp","href":"https:\/\/api.w.org\/{rel}","templated":true}]}}