{"id":76146,"date":"2021-11-22T11:20:03","date_gmt":"2021-11-22T11:20:03","guid":{"rendered":"https:\/\/www.nettali.com\/?p=76146"},"modified":"2021-11-22T11:20:03","modified_gmt":"2021-11-22T11:20:03","slug":"mairie-de-point-e-abdou-karim-fofana-attribue-une-tres-mauvaise-note-a-palla-samb","status":"publish","type":"post","link":"https:\/\/www.nettali.com\/2021\/11\/22\/mairie-de-point-e-abdou-karim-fofana-attribue-une-tres-mauvaise-note-a-palla-samb\/","title":{"rendered":"MAIRIE DE POINT E - Abdou Karim Fofana attribue une tr\u00e8s mauvaise note \u00e0 Palla Samb"},"content":{"rendered":"<p><strong>NETTALI.COM- Devant le Jury du dimanche, Abdou Karim Fofana a d\u00e9chir\u00e9 et jet\u00e9 \u00e0 la poubelle le bilan du maire sortant de Point E, Palla Mbengue. Qui, selon lui, n\u2019a rien fait dans cette commune.\u00a0<\/strong><\/p>\n<p>Si c\u2019\u00e9tait un examen et que Abdou Karim Fofana devait \u00e9valuer Palla Samb, maire sortant de Point E, celui-ci serait ajourn\u00e9 d\u2019office. Le ministre en charge du Plan S\u00e9n\u00e9gal Emergent juge catastrophique son bilan en ces termes\u00a0: \u00a0\u00ab J\u2019ai l\u2019impression que notre maire ne nous \u00e9coute pas \u00bb, a d\u2019embl\u00e9e d\u00e9clar\u00e9 M. Fofana, t\u00eate de liste de la Coalition Benno Bokk Yakkar dans cette commune. Qui ajoute : \u00ab on ne le voit pas s\u2019enqu\u00e9rir des probl\u00e8mes des populations. Dans notre commune, les conseils de quartier ne se tiennent pas. Les budgets sont vot\u00e9s peut-\u00eatre par 15 conseillers municipaux sur 46. La v\u00e9rit\u00e9 c\u2019est que la d\u00e9mocratie participative n\u2019existe pas \u00bb.<\/p>\n<p>&nbsp;<\/p>\n<p>Selon lui, si cette d\u00e9mocratie participative existait, le maire sortant aurait pu comprendre que dans leur commune, il y a 5 priorit\u00e9s. La premi\u00e8re des priorit\u00e9s, c\u2019est la s\u00e9curit\u00e9. Tout le monde s\u2019en plaint. \u00ab On ne peut pas \u00eatre dans une commune o\u00f9 si vous avez les moyens d\u2019avoir un gardien vous \u00eates en paix et si vous en n\u2019avez pas les moyens vous n\u2019avez pas la paix. Que ce soit Sicap rue 10, Amiti\u00e9 1 et 2 les agressions sont le quotidien, les vols \u00e0 l\u2019arrach\u00e9 \u00bb, explique-t-il. L\u2019autre chose, poursuit M. Fofana, c\u2019est la question du cadre de vie et de l\u2019hygi\u00e8ne publique. Il a remarqu\u00e9, pour s\u2019en d\u00e9soler, que les all\u00e9es Seydou Nourou Tall sont devenues un d\u00e9potoir de ferraillage. \u00ab On a toujours des conflits au Point E pour des zones de stationnement, de parking. Nous, nous voulons bien que les entreprises viennent s\u2019installer parce que c\u2019est une cause d\u2019enrichissement et de richesse pour notre commune. C\u2019est aussi un moyen peut-\u00eatre de trouver \u00e0 nos jeunes l\u2019emploi. Cependant, ce que nous voyons c\u2019est qu\u2019il y a un laxisme municipal et, le laxisme municipal, c\u2019est parfois une question de comp\u00e9tence \u00bb, regrette-t-il.<\/p>\n<p>&nbsp;<\/p>\n<p>Il rappelle que le budget de la commune est pass\u00e9 de 400 millions de francs CFA \u00e0 1,8 milliard de francs CFA mais, se d\u00e9sole-t-il : \u00ab rien n\u2019a chang\u00e9 dans la commune. Quand il pleut, vous avez les m\u00eames probl\u00e8mes que les autres communes qui ont un probl\u00e8me de r\u00e9seau d\u2019assainissement<\/p>\n<div class='share-to-whatsapp-wrapper'><div class='share-on-whsp'>PARTAGER SUR : <\/div><a data-text='MAIRIE DE POINT E - Abdou Karim Fofana attribue une tr\u00e8s mauvaise note \u00e0 Palla Samb' data-link='https:\/\/www.nettali.com\/2021\/11\/22\/mairie-de-point-e-abdou-karim-fofana-attribue-une-tres-mauvaise-note-a-palla-samb\/' class='whatsapp-button whatsapp-share'>WhatsApp<\/a><div class='clear '><\/div><\/div>","protected":false},"excerpt":{"rendered":"<p>NETTALI.COM- Devant le Jury du dimanche, Abdou Karim Fofana a d\u00e9chir\u00e9 et jet\u00e9 \u00e0 la poubelle le bilan du maire sortant de Point E, Palla Mbengue. Qui, selon lui, n\u2019a rien fait dans cette commune.\u00a0 Si c\u2019\u00e9tait un examen et que Abdou Karim Fofana devait \u00e9valuer Palla Samb, maire sortant de Point E, celui-ci serait [&hellip;]<\/p>\n","protected":false},"author":11,"featured_media":21224,"comment_status":"open","ping_status":"open","sticky":false,"template":"","format":"standard","meta":{"_et_pb_use_builder":"","_et_pb_old_content":""},"categories":[2],"tags":[],"yoast_head":"<!-- This site is optimized with the Yoast SEO Premium plugin v17.8 (Yoast SEO v17.8) - https:\/\/yoast.com\/wordpress\/plugins\/seo\/ -->\n<title>MAIRIE DE POINT E - Abdou Karim Fofana attribue une tr\u00e8s mauvaise note \u00e0 Palla Samb | Nettali.com<\/title>\n<meta name=\"robots\" content=\"index, follow, max-snippet:-1, max-image-preview:large, max-video-preview:-1\" \/>\n<link rel=\"canonical\" href=\"https:\/\/www.nettali.com\/2021\/11\/22\/mairie-de-point-e-abdou-karim-fofana-attribue-une-tres-mauvaise-note-a-palla-samb\/\" \/>\n<meta property=\"og:locale\" content=\"fr_FR\" \/>\n<meta property=\"og:type\" content=\"article\" \/>\n<meta property=\"og:title\" content=\"MAIRIE DE POINT E - Abdou Karim Fofana attribue une tr\u00e8s mauvaise note \u00e0 Palla Samb\" \/>\n<meta property=\"og:description\" content=\"NETTALI.COM- Devant le Jury du dimanche, Abdou Karim Fofana a d\u00e9chir\u00e9 et jet\u00e9 \u00e0 la poubelle le bilan du maire sortant de Point E, Palla Mbengue. Qui, selon lui, n\u2019a rien fait dans cette commune.\u00a0 Si c\u2019\u00e9tait un examen et que Abdou Karim Fofana devait \u00e9valuer Palla Samb, maire sortant de Point E, celui-ci serait [&hellip;]\" \/>\n<meta property=\"og:url\" content=\"https:\/\/www.nettali.com\/2021\/11\/22\/mairie-de-point-e-abdou-karim-fofana-attribue-une-tres-mauvaise-note-a-palla-samb\/\" \/>\n<meta property=\"og:site_name\" content=\"Nettali.com\" \/>\n<meta property=\"article:publisher\" content=\"https:\/\/www.facebook.com\/nettalicom\" \/>\n<meta property=\"article:published_time\" content=\"2021-11-22T11:20:03+00:00\" \/>\n<meta property=\"og:image\" content=\"https:\/\/www.nettali.com\/wp-content\/uploads\/2019\/11\/abdou-karim-fofana.jpg\" \/>\n\t<meta property=\"og:image:width\" content=\"1000\" \/>\n\t<meta property=\"og:image:height\" content=\"620\" \/>\n<meta name=\"twitter:card\" content=\"summary_large_image\" \/>\n<meta name=\"twitter:label1\" content=\"\u00c9crit par\" \/>\n\t<meta name=\"twitter:data1\" content=\"Thierno Diop\" \/>\n\t<meta name=\"twitter:label2\" content=\"Dur\u00e9e de lecture estim\u00e9e\" \/>\n\t<meta name=\"twitter:data2\" content=\"2 minutes\" \/>\n<script type=\"application\/ld+json\" class=\"yoast-schema-graph\">{\"@context\":\"https:\/\/schema.org\",\"@graph\":[{\"@type\":\"WebSite\",\"@id\":\"https:\/\/www.nettali.com\/#website\",\"url\":\"https:\/\/www.nettali.com\/\",\"name\":\"Nettali.com\",\"description\":\"Le rendez-vous critique du Net\",\"potentialAction\":[{\"@type\":\"SearchAction\",\"target\":{\"@type\":\"EntryPoint\",\"urlTemplate\":\"https:\/\/www.nettali.com\/?s={search_term_string}\"},\"query-input\":\"required name=search_term_string\"}],\"inLanguage\":\"fr-FR\"},{\"@type\":\"ImageObject\",\"@id\":\"https:\/\/www.nettali.com\/2021\/11\/22\/mairie-de-point-e-abdou-karim-fofana-attribue-une-tres-mauvaise-note-a-palla-samb\/#primaryimage\",\"inLanguage\":\"fr-FR\",\"url\":\"https:\/\/www.nettali.com\/wp-content\/uploads\/2019\/11\/abdou-karim-fofana.jpg\",\"contentUrl\":\"https:\/\/www.nettali.com\/wp-content\/uploads\/2019\/11\/abdou-karim-fofana.jpg\",\"width\":1000,\"height\":620},{\"@type\":\"WebPage\",\"@id\":\"https:\/\/www.nettali.com\/2021\/11\/22\/mairie-de-point-e-abdou-karim-fofana-attribue-une-tres-mauvaise-note-a-palla-samb\/#webpage\",\"url\":\"https:\/\/www.nettali.com\/2021\/11\/22\/mairie-de-point-e-abdou-karim-fofana-attribue-une-tres-mauvaise-note-a-palla-samb\/\",\"name\":\"MAIRIE DE POINT E - Abdou Karim Fofana attribue une tr\\u00e8s mauvaise note \\u00e0 Palla Samb | Nettali.com\",\"isPartOf\":{\"@id\":\"https:\/\/www.nettali.com\/#website\"},\"primaryImageOfPage\":{\"@id\":\"https:\/\/www.nettali.com\/2021\/11\/22\/mairie-de-point-e-abdou-karim-fofana-attribue-une-tres-mauvaise-note-a-palla-samb\/#primaryimage\"},\"datePublished\":\"2021-11-22T11:20:03+00:00\",\"dateModified\":\"2021-11-22T11:20:03+00:00\",\"author\":{\"@id\":\"https:\/\/www.nettali.com\/#\/schema\/person\/8a06c6bd7b19304cf4bf985862900b5b\"},\"breadcrumb\":{\"@id\":\"https:\/\/www.nettali.com\/2021\/11\/22\/mairie-de-point-e-abdou-karim-fofana-attribue-une-tres-mauvaise-note-a-palla-samb\/#breadcrumb\"},\"inLanguage\":\"fr-FR\",\"potentialAction\":[{\"@type\":\"ReadAction\",\"target\":[\"https:\/\/www.nettali.com\/2021\/11\/22\/mairie-de-point-e-abdou-karim-fofana-attribue-une-tres-mauvaise-note-a-palla-samb\/\"]}]},{\"@type\":\"BreadcrumbList\",\"@id\":\"https:\/\/www.nettali.com\/2021\/11\/22\/mairie-de-point-e-abdou-karim-fofana-attribue-une-tres-mauvaise-note-a-palla-samb\/#breadcrumb\",\"itemListElement\":[{\"@type\":\"ListItem\",\"position\":1,\"name\":\"Accueil\",\"item\":\"https:\/\/www.nettali.com\/\"},{\"@type\":\"ListItem\",\"position\":2,\"name\":\"MAIRIE DE POINT E &#8211; Abdou Karim Fofana attribue une tr\\u00e8s mauvaise note \\u00e0 Palla Samb\"}]},{\"@type\":\"Person\",\"@id\":\"https:\/\/www.nettali.com\/#\/schema\/person\/8a06c6bd7b19304cf4bf985862900b5b\",\"name\":\"Thierno Diop\",\"image\":{\"@type\":\"ImageObject\",\"@id\":\"https:\/\/www.nettali.com\/#personlogo\",\"inLanguage\":\"fr-FR\",\"url\":\"https:\/\/secure.gravatar.com\/avatar\/c8ca58550c94fd2ac856d27391a6c866?s=96&d=mm&r=g\",\"contentUrl\":\"https:\/\/secure.gravatar.com\/avatar\/c8ca58550c94fd2ac856d27391a6c866?s=96&d=mm&r=g\",\"caption\":\"Thierno Diop\"},\"sameAs\":[\"https:\/\/nettali.com\"]}]}<\/script>\n<!-- \/ Yoast SEO Premium plugin. -->","yoast_head_json":{"title":"MAIRIE DE POINT E - Abdou Karim Fofana attribue une tr\u00e8s mauvaise note \u00e0 Palla Samb | Nettali.com","robots":{"index":"index","follow":"follow","max-snippet":"max-snippet:-1","max-image-preview":"max-image-preview:large","max-video-preview":"max-video-preview:-1"},"canonical":"https:\/\/www.nettali.com\/2021\/11\/22\/mairie-de-point-e-abdou-karim-fofana-attribue-une-tres-mauvaise-note-a-palla-samb\/","og_locale":"fr_FR","og_type":"article","og_title":"MAIRIE DE POINT E - Abdou Karim Fofana attribue une tr\u00e8s mauvaise note \u00e0 Palla Samb","og_description":"NETTALI.COM- Devant le Jury du dimanche, Abdou Karim Fofana a d\u00e9chir\u00e9 et jet\u00e9 \u00e0 la poubelle le bilan du maire sortant de Point E, Palla Mbengue. Qui, selon lui, n\u2019a rien fait dans cette commune.\u00a0 Si c\u2019\u00e9tait un examen et que Abdou Karim Fofana devait \u00e9valuer Palla Samb, maire sortant de Point E, celui-ci serait [&hellip;]","og_url":"https:\/\/www.nettali.com\/2021\/11\/22\/mairie-de-point-e-abdou-karim-fofana-attribue-une-tres-mauvaise-note-a-palla-samb\/","og_site_name":"Nettali.com","article_publisher":"https:\/\/www.facebook.com\/nettalicom","article_published_time":"2021-11-22T11:20:03+00:00","og_image":[{"width":1000,"height":620,"url":"https:\/\/www.nettali.com\/wp-content\/uploads\/2019\/11\/abdou-karim-fofana.jpg","type":"image\/jpeg"}],"twitter_card":"summary_large_image","twitter_misc":{"\u00c9crit par":"Thierno Diop","Dur\u00e9e de lecture estim\u00e9e":"2 minutes"},"schema":{"@context":"https:\/\/schema.org","@graph":[{"@type":"WebSite","@id":"https:\/\/www.nettali.com\/#website","url":"https:\/\/www.nettali.com\/","name":"Nettali.com","description":"Le rendez-vous critique du Net","potentialAction":[{"@type":"SearchAction","target":{"@type":"EntryPoint","urlTemplate":"https:\/\/www.nettali.com\/?s={search_term_string}"},"query-input":"required name=search_term_string"}],"inLanguage":"fr-FR"},{"@type":"ImageObject","@id":"https:\/\/www.nettali.com\/2021\/11\/22\/mairie-de-point-e-abdou-karim-fofana-attribue-une-tres-mauvaise-note-a-palla-samb\/#primaryimage","inLanguage":"fr-FR","url":"https:\/\/www.nettali.com\/wp-content\/uploads\/2019\/11\/abdou-karim-fofana.jpg","contentUrl":"https:\/\/www.nettali.com\/wp-content\/uploads\/2019\/11\/abdou-karim-fofana.jpg","width":1000,"height":620},{"@type":"WebPage","@id":"https:\/\/www.nettali.com\/2021\/11\/22\/mairie-de-point-e-abdou-karim-fofana-attribue-une-tres-mauvaise-note-a-palla-samb\/#webpage","url":"https:\/\/www.nettali.com\/2021\/11\/22\/mairie-de-point-e-abdou-karim-fofana-attribue-une-tres-mauvaise-note-a-palla-samb\/","name":"MAIRIE DE POINT E - Abdou Karim Fofana attribue une tr\u00e8s mauvaise note \u00e0 Palla Samb | Nettali.com","isPartOf":{"@id":"https:\/\/www.nettali.com\/#website"},"primaryImageOfPage":{"@id":"https:\/\/www.nettali.com\/2021\/11\/22\/mairie-de-point-e-abdou-karim-fofana-attribue-une-tres-mauvaise-note-a-palla-samb\/#primaryimage"},"datePublished":"2021-11-22T11:20:03+00:00","dateModified":"2021-11-22T11:20:03+00:00","author":{"@id":"https:\/\/www.nettali.com\/#\/schema\/person\/8a06c6bd7b19304cf4bf985862900b5b"},"breadcrumb":{"@id":"https:\/\/www.nettali.com\/2021\/11\/22\/mairie-de-point-e-abdou-karim-fofana-attribue-une-tres-mauvaise-note-a-palla-samb\/#breadcrumb"},"inLanguage":"fr-FR","potentialAction":[{"@type":"ReadAction","target":["https:\/\/www.nettali.com\/2021\/11\/22\/mairie-de-point-e-abdou-karim-fofana-attribue-une-tres-mauvaise-note-a-palla-samb\/"]}]},{"@type":"BreadcrumbList","@id":"https:\/\/www.nettali.com\/2021\/11\/22\/mairie-de-point-e-abdou-karim-fofana-attribue-une-tres-mauvaise-note-a-palla-samb\/#breadcrumb","itemListElement":[{"@type":"ListItem","position":1,"name":"Accueil","item":"https:\/\/www.nettali.com\/"},{"@type":"ListItem","position":2,"name":"MAIRIE DE POINT E &#8211; Abdou Karim Fofana attribue une tr\u00e8s mauvaise note \u00e0 Palla Samb"}]},{"@type":"Person","@id":"https:\/\/www.nettali.com\/#\/schema\/person\/8a06c6bd7b19304cf4bf985862900b5b","name":"Thierno Diop","image":{"@type":"ImageObject","@id":"https:\/\/www.nettali.com\/#personlogo","inLanguage":"fr-FR","url":"https:\/\/secure.gravatar.com\/avatar\/c8ca58550c94fd2ac856d27391a6c866?s=96&d=mm&r=g","contentUrl":"https:\/\/secure.gravatar.com\/avatar\/c8ca58550c94fd2ac856d27391a6c866?s=96&d=mm&r=g","caption":"Thierno Diop"},"sameAs":["https:\/\/nettali.com"]}]}},"_links":{"self":[{"href":"https:\/\/www.nettali.com\/rest\/wp\/v2\/posts\/76146"}],"collection":[{"href":"https:\/\/www.nettali.com\/rest\/wp\/v2\/posts"}],"about":[{"href":"https:\/\/www.nettali.com\/rest\/wp\/v2\/types\/post"}],"author":[{"embeddable":true,"href":"https:\/\/www.nettali.com\/rest\/wp\/v2\/users\/11"}],"replies":[{"embeddable":true,"href":"https:\/\/www.nettali.com\/rest\/wp\/v2\/comments?post=76146"}],"version-history":[{"count":1,"href":"https:\/\/www.nettali.com\/rest\/wp\/v2\/posts\/76146\/revisions"}],"predecessor-version":[{"id":76147,"href":"https:\/\/www.nettali.com\/rest\/wp\/v2\/posts\/76146\/revisions\/76147"}],"wp:featuredmedia":[{"embeddable":true,"href":"https:\/\/www.nettali.com\/rest\/wp\/v2\/media\/21224"}],"wp:attachment":[{"href":"https:\/\/www.nettali.com\/rest\/wp\/v2\/media?parent=76146"}],"wp:term":[{"taxonomy":"category","embeddable":true,"href":"https:\/\/www.nettali.com\/rest\/wp\/v2\/categories?post=76146"},{"taxonomy":"post_tag","embeddable":true,"href":"https:\/\/www.nettali.com\/rest\/wp\/v2\/tags?post=76146"}],"curies":[{"name":"wp","href":"https:\/\/api.w.org\/{rel}","templated":true}]}}