{"id":76068,"date":"2021-11-21T11:52:42","date_gmt":"2021-11-21T11:52:42","guid":{"rendered":"https:\/\/www.nettali.com\/?p=76068"},"modified":"2021-11-21T11:52:42","modified_gmt":"2021-11-21T11:52:42","slug":"afrique-europe-jean-yves-le-drian-appelle-a-la-creation-dun-nouveau-deal","status":"publish","type":"post","link":"https:\/\/www.nettali.com\/2021\/11\/21\/afrique-europe-jean-yves-le-drian-appelle-a-la-creation-dun-nouveau-deal\/","title":{"rendered":"AFRIQUE \u2013 EUROPE \u2013 Jean-Yves Le Drian appelle \u00e0 la cr\u00e9ation \u00abd'un nouveau deal"},"content":{"rendered":"<p><strong>NETTALI.COM - Dans une interview accord\u00e9e au journal \u00ab\u00a0<em>Le Monde<\/em>\u00a0<em>\u00bb<\/em>, le ministre des Affaires \u00e9trang\u00e8res fran\u00e7ais s'est dit inquiet\u00a0de la pr\u00e9dation \u00e9conomique qui p\u00e8se sur les pays africains, en pointant du doigt la Chine et la Russie. \u00ab\u00a0<em>Nos concurrents n'ont ni tabous, ni limites\u00a0<\/em>\u00bb\u00a0a affirm\u00e9 Jean-Yves Le Drian, selon qui les Europ\u00e9ens doivent \u00e0 tour prix refonder leur relation avec le continent.<\/strong><\/p>\n<p>S'il n'a pas donn\u00e9 de pr\u00e9cisions sur ce \u00e0 quoi ressemblerait ce nouveau contrat entre l'Europe et l'Afrique, Jean-Yves Le Drian a surtout insist\u00e9 sur les risques d'une absence d'accord. Selon lui, les liens de plus en plus important de la Russie et de la Chine avec les pays africains sont un danger pour les nations concern\u00e9es.<\/p>\n<p><strong>Nouvel avertissement envers le Mali\u00a0<\/strong><\/p>\n<p>Il cite notamment la Centrafrique et la pr\u00e9sence sur place du groupe de s\u00e9curit\u00e9 russe Wagner.\u00a0Un groupe \u00ab\u00a0<em>qui se sert sur la b\u00eate avec les ressources mini\u00e8res\u00a0<\/em>\u00bb\u00a0selon ses mots. Ces propos sonnent comme un nouvel avertissement envers le Mali, tent\u00e9 depuis quelques mois de se tourner vers Wagner pour combattre le terrorisme, un rapprochement auquel la France est farouchement oppos\u00e9e.<\/p>\n<p>Jean-Yves Le Drian met en garde les Africains contre la pr\u00e9dation \u00e9conomique de la Russie mais aussi de la Chine\u00a0qui cherche \u00ab\u00a0 \u00e0 mettre sous tutelles\u00a0\u00bb par l\u2019endettement les pays avec lesquels elle conclut des accords dits de \u00ab<em>\u00a0d\u00e9veloppement\u00a0<\/em>\u00bb.<\/p>\n<p><strong>Agir en f\u00e9vrier 2022\u00a0<\/strong><\/p>\n<p>En f\u00e9vrier 2022, le sommet Union africaine\u00a0-\u00a0Union europ\u00e9enne se tiendra \u00e0 Bruxelles, c'est la qu'il faudra agir affirme le chef de la diplomatie fran\u00e7aise, sans quoi conclut-il,\u00a0\u00ab<em>\u00a0nous aurons des rempla\u00e7ants<\/em>\u00a0\u00bb.<\/p>\n<div class='share-to-whatsapp-wrapper'><div class='share-on-whsp'>PARTAGER SUR : <\/div><a data-text='AFRIQUE \u2013 EUROPE \u2013 Jean-Yves Le Drian appelle \u00e0 la cr\u00e9ation \u00abd'un nouveau deal' data-link='https:\/\/www.nettali.com\/2021\/11\/21\/afrique-europe-jean-yves-le-drian-appelle-a-la-creation-dun-nouveau-deal\/' class='whatsapp-button whatsapp-share'>WhatsApp<\/a><div class='clear '><\/div><\/div>","protected":false},"excerpt":{"rendered":"<p>NETTALI.COM - Dans une interview accord\u00e9e au journal \u00ab\u00a0Le Monde\u00a0\u00bb, le ministre des Affaires \u00e9trang\u00e8res fran\u00e7ais s'est dit inquiet\u00a0de la pr\u00e9dation \u00e9conomique qui p\u00e8se sur les pays africains, en pointant du doigt la Chine et la Russie. \u00ab\u00a0Nos concurrents n'ont ni tabous, ni limites\u00a0\u00bb\u00a0a affirm\u00e9 Jean-Yves Le Drian, selon qui les Europ\u00e9ens doivent \u00e0 tour [&hellip;]<\/p>\n","protected":false},"author":11,"featured_media":64473,"comment_status":"open","ping_status":"open","sticky":false,"template":"","format":"standard","meta":{"_et_pb_use_builder":"","_et_pb_old_content":""},"categories":[8],"tags":[],"yoast_head":"<!-- This site is optimized with the Yoast SEO Premium plugin v17.8 (Yoast SEO v17.8) - https:\/\/yoast.com\/wordpress\/plugins\/seo\/ -->\n<title>AFRIQUE \u2013 EUROPE \u2013 Jean-Yves Le Drian appelle \u00e0 la cr\u00e9ation \u00abd&#039;un nouveau deal | Nettali.com<\/title>\n<meta name=\"robots\" content=\"index, follow, max-snippet:-1, max-image-preview:large, max-video-preview:-1\" \/>\n<link rel=\"canonical\" href=\"https:\/\/www.nettali.com\/2021\/11\/21\/afrique-europe-jean-yves-le-drian-appelle-a-la-creation-dun-nouveau-deal\/\" \/>\n<meta property=\"og:locale\" content=\"fr_FR\" \/>\n<meta property=\"og:type\" content=\"article\" \/>\n<meta property=\"og:title\" content=\"AFRIQUE \u2013 EUROPE \u2013 Jean-Yves Le Drian appelle \u00e0 la cr\u00e9ation \u00abd&#039;un nouveau deal\" \/>\n<meta property=\"og:description\" content=\"NETTALI.COM - Dans une interview accord\u00e9e au journal \u00ab\u00a0Le Monde\u00a0\u00bb, le ministre des Affaires \u00e9trang\u00e8res fran\u00e7ais s&#039;est dit inquiet\u00a0de la pr\u00e9dation \u00e9conomique qui p\u00e8se sur les pays africains, en pointant du doigt la Chine et la Russie. \u00ab\u00a0Nos concurrents n&#039;ont ni tabous, ni limites\u00a0\u00bb\u00a0a affirm\u00e9 Jean-Yves Le Drian, selon qui les Europ\u00e9ens doivent \u00e0 tour [&hellip;]\" \/>\n<meta property=\"og:url\" content=\"https:\/\/www.nettali.com\/2021\/11\/21\/afrique-europe-jean-yves-le-drian-appelle-a-la-creation-dun-nouveau-deal\/\" \/>\n<meta property=\"og:site_name\" content=\"Nettali.com\" \/>\n<meta property=\"article:publisher\" content=\"https:\/\/www.facebook.com\/nettalicom\" \/>\n<meta property=\"article:published_time\" content=\"2021-11-21T11:52:42+00:00\" \/>\n<meta property=\"og:image\" content=\"https:\/\/www.nettali.com\/wp-content\/uploads\/2021\/05\/drian.jpg\" \/>\n\t<meta property=\"og:image:width\" content=\"1000\" \/>\n\t<meta property=\"og:image:height\" content=\"750\" \/>\n<meta name=\"twitter:card\" content=\"summary_large_image\" \/>\n<meta name=\"twitter:label1\" content=\"\u00c9crit par\" \/>\n\t<meta name=\"twitter:data1\" content=\"Thierno Diop\" \/>\n\t<meta name=\"twitter:label2\" content=\"Dur\u00e9e de lecture estim\u00e9e\" \/>\n\t<meta name=\"twitter:data2\" content=\"2 minutes\" \/>\n<script type=\"application\/ld+json\" class=\"yoast-schema-graph\">{\"@context\":\"https:\/\/schema.org\",\"@graph\":[{\"@type\":\"WebSite\",\"@id\":\"https:\/\/www.nettali.com\/#website\",\"url\":\"https:\/\/www.nettali.com\/\",\"name\":\"Nettali.com\",\"description\":\"Le rendez-vous critique du Net\",\"potentialAction\":[{\"@type\":\"SearchAction\",\"target\":{\"@type\":\"EntryPoint\",\"urlTemplate\":\"https:\/\/www.nettali.com\/?s={search_term_string}\"},\"query-input\":\"required name=search_term_string\"}],\"inLanguage\":\"fr-FR\"},{\"@type\":\"ImageObject\",\"@id\":\"https:\/\/www.nettali.com\/2021\/11\/21\/afrique-europe-jean-yves-le-drian-appelle-a-la-creation-dun-nouveau-deal\/#primaryimage\",\"inLanguage\":\"fr-FR\",\"url\":\"https:\/\/www.nettali.com\/wp-content\/uploads\/2021\/05\/drian.jpg\",\"contentUrl\":\"https:\/\/www.nettali.com\/wp-content\/uploads\/2021\/05\/drian.jpg\",\"width\":1000,\"height\":750},{\"@type\":\"WebPage\",\"@id\":\"https:\/\/www.nettali.com\/2021\/11\/21\/afrique-europe-jean-yves-le-drian-appelle-a-la-creation-dun-nouveau-deal\/#webpage\",\"url\":\"https:\/\/www.nettali.com\/2021\/11\/21\/afrique-europe-jean-yves-le-drian-appelle-a-la-creation-dun-nouveau-deal\/\",\"name\":\"AFRIQUE \\u2013 EUROPE \\u2013 Jean-Yves Le Drian appelle \\u00e0 la cr\\u00e9ation \\u00abd'un nouveau deal | Nettali.com\",\"isPartOf\":{\"@id\":\"https:\/\/www.nettali.com\/#website\"},\"primaryImageOfPage\":{\"@id\":\"https:\/\/www.nettali.com\/2021\/11\/21\/afrique-europe-jean-yves-le-drian-appelle-a-la-creation-dun-nouveau-deal\/#primaryimage\"},\"datePublished\":\"2021-11-21T11:52:42+00:00\",\"dateModified\":\"2021-11-21T11:52:42+00:00\",\"author\":{\"@id\":\"https:\/\/www.nettali.com\/#\/schema\/person\/8a06c6bd7b19304cf4bf985862900b5b\"},\"breadcrumb\":{\"@id\":\"https:\/\/www.nettali.com\/2021\/11\/21\/afrique-europe-jean-yves-le-drian-appelle-a-la-creation-dun-nouveau-deal\/#breadcrumb\"},\"inLanguage\":\"fr-FR\",\"potentialAction\":[{\"@type\":\"ReadAction\",\"target\":[\"https:\/\/www.nettali.com\/2021\/11\/21\/afrique-europe-jean-yves-le-drian-appelle-a-la-creation-dun-nouveau-deal\/\"]}]},{\"@type\":\"BreadcrumbList\",\"@id\":\"https:\/\/www.nettali.com\/2021\/11\/21\/afrique-europe-jean-yves-le-drian-appelle-a-la-creation-dun-nouveau-deal\/#breadcrumb\",\"itemListElement\":[{\"@type\":\"ListItem\",\"position\":1,\"name\":\"Accueil\",\"item\":\"https:\/\/www.nettali.com\/\"},{\"@type\":\"ListItem\",\"position\":2,\"name\":\"AFRIQUE \\u2013 EUROPE \\u2013 Jean-Yves Le Drian appelle \\u00e0 la cr\\u00e9ation \\u00abd&rsquo;un nouveau deal\"}]},{\"@type\":\"Person\",\"@id\":\"https:\/\/www.nettali.com\/#\/schema\/person\/8a06c6bd7b19304cf4bf985862900b5b\",\"name\":\"Thierno Diop\",\"image\":{\"@type\":\"ImageObject\",\"@id\":\"https:\/\/www.nettali.com\/#personlogo\",\"inLanguage\":\"fr-FR\",\"url\":\"https:\/\/secure.gravatar.com\/avatar\/c8ca58550c94fd2ac856d27391a6c866?s=96&d=mm&r=g\",\"contentUrl\":\"https:\/\/secure.gravatar.com\/avatar\/c8ca58550c94fd2ac856d27391a6c866?s=96&d=mm&r=g\",\"caption\":\"Thierno Diop\"},\"sameAs\":[\"https:\/\/nettali.com\"]}]}<\/script>\n<!-- \/ Yoast SEO Premium plugin. -->","yoast_head_json":{"title":"AFRIQUE \u2013 EUROPE \u2013 Jean-Yves Le Drian appelle \u00e0 la cr\u00e9ation \u00abd'un nouveau deal | Nettali.com","robots":{"index":"index","follow":"follow","max-snippet":"max-snippet:-1","max-image-preview":"max-image-preview:large","max-video-preview":"max-video-preview:-1"},"canonical":"https:\/\/www.nettali.com\/2021\/11\/21\/afrique-europe-jean-yves-le-drian-appelle-a-la-creation-dun-nouveau-deal\/","og_locale":"fr_FR","og_type":"article","og_title":"AFRIQUE \u2013 EUROPE \u2013 Jean-Yves Le Drian appelle \u00e0 la cr\u00e9ation \u00abd'un nouveau deal","og_description":"NETTALI.COM - Dans une interview accord\u00e9e au journal \u00ab\u00a0Le Monde\u00a0\u00bb, le ministre des Affaires \u00e9trang\u00e8res fran\u00e7ais s'est dit inquiet\u00a0de la pr\u00e9dation \u00e9conomique qui p\u00e8se sur les pays africains, en pointant du doigt la Chine et la Russie. \u00ab\u00a0Nos concurrents n'ont ni tabous, ni limites\u00a0\u00bb\u00a0a affirm\u00e9 Jean-Yves Le Drian, selon qui les Europ\u00e9ens doivent \u00e0 tour [&hellip;]","og_url":"https:\/\/www.nettali.com\/2021\/11\/21\/afrique-europe-jean-yves-le-drian-appelle-a-la-creation-dun-nouveau-deal\/","og_site_name":"Nettali.com","article_publisher":"https:\/\/www.facebook.com\/nettalicom","article_published_time":"2021-11-21T11:52:42+00:00","og_image":[{"width":1000,"height":750,"url":"https:\/\/www.nettali.com\/wp-content\/uploads\/2021\/05\/drian.jpg","type":"image\/jpeg"}],"twitter_card":"summary_large_image","twitter_misc":{"\u00c9crit par":"Thierno Diop","Dur\u00e9e de lecture estim\u00e9e":"2 minutes"},"schema":{"@context":"https:\/\/schema.org","@graph":[{"@type":"WebSite","@id":"https:\/\/www.nettali.com\/#website","url":"https:\/\/www.nettali.com\/","name":"Nettali.com","description":"Le rendez-vous critique du Net","potentialAction":[{"@type":"SearchAction","target":{"@type":"EntryPoint","urlTemplate":"https:\/\/www.nettali.com\/?s={search_term_string}"},"query-input":"required name=search_term_string"}],"inLanguage":"fr-FR"},{"@type":"ImageObject","@id":"https:\/\/www.nettali.com\/2021\/11\/21\/afrique-europe-jean-yves-le-drian-appelle-a-la-creation-dun-nouveau-deal\/#primaryimage","inLanguage":"fr-FR","url":"https:\/\/www.nettali.com\/wp-content\/uploads\/2021\/05\/drian.jpg","contentUrl":"https:\/\/www.nettali.com\/wp-content\/uploads\/2021\/05\/drian.jpg","width":1000,"height":750},{"@type":"WebPage","@id":"https:\/\/www.nettali.com\/2021\/11\/21\/afrique-europe-jean-yves-le-drian-appelle-a-la-creation-dun-nouveau-deal\/#webpage","url":"https:\/\/www.nettali.com\/2021\/11\/21\/afrique-europe-jean-yves-le-drian-appelle-a-la-creation-dun-nouveau-deal\/","name":"AFRIQUE \u2013 EUROPE \u2013 Jean-Yves Le Drian appelle \u00e0 la cr\u00e9ation \u00abd'un nouveau deal | Nettali.com","isPartOf":{"@id":"https:\/\/www.nettali.com\/#website"},"primaryImageOfPage":{"@id":"https:\/\/www.nettali.com\/2021\/11\/21\/afrique-europe-jean-yves-le-drian-appelle-a-la-creation-dun-nouveau-deal\/#primaryimage"},"datePublished":"2021-11-21T11:52:42+00:00","dateModified":"2021-11-21T11:52:42+00:00","author":{"@id":"https:\/\/www.nettali.com\/#\/schema\/person\/8a06c6bd7b19304cf4bf985862900b5b"},"breadcrumb":{"@id":"https:\/\/www.nettali.com\/2021\/11\/21\/afrique-europe-jean-yves-le-drian-appelle-a-la-creation-dun-nouveau-deal\/#breadcrumb"},"inLanguage":"fr-FR","potentialAction":[{"@type":"ReadAction","target":["https:\/\/www.nettali.com\/2021\/11\/21\/afrique-europe-jean-yves-le-drian-appelle-a-la-creation-dun-nouveau-deal\/"]}]},{"@type":"BreadcrumbList","@id":"https:\/\/www.nettali.com\/2021\/11\/21\/afrique-europe-jean-yves-le-drian-appelle-a-la-creation-dun-nouveau-deal\/#breadcrumb","itemListElement":[{"@type":"ListItem","position":1,"name":"Accueil","item":"https:\/\/www.nettali.com\/"},{"@type":"ListItem","position":2,"name":"AFRIQUE \u2013 EUROPE \u2013 Jean-Yves Le Drian appelle \u00e0 la cr\u00e9ation \u00abd&rsquo;un nouveau deal"}]},{"@type":"Person","@id":"https:\/\/www.nettali.com\/#\/schema\/person\/8a06c6bd7b19304cf4bf985862900b5b","name":"Thierno Diop","image":{"@type":"ImageObject","@id":"https:\/\/www.nettali.com\/#personlogo","inLanguage":"fr-FR","url":"https:\/\/secure.gravatar.com\/avatar\/c8ca58550c94fd2ac856d27391a6c866?s=96&d=mm&r=g","contentUrl":"https:\/\/secure.gravatar.com\/avatar\/c8ca58550c94fd2ac856d27391a6c866?s=96&d=mm&r=g","caption":"Thierno Diop"},"sameAs":["https:\/\/nettali.com"]}]}},"_links":{"self":[{"href":"https:\/\/www.nettali.com\/rest\/wp\/v2\/posts\/76068"}],"collection":[{"href":"https:\/\/www.nettali.com\/rest\/wp\/v2\/posts"}],"about":[{"href":"https:\/\/www.nettali.com\/rest\/wp\/v2\/types\/post"}],"author":[{"embeddable":true,"href":"https:\/\/www.nettali.com\/rest\/wp\/v2\/users\/11"}],"replies":[{"embeddable":true,"href":"https:\/\/www.nettali.com\/rest\/wp\/v2\/comments?post=76068"}],"version-history":[{"count":1,"href":"https:\/\/www.nettali.com\/rest\/wp\/v2\/posts\/76068\/revisions"}],"predecessor-version":[{"id":76069,"href":"https:\/\/www.nettali.com\/rest\/wp\/v2\/posts\/76068\/revisions\/76069"}],"wp:featuredmedia":[{"embeddable":true,"href":"https:\/\/www.nettali.com\/rest\/wp\/v2\/media\/64473"}],"wp:attachment":[{"href":"https:\/\/www.nettali.com\/rest\/wp\/v2\/media?parent=76068"}],"wp:term":[{"taxonomy":"category","embeddable":true,"href":"https:\/\/www.nettali.com\/rest\/wp\/v2\/categories?post=76068"},{"taxonomy":"post_tag","embeddable":true,"href":"https:\/\/www.nettali.com\/rest\/wp\/v2\/tags?post=76068"}],"curies":[{"name":"wp","href":"https:\/\/api.w.org\/{rel}","templated":true}]}}