{"id":76007,"date":"2021-11-19T21:04:16","date_gmt":"2021-11-19T21:04:16","guid":{"rendered":"https:\/\/www.nettali.com\/?p=76007"},"modified":"2021-11-19T21:07:30","modified_gmt":"2021-11-19T21:07:30","slug":"arrivee-du-secretaire-deta-americain-au-senegal","status":"publish","type":"post","link":"https:\/\/www.nettali.com\/2021\/11\/19\/arrivee-du-secretaire-deta-americain-au-senegal\/","title":{"rendered":"Arriv\u00e9e du secr\u00e9taire d'Etat am\u00e9ricain au S\u00e9n\u00e9gal"},"content":{"rendered":"<div>\n<p><strong>NETTALI.COM - Le Secr\u00e9taire d\u2019\u00c9tat am\u00e9ricain, Antony Blinken, est arriv\u00e9, vendredi, peu apr\u00e8s 18 heures \u00e0 Dakar, derni\u00e8re \u00e9tape de sa tourn\u00e9e africaine.<\/strong><\/p>\n<p><img loading=\"lazy\" class=\"alignnone size-large wp-image-76011\" src=\"https:\/\/www.nettali.com\/wp-content\/uploads\/2021\/11\/arrivee.jpeg\" alt=\"\" width=\"1024\" height=\"682\" srcset=\"https:\/\/www.nettali.com\/wp-content\/uploads\/2021\/11\/arrivee.jpeg 1024w, https:\/\/www.nettali.com\/wp-content\/uploads\/2021\/11\/arrivee-300x200.jpeg 300w, https:\/\/www.nettali.com\/wp-content\/uploads\/2021\/11\/arrivee-768x512.jpeg 768w\" sizes=\"(max-width: 1024px) 100vw, 1024px\" \/><\/p>\n<p>En provenance de Lagos (Nigeria), M.\u00a0Blinken a \u00e9t\u00e9 accueilli par la ministre s\u00e9n\u00e9galaise des Affaires \u00e9trang\u00e8res, A\u00efssata Tall Sall, \u00e0 l\u2019A\u00e9roport international Blaise Diagne (AIBD). Au cours de son s\u00e9jour, le chef de la diplomatie am\u00e9ricaine rencontrera le pr\u00e9sident Macky Sall et la ministre des Affaires \u00e9trang\u00e8res et des S\u00e9n\u00e9galais de l\u2019ext\u00e9rieur, A\u00efssata Tall Sall, souligne un communiqu\u00e9 de presse.<\/p>\n<p>Ces entretiens porteront sur les \u2019\u2019moyens d\u2019approfondir le solide partenariat entre les \u00c9tats-Unis et le S\u00e9n\u00e9gal\u2019\u2019. Le Secr\u00e9taire d\u2019\u00c9tat am\u00e9ricain participera \u00e0 diff\u00e9rentes activit\u00e9s qui seront ouvertes \u00e0 la presse. Dans la journ\u00e9e de samedi, il assistera \u00e0 une rencontre avec le secteur priv\u00e9 \u00e0 l\u2019h\u00f4tel Radisson Blu, o\u00f9 il est \u00e9galement pr\u00e9vu une c\u00e9r\u00e9monie de signature de contrats et une table-ronde \u00e9conomique et num\u00e9rique de femmes.<br \/>\nAntony Blinken va ensuite animer une conf\u00e9rence de presse conjointe avec la ministre des Affaires \u00e9trang\u00e8res et des S\u00e9n\u00e9galais de l\u2019ext\u00e9rieur, A\u00efssata Tall Sall. Il quittera Dakar le m\u00eame jour.<br \/>\nLa capitale s\u00e9n\u00e9galaise est la derni\u00e8re \u00e9tape de cette tourn\u00e9e africaine qui a conduit le chef de la diplomatie am\u00e9ricaine au Kenya et au Nigeria.<br \/>\nEn 2020, son pr\u00e9d\u00e9cesseur, Mike Pompeo, avait effectu\u00e9 lui aussi une visite au S\u00e9n\u00e9gal lors d\u2019une tourn\u00e9e sur le continent africain.<br \/>\nLe S\u00e9n\u00e9gal est l\u2019un des partenaires cl\u00e9 des \u00c9tats-Unis en Afrique. D\u00e9but novembre, l\u2019ambassadeur des Etats-Unis au S\u00e9n\u00e9gal, Tulinabo S. Mushingi, r\u00e9v\u00e9lait que \u2019\u2019rien qu\u2019au cours des cinq derni\u00e8res ann\u00e9es, le peuple am\u00e9ricain a fourni au S\u00e9n\u00e9gal une assistance chiffr\u00e9e \u00e0 environ 554 milliards de francs CFA (1 milliard de dollars), \u00e0 travers divers programmes\u2019\u2019.<\/p>\n<p>Sur ce montant, environ 332 milliards de francs CFA (600 millions de dollars) ont \u00e9t\u00e9 allou\u00e9 \u00e0 travers l\u2019USAID, l\u2019Agence des Etats-Unis pour le d\u00e9veloppement international<\/p>\n<\/div>\n<div class='share-to-whatsapp-wrapper'><div class='share-on-whsp'>PARTAGER SUR : <\/div><a data-text='Arriv\u00e9e du secr\u00e9taire d'Etat am\u00e9ricain au S\u00e9n\u00e9gal' data-link='https:\/\/www.nettali.com\/2021\/11\/19\/arrivee-du-secretaire-deta-americain-au-senegal\/' class='whatsapp-button whatsapp-share'>WhatsApp<\/a><div class='clear '><\/div><\/div>","protected":false},"excerpt":{"rendered":"<p>NETTALI.COM - Le Secr\u00e9taire d\u2019\u00c9tat am\u00e9ricain, Antony Blinken, est arriv\u00e9, vendredi, peu apr\u00e8s 18 heures \u00e0 Dakar, derni\u00e8re \u00e9tape de sa tourn\u00e9e africaine. En provenance de Lagos (Nigeria), M.\u00a0Blinken a \u00e9t\u00e9 accueilli par la ministre s\u00e9n\u00e9galaise des Affaires \u00e9trang\u00e8res, A\u00efssata Tall Sall, \u00e0 l\u2019A\u00e9roport international Blaise Diagne (AIBD). Au cours de son s\u00e9jour, le chef [&hellip;]<\/p>\n","protected":false},"author":4,"featured_media":76008,"comment_status":"open","ping_status":"open","sticky":false,"template":"","format":"standard","meta":{"_et_pb_use_builder":"","_et_pb_old_content":""},"categories":[8],"tags":[],"yoast_head":"<!-- This site is optimized with the Yoast SEO Premium plugin v17.8 (Yoast SEO v17.8) - https:\/\/yoast.com\/wordpress\/plugins\/seo\/ -->\n<title>Arriv\u00e9e du secr\u00e9taire d&#039;Etat am\u00e9ricain au S\u00e9n\u00e9gal | Nettali.com<\/title>\n<meta name=\"robots\" content=\"index, follow, max-snippet:-1, max-image-preview:large, max-video-preview:-1\" \/>\n<link rel=\"canonical\" href=\"https:\/\/www.nettali.com\/2021\/11\/19\/arrivee-du-secretaire-deta-americain-au-senegal\/\" \/>\n<meta property=\"og:locale\" content=\"fr_FR\" \/>\n<meta property=\"og:type\" content=\"article\" \/>\n<meta property=\"og:title\" content=\"Arriv\u00e9e du secr\u00e9taire d&#039;Etat am\u00e9ricain au S\u00e9n\u00e9gal\" \/>\n<meta property=\"og:description\" content=\"NETTALI.COM - Le Secr\u00e9taire d\u2019\u00c9tat am\u00e9ricain, Antony Blinken, est arriv\u00e9, vendredi, peu apr\u00e8s 18 heures \u00e0 Dakar, derni\u00e8re \u00e9tape de sa tourn\u00e9e africaine. En provenance de Lagos (Nigeria), M.\u00a0Blinken a \u00e9t\u00e9 accueilli par la ministre s\u00e9n\u00e9galaise des Affaires \u00e9trang\u00e8res, A\u00efssata Tall Sall, \u00e0 l\u2019A\u00e9roport international Blaise Diagne (AIBD). Au cours de son s\u00e9jour, le chef [&hellip;]\" \/>\n<meta property=\"og:url\" content=\"https:\/\/www.nettali.com\/2021\/11\/19\/arrivee-du-secretaire-deta-americain-au-senegal\/\" \/>\n<meta property=\"og:site_name\" content=\"Nettali.com\" \/>\n<meta property=\"article:publisher\" content=\"https:\/\/www.facebook.com\/nettalicom\" \/>\n<meta property=\"article:published_time\" content=\"2021-11-19T21:04:16+00:00\" \/>\n<meta property=\"article:modified_time\" content=\"2021-11-19T21:07:30+00:00\" \/>\n<meta property=\"og:image\" content=\"https:\/\/www.nettali.com\/wp-content\/uploads\/2021\/11\/Blinken.jpeg\" \/>\n\t<meta property=\"og:image:width\" content=\"700\" \/>\n\t<meta property=\"og:image:height\" content=\"400\" \/>\n<meta name=\"twitter:card\" content=\"summary_large_image\" \/>\n<meta name=\"twitter:label1\" content=\"\u00c9crit par\" \/>\n\t<meta name=\"twitter:data1\" content=\"Daouda\" \/>\n\t<meta name=\"twitter:label2\" content=\"Dur\u00e9e de lecture estim\u00e9e\" \/>\n\t<meta name=\"twitter:data2\" content=\"2 minutes\" \/>\n<script type=\"application\/ld+json\" class=\"yoast-schema-graph\">{\"@context\":\"https:\/\/schema.org\",\"@graph\":[{\"@type\":\"WebSite\",\"@id\":\"https:\/\/www.nettali.com\/#website\",\"url\":\"https:\/\/www.nettali.com\/\",\"name\":\"Nettali.com\",\"description\":\"Le rendez-vous critique du Net\",\"potentialAction\":[{\"@type\":\"SearchAction\",\"target\":{\"@type\":\"EntryPoint\",\"urlTemplate\":\"https:\/\/www.nettali.com\/?s={search_term_string}\"},\"query-input\":\"required name=search_term_string\"}],\"inLanguage\":\"fr-FR\"},{\"@type\":\"ImageObject\",\"@id\":\"https:\/\/www.nettali.com\/2021\/11\/19\/arrivee-du-secretaire-deta-americain-au-senegal\/#primaryimage\",\"inLanguage\":\"fr-FR\",\"url\":\"https:\/\/www.nettali.com\/wp-content\/uploads\/2021\/11\/Blinken.jpeg\",\"contentUrl\":\"https:\/\/www.nettali.com\/wp-content\/uploads\/2021\/11\/Blinken.jpeg\",\"width\":700,\"height\":400},{\"@type\":\"WebPage\",\"@id\":\"https:\/\/www.nettali.com\/2021\/11\/19\/arrivee-du-secretaire-deta-americain-au-senegal\/#webpage\",\"url\":\"https:\/\/www.nettali.com\/2021\/11\/19\/arrivee-du-secretaire-deta-americain-au-senegal\/\",\"name\":\"Arriv\\u00e9e du secr\\u00e9taire d'Etat am\\u00e9ricain au S\\u00e9n\\u00e9gal | Nettali.com\",\"isPartOf\":{\"@id\":\"https:\/\/www.nettali.com\/#website\"},\"primaryImageOfPage\":{\"@id\":\"https:\/\/www.nettali.com\/2021\/11\/19\/arrivee-du-secretaire-deta-americain-au-senegal\/#primaryimage\"},\"datePublished\":\"2021-11-19T21:04:16+00:00\",\"dateModified\":\"2021-11-19T21:07:30+00:00\",\"author\":{\"@id\":\"https:\/\/www.nettali.com\/#\/schema\/person\/3317e0bb3aa1da309fbf7b2780901bf4\"},\"breadcrumb\":{\"@id\":\"https:\/\/www.nettali.com\/2021\/11\/19\/arrivee-du-secretaire-deta-americain-au-senegal\/#breadcrumb\"},\"inLanguage\":\"fr-FR\",\"potentialAction\":[{\"@type\":\"ReadAction\",\"target\":[\"https:\/\/www.nettali.com\/2021\/11\/19\/arrivee-du-secretaire-deta-americain-au-senegal\/\"]}]},{\"@type\":\"BreadcrumbList\",\"@id\":\"https:\/\/www.nettali.com\/2021\/11\/19\/arrivee-du-secretaire-deta-americain-au-senegal\/#breadcrumb\",\"itemListElement\":[{\"@type\":\"ListItem\",\"position\":1,\"name\":\"Accueil\",\"item\":\"https:\/\/www.nettali.com\/\"},{\"@type\":\"ListItem\",\"position\":2,\"name\":\"Arriv\\u00e9e du secr\\u00e9taire d&rsquo;Etat am\\u00e9ricain au S\\u00e9n\\u00e9gal\"}]},{\"@type\":\"Person\",\"@id\":\"https:\/\/www.nettali.com\/#\/schema\/person\/3317e0bb3aa1da309fbf7b2780901bf4\",\"name\":\"Daouda\",\"image\":{\"@type\":\"ImageObject\",\"@id\":\"https:\/\/www.nettali.com\/#personlogo\",\"inLanguage\":\"fr-FR\",\"url\":\"https:\/\/secure.gravatar.com\/avatar\/8d143b5a49345098ddcfee1c49c2f47c?s=96&d=mm&r=g\",\"contentUrl\":\"https:\/\/secure.gravatar.com\/avatar\/8d143b5a49345098ddcfee1c49c2f47c?s=96&d=mm&r=g\",\"caption\":\"Daouda\"},\"sameAs\":[\"https:\/\/www.nettali.com\"]}]}<\/script>\n<!-- \/ Yoast SEO Premium plugin. -->","yoast_head_json":{"title":"Arriv\u00e9e du secr\u00e9taire d'Etat am\u00e9ricain au S\u00e9n\u00e9gal | Nettali.com","robots":{"index":"index","follow":"follow","max-snippet":"max-snippet:-1","max-image-preview":"max-image-preview:large","max-video-preview":"max-video-preview:-1"},"canonical":"https:\/\/www.nettali.com\/2021\/11\/19\/arrivee-du-secretaire-deta-americain-au-senegal\/","og_locale":"fr_FR","og_type":"article","og_title":"Arriv\u00e9e du secr\u00e9taire d'Etat am\u00e9ricain au S\u00e9n\u00e9gal","og_description":"NETTALI.COM - Le Secr\u00e9taire d\u2019\u00c9tat am\u00e9ricain, Antony Blinken, est arriv\u00e9, vendredi, peu apr\u00e8s 18 heures \u00e0 Dakar, derni\u00e8re \u00e9tape de sa tourn\u00e9e africaine. En provenance de Lagos (Nigeria), M.\u00a0Blinken a \u00e9t\u00e9 accueilli par la ministre s\u00e9n\u00e9galaise des Affaires \u00e9trang\u00e8res, A\u00efssata Tall Sall, \u00e0 l\u2019A\u00e9roport international Blaise Diagne (AIBD). Au cours de son s\u00e9jour, le chef [&hellip;]","og_url":"https:\/\/www.nettali.com\/2021\/11\/19\/arrivee-du-secretaire-deta-americain-au-senegal\/","og_site_name":"Nettali.com","article_publisher":"https:\/\/www.facebook.com\/nettalicom","article_published_time":"2021-11-19T21:04:16+00:00","article_modified_time":"2021-11-19T21:07:30+00:00","og_image":[{"width":700,"height":400,"url":"https:\/\/www.nettali.com\/wp-content\/uploads\/2021\/11\/Blinken.jpeg","type":"image\/jpeg"}],"twitter_card":"summary_large_image","twitter_misc":{"\u00c9crit par":"Daouda","Dur\u00e9e de lecture estim\u00e9e":"2 minutes"},"schema":{"@context":"https:\/\/schema.org","@graph":[{"@type":"WebSite","@id":"https:\/\/www.nettali.com\/#website","url":"https:\/\/www.nettali.com\/","name":"Nettali.com","description":"Le rendez-vous critique du Net","potentialAction":[{"@type":"SearchAction","target":{"@type":"EntryPoint","urlTemplate":"https:\/\/www.nettali.com\/?s={search_term_string}"},"query-input":"required name=search_term_string"}],"inLanguage":"fr-FR"},{"@type":"ImageObject","@id":"https:\/\/www.nettali.com\/2021\/11\/19\/arrivee-du-secretaire-deta-americain-au-senegal\/#primaryimage","inLanguage":"fr-FR","url":"https:\/\/www.nettali.com\/wp-content\/uploads\/2021\/11\/Blinken.jpeg","contentUrl":"https:\/\/www.nettali.com\/wp-content\/uploads\/2021\/11\/Blinken.jpeg","width":700,"height":400},{"@type":"WebPage","@id":"https:\/\/www.nettali.com\/2021\/11\/19\/arrivee-du-secretaire-deta-americain-au-senegal\/#webpage","url":"https:\/\/www.nettali.com\/2021\/11\/19\/arrivee-du-secretaire-deta-americain-au-senegal\/","name":"Arriv\u00e9e du secr\u00e9taire d'Etat am\u00e9ricain au S\u00e9n\u00e9gal | Nettali.com","isPartOf":{"@id":"https:\/\/www.nettali.com\/#website"},"primaryImageOfPage":{"@id":"https:\/\/www.nettali.com\/2021\/11\/19\/arrivee-du-secretaire-deta-americain-au-senegal\/#primaryimage"},"datePublished":"2021-11-19T21:04:16+00:00","dateModified":"2021-11-19T21:07:30+00:00","author":{"@id":"https:\/\/www.nettali.com\/#\/schema\/person\/3317e0bb3aa1da309fbf7b2780901bf4"},"breadcrumb":{"@id":"https:\/\/www.nettali.com\/2021\/11\/19\/arrivee-du-secretaire-deta-americain-au-senegal\/#breadcrumb"},"inLanguage":"fr-FR","potentialAction":[{"@type":"ReadAction","target":["https:\/\/www.nettali.com\/2021\/11\/19\/arrivee-du-secretaire-deta-americain-au-senegal\/"]}]},{"@type":"BreadcrumbList","@id":"https:\/\/www.nettali.com\/2021\/11\/19\/arrivee-du-secretaire-deta-americain-au-senegal\/#breadcrumb","itemListElement":[{"@type":"ListItem","position":1,"name":"Accueil","item":"https:\/\/www.nettali.com\/"},{"@type":"ListItem","position":2,"name":"Arriv\u00e9e du secr\u00e9taire d&rsquo;Etat am\u00e9ricain au S\u00e9n\u00e9gal"}]},{"@type":"Person","@id":"https:\/\/www.nettali.com\/#\/schema\/person\/3317e0bb3aa1da309fbf7b2780901bf4","name":"Daouda","image":{"@type":"ImageObject","@id":"https:\/\/www.nettali.com\/#personlogo","inLanguage":"fr-FR","url":"https:\/\/secure.gravatar.com\/avatar\/8d143b5a49345098ddcfee1c49c2f47c?s=96&d=mm&r=g","contentUrl":"https:\/\/secure.gravatar.com\/avatar\/8d143b5a49345098ddcfee1c49c2f47c?s=96&d=mm&r=g","caption":"Daouda"},"sameAs":["https:\/\/www.nettali.com"]}]}},"_links":{"self":[{"href":"https:\/\/www.nettali.com\/rest\/wp\/v2\/posts\/76007"}],"collection":[{"href":"https:\/\/www.nettali.com\/rest\/wp\/v2\/posts"}],"about":[{"href":"https:\/\/www.nettali.com\/rest\/wp\/v2\/types\/post"}],"author":[{"embeddable":true,"href":"https:\/\/www.nettali.com\/rest\/wp\/v2\/users\/4"}],"replies":[{"embeddable":true,"href":"https:\/\/www.nettali.com\/rest\/wp\/v2\/comments?post=76007"}],"version-history":[{"count":3,"href":"https:\/\/www.nettali.com\/rest\/wp\/v2\/posts\/76007\/revisions"}],"predecessor-version":[{"id":76012,"href":"https:\/\/www.nettali.com\/rest\/wp\/v2\/posts\/76007\/revisions\/76012"}],"wp:featuredmedia":[{"embeddable":true,"href":"https:\/\/www.nettali.com\/rest\/wp\/v2\/media\/76008"}],"wp:attachment":[{"href":"https:\/\/www.nettali.com\/rest\/wp\/v2\/media?parent=76007"}],"wp:term":[{"taxonomy":"category","embeddable":true,"href":"https:\/\/www.nettali.com\/rest\/wp\/v2\/categories?post=76007"},{"taxonomy":"post_tag","embeddable":true,"href":"https:\/\/www.nettali.com\/rest\/wp\/v2\/tags?post=76007"}],"curies":[{"name":"wp","href":"https:\/\/api.w.org\/{rel}","templated":true}]}}