{"id":75909,"date":"2021-11-18T13:53:59","date_gmt":"2021-11-18T13:53:59","guid":{"rendered":"https:\/\/www.nettali.com\/?p=75909"},"modified":"2021-11-18T13:53:59","modified_gmt":"2021-11-18T13:53:59","slug":"ce-que-je-pense-de-la-politique","status":"publish","type":"post","link":"https:\/\/www.nettali.com\/2021\/11\/18\/ce-que-je-pense-de-la-politique\/","title":{"rendered":"\"Ce que je pense de la politique...\""},"content":{"rendered":"<p class=\"summary_label\"><strong>NETTALI.COM - Le khalife g\u00e9n\u00e9ral de M\u00e9dina Baye semble nourrir une certaine d\u00e9ception quant au comportement des hommes politiques s\u00e9n\u00e9galais et la fa\u00e7on dont la politique est faite au S\u00e9n\u00e9gal. Dans le quotidien national, il s\u2019est exprim\u00e9 sur la probl\u00e9matique. Nous vous proposons quelques extraits de l\u2019entretien avec le Khalife qui arrive aujourd\u2019hui \u00e0 Dakar.<\/strong><\/p>\n<div id=\"printable\" class=\"text_body\">\n<p><em>\"Pour ce qui est des tensions politiques, vu l'encha\u00eenement des choses, nous avons l'impression que les acteurs politiques du S\u00e9n\u00e9gal, qu'ils soient du pouvoir ou de l'opposition, ne connaissent pas l'essence de la politique.<\/em><\/p>\n<p><em>Pour eux, tout semble se r\u00e9sumer \u00e0 occuper postes et sin\u00e9cures, \u00e0 conqu\u00e9rir le pouvoir alors que la politique, dans le vrai sens du terme, consiste \u00e0 se battre pour les int\u00e9r\u00eats communs, \u00e0 apporter des solutions aux pr\u00e9occupations des populations, \u00e0 leur construire une vie meilleure. Tous les acteurs politiques confondus pr\u00e9tendent d\u00e9fendre cet id\u00e9al, mais \u00e0 y regarder de plus pr\u00e8s, ce n'est vraiment pas le cas.<\/em>\"<\/p>\n<p><strong>Discours de l'homme politique s\u00e9n\u00e9galais<\/p>\n<p><\/strong><em>\"Nos politiciens tiennent souvent de beaux discours, prennent beaucoup d'engagements, mais nous avons l'impression que ce n'est pas toujours en phase avec la r\u00e9alit\u00e9 que vivent les populations. A mon avis, nous devons penser le S\u00e9n\u00e9gal dans sa globalit\u00e9 en tenant compte des pr\u00e9occupations et attentes de tous et de tous les recoins du pays qui manquent d'eau, d'\u00e9lectricit\u00e9, d'infrastructures sanitaires fonctionnelles, mais aussi du devenir du S\u00e9n\u00e9galais n\u00e9 aujourd'hui\"<\/em><\/p>\n<p><em>\"Ce n'est pas pour jeter la pierre aux politiciens, je les respecte beaucoup, pouvoir comme opposition, mais j'ai l'impression qu'ils n'ont pas encore pris la bonne voie qui devrait d\u00e9velopper le S\u00e9n\u00e9gal \u00e0 la hauteur de nos ambitions et de nos aspirations. Et Dieu sait que nous avons les moyens de faire avancer les choses (\u2026)\u00bb<\/em><\/p>\n<p><strong>Retour aux fondamentaux<\/p>\n<p><\/strong><em>\u00abLe peuple s\u00e9n\u00e9galais doit revisiter ce qu'est la politique. Nous ne pouvons pas comprendre que les plus grandes tensions au S\u00e9n\u00e9gal ne surviennent qu'en p\u00e9riode \u00e9lectorale ou aient des relents politiques. La question politique ne doit pas rythmer la vie des S\u00e9n\u00e9galais. Il y a un S\u00e9n\u00e9gal avant et apr\u00e8s les \u00e9lections et nous aspirons \u00e0 vivre dans la paix et la s\u00e9r\u00e9nit\u00e9.<\/em><\/p>\n<p><em>Il faut que nous apprenions \u00e0 encourager les S\u00e9n\u00e9galais et surtout les jeunes dans des initiatives et actions qui leur profitent et profitent \u00e0 tout le monde au lieu de les inciter \u00e0 descendre dans la rue, \u00e0 s'affronter, \u00e0 saccager, jusqu'\u00e0 ce que des vies tombent. La politique au S\u00e9n\u00e9gal doit- elle se limiter \u00e0 cela ? Non. Il faut en revenir aux fondamentaux de la politique : choisir par les urnes les hommes en qui nous avons confiance (\u2026)<\/em><\/p>\n<p><strong>La mani\u00e8re d'arriver au pouvoir<\/p>\n<p><\/strong><em>\"La fa\u00e7on dont on cherche actuellement \u00e0 acc\u00e9der au pouvoir ne nous produira pas forc\u00e9ment un leader \u00e0 la hauteur de nos aspirations. Parce que ceux \u00e0 qui on demande de descendre dans la rue, d'insulter et de se battre, ce sont les m\u00eames qui, demain, seront aux affaires et donc perp\u00e9tueront les m\u00eames pratiques. Pour dire donc qu'on risque de ne rien apporter de nouveau \u00e0 la construction du S\u00e9n\u00e9gal de demain.\u00bb<\/em><\/p>\n<\/div>\n<div class='share-to-whatsapp-wrapper'><div class='share-on-whsp'>PARTAGER SUR : <\/div><a data-text='\"Ce que je pense de la politique...\"' data-link='https:\/\/www.nettali.com\/2021\/11\/18\/ce-que-je-pense-de-la-politique\/' class='whatsapp-button whatsapp-share'>WhatsApp<\/a><div class='clear '><\/div><\/div>","protected":false},"excerpt":{"rendered":"<p>NETTALI.COM - Le khalife g\u00e9n\u00e9ral de M\u00e9dina Baye semble nourrir une certaine d\u00e9ception quant au comportement des hommes politiques s\u00e9n\u00e9galais et la fa\u00e7on dont la politique est faite au S\u00e9n\u00e9gal. Dans le quotidien national, il s\u2019est exprim\u00e9 sur la probl\u00e9matique. Nous vous proposons quelques extraits de l\u2019entretien avec le Khalife qui arrive aujourd\u2019hui \u00e0 Dakar. [&hellip;]<\/p>\n","protected":false},"author":4,"featured_media":75910,"comment_status":"open","ping_status":"open","sticky":false,"template":"","format":"standard","meta":{"_et_pb_use_builder":"","_et_pb_old_content":""},"categories":[3],"tags":[],"yoast_head":"<!-- This site is optimized with the Yoast SEO Premium plugin v17.8 (Yoast SEO v17.8) - https:\/\/yoast.com\/wordpress\/plugins\/seo\/ -->\n<title>&quot;Ce que je pense de la politique...&quot; | Nettali.com<\/title>\n<meta name=\"robots\" content=\"index, follow, max-snippet:-1, max-image-preview:large, max-video-preview:-1\" \/>\n<link rel=\"canonical\" href=\"https:\/\/www.nettali.com\/2021\/11\/18\/ce-que-je-pense-de-la-politique\/\" \/>\n<meta property=\"og:locale\" content=\"fr_FR\" \/>\n<meta property=\"og:type\" content=\"article\" \/>\n<meta property=\"og:title\" content=\"&quot;Ce que je pense de la politique...&quot;\" \/>\n<meta property=\"og:description\" content=\"NETTALI.COM - Le khalife g\u00e9n\u00e9ral de M\u00e9dina Baye semble nourrir une certaine d\u00e9ception quant au comportement des hommes politiques s\u00e9n\u00e9galais et la fa\u00e7on dont la politique est faite au S\u00e9n\u00e9gal. Dans le quotidien national, il s\u2019est exprim\u00e9 sur la probl\u00e9matique. Nous vous proposons quelques extraits de l\u2019entretien avec le Khalife qui arrive aujourd\u2019hui \u00e0 Dakar. [&hellip;]\" \/>\n<meta property=\"og:url\" content=\"https:\/\/www.nettali.com\/2021\/11\/18\/ce-que-je-pense-de-la-politique\/\" \/>\n<meta property=\"og:site_name\" content=\"Nettali.com\" \/>\n<meta property=\"article:publisher\" content=\"https:\/\/www.facebook.com\/nettalicom\" \/>\n<meta property=\"article:published_time\" content=\"2021-11-18T13:53:59+00:00\" \/>\n<meta property=\"og:image\" content=\"https:\/\/www.nettali.com\/wp-content\/uploads\/2021\/11\/cheikh-mouhamadou-mahi.jpeg\" \/>\n\t<meta property=\"og:image:width\" content=\"612\" \/>\n\t<meta property=\"og:image:height\" content=\"298\" \/>\n<meta name=\"twitter:card\" content=\"summary_large_image\" \/>\n<meta name=\"twitter:label1\" content=\"\u00c9crit par\" \/>\n\t<meta name=\"twitter:data1\" content=\"Daouda\" \/>\n\t<meta name=\"twitter:label2\" content=\"Dur\u00e9e de lecture estim\u00e9e\" \/>\n\t<meta name=\"twitter:data2\" content=\"3 minutes\" \/>\n<script type=\"application\/ld+json\" class=\"yoast-schema-graph\">{\"@context\":\"https:\/\/schema.org\",\"@graph\":[{\"@type\":\"WebSite\",\"@id\":\"https:\/\/www.nettali.com\/#website\",\"url\":\"https:\/\/www.nettali.com\/\",\"name\":\"Nettali.com\",\"description\":\"Le rendez-vous critique du Net\",\"potentialAction\":[{\"@type\":\"SearchAction\",\"target\":{\"@type\":\"EntryPoint\",\"urlTemplate\":\"https:\/\/www.nettali.com\/?s={search_term_string}\"},\"query-input\":\"required name=search_term_string\"}],\"inLanguage\":\"fr-FR\"},{\"@type\":\"ImageObject\",\"@id\":\"https:\/\/www.nettali.com\/2021\/11\/18\/ce-que-je-pense-de-la-politique\/#primaryimage\",\"inLanguage\":\"fr-FR\",\"url\":\"https:\/\/www.nettali.com\/wp-content\/uploads\/2021\/11\/cheikh-mouhamadou-mahi.jpeg\",\"contentUrl\":\"https:\/\/www.nettali.com\/wp-content\/uploads\/2021\/11\/cheikh-mouhamadou-mahi.jpeg\",\"width\":612,\"height\":298},{\"@type\":\"WebPage\",\"@id\":\"https:\/\/www.nettali.com\/2021\/11\/18\/ce-que-je-pense-de-la-politique\/#webpage\",\"url\":\"https:\/\/www.nettali.com\/2021\/11\/18\/ce-que-je-pense-de-la-politique\/\",\"name\":\"\\\"Ce que je pense de la politique...\\\" | Nettali.com\",\"isPartOf\":{\"@id\":\"https:\/\/www.nettali.com\/#website\"},\"primaryImageOfPage\":{\"@id\":\"https:\/\/www.nettali.com\/2021\/11\/18\/ce-que-je-pense-de-la-politique\/#primaryimage\"},\"datePublished\":\"2021-11-18T13:53:59+00:00\",\"dateModified\":\"2021-11-18T13:53:59+00:00\",\"author\":{\"@id\":\"https:\/\/www.nettali.com\/#\/schema\/person\/3317e0bb3aa1da309fbf7b2780901bf4\"},\"breadcrumb\":{\"@id\":\"https:\/\/www.nettali.com\/2021\/11\/18\/ce-que-je-pense-de-la-politique\/#breadcrumb\"},\"inLanguage\":\"fr-FR\",\"potentialAction\":[{\"@type\":\"ReadAction\",\"target\":[\"https:\/\/www.nettali.com\/2021\/11\/18\/ce-que-je-pense-de-la-politique\/\"]}]},{\"@type\":\"BreadcrumbList\",\"@id\":\"https:\/\/www.nettali.com\/2021\/11\/18\/ce-que-je-pense-de-la-politique\/#breadcrumb\",\"itemListElement\":[{\"@type\":\"ListItem\",\"position\":1,\"name\":\"Accueil\",\"item\":\"https:\/\/www.nettali.com\/\"},{\"@type\":\"ListItem\",\"position\":2,\"name\":\"\\u00ab\\u00a0Ce que je pense de la politique&#8230;\\u00a0\\u00bb\"}]},{\"@type\":\"Person\",\"@id\":\"https:\/\/www.nettali.com\/#\/schema\/person\/3317e0bb3aa1da309fbf7b2780901bf4\",\"name\":\"Daouda\",\"image\":{\"@type\":\"ImageObject\",\"@id\":\"https:\/\/www.nettali.com\/#personlogo\",\"inLanguage\":\"fr-FR\",\"url\":\"https:\/\/secure.gravatar.com\/avatar\/8d143b5a49345098ddcfee1c49c2f47c?s=96&d=mm&r=g\",\"contentUrl\":\"https:\/\/secure.gravatar.com\/avatar\/8d143b5a49345098ddcfee1c49c2f47c?s=96&d=mm&r=g\",\"caption\":\"Daouda\"},\"sameAs\":[\"https:\/\/www.nettali.com\"]}]}<\/script>\n<!-- \/ Yoast SEO Premium plugin. -->","yoast_head_json":{"title":"\"Ce que je pense de la politique...\" | Nettali.com","robots":{"index":"index","follow":"follow","max-snippet":"max-snippet:-1","max-image-preview":"max-image-preview:large","max-video-preview":"max-video-preview:-1"},"canonical":"https:\/\/www.nettali.com\/2021\/11\/18\/ce-que-je-pense-de-la-politique\/","og_locale":"fr_FR","og_type":"article","og_title":"\"Ce que je pense de la politique...\"","og_description":"NETTALI.COM - Le khalife g\u00e9n\u00e9ral de M\u00e9dina Baye semble nourrir une certaine d\u00e9ception quant au comportement des hommes politiques s\u00e9n\u00e9galais et la fa\u00e7on dont la politique est faite au S\u00e9n\u00e9gal. Dans le quotidien national, il s\u2019est exprim\u00e9 sur la probl\u00e9matique. Nous vous proposons quelques extraits de l\u2019entretien avec le Khalife qui arrive aujourd\u2019hui \u00e0 Dakar. [&hellip;]","og_url":"https:\/\/www.nettali.com\/2021\/11\/18\/ce-que-je-pense-de-la-politique\/","og_site_name":"Nettali.com","article_publisher":"https:\/\/www.facebook.com\/nettalicom","article_published_time":"2021-11-18T13:53:59+00:00","og_image":[{"width":612,"height":298,"url":"https:\/\/www.nettali.com\/wp-content\/uploads\/2021\/11\/cheikh-mouhamadou-mahi.jpeg","type":"image\/jpeg"}],"twitter_card":"summary_large_image","twitter_misc":{"\u00c9crit par":"Daouda","Dur\u00e9e de lecture estim\u00e9e":"3 minutes"},"schema":{"@context":"https:\/\/schema.org","@graph":[{"@type":"WebSite","@id":"https:\/\/www.nettali.com\/#website","url":"https:\/\/www.nettali.com\/","name":"Nettali.com","description":"Le rendez-vous critique du Net","potentialAction":[{"@type":"SearchAction","target":{"@type":"EntryPoint","urlTemplate":"https:\/\/www.nettali.com\/?s={search_term_string}"},"query-input":"required name=search_term_string"}],"inLanguage":"fr-FR"},{"@type":"ImageObject","@id":"https:\/\/www.nettali.com\/2021\/11\/18\/ce-que-je-pense-de-la-politique\/#primaryimage","inLanguage":"fr-FR","url":"https:\/\/www.nettali.com\/wp-content\/uploads\/2021\/11\/cheikh-mouhamadou-mahi.jpeg","contentUrl":"https:\/\/www.nettali.com\/wp-content\/uploads\/2021\/11\/cheikh-mouhamadou-mahi.jpeg","width":612,"height":298},{"@type":"WebPage","@id":"https:\/\/www.nettali.com\/2021\/11\/18\/ce-que-je-pense-de-la-politique\/#webpage","url":"https:\/\/www.nettali.com\/2021\/11\/18\/ce-que-je-pense-de-la-politique\/","name":"\"Ce que je pense de la politique...\" | Nettali.com","isPartOf":{"@id":"https:\/\/www.nettali.com\/#website"},"primaryImageOfPage":{"@id":"https:\/\/www.nettali.com\/2021\/11\/18\/ce-que-je-pense-de-la-politique\/#primaryimage"},"datePublished":"2021-11-18T13:53:59+00:00","dateModified":"2021-11-18T13:53:59+00:00","author":{"@id":"https:\/\/www.nettali.com\/#\/schema\/person\/3317e0bb3aa1da309fbf7b2780901bf4"},"breadcrumb":{"@id":"https:\/\/www.nettali.com\/2021\/11\/18\/ce-que-je-pense-de-la-politique\/#breadcrumb"},"inLanguage":"fr-FR","potentialAction":[{"@type":"ReadAction","target":["https:\/\/www.nettali.com\/2021\/11\/18\/ce-que-je-pense-de-la-politique\/"]}]},{"@type":"BreadcrumbList","@id":"https:\/\/www.nettali.com\/2021\/11\/18\/ce-que-je-pense-de-la-politique\/#breadcrumb","itemListElement":[{"@type":"ListItem","position":1,"name":"Accueil","item":"https:\/\/www.nettali.com\/"},{"@type":"ListItem","position":2,"name":"\u00ab\u00a0Ce que je pense de la politique&#8230;\u00a0\u00bb"}]},{"@type":"Person","@id":"https:\/\/www.nettali.com\/#\/schema\/person\/3317e0bb3aa1da309fbf7b2780901bf4","name":"Daouda","image":{"@type":"ImageObject","@id":"https:\/\/www.nettali.com\/#personlogo","inLanguage":"fr-FR","url":"https:\/\/secure.gravatar.com\/avatar\/8d143b5a49345098ddcfee1c49c2f47c?s=96&d=mm&r=g","contentUrl":"https:\/\/secure.gravatar.com\/avatar\/8d143b5a49345098ddcfee1c49c2f47c?s=96&d=mm&r=g","caption":"Daouda"},"sameAs":["https:\/\/www.nettali.com"]}]}},"_links":{"self":[{"href":"https:\/\/www.nettali.com\/rest\/wp\/v2\/posts\/75909"}],"collection":[{"href":"https:\/\/www.nettali.com\/rest\/wp\/v2\/posts"}],"about":[{"href":"https:\/\/www.nettali.com\/rest\/wp\/v2\/types\/post"}],"author":[{"embeddable":true,"href":"https:\/\/www.nettali.com\/rest\/wp\/v2\/users\/4"}],"replies":[{"embeddable":true,"href":"https:\/\/www.nettali.com\/rest\/wp\/v2\/comments?post=75909"}],"version-history":[{"count":1,"href":"https:\/\/www.nettali.com\/rest\/wp\/v2\/posts\/75909\/revisions"}],"predecessor-version":[{"id":75911,"href":"https:\/\/www.nettali.com\/rest\/wp\/v2\/posts\/75909\/revisions\/75911"}],"wp:featuredmedia":[{"embeddable":true,"href":"https:\/\/www.nettali.com\/rest\/wp\/v2\/media\/75910"}],"wp:attachment":[{"href":"https:\/\/www.nettali.com\/rest\/wp\/v2\/media?parent=75909"}],"wp:term":[{"taxonomy":"category","embeddable":true,"href":"https:\/\/www.nettali.com\/rest\/wp\/v2\/categories?post=75909"},{"taxonomy":"post_tag","embeddable":true,"href":"https:\/\/www.nettali.com\/rest\/wp\/v2\/tags?post=75909"}],"curies":[{"name":"wp","href":"https:\/\/api.w.org\/{rel}","templated":true}]}}