{"id":75886,"date":"2021-11-18T09:59:11","date_gmt":"2021-11-18T09:59:11","guid":{"rendered":"https:\/\/www.nettali.com\/?p=75886"},"modified":"2021-11-18T09:59:11","modified_gmt":"2021-11-18T09:59:11","slug":"cameroun-etoo-officiellement-candidat-a-la-presidence-de-la-federation","status":"publish","type":"post","link":"https:\/\/www.nettali.com\/2021\/11\/18\/cameroun-etoo-officiellement-candidat-a-la-presidence-de-la-federation\/","title":{"rendered":"CAMEROUN - Eto\u2019o officiellement candidat \u00e0 la presidence de la F\u00e9d\u00e9ration !"},"content":{"rendered":"<p dir=\"ltr\"><strong>NETTALI.COM - C'est officiel. Samuel Eto'o veut diriger les destin\u00e9es du football camerounais. L'ancienne gloire des Lions indomptables a d\u00e9pos\u00e9 ce mercredi 17 novembre, sa candidature \u00e0 la pr\u00e9sidence de la F\u00e9d\u00e9ration camerounaise de football (Fecafoot).<\/strong><\/p>\n<p dir=\"ltr\">C'est officiel, Samuel Eto'o (40 ans) est candidat\u00a0\u00e0 la pr\u00e9sidence de la F\u00e9d\u00e9ration camerounaise de football (Fecafoot) ! Sur Twitter, l'ex attaquant\u00a0des Lions indomptables a \u00e9crit : \"<em>Je suis honor\u00e9 de pouvoir le faire, et j'esp\u00e8re que je pourrai contribuer \u00e0 r\u00e9former la f\u00e9d\u00e9ration et \u00e0 faire passer notre sport bien-aim\u00e9 au niveau sup\u00e9rieur.<\/em>\"<\/p>\n<p dir=\"ltr\"><em><strong>\"Je serai le prochain pr\u00e9sident de la f\u00e9d\u00e9ration\"<\/strong><\/em><\/p>\n<p dir=\"ltr\">L'AFP a appris les propos de l'ancien joueur du Bar\u00e7a devant la presse :\u00a0\"<em>Je prie le camp d'en face de faire attention parce que nous avons accept\u00e9 beaucoup de choses. (...) Si l'un des Camerounais qui a bien voulu me donner son parrainage, est \u00e9limin\u00e9, je viendrai ici avec toute cette foule qui me suit, et m\u00eame celle des autres r\u00e9gions, pour les d\u00e9loger. (...) Je serai le prochain pr\u00e9sident de la f\u00e9d\u00e9ration malgr\u00e9 toutes les tricheries<\/em>\".<\/p>\n<p dir=\"ltr\">Samuel Eto'o a pr\u00e9cis\u00e9 que l'\u00e9quipe sortante de la Fecafoot lui a propos\u00e9 le poste de vice-pr\u00e9sident, qu'il a refus\u00e9, preuve de sa volont\u00e9 d'aller jusqu'au bout pour r\u00e9former le football camerounais. L'immense soutien populaire dont il b\u00e9n\u00e9fice au Cameroun servira sans doute son entreprise.<\/p>\n<div class='share-to-whatsapp-wrapper'><div class='share-on-whsp'>PARTAGER SUR : <\/div><a data-text='CAMEROUN - Eto\u2019o officiellement candidat \u00e0 la presidence de la F\u00e9d\u00e9ration !' data-link='https:\/\/www.nettali.com\/2021\/11\/18\/cameroun-etoo-officiellement-candidat-a-la-presidence-de-la-federation\/' class='whatsapp-button whatsapp-share'>WhatsApp<\/a><div class='clear '><\/div><\/div>","protected":false},"excerpt":{"rendered":"<p>NETTALI.COM - C'est officiel. Samuel Eto'o veut diriger les destin\u00e9es du football camerounais. L'ancienne gloire des Lions indomptables a d\u00e9pos\u00e9 ce mercredi 17 novembre, sa candidature \u00e0 la pr\u00e9sidence de la F\u00e9d\u00e9ration camerounaise de football (Fecafoot). C'est officiel, Samuel Eto'o (40 ans) est candidat\u00a0\u00e0 la pr\u00e9sidence de la F\u00e9d\u00e9ration camerounaise de football (Fecafoot) ! Sur [&hellip;]<\/p>\n","protected":false},"author":5,"featured_media":75887,"comment_status":"open","ping_status":"open","sticky":false,"template":"","format":"standard","meta":{"_et_pb_use_builder":"","_et_pb_old_content":""},"categories":[6],"tags":[],"yoast_head":"<!-- This site is optimized with the Yoast SEO Premium plugin v17.8 (Yoast SEO v17.8) - https:\/\/yoast.com\/wordpress\/plugins\/seo\/ -->\n<title>CAMEROUN - Eto\u2019o officiellement candidat \u00e0 la presidence de la F\u00e9d\u00e9ration ! | Nettali.com<\/title>\n<meta name=\"robots\" content=\"index, follow, max-snippet:-1, max-image-preview:large, max-video-preview:-1\" \/>\n<link rel=\"canonical\" href=\"https:\/\/www.nettali.com\/2021\/11\/18\/cameroun-etoo-officiellement-candidat-a-la-presidence-de-la-federation\/\" \/>\n<meta property=\"og:locale\" content=\"fr_FR\" \/>\n<meta property=\"og:type\" content=\"article\" \/>\n<meta property=\"og:title\" content=\"CAMEROUN - Eto\u2019o officiellement candidat \u00e0 la presidence de la F\u00e9d\u00e9ration !\" \/>\n<meta property=\"og:description\" content=\"NETTALI.COM - C&#039;est officiel. Samuel Eto&#039;o veut diriger les destin\u00e9es du football camerounais. L&#039;ancienne gloire des Lions indomptables a d\u00e9pos\u00e9 ce mercredi 17 novembre, sa candidature \u00e0 la pr\u00e9sidence de la F\u00e9d\u00e9ration camerounaise de football (Fecafoot). C&#039;est officiel, Samuel Eto&#039;o (40 ans) est candidat\u00a0\u00e0 la pr\u00e9sidence de la F\u00e9d\u00e9ration camerounaise de football (Fecafoot) ! Sur [&hellip;]\" \/>\n<meta property=\"og:url\" content=\"https:\/\/www.nettali.com\/2021\/11\/18\/cameroun-etoo-officiellement-candidat-a-la-presidence-de-la-federation\/\" \/>\n<meta property=\"og:site_name\" content=\"Nettali.com\" \/>\n<meta property=\"article:publisher\" content=\"https:\/\/www.facebook.com\/nettalicom\" \/>\n<meta property=\"article:published_time\" content=\"2021-11-18T09:59:11+00:00\" \/>\n<meta property=\"og:image\" content=\"https:\/\/www.nettali.com\/wp-content\/uploads\/2021\/11\/samuel-etoo-17-nov-21-696x392-1.jpg\" \/>\n\t<meta property=\"og:image:width\" content=\"696\" \/>\n\t<meta property=\"og:image:height\" content=\"392\" \/>\n<meta name=\"twitter:card\" content=\"summary_large_image\" \/>\n<meta name=\"twitter:label1\" content=\"\u00c9crit par\" \/>\n\t<meta name=\"twitter:data1\" content=\"Ibrahima\" \/>\n\t<meta name=\"twitter:label2\" content=\"Dur\u00e9e de lecture estim\u00e9e\" \/>\n\t<meta name=\"twitter:data2\" content=\"1 minute\" \/>\n<script type=\"application\/ld+json\" class=\"yoast-schema-graph\">{\"@context\":\"https:\/\/schema.org\",\"@graph\":[{\"@type\":\"WebSite\",\"@id\":\"https:\/\/www.nettali.com\/#website\",\"url\":\"https:\/\/www.nettali.com\/\",\"name\":\"Nettali.com\",\"description\":\"Le rendez-vous critique du Net\",\"potentialAction\":[{\"@type\":\"SearchAction\",\"target\":{\"@type\":\"EntryPoint\",\"urlTemplate\":\"https:\/\/www.nettali.com\/?s={search_term_string}\"},\"query-input\":\"required name=search_term_string\"}],\"inLanguage\":\"fr-FR\"},{\"@type\":\"ImageObject\",\"@id\":\"https:\/\/www.nettali.com\/2021\/11\/18\/cameroun-etoo-officiellement-candidat-a-la-presidence-de-la-federation\/#primaryimage\",\"inLanguage\":\"fr-FR\",\"url\":\"https:\/\/www.nettali.com\/wp-content\/uploads\/2021\/11\/samuel-etoo-17-nov-21-696x392-1.jpg\",\"contentUrl\":\"https:\/\/www.nettali.com\/wp-content\/uploads\/2021\/11\/samuel-etoo-17-nov-21-696x392-1.jpg\",\"width\":696,\"height\":392},{\"@type\":\"WebPage\",\"@id\":\"https:\/\/www.nettali.com\/2021\/11\/18\/cameroun-etoo-officiellement-candidat-a-la-presidence-de-la-federation\/#webpage\",\"url\":\"https:\/\/www.nettali.com\/2021\/11\/18\/cameroun-etoo-officiellement-candidat-a-la-presidence-de-la-federation\/\",\"name\":\"CAMEROUN - Eto\\u2019o officiellement candidat \\u00e0 la presidence de la F\\u00e9d\\u00e9ration ! | Nettali.com\",\"isPartOf\":{\"@id\":\"https:\/\/www.nettali.com\/#website\"},\"primaryImageOfPage\":{\"@id\":\"https:\/\/www.nettali.com\/2021\/11\/18\/cameroun-etoo-officiellement-candidat-a-la-presidence-de-la-federation\/#primaryimage\"},\"datePublished\":\"2021-11-18T09:59:11+00:00\",\"dateModified\":\"2021-11-18T09:59:11+00:00\",\"author\":{\"@id\":\"https:\/\/www.nettali.com\/#\/schema\/person\/bb147657c2986240405a608162b9bb23\"},\"breadcrumb\":{\"@id\":\"https:\/\/www.nettali.com\/2021\/11\/18\/cameroun-etoo-officiellement-candidat-a-la-presidence-de-la-federation\/#breadcrumb\"},\"inLanguage\":\"fr-FR\",\"potentialAction\":[{\"@type\":\"ReadAction\",\"target\":[\"https:\/\/www.nettali.com\/2021\/11\/18\/cameroun-etoo-officiellement-candidat-a-la-presidence-de-la-federation\/\"]}]},{\"@type\":\"BreadcrumbList\",\"@id\":\"https:\/\/www.nettali.com\/2021\/11\/18\/cameroun-etoo-officiellement-candidat-a-la-presidence-de-la-federation\/#breadcrumb\",\"itemListElement\":[{\"@type\":\"ListItem\",\"position\":1,\"name\":\"Accueil\",\"item\":\"https:\/\/www.nettali.com\/\"},{\"@type\":\"ListItem\",\"position\":2,\"name\":\"CAMEROUN &#8211; Eto\\u2019o officiellement candidat \\u00e0 la presidence de la F\\u00e9d\\u00e9ration !\"}]},{\"@type\":\"Person\",\"@id\":\"https:\/\/www.nettali.com\/#\/schema\/person\/bb147657c2986240405a608162b9bb23\",\"name\":\"Ibrahima\",\"image\":{\"@type\":\"ImageObject\",\"@id\":\"https:\/\/www.nettali.com\/#personlogo\",\"inLanguage\":\"fr-FR\",\"url\":\"https:\/\/secure.gravatar.com\/avatar\/26a8a81f09f0dd7624c9d5c36c9ba3a2?s=96&d=mm&r=g\",\"contentUrl\":\"https:\/\/secure.gravatar.com\/avatar\/26a8a81f09f0dd7624c9d5c36c9ba3a2?s=96&d=mm&r=g\",\"caption\":\"Ibrahima\"},\"sameAs\":[\"https:\/\/www.nettali.com\"]}]}<\/script>\n<!-- \/ Yoast SEO Premium plugin. -->","yoast_head_json":{"title":"CAMEROUN - Eto\u2019o officiellement candidat \u00e0 la presidence de la F\u00e9d\u00e9ration ! | Nettali.com","robots":{"index":"index","follow":"follow","max-snippet":"max-snippet:-1","max-image-preview":"max-image-preview:large","max-video-preview":"max-video-preview:-1"},"canonical":"https:\/\/www.nettali.com\/2021\/11\/18\/cameroun-etoo-officiellement-candidat-a-la-presidence-de-la-federation\/","og_locale":"fr_FR","og_type":"article","og_title":"CAMEROUN - Eto\u2019o officiellement candidat \u00e0 la presidence de la F\u00e9d\u00e9ration !","og_description":"NETTALI.COM - C'est officiel. Samuel Eto'o veut diriger les destin\u00e9es du football camerounais. L'ancienne gloire des Lions indomptables a d\u00e9pos\u00e9 ce mercredi 17 novembre, sa candidature \u00e0 la pr\u00e9sidence de la F\u00e9d\u00e9ration camerounaise de football (Fecafoot). C'est officiel, Samuel Eto'o (40 ans) est candidat\u00a0\u00e0 la pr\u00e9sidence de la F\u00e9d\u00e9ration camerounaise de football (Fecafoot) ! Sur [&hellip;]","og_url":"https:\/\/www.nettali.com\/2021\/11\/18\/cameroun-etoo-officiellement-candidat-a-la-presidence-de-la-federation\/","og_site_name":"Nettali.com","article_publisher":"https:\/\/www.facebook.com\/nettalicom","article_published_time":"2021-11-18T09:59:11+00:00","og_image":[{"width":696,"height":392,"url":"https:\/\/www.nettali.com\/wp-content\/uploads\/2021\/11\/samuel-etoo-17-nov-21-696x392-1.jpg","type":"image\/jpeg"}],"twitter_card":"summary_large_image","twitter_misc":{"\u00c9crit par":"Ibrahima","Dur\u00e9e de lecture estim\u00e9e":"1 minute"},"schema":{"@context":"https:\/\/schema.org","@graph":[{"@type":"WebSite","@id":"https:\/\/www.nettali.com\/#website","url":"https:\/\/www.nettali.com\/","name":"Nettali.com","description":"Le rendez-vous critique du Net","potentialAction":[{"@type":"SearchAction","target":{"@type":"EntryPoint","urlTemplate":"https:\/\/www.nettali.com\/?s={search_term_string}"},"query-input":"required name=search_term_string"}],"inLanguage":"fr-FR"},{"@type":"ImageObject","@id":"https:\/\/www.nettali.com\/2021\/11\/18\/cameroun-etoo-officiellement-candidat-a-la-presidence-de-la-federation\/#primaryimage","inLanguage":"fr-FR","url":"https:\/\/www.nettali.com\/wp-content\/uploads\/2021\/11\/samuel-etoo-17-nov-21-696x392-1.jpg","contentUrl":"https:\/\/www.nettali.com\/wp-content\/uploads\/2021\/11\/samuel-etoo-17-nov-21-696x392-1.jpg","width":696,"height":392},{"@type":"WebPage","@id":"https:\/\/www.nettali.com\/2021\/11\/18\/cameroun-etoo-officiellement-candidat-a-la-presidence-de-la-federation\/#webpage","url":"https:\/\/www.nettali.com\/2021\/11\/18\/cameroun-etoo-officiellement-candidat-a-la-presidence-de-la-federation\/","name":"CAMEROUN - Eto\u2019o officiellement candidat \u00e0 la presidence de la F\u00e9d\u00e9ration ! | Nettali.com","isPartOf":{"@id":"https:\/\/www.nettali.com\/#website"},"primaryImageOfPage":{"@id":"https:\/\/www.nettali.com\/2021\/11\/18\/cameroun-etoo-officiellement-candidat-a-la-presidence-de-la-federation\/#primaryimage"},"datePublished":"2021-11-18T09:59:11+00:00","dateModified":"2021-11-18T09:59:11+00:00","author":{"@id":"https:\/\/www.nettali.com\/#\/schema\/person\/bb147657c2986240405a608162b9bb23"},"breadcrumb":{"@id":"https:\/\/www.nettali.com\/2021\/11\/18\/cameroun-etoo-officiellement-candidat-a-la-presidence-de-la-federation\/#breadcrumb"},"inLanguage":"fr-FR","potentialAction":[{"@type":"ReadAction","target":["https:\/\/www.nettali.com\/2021\/11\/18\/cameroun-etoo-officiellement-candidat-a-la-presidence-de-la-federation\/"]}]},{"@type":"BreadcrumbList","@id":"https:\/\/www.nettali.com\/2021\/11\/18\/cameroun-etoo-officiellement-candidat-a-la-presidence-de-la-federation\/#breadcrumb","itemListElement":[{"@type":"ListItem","position":1,"name":"Accueil","item":"https:\/\/www.nettali.com\/"},{"@type":"ListItem","position":2,"name":"CAMEROUN &#8211; Eto\u2019o officiellement candidat \u00e0 la presidence de la F\u00e9d\u00e9ration !"}]},{"@type":"Person","@id":"https:\/\/www.nettali.com\/#\/schema\/person\/bb147657c2986240405a608162b9bb23","name":"Ibrahima","image":{"@type":"ImageObject","@id":"https:\/\/www.nettali.com\/#personlogo","inLanguage":"fr-FR","url":"https:\/\/secure.gravatar.com\/avatar\/26a8a81f09f0dd7624c9d5c36c9ba3a2?s=96&d=mm&r=g","contentUrl":"https:\/\/secure.gravatar.com\/avatar\/26a8a81f09f0dd7624c9d5c36c9ba3a2?s=96&d=mm&r=g","caption":"Ibrahima"},"sameAs":["https:\/\/www.nettali.com"]}]}},"_links":{"self":[{"href":"https:\/\/www.nettali.com\/rest\/wp\/v2\/posts\/75886"}],"collection":[{"href":"https:\/\/www.nettali.com\/rest\/wp\/v2\/posts"}],"about":[{"href":"https:\/\/www.nettali.com\/rest\/wp\/v2\/types\/post"}],"author":[{"embeddable":true,"href":"https:\/\/www.nettali.com\/rest\/wp\/v2\/users\/5"}],"replies":[{"embeddable":true,"href":"https:\/\/www.nettali.com\/rest\/wp\/v2\/comments?post=75886"}],"version-history":[{"count":3,"href":"https:\/\/www.nettali.com\/rest\/wp\/v2\/posts\/75886\/revisions"}],"predecessor-version":[{"id":75894,"href":"https:\/\/www.nettali.com\/rest\/wp\/v2\/posts\/75886\/revisions\/75894"}],"wp:featuredmedia":[{"embeddable":true,"href":"https:\/\/www.nettali.com\/rest\/wp\/v2\/media\/75887"}],"wp:attachment":[{"href":"https:\/\/www.nettali.com\/rest\/wp\/v2\/media?parent=75886"}],"wp:term":[{"taxonomy":"category","embeddable":true,"href":"https:\/\/www.nettali.com\/rest\/wp\/v2\/categories?post=75886"},{"taxonomy":"post_tag","embeddable":true,"href":"https:\/\/www.nettali.com\/rest\/wp\/v2\/tags?post=75886"}],"curies":[{"name":"wp","href":"https:\/\/api.w.org\/{rel}","templated":true}]}}