{"id":75536,"date":"2021-11-13T10:44:14","date_gmt":"2021-11-13T10:44:14","guid":{"rendered":"https:\/\/www.nettali.com\/?p=75536"},"modified":"2021-11-13T10:44:14","modified_gmt":"2021-11-13T10:44:14","slug":"la-lanceuse-dalerte-de-facebook-veut-confier-aux-jeunes-des-outils-pour-les-reseaux","status":"publish","type":"post","link":"https:\/\/www.nettali.com\/2021\/11\/13\/la-lanceuse-dalerte-de-facebook-veut-confier-aux-jeunes-des-outils-pour-les-reseaux\/","title":{"rendered":"La lanceuse d'alerte de Facebook veut confier aux jeunes des \"outils\" pour les r\u00e9seaux"},"content":{"rendered":"<p style=\"background: white; vertical-align: baseline; margin: 0cm 0cm 13.5pt 0cm;\"><strong><span style=\"color: #101010; letter-spacing: .1pt;\">NETTALI.COM - Frances Haugen veut se consacrer \u00e0 l'\u00e9ducation des jeunes aux r\u00e9seaux sociaux, confie-t-elle dans une interview \u00e0 l'AFP \u00e0 l'issue d'un tour des capitales d'Europe o\u00f9 elle s'est escrim\u00e9e \u00e0 d\u00e9noncer son ancien employeur Facebook.<\/span><\/strong><\/p>\n<p style=\"background: white; vertical-align: baseline; font-variant-ligatures: normal; font-variant-caps: normal; font-variant-numeric: inherit; font-variant-east-asian: inherit; font-stretch: inherit; line-height: inherit; box-sizing: border-box; orphans: 2; text-align: start; widows: 2; -webkit-text-stroke-width: 0px; text-decoration-thickness: initial; text-decoration-style: initial; text-decoration-color: initial; word-spacing: 0px; margin: 0cm 0cm 13.5pt 0cm;\"><span style=\"color: #101010; letter-spacing: .1pt;\">\"Je veux continuer \u00e0 me battre\" pour que Facebook modifie ses pratiques d'hyper-amplification de contenus nocifs, explique la lanceuse d'alerte dans un grand h\u00f4tel parisien, entre deux rendez-vous d'un emploi du temps minut\u00e9 et \u00e0 la veille de repartir aux Etats-Unis.<\/span><\/p>\n<p style=\"background: white; vertical-align: baseline; font-variant-ligatures: normal; font-variant-caps: normal; font-variant-numeric: inherit; font-variant-east-asian: inherit; font-stretch: inherit; line-height: inherit; box-sizing: border-box; orphans: 2; text-align: start; widows: 2; -webkit-text-stroke-width: 0px; text-decoration-thickness: initial; text-decoration-style: initial; text-decoration-color: initial; word-spacing: 0px; margin: 0cm 0cm 13.5pt 0cm;\"><span style=\"color: #101010; letter-spacing: .1pt;\">\"Je veux faire un tour des universit\u00e9s au premier trimestre\", et \"donner aux jeunes les outils\" pour rep\u00e9rer les effets dangereux des r\u00e9seaux sociaux, dit cette jeune femme blonde d\u00e9termin\u00e9e, au discours bien r\u00f4d\u00e9.<\/span><\/p>\n<p style=\"background: white; vertical-align: baseline; font-variant-ligatures: normal; font-variant-caps: normal; font-variant-numeric: inherit; font-variant-east-asian: inherit; font-stretch: inherit; line-height: inherit; box-sizing: border-box; orphans: 2; text-align: start; widows: 2; -webkit-text-stroke-width: 0px; text-decoration-thickness: initial; text-decoration-style: initial; text-decoration-color: initial; word-spacing: 0px; margin: 0cm 0cm 13.5pt 0cm;\"><span style=\"color: #101010; letter-spacing: .1pt;\">Apr\u00e8s avoir claqu\u00e9 la porte de Facebook en mai, elle a transmis peu \u00e0 peu des milliers de documents internes r\u00e9colt\u00e9s chez le g\u00e9ant qu'elle accuse de ne pas prot\u00e9ger ses utilisateurs. Elle est brusquement pass\u00e9e de l'ombre en pleine lumi\u00e8re cet automne avec un t\u00e9moignage accablant et tr\u00e8s m\u00e9diatis\u00e9 au Congr\u00e8s am\u00e9ricain contre son ancien employeur.<\/span><\/p>\n<p style=\"line-height: 14.25pt; background: white; vertical-align: baseline; margin: 0cm 0cm 13.5pt 0cm;\"><span style=\"color: #101010; letter-spacing: .1pt;\">La matheuse et sp\u00e9cialiste des donn\u00e9es veut d\u00e9sormais construire un \"consortium\" de chercheurs et de sp\u00e9cialistes ind\u00e9pendants pour b\u00e2tir des simulateurs de r\u00e9seaux sociaux en laboratoire.<\/span><\/p>\n<p style=\"line-height: 14.25pt; background: white; vertical-align: baseline; box-sizing: border-box; margin: 0cm 0cm 13.5pt 0cm;\"><span style=\"color: #101010; letter-spacing: .1pt;\">\"C'est sur ma liste de Thanksgiving\" - le traditionnel cong\u00e9 des Am\u00e9ricains la semaine prochaine - de travailler \u00e0 ce projet, sourit-elle.<\/span><\/p>\n<p style=\"line-height: 14.25pt; background: white; vertical-align: baseline; box-sizing: border-box; margin: 0cm 0cm 13.5pt 0cm;\"><span style=\"color: #101010; letter-spacing: .1pt;\">Ces simulateurs, en logiciel libre, permettraient aux chercheurs et \u00e9tudiants de mener des exp\u00e9rience sur la viralit\u00e9 des contenus.<\/span><\/p>\n<p style=\"line-height: 14.25pt; background: white; vertical-align: baseline; box-sizing: border-box; margin: 0cm 0cm 13.5pt 0cm;\"><strong><span style=\"color: #101010; letter-spacing: .1pt;\">- Investissement financiers judicieux -<\/span><\/strong><\/p>\n<p style=\"line-height: 14.25pt; background: white; vertical-align: baseline; box-sizing: border-box; margin: 0cm 0cm 13.5pt 0cm;\"><span style=\"color: #101010; letter-spacing: .1pt;\">Avec des simulateurs, les \u00e9tudiants et chercheurs en algorithmie et science des donn\u00e9es pourront \"exp\u00e9rimenter et se dire +ah, c'est int\u00e9ressant, voici comment on peut stopper la diss\u00e9mination de mauvais contenus dans le r\u00e9seau+\", explique-t-elle.<\/span><\/p>\n<p style=\"line-height: 14.25pt; background: white; vertical-align: baseline; box-sizing: border-box; margin: 0cm 0cm 13.5pt 0cm;\"><span style=\"color: #101010; letter-spacing: .1pt;\">Face \u00e0 Facebook, Frances Haugen assure poursuivre une action \"de long terme\". \"Peut-\u00eatre qu'il faudra deux ans, peut-\u00eatre qu'il faudra cinq ans\", pour que le r\u00e9seau social rende enfin des comptes, pr\u00e9vient-elle.<\/span><\/p>\n<p style=\"line-height: 14.25pt; background: white; vertical-align: baseline; box-sizing: border-box; margin: 0cm 0cm 13.5pt 0cm;\"><span style=\"color: #101010; letter-spacing: .1pt;\">La jeune ing\u00e9nieure, qui a su s'entourer d'une \u00e9quipe de conseillers en communication, a acquis son ind\u00e9pendance financi\u00e8re gr\u00e2ce \u00e0 des investissements financiers judicieux.<\/span><\/p>\n<p style=\"line-height: 14.25pt; background: white; vertical-align: baseline; box-sizing: border-box; margin: 0cm 0cm 13.5pt 0cm;\"><span style=\"color: #101010; letter-spacing: .1pt;\">\"J'ai vu la crise du Covid arriver. Je suis une sp\u00e9cialiste des donn\u00e9es et des r\u00e9seaux, j'ai vu que la crise allait \u00eatre grave... et j'ai jou\u00e9 \u00e0 la baisse\" le march\u00e9 boursier \"juste avant\" leur chute, raconte la lanceuse d'alerte.<\/span><\/p>\n<p style=\"line-height: 14.25pt; background: white; vertical-align: baseline; box-sizing: border-box; margin: 0cm 0cm 13.5pt 0cm;\"><span style=\"color: #101010; letter-spacing: .1pt;\">Une partie des profits r\u00e9alis\u00e9s a \u00e9t\u00e9 r\u00e9investi dans les cryptomonnaies, qui ont franchi de nouveaux records.<\/span><\/p>\n<p style=\"line-height: 14.25pt; background: white; vertical-align: baseline; box-sizing: border-box; margin: 0cm 0cm 13.5pt 0cm;\"><span style=\"color: #101010; letter-spacing: .1pt;\">\"M\u00eame si je ne reprend plus de travail salari\u00e9, je peux utiliser les maths et probablement gagner ma vie juste avec les march\u00e9s\", affirme-t-elle.<\/span><\/p>\n<p style=\"line-height: 14.25pt; background: white; vertical-align: baseline; box-sizing: border-box; margin: 0cm 0cm 13.5pt 0cm;\"><span style=\"color: #101010; letter-spacing: .1pt;\">Le combat de Frances Haugen n'est pas d'affiner les techniques de mod\u00e9ration de Facebook ni de chercher \u00e0 mieux discerner les bons et les mauvais contenus. Il est plut\u00f4t de mettre fin \u00e0 l'hyper-amplification des contenus, en contraignant le g\u00e9ant californien \u00e0 r\u00e9v\u00e9ler toutes ses donn\u00e9es sur le sujet.<\/span><\/p>\n<p style=\"line-height: 14.25pt; background: white; vertical-align: baseline; box-sizing: border-box; margin: 0cm 0cm 13.5pt 0cm;\"><span style=\"color: #101010; letter-spacing: .1pt;\">\"Si Facebook \u00e9tait oblig\u00e9 de montrer ce qui ne va pas, alors il serait oblig\u00e9 de faire des changements\", r\u00e9p\u00e8te-t-elle.<\/span><\/p>\n<p style=\"line-height: 14.25pt; background: white; vertical-align: baseline; box-sizing: border-box; margin: 0cm 0cm 13.5pt 0cm;\"><strong><span style=\"color: #101010; letter-spacing: .1pt;\">- Ralentir la diffusion des contenus -<\/span><\/strong><\/p>\n<p style=\"line-height: 14.25pt; background: white; vertical-align: baseline; box-sizing: border-box; margin: 0cm 0cm 13.5pt 0cm;\"><span style=\"color: #101010; letter-spacing: .1pt;\">Pour elle, le r\u00e9seau social doit reprendre une \u00e9chelle humaine, par exemple en compliquant la rediffusion \u00e0 l'infini des contenus. Obliger un utilisateur de Facebook \u00e0 un geste volontaire - faire un copier coller, par exemple - pour rediffuser un contenu d\u00e9j\u00e0 partag\u00e9 deux fois avant d'arriver chez lui \"pourrait avoir autant d'effet sur la d\u00e9sinformation que l'ensemble du programme de v\u00e9rification d'information\" (fact-checking) de Facebook, assure-t-elle.<\/span><\/p>\n<p style=\"line-height: 14.25pt; background: white; vertical-align: baseline; box-sizing: border-box; margin: 0cm 0cm 13.5pt 0cm;\"><span style=\"color: #101010; letter-spacing: .1pt;\">Facebook pourrait aussi chercher \u00e0 moins favoriser la formation de groupes aux millions d'abonn\u00e9s, qu'elle a qualifi\u00e9 \"d'usine \u00e0 variants\" lors de son audition \u00e0 l'Assembl\u00e9e nationale.<\/span><\/p>\n<p style=\"line-height: 14.25pt; background: white; vertical-align: baseline; box-sizing: border-box; margin: 0cm 0cm 13.5pt 0cm;\"><span style=\"color: #101010; letter-spacing: .1pt;\">\"Prenez un groupe d'un million de personnes ou de cinq millions de personnes, qui produit chaque jour 1.000 contenus. Si l'algorithme doit choisir trois de ces contenus pour les diffuser dans les fils d'actualit\u00e9, ce sera habituellement les plus extr\u00eames\", parce que ce sont ceux qui provoquent le plus de r\u00e9actions, regrette-t-elle.<\/span><\/p>\n<p style=\"line-height: 14.25pt; background: white; vertical-align: baseline; box-sizing: border-box; margin: 0cm 0cm 13.5pt 0cm;\"><span style=\"color: #101010; letter-spacing: .1pt;\">Et la lanceuse d'alerte de mettre en garde sur le \"metavers\", l'univers num\u00e9rique parall\u00e8le o\u00f9 Facebook voudrait embarquer la population.<\/span><\/p>\n<p style=\"line-height: 14.25pt; background: white; vertical-align: baseline; box-sizing: border-box; margin: 0cm 0cm 13.5pt 0cm;\"><span style=\"color: #101010; letter-spacing: .1pt;\">Si les gens passent leur temps dans un univers virtuel o\u00f9 ils ont \"de meilleurs v\u00eatements, une coupe de cheveux plus \u00e9l\u00e9gante et un appartement plus beau\" que dans la r\u00e9alit\u00e9, quel effet cela aura-t-il sur leur sant\u00e9 mentale, demande-t-elle.<\/span><\/p>\n<p style=\"line-height: 14.25pt; background: white; vertical-align: baseline; box-sizing: border-box; margin: 0cm 0cm 13.5pt 0cm;\"><span style=\"color: #101010; letter-spacing: .1pt;\">Et quid des \"incitations \u00e0 rester toujours plus longtemps dans son casque de r\u00e9alit\u00e9 virtuelle ?\".<\/span><\/p>\n<p style=\"line-height: 14.25pt; background: white; vertical-align: baseline; box-sizing: border-box; margin: 0cm 0cm 13.5pt 0cm;\"><span style=\"color: #101010; letter-spacing: .1pt;\">\"Ce n'est pas dans cinq ans qu'il faut se poser la question, c'est dans trois mois\", avertit l'ennemie publique num\u00e9ro un de Facebook.<\/span><\/p>\n<p style=\"line-height: 14.25pt; background: white; vertical-align: baseline; margin: 0cm 0cm 13.5pt 0cm;\">\n<div class='share-to-whatsapp-wrapper'><div class='share-on-whsp'>PARTAGER SUR : <\/div><a data-text='La lanceuse d'alerte de Facebook veut confier aux jeunes des \"outils\" pour les r\u00e9seaux' data-link='https:\/\/www.nettali.com\/2021\/11\/13\/la-lanceuse-dalerte-de-facebook-veut-confier-aux-jeunes-des-outils-pour-les-reseaux\/' class='whatsapp-button whatsapp-share'>WhatsApp<\/a><div class='clear '><\/div><\/div>","protected":false},"excerpt":{"rendered":"<p>NETTALI.COM - Frances Haugen veut se consacrer \u00e0 l'\u00e9ducation des jeunes aux r\u00e9seaux sociaux, confie-t-elle dans une interview \u00e0 l'AFP \u00e0 l'issue d'un tour des capitales d'Europe o\u00f9 elle s'est escrim\u00e9e \u00e0 d\u00e9noncer son ancien employeur Facebook. \"Je veux continuer \u00e0 me battre\" pour que Facebook modifie ses pratiques d'hyper-amplification de contenus nocifs, explique la [&hellip;]<\/p>\n","protected":false},"author":11,"featured_media":75538,"comment_status":"open","ping_status":"open","sticky":false,"template":"","format":"standard","meta":{"_et_pb_use_builder":"","_et_pb_old_content":""},"categories":[8],"tags":[],"yoast_head":"<!-- This site is optimized with the Yoast SEO Premium plugin v17.8 (Yoast SEO v17.8) - https:\/\/yoast.com\/wordpress\/plugins\/seo\/ -->\n<title>La lanceuse d&#039;alerte de Facebook veut confier aux jeunes des &quot;outils&quot; pour les r\u00e9seaux | Nettali.com<\/title>\n<meta name=\"robots\" content=\"index, follow, max-snippet:-1, max-image-preview:large, max-video-preview:-1\" \/>\n<link rel=\"canonical\" href=\"https:\/\/www.nettali.com\/2021\/11\/13\/la-lanceuse-dalerte-de-facebook-veut-confier-aux-jeunes-des-outils-pour-les-reseaux\/\" \/>\n<meta property=\"og:locale\" content=\"fr_FR\" \/>\n<meta property=\"og:type\" content=\"article\" \/>\n<meta property=\"og:title\" content=\"La lanceuse d&#039;alerte de Facebook veut confier aux jeunes des &quot;outils&quot; pour les r\u00e9seaux\" \/>\n<meta property=\"og:description\" content=\"NETTALI.COM - Frances Haugen veut se consacrer \u00e0 l&#039;\u00e9ducation des jeunes aux r\u00e9seaux sociaux, confie-t-elle dans une interview \u00e0 l&#039;AFP \u00e0 l&#039;issue d&#039;un tour des capitales d&#039;Europe o\u00f9 elle s&#039;est escrim\u00e9e \u00e0 d\u00e9noncer son ancien employeur Facebook. &quot;Je veux continuer \u00e0 me battre&quot; pour que Facebook modifie ses pratiques d&#039;hyper-amplification de contenus nocifs, explique la [&hellip;]\" \/>\n<meta property=\"og:url\" content=\"https:\/\/www.nettali.com\/2021\/11\/13\/la-lanceuse-dalerte-de-facebook-veut-confier-aux-jeunes-des-outils-pour-les-reseaux\/\" \/>\n<meta property=\"og:site_name\" content=\"Nettali.com\" \/>\n<meta property=\"article:publisher\" content=\"https:\/\/www.facebook.com\/nettalicom\" \/>\n<meta property=\"article:published_time\" content=\"2021-11-13T10:44:14+00:00\" \/>\n<meta property=\"og:image\" content=\"https:\/\/www.nettali.com\/wp-content\/uploads\/2021\/11\/dce.jpg\" \/>\n\t<meta property=\"og:image:width\" content=\"1000\" \/>\n\t<meta property=\"og:image:height\" content=\"750\" \/>\n<meta name=\"twitter:card\" content=\"summary_large_image\" \/>\n<meta name=\"twitter:label1\" content=\"\u00c9crit par\" \/>\n\t<meta name=\"twitter:data1\" content=\"Thierno Diop\" \/>\n\t<meta name=\"twitter:label2\" content=\"Dur\u00e9e de lecture estim\u00e9e\" \/>\n\t<meta name=\"twitter:data2\" content=\"4 minutes\" \/>\n<script type=\"application\/ld+json\" class=\"yoast-schema-graph\">{\"@context\":\"https:\/\/schema.org\",\"@graph\":[{\"@type\":\"WebSite\",\"@id\":\"https:\/\/www.nettali.com\/#website\",\"url\":\"https:\/\/www.nettali.com\/\",\"name\":\"Nettali.com\",\"description\":\"Le rendez-vous critique du Net\",\"potentialAction\":[{\"@type\":\"SearchAction\",\"target\":{\"@type\":\"EntryPoint\",\"urlTemplate\":\"https:\/\/www.nettali.com\/?s={search_term_string}\"},\"query-input\":\"required name=search_term_string\"}],\"inLanguage\":\"fr-FR\"},{\"@type\":\"ImageObject\",\"@id\":\"https:\/\/www.nettali.com\/2021\/11\/13\/la-lanceuse-dalerte-de-facebook-veut-confier-aux-jeunes-des-outils-pour-les-reseaux\/#primaryimage\",\"inLanguage\":\"fr-FR\",\"url\":\"https:\/\/www.nettali.com\/wp-content\/uploads\/2021\/11\/dce.jpg\",\"contentUrl\":\"https:\/\/www.nettali.com\/wp-content\/uploads\/2021\/11\/dce.jpg\",\"width\":1000,\"height\":750},{\"@type\":\"WebPage\",\"@id\":\"https:\/\/www.nettali.com\/2021\/11\/13\/la-lanceuse-dalerte-de-facebook-veut-confier-aux-jeunes-des-outils-pour-les-reseaux\/#webpage\",\"url\":\"https:\/\/www.nettali.com\/2021\/11\/13\/la-lanceuse-dalerte-de-facebook-veut-confier-aux-jeunes-des-outils-pour-les-reseaux\/\",\"name\":\"La lanceuse d'alerte de Facebook veut confier aux jeunes des \\\"outils\\\" pour les r\\u00e9seaux | Nettali.com\",\"isPartOf\":{\"@id\":\"https:\/\/www.nettali.com\/#website\"},\"primaryImageOfPage\":{\"@id\":\"https:\/\/www.nettali.com\/2021\/11\/13\/la-lanceuse-dalerte-de-facebook-veut-confier-aux-jeunes-des-outils-pour-les-reseaux\/#primaryimage\"},\"datePublished\":\"2021-11-13T10:44:14+00:00\",\"dateModified\":\"2021-11-13T10:44:14+00:00\",\"author\":{\"@id\":\"https:\/\/www.nettali.com\/#\/schema\/person\/8a06c6bd7b19304cf4bf985862900b5b\"},\"breadcrumb\":{\"@id\":\"https:\/\/www.nettali.com\/2021\/11\/13\/la-lanceuse-dalerte-de-facebook-veut-confier-aux-jeunes-des-outils-pour-les-reseaux\/#breadcrumb\"},\"inLanguage\":\"fr-FR\",\"potentialAction\":[{\"@type\":\"ReadAction\",\"target\":[\"https:\/\/www.nettali.com\/2021\/11\/13\/la-lanceuse-dalerte-de-facebook-veut-confier-aux-jeunes-des-outils-pour-les-reseaux\/\"]}]},{\"@type\":\"BreadcrumbList\",\"@id\":\"https:\/\/www.nettali.com\/2021\/11\/13\/la-lanceuse-dalerte-de-facebook-veut-confier-aux-jeunes-des-outils-pour-les-reseaux\/#breadcrumb\",\"itemListElement\":[{\"@type\":\"ListItem\",\"position\":1,\"name\":\"Accueil\",\"item\":\"https:\/\/www.nettali.com\/\"},{\"@type\":\"ListItem\",\"position\":2,\"name\":\"La lanceuse d&rsquo;alerte de Facebook veut confier aux jeunes des \\u00ab\\u00a0outils\\u00a0\\u00bb pour les r\\u00e9seaux\"}]},{\"@type\":\"Person\",\"@id\":\"https:\/\/www.nettali.com\/#\/schema\/person\/8a06c6bd7b19304cf4bf985862900b5b\",\"name\":\"Thierno Diop\",\"image\":{\"@type\":\"ImageObject\",\"@id\":\"https:\/\/www.nettali.com\/#personlogo\",\"inLanguage\":\"fr-FR\",\"url\":\"https:\/\/secure.gravatar.com\/avatar\/c8ca58550c94fd2ac856d27391a6c866?s=96&d=mm&r=g\",\"contentUrl\":\"https:\/\/secure.gravatar.com\/avatar\/c8ca58550c94fd2ac856d27391a6c866?s=96&d=mm&r=g\",\"caption\":\"Thierno Diop\"},\"sameAs\":[\"https:\/\/nettali.com\"]}]}<\/script>\n<!-- \/ Yoast SEO Premium plugin. -->","yoast_head_json":{"title":"La lanceuse d'alerte de Facebook veut confier aux jeunes des \"outils\" pour les r\u00e9seaux | Nettali.com","robots":{"index":"index","follow":"follow","max-snippet":"max-snippet:-1","max-image-preview":"max-image-preview:large","max-video-preview":"max-video-preview:-1"},"canonical":"https:\/\/www.nettali.com\/2021\/11\/13\/la-lanceuse-dalerte-de-facebook-veut-confier-aux-jeunes-des-outils-pour-les-reseaux\/","og_locale":"fr_FR","og_type":"article","og_title":"La lanceuse d'alerte de Facebook veut confier aux jeunes des \"outils\" pour les r\u00e9seaux","og_description":"NETTALI.COM - Frances Haugen veut se consacrer \u00e0 l'\u00e9ducation des jeunes aux r\u00e9seaux sociaux, confie-t-elle dans une interview \u00e0 l'AFP \u00e0 l'issue d'un tour des capitales d'Europe o\u00f9 elle s'est escrim\u00e9e \u00e0 d\u00e9noncer son ancien employeur Facebook. \"Je veux continuer \u00e0 me battre\" pour que Facebook modifie ses pratiques d'hyper-amplification de contenus nocifs, explique la [&hellip;]","og_url":"https:\/\/www.nettali.com\/2021\/11\/13\/la-lanceuse-dalerte-de-facebook-veut-confier-aux-jeunes-des-outils-pour-les-reseaux\/","og_site_name":"Nettali.com","article_publisher":"https:\/\/www.facebook.com\/nettalicom","article_published_time":"2021-11-13T10:44:14+00:00","og_image":[{"width":1000,"height":750,"url":"https:\/\/www.nettali.com\/wp-content\/uploads\/2021\/11\/dce.jpg","type":"image\/jpeg"}],"twitter_card":"summary_large_image","twitter_misc":{"\u00c9crit par":"Thierno Diop","Dur\u00e9e de lecture estim\u00e9e":"4 minutes"},"schema":{"@context":"https:\/\/schema.org","@graph":[{"@type":"WebSite","@id":"https:\/\/www.nettali.com\/#website","url":"https:\/\/www.nettali.com\/","name":"Nettali.com","description":"Le rendez-vous critique du Net","potentialAction":[{"@type":"SearchAction","target":{"@type":"EntryPoint","urlTemplate":"https:\/\/www.nettali.com\/?s={search_term_string}"},"query-input":"required name=search_term_string"}],"inLanguage":"fr-FR"},{"@type":"ImageObject","@id":"https:\/\/www.nettali.com\/2021\/11\/13\/la-lanceuse-dalerte-de-facebook-veut-confier-aux-jeunes-des-outils-pour-les-reseaux\/#primaryimage","inLanguage":"fr-FR","url":"https:\/\/www.nettali.com\/wp-content\/uploads\/2021\/11\/dce.jpg","contentUrl":"https:\/\/www.nettali.com\/wp-content\/uploads\/2021\/11\/dce.jpg","width":1000,"height":750},{"@type":"WebPage","@id":"https:\/\/www.nettali.com\/2021\/11\/13\/la-lanceuse-dalerte-de-facebook-veut-confier-aux-jeunes-des-outils-pour-les-reseaux\/#webpage","url":"https:\/\/www.nettali.com\/2021\/11\/13\/la-lanceuse-dalerte-de-facebook-veut-confier-aux-jeunes-des-outils-pour-les-reseaux\/","name":"La lanceuse d'alerte de Facebook veut confier aux jeunes des \"outils\" pour les r\u00e9seaux | Nettali.com","isPartOf":{"@id":"https:\/\/www.nettali.com\/#website"},"primaryImageOfPage":{"@id":"https:\/\/www.nettali.com\/2021\/11\/13\/la-lanceuse-dalerte-de-facebook-veut-confier-aux-jeunes-des-outils-pour-les-reseaux\/#primaryimage"},"datePublished":"2021-11-13T10:44:14+00:00","dateModified":"2021-11-13T10:44:14+00:00","author":{"@id":"https:\/\/www.nettali.com\/#\/schema\/person\/8a06c6bd7b19304cf4bf985862900b5b"},"breadcrumb":{"@id":"https:\/\/www.nettali.com\/2021\/11\/13\/la-lanceuse-dalerte-de-facebook-veut-confier-aux-jeunes-des-outils-pour-les-reseaux\/#breadcrumb"},"inLanguage":"fr-FR","potentialAction":[{"@type":"ReadAction","target":["https:\/\/www.nettali.com\/2021\/11\/13\/la-lanceuse-dalerte-de-facebook-veut-confier-aux-jeunes-des-outils-pour-les-reseaux\/"]}]},{"@type":"BreadcrumbList","@id":"https:\/\/www.nettali.com\/2021\/11\/13\/la-lanceuse-dalerte-de-facebook-veut-confier-aux-jeunes-des-outils-pour-les-reseaux\/#breadcrumb","itemListElement":[{"@type":"ListItem","position":1,"name":"Accueil","item":"https:\/\/www.nettali.com\/"},{"@type":"ListItem","position":2,"name":"La lanceuse d&rsquo;alerte de Facebook veut confier aux jeunes des \u00ab\u00a0outils\u00a0\u00bb pour les r\u00e9seaux"}]},{"@type":"Person","@id":"https:\/\/www.nettali.com\/#\/schema\/person\/8a06c6bd7b19304cf4bf985862900b5b","name":"Thierno Diop","image":{"@type":"ImageObject","@id":"https:\/\/www.nettali.com\/#personlogo","inLanguage":"fr-FR","url":"https:\/\/secure.gravatar.com\/avatar\/c8ca58550c94fd2ac856d27391a6c866?s=96&d=mm&r=g","contentUrl":"https:\/\/secure.gravatar.com\/avatar\/c8ca58550c94fd2ac856d27391a6c866?s=96&d=mm&r=g","caption":"Thierno Diop"},"sameAs":["https:\/\/nettali.com"]}]}},"_links":{"self":[{"href":"https:\/\/www.nettali.com\/rest\/wp\/v2\/posts\/75536"}],"collection":[{"href":"https:\/\/www.nettali.com\/rest\/wp\/v2\/posts"}],"about":[{"href":"https:\/\/www.nettali.com\/rest\/wp\/v2\/types\/post"}],"author":[{"embeddable":true,"href":"https:\/\/www.nettali.com\/rest\/wp\/v2\/users\/11"}],"replies":[{"embeddable":true,"href":"https:\/\/www.nettali.com\/rest\/wp\/v2\/comments?post=75536"}],"version-history":[{"count":1,"href":"https:\/\/www.nettali.com\/rest\/wp\/v2\/posts\/75536\/revisions"}],"predecessor-version":[{"id":75539,"href":"https:\/\/www.nettali.com\/rest\/wp\/v2\/posts\/75536\/revisions\/75539"}],"wp:featuredmedia":[{"embeddable":true,"href":"https:\/\/www.nettali.com\/rest\/wp\/v2\/media\/75538"}],"wp:attachment":[{"href":"https:\/\/www.nettali.com\/rest\/wp\/v2\/media?parent=75536"}],"wp:term":[{"taxonomy":"category","embeddable":true,"href":"https:\/\/www.nettali.com\/rest\/wp\/v2\/categories?post=75536"},{"taxonomy":"post_tag","embeddable":true,"href":"https:\/\/www.nettali.com\/rest\/wp\/v2\/tags?post=75536"}],"curies":[{"name":"wp","href":"https:\/\/api.w.org\/{rel}","templated":true}]}}