{"id":75396,"date":"2021-11-11T10:54:28","date_gmt":"2021-11-11T10:54:28","guid":{"rendered":"https:\/\/www.nettali.com\/?p=75396"},"modified":"2021-11-11T10:54:28","modified_gmt":"2021-11-11T10:54:28","slug":"cop-26-chine-et-etats-unis-annoncent-un-accord-surprise","status":"publish","type":"post","link":"https:\/\/www.nettali.com\/2021\/11\/11\/cop-26-chine-et-etats-unis-annoncent-un-accord-surprise\/","title":{"rendered":"COP 26 - Chine et Etats-Unis annoncent un accord surprise"},"content":{"rendered":"<p style=\"margin-top: 0cm; background: white;\"><strong><span style=\"color: #101010; letter-spacing: .1pt; background: white;\">NETTALI.COM \u2013 A deux jours de la fin des n\u00e9gociations \u00e0 Glasgow les deux principaux pollueurs de la plan\u00e8te s'engagent \u00e0 lutter contre le r\u00e9chauffement climatique.<\/span><\/strong><\/p>\n<p style=\"margin-top: 0cm; background: white;\"><span style=\"color: #101010; letter-spacing: .1pt; background: white;\">La Chine et les Etats-Unis, premiers \u00e9metteurs mondiaux de gaz \u00e0 effet de serre, ont annonc\u00e9 mercredi \u00e0 la COP26 un accord surprise, relan\u00e7ant les espoirs \u00e0 deux jours de la fin de cette conf\u00e9rence cruciale sur le climat<\/span>.<\/p>\n<p style=\"background: white; vertical-align: baseline; margin: 0cm 0cm 13.5pt 0cm;\"><span style=\"color: #101010; letter-spacing: .1pt;\">Le Premier ministre britannique Boris Johnson, h\u00f4te de la conf\u00e9rence de Glasgow, venait \u00e0 peine de lancer un appel \u00e0 une \"impulsion forte\" dans les discussions, assurant qu'il n'y aurait \"pas d'excuses\" pour \u00e9chouer, lorsque P\u00e9kin et Washington ont annonc\u00e9 une \"d\u00e9claration conjointe sur le renforcement de l'action climatique\".<\/span><\/p>\n<p style=\"background: white; vertical-align: baseline; font-variant-ligatures: normal; font-variant-caps: normal; font-variant-numeric: inherit; font-variant-east-asian: inherit; font-stretch: inherit; line-height: inherit; box-sizing: border-box; orphans: 2; text-align: start; widows: 2; -webkit-text-stroke-width: 0px; text-decoration-thickness: initial; text-decoration-style: initial; text-decoration-color: initial; word-spacing: 0px; margin: 0cm 0cm 13.5pt 0cm;\"><span style=\"color: #101010; letter-spacing: .1pt;\">\"Ce document contient des d\u00e9clarations fortes sur les \u00e9tudes alarmantes des scientifiques, la r\u00e9duction des \u00e9missions de carbone, et le besoin urgent d'acc\u00e9l\u00e9rer les actions pour y parvenir\", a d\u00e9clar\u00e9 l'envoy\u00e9 sp\u00e9cial am\u00e9ricain John Kerry aux journalistes. \"Il s'engage \u00e0 une s\u00e9rie d'actions importantes sur cette d\u00e9cennie, au moment o\u00f9 elles sont n\u00e9cessaires\", a-t-il ajout\u00e9.<\/span><\/p>\n<p style=\"background: white; vertical-align: baseline; font-variant-ligatures: normal; font-variant-caps: normal; font-variant-numeric: inherit; font-variant-east-asian: inherit; font-stretch: inherit; line-height: inherit; box-sizing: border-box; orphans: 2; text-align: start; widows: 2; -webkit-text-stroke-width: 0px; text-decoration-thickness: initial; text-decoration-style: initial; text-decoration-color: initial; word-spacing: 0px; margin: 0cm 0cm 13.5pt 0cm;\"><span style=\"color: #101010; letter-spacing: .1pt;\">\"Nous pouvons tous nous engager sur la voie d'un d\u00e9veloppement vert, \u00e0 faibles \u00e9missions de carbone et durable\", a d\u00e9clar\u00e9 de son c\u00f4t\u00e9 le pr\u00e9sident chinois Xi Jinping, au cours d'une conf\u00e9rence virtuelle jeudi en marge du sommet du Forum de Coop\u00e9ration \u00e9conomique Asie-Pacifique (Apec), sans mentionner explicitement cet accord.<\/span><\/p>\n<p style=\"background: white; vertical-align: baseline; margin: 0cm 0cm 13.5pt 0cm;\"><span style=\"color: #101010; letter-spacing: .1pt;\">Dans leur d\u00e9claration conjointe, les deux principales puissances mondiales, dont la rivalit\u00e9 avait sembl\u00e9 ces derniers mois d\u00e9border sur le terrain de la diplomatie climatique, s'engagent \u00e0 faire plus pour lutter contre le r\u00e9chauffement, dont les cons\u00e9quences se font de plus en plus sentir \u00e0 travers le monde: s\u00e9cheresses, inondations, m\u00e9ga-feux, avec leur cort\u00e8ge grandissant de victimes et de d\u00e9g\u00e2ts.<\/span><\/p>\n<p style=\"background: white; vertical-align: baseline; font-variant-ligatures: normal; font-variant-caps: normal; font-variant-numeric: inherit; font-variant-east-asian: inherit; font-stretch: inherit; line-height: inherit; box-sizing: border-box; orphans: 2; text-align: start; widows: 2; -webkit-text-stroke-width: 0px; text-decoration-thickness: initial; text-decoration-style: initial; text-decoration-color: initial; word-spacing: 0px; margin: 0cm 0cm 13.5pt 0cm;\"><span style=\"color: #101010; letter-spacing: .1pt;\">Elles promettent, sans d\u00e9tails tr\u00e8s pr\u00e9cis, de \"prendre des mesures renforc\u00e9es pour relever les ambitions pendant les ann\u00e9es 2020\", r\u00e9affirmant leur attachement aux objectifs de l'accord de Paris, un r\u00e9chauffement limit\u00e9 \"bien en de\u00e7\u00e0\" de 2\u00b0C par rapport \u00e0 l'\u00e8re pr\u00e9-industrielle, et si possible \u00e0 1,5\u00b0C.<\/span><\/p>\n<p style=\"background: white; vertical-align: baseline; font-variant-ligatures: normal; font-variant-caps: normal; font-variant-numeric: inherit; font-variant-east-asian: inherit; font-stretch: inherit; line-height: inherit; box-sizing: border-box; orphans: 2; text-align: start; widows: 2; -webkit-text-stroke-width: 0px; text-decoration-thickness: initial; text-decoration-style: initial; text-decoration-color: initial; word-spacing: 0px; margin: 0cm 0cm 13.5pt 0cm;\"><span style=\"color: #101010; letter-spacing: .1pt;\">Or le monde se trouve toujours selon l'ONU sur une trajectoire \"catastrophique\" de r\u00e9chauffement de 2,7\u00b0C, et la COP26 est jug\u00e9e cruciale pour remettre la lutte climatique sur les rails.<\/span><\/p>\n<p style=\"background: white; vertical-align: baseline; font-variant-ligatures: normal; font-variant-caps: normal; font-variant-numeric: inherit; font-variant-east-asian: inherit; font-stretch: inherit; line-height: inherit; box-sizing: border-box; orphans: 2; text-align: start; widows: 2; -webkit-text-stroke-width: 0px; text-decoration-thickness: initial; text-decoration-style: initial; text-decoration-color: initial; word-spacing: 0px; margin: 0cm 0cm 13.5pt 0cm;\"><strong><span style=\"color: #101010; letter-spacing: .1pt;\">- R\u00e9chauffement catastrophique -<\/span><\/strong><\/p>\n<p style=\"background: white; vertical-align: baseline; font-variant-ligatures: normal; font-variant-caps: normal; font-variant-numeric: inherit; font-variant-east-asian: inherit; font-stretch: inherit; line-height: inherit; box-sizing: border-box; orphans: 2; text-align: start; widows: 2; -webkit-text-stroke-width: 0px; text-decoration-thickness: initial; text-decoration-style: initial; text-decoration-color: initial; word-spacing: 0px; margin: 0cm 0cm 13.5pt 0cm;\"><span style=\"color: #101010; letter-spacing: .1pt;\">P\u00e9kin et Washington s'engagent aussi \u00e0 oeuvrer \u00e0 Glasgow pour \"une issue ambitieuse, \u00e9quilibr\u00e9e et inclusive sur l'att\u00e9nuation (baisse des \u00e9missions), l'adaptation et le soutien\" financier aux pays pauvres.<\/span><\/p>\n<p style=\"background: white; vertical-align: baseline; font-variant-ligatures: normal; font-variant-caps: normal; font-variant-numeric: inherit; font-variant-east-asian: inherit; font-stretch: inherit; line-height: inherit; box-sizing: border-box; orphans: 2; text-align: start; widows: 2; -webkit-text-stroke-width: 0px; text-decoration-thickness: initial; text-decoration-style: initial; text-decoration-color: initial; word-spacing: 0px; margin: 0cm 0cm 13.5pt 0cm;\"><span style=\"color: #101010; letter-spacing: .1pt;\">Un accord salu\u00e9 comme \"un pas important dans la bonne direction\" par le secr\u00e9taire g\u00e9n\u00e9ral de l'ONU Antonio Guterres.<\/span><\/p>\n<p style=\"background: white; vertical-align: baseline; font-variant-ligatures: normal; font-variant-caps: normal; font-variant-numeric: inherit; font-variant-east-asian: inherit; font-stretch: inherit; line-height: inherit; box-sizing: border-box; orphans: 2; text-align: start; widows: 2; -webkit-text-stroke-width: 0px; text-decoration-thickness: initial; text-decoration-style: initial; text-decoration-color: initial; word-spacing: 0px; margin: 0cm 0cm 13.5pt 0cm;\"><span style=\"color: #101010; letter-spacing: .1pt;\">\"Au del\u00e0 de la COP, c'est important pour le monde\", a de son c\u00f4t\u00e9 d\u00e9clar\u00e9 \u00e0 l'AFP le vice-pr\u00e9sident de la Commission europ\u00e9enne Frans Timmermans.<\/span><\/p>\n<p style=\"background: white; vertical-align: baseline; font-variant-ligatures: normal; font-variant-caps: normal; font-variant-numeric: inherit; font-variant-east-asian: inherit; font-stretch: inherit; line-height: inherit; box-sizing: border-box; orphans: 2; text-align: start; widows: 2; -webkit-text-stroke-width: 0px; text-decoration-thickness: initial; text-decoration-style: initial; text-decoration-color: initial; word-spacing: 0px; margin: 0cm 0cm 13.5pt 0cm;\"><span style=\"color: #101010; letter-spacing: .1pt;\">T\u00f4t mercredi, apr\u00e8s 10 jours de discussions, la pr\u00e9sidence britannique de la COP avait diffus\u00e9 un premier projet de d\u00e9claration finale appelant \u00e0 renforcer et acc\u00e9l\u00e9rer le rythme des engagements climatiques de tous les pays pour tenir les objectifs de l'accord de Paris.<\/span><\/p>\n<p style=\"background: white; vertical-align: baseline; font-variant-ligatures: normal; font-variant-caps: normal; font-variant-numeric: inherit; font-variant-east-asian: inherit; font-stretch: inherit; line-height: inherit; box-sizing: border-box; orphans: 2; text-align: start; widows: 2; -webkit-text-stroke-width: 0px; text-decoration-thickness: initial; text-decoration-style: initial; text-decoration-color: initial; word-spacing: 0px; margin: 0cm 0cm 13.5pt 0cm;\"><span style=\"color: #101010; letter-spacing: .1pt;\">Ce texte a provoqu\u00e9 des r\u00e9actions mitig\u00e9es, notamment des pays pauvres, qui insistent pour que les plus riches tiennent leur promesse d'aide.<\/span><\/p>\n<p style=\"background: white; vertical-align: baseline; font-variant-ligatures: normal; font-variant-caps: normal; font-variant-numeric: inherit; font-variant-east-asian: inherit; font-stretch: inherit; line-height: inherit; box-sizing: border-box; orphans: 2; text-align: start; widows: 2; -webkit-text-stroke-width: 0px; text-decoration-thickness: initial; text-decoration-style: initial; text-decoration-color: initial; word-spacing: 0px; margin: 0cm 0cm 13.5pt 0cm;\"><span style=\"color: #101010; letter-spacing: .1pt;\">Le projet, qui fera encore l'objet de n\u00e9gociations et peut changer d'ici la fin de la COP (Conf\u00e9rence des parties \u00e0 la Convention de l'ONU sur le climat), pr\u00e9vue vendredi mais qui peut se prolonger, appelle les pays \u00e0 \"r\u00e9viser et renforcer\" d\u00e8s 2022 les contributions nationales (NDC) qui fixent leurs engagements \u00e0 court terme.<\/span><\/p>\n<p style=\"background: white; vertical-align: baseline; font-variant-ligatures: normal; font-variant-caps: normal; font-variant-numeric: inherit; font-variant-east-asian: inherit; font-stretch: inherit; line-height: inherit; box-sizing: border-box; orphans: 2; text-align: start; widows: 2; -webkit-text-stroke-width: 0px; text-decoration-thickness: initial; text-decoration-style: initial; text-decoration-color: initial; word-spacing: 0px; margin: 0cm 0cm 13.5pt 0cm;\"><span style=\"color: #101010; letter-spacing: .1pt;\">L'accord de Paris de 2015 fixe leur r\u00e9vision \u00e0 tous les cinq ans, mais de nombreux pays demandaient qu'elles le soient plus fr\u00e9quemment.<\/span><\/p>\n<p style=\"background: white; vertical-align: baseline; font-variant-ligatures: normal; font-variant-caps: normal; font-variant-numeric: inherit; font-variant-east-asian: inherit; font-stretch: inherit; line-height: inherit; box-sizing: border-box; orphans: 2; text-align: start; widows: 2; -webkit-text-stroke-width: 0px; text-decoration-thickness: initial; text-decoration-style: initial; text-decoration-color: initial; word-spacing: 0px; margin: 0cm 0cm 13.5pt 0cm;\"><span style=\"color: #101010; letter-spacing: .1pt;\">Il s'agit, selon le texte, de rendre ces engagements \"compatibles avec les objectifs de r\u00e9chauffement de l'accord de Paris\", c'est-\u00e0-dire \"bien en de\u00e7\u00e0\" de +2\u00b0C par rapport \u00e0 l'\u00e8re pr\u00e9-industrielle, si possible +1,5\u00b0C.<\/span><\/p>\n<p style=\"background: white; vertical-align: baseline; font-variant-ligatures: normal; font-variant-caps: normal; font-variant-numeric: inherit; font-variant-east-asian: inherit; font-stretch: inherit; line-height: inherit; box-sizing: border-box; orphans: 2; text-align: start; widows: 2; -webkit-text-stroke-width: 0px; text-decoration-thickness: initial; text-decoration-style: initial; text-decoration-color: initial; word-spacing: 0px; margin: 0cm 0cm 13.5pt 0cm;\"><span style=\"color: #101010; letter-spacing: .1pt;\">Car les derni\u00e8res estimations de l'ONU sont alarmantes avec un monde toujours sur la trajectoire d'un r\u00e9chauffement \"catastrophique\" de +2,7\u00b0C d'ici la fin du si\u00e8cle.<\/span><\/p>\n<p style=\"background: white; vertical-align: baseline; font-variant-ligatures: normal; font-variant-caps: normal; font-variant-numeric: inherit; font-variant-east-asian: inherit; font-stretch: inherit; line-height: inherit; box-sizing: border-box; orphans: 2; text-align: start; widows: 2; -webkit-text-stroke-width: 0px; text-decoration-thickness: initial; text-decoration-style: initial; text-decoration-color: initial; word-spacing: 0px; margin: 0cm 0cm 13.5pt 0cm;\"><strong><span style=\"color: #101010; letter-spacing: .1pt;\">- \"Loin des objectifs\" -<\/span><\/strong><\/p>\n<p style=\"background: white; vertical-align: baseline; font-variant-ligatures: normal; font-variant-caps: normal; font-variant-numeric: inherit; font-variant-east-asian: inherit; font-stretch: inherit; line-height: inherit; box-sizing: border-box; orphans: 2; text-align: start; widows: 2; -webkit-text-stroke-width: 0px; text-decoration-thickness: initial; text-decoration-style: initial; text-decoration-color: initial; word-spacing: 0px; margin: 0cm 0cm 13.5pt 0cm;\"><span style=\"color: #101010; letter-spacing: .1pt;\">Le projet encourage \u00e9galement les pays \u00e0 \"acc\u00e9l\u00e9rer la sortie du charbon et des financements des \u00e9nergies fossiles\".<\/span><\/p>\n<p style=\"background: white; vertical-align: baseline; font-variant-ligatures: normal; font-variant-caps: normal; font-variant-numeric: inherit; font-variant-east-asian: inherit; font-stretch: inherit; line-height: inherit; box-sizing: border-box; orphans: 2; text-align: start; widows: 2; -webkit-text-stroke-width: 0px; text-decoration-thickness: initial; text-decoration-style: initial; text-decoration-color: initial; word-spacing: 0px; margin: 0cm 0cm 13.5pt 0cm;\"><span style=\"color: #101010; letter-spacing: .1pt;\">Une telle mention explicite des \u00e9nergies fossiles, responsables de la plupart des \u00e9missions, est in\u00e9dite, et ne figure notamment pas dans l'accord de Paris. Mais elle promet d'\u00eatre \u00e2prement disput\u00e9e jusqu'\u00e0 la conclusion du texte final, notamment par les pays producteurs.<\/span><\/p>\n<p style=\"background: white; vertical-align: baseline; font-variant-ligatures: normal; font-variant-caps: normal; font-variant-numeric: inherit; font-variant-east-asian: inherit; font-stretch: inherit; line-height: inherit; box-sizing: border-box; orphans: 2; text-align: start; widows: 2; -webkit-text-stroke-width: 0px; text-decoration-thickness: initial; text-decoration-style: initial; text-decoration-color: initial; word-spacing: 0px; margin: 0cm 0cm 13.5pt 0cm;\"><span style=\"color: #101010; letter-spacing: .1pt;\">Sur le dossier br\u00fblant du financement, le texte \"rel\u00e8ve avec regret\" l'\u00e9chec des pays d\u00e9velopp\u00e9s \u00e0 tenir leur promesse de mobiliser \u00e0 partir de 2020 quelque 100 milliards de dollars par an d'aide climatique aux pays pauvres.<\/span><\/p>\n<p style=\"background: white; vertical-align: baseline; font-variant-ligatures: normal; font-variant-caps: normal; font-variant-numeric: inherit; font-variant-east-asian: inherit; font-stretch: inherit; line-height: inherit; box-sizing: border-box; orphans: 2; text-align: start; widows: 2; -webkit-text-stroke-width: 0px; text-decoration-thickness: initial; text-decoration-style: initial; text-decoration-color: initial; word-spacing: 0px; margin: 0cm 0cm 13.5pt 0cm;\"><span style=\"color: #101010; letter-spacing: .1pt;\">Souvent les moins pollueurs, ils sont aussi les plus expos\u00e9s aux ravages du changement climatique, comme l'a rappel\u00e9 le ministre des Affaires \u00e9trang\u00e8res de l'archipel des Tuvalu, lan\u00e7ant aux d\u00e9l\u00e9gu\u00e9s de la COP \"nous sommes en train de couler\", dans une vid\u00e9o film\u00e9e debout jusqu'\u00e0 mi-cuisse dans l'oc\u00e9an.<\/span><\/p>\n<p style=\"background: white; vertical-align: baseline; font-variant-ligatures: normal; font-variant-caps: normal; font-variant-numeric: inherit; font-variant-east-asian: inherit; font-stretch: inherit; line-height: inherit; box-sizing: border-box; orphans: 2; text-align: start; widows: 2; -webkit-text-stroke-width: 0px; text-decoration-thickness: initial; text-decoration-style: initial; text-decoration-color: initial; word-spacing: 0px; margin: 0cm 0cm 13.5pt 0cm;\"><span style=\"color: #101010; letter-spacing: .1pt;\">Le texte n'avance aucune solution concr\u00e8te sur le financement, mais appelle au renforcement des mesures \"d'adaptation\" aux effets du changement climatique.<\/span><\/p>\n<p style=\"background: white; vertical-align: baseline; font-variant-ligatures: normal; font-variant-caps: normal; font-variant-numeric: inherit; font-variant-east-asian: inherit; font-stretch: inherit; line-height: inherit; box-sizing: border-box; orphans: 2; text-align: start; widows: 2; -webkit-text-stroke-width: 0px; text-decoration-thickness: initial; text-decoration-style: initial; text-decoration-color: initial; word-spacing: 0px; margin: 0cm 0cm 13.5pt 0cm;\"><span style=\"color: #101010; letter-spacing: .1pt;\">L'adaptation ne repr\u00e9sente actuellement qu'un quart environ de cette aide, contre 75% consacr\u00e9s \u00e0 la r\u00e9duction d'\u00e9missions. Les pays pauvres revendiquent au minimum la parit\u00e9.<\/span><\/p>\n<p style=\"background: white; vertical-align: baseline; font-variant-ligatures: normal; font-variant-caps: normal; font-variant-numeric: inherit; font-variant-east-asian: inherit; font-stretch: inherit; line-height: inherit; box-sizing: border-box; orphans: 2; text-align: start; widows: 2; -webkit-text-stroke-width: 0px; text-decoration-thickness: initial; text-decoration-style: initial; text-decoration-color: initial; word-spacing: 0px; margin: 0cm 0cm 13.5pt 0cm;\"><span style=\"color: #101010; letter-spacing: .1pt;\">Concernant l'autre question tr\u00e8s controvers\u00e9e des \"pertes et dommages\" d\u00e9j\u00e0 subis par les pays les plus expos\u00e9s, le texte \"reconna\u00eet\" le probl\u00e8me et son \"urgence\". Mais l\u00e0 encore sans modalit\u00e9s concr\u00e8tes d'actions.<\/span><\/p>\n<p style=\"background: white; vertical-align: baseline; font-variant-ligatures: normal; font-variant-caps: normal; font-variant-numeric: inherit; font-variant-east-asian: inherit; font-stretch: inherit; line-height: inherit; box-sizing: border-box; orphans: 2; text-align: start; widows: 2; -webkit-text-stroke-width: 0px; text-decoration-thickness: initial; text-decoration-style: initial; text-decoration-color: initial; word-spacing: 0px; margin: 0cm 0cm 13.5pt 0cm;\"><span style=\"color: #101010; letter-spacing: .1pt;\">Les groupes de n\u00e9gociations des pays pauvres et \u00e9mergents ont exprim\u00e9 une inqui\u00e9tude quasi-unanime lors d'une r\u00e9union organis\u00e9e pour recueillir les premi\u00e8res r\u00e9actions au projet.<\/span><\/p>\n<p style=\"background: white; vertical-align: baseline; font-variant-ligatures: normal; font-variant-caps: normal; font-variant-numeric: inherit; font-variant-east-asian: inherit; font-stretch: inherit; line-height: inherit; box-sizing: border-box; orphans: 2; text-align: start; widows: 2; -webkit-text-stroke-width: 0px; text-decoration-thickness: initial; text-decoration-style: initial; text-decoration-color: initial; word-spacing: 0px; margin: 0cm 0cm 13.5pt 0cm;\"><span style=\"color: #101010; letter-spacing: .1pt;\">C\u00f4t\u00e9 sciences, Joeri Rogelj, membre du groupe des experts ONU sur le climat a salu\u00e9 des \"progr\u00e8s\", mais relev\u00e9 que les engagements \u00e9taient pour l'heure \"loin des objectifs de l'accord de Paris\".<\/span><\/p>\n<p style=\"background: white; vertical-align: baseline; margin: 0cm 0cm 13.5pt 0cm;\"><span style=\"color: #101010; letter-spacing: .1pt;\">Avec AFP <\/span><\/p>\n<div class='share-to-whatsapp-wrapper'><div class='share-on-whsp'>PARTAGER SUR : <\/div><a data-text='COP 26 - Chine et Etats-Unis annoncent un accord surprise' data-link='https:\/\/www.nettali.com\/2021\/11\/11\/cop-26-chine-et-etats-unis-annoncent-un-accord-surprise\/' class='whatsapp-button whatsapp-share'>WhatsApp<\/a><div class='clear '><\/div><\/div>","protected":false},"excerpt":{"rendered":"<p>NETTALI.COM \u2013 A deux jours de la fin des n\u00e9gociations \u00e0 Glasgow les deux principaux pollueurs de la plan\u00e8te s'engagent \u00e0 lutter contre le r\u00e9chauffement climatique. La Chine et les Etats-Unis, premiers \u00e9metteurs mondiaux de gaz \u00e0 effet de serre, ont annonc\u00e9 mercredi \u00e0 la COP26 un accord surprise, relan\u00e7ant les espoirs \u00e0 deux jours [&hellip;]<\/p>\n","protected":false},"author":11,"featured_media":75268,"comment_status":"open","ping_status":"open","sticky":false,"template":"","format":"standard","meta":{"_et_pb_use_builder":"","_et_pb_old_content":""},"categories":[8],"tags":[],"yoast_head":"<!-- This site is optimized with the Yoast SEO Premium plugin v17.8 (Yoast SEO v17.8) - https:\/\/yoast.com\/wordpress\/plugins\/seo\/ -->\n<title>COP 26 - Chine et Etats-Unis annoncent un accord surprise | Nettali.com<\/title>\n<meta name=\"robots\" content=\"index, follow, max-snippet:-1, max-image-preview:large, max-video-preview:-1\" \/>\n<link rel=\"canonical\" href=\"https:\/\/www.nettali.com\/2021\/11\/11\/cop-26-chine-et-etats-unis-annoncent-un-accord-surprise\/\" \/>\n<meta property=\"og:locale\" content=\"fr_FR\" \/>\n<meta property=\"og:type\" content=\"article\" \/>\n<meta property=\"og:title\" content=\"COP 26 - Chine et Etats-Unis annoncent un accord surprise\" \/>\n<meta property=\"og:description\" content=\"NETTALI.COM \u2013 A deux jours de la fin des n\u00e9gociations \u00e0 Glasgow les deux principaux pollueurs de la plan\u00e8te s&#039;engagent \u00e0 lutter contre le r\u00e9chauffement climatique. La Chine et les Etats-Unis, premiers \u00e9metteurs mondiaux de gaz \u00e0 effet de serre, ont annonc\u00e9 mercredi \u00e0 la COP26 un accord surprise, relan\u00e7ant les espoirs \u00e0 deux jours [&hellip;]\" \/>\n<meta property=\"og:url\" content=\"https:\/\/www.nettali.com\/2021\/11\/11\/cop-26-chine-et-etats-unis-annoncent-un-accord-surprise\/\" \/>\n<meta property=\"og:site_name\" content=\"Nettali.com\" \/>\n<meta property=\"article:publisher\" content=\"https:\/\/www.facebook.com\/nettalicom\" \/>\n<meta property=\"article:published_time\" content=\"2021-11-11T10:54:28+00:00\" \/>\n<meta property=\"og:image\" content=\"https:\/\/www.nettali.com\/wp-content\/uploads\/2021\/11\/glas.jpg\" \/>\n\t<meta property=\"og:image:width\" content=\"1000\" \/>\n\t<meta property=\"og:image:height\" content=\"750\" \/>\n<meta name=\"twitter:card\" content=\"summary_large_image\" \/>\n<meta name=\"twitter:label1\" content=\"\u00c9crit par\" \/>\n\t<meta name=\"twitter:data1\" content=\"Thierno Diop\" \/>\n\t<meta name=\"twitter:label2\" content=\"Dur\u00e9e de lecture estim\u00e9e\" \/>\n\t<meta name=\"twitter:data2\" content=\"5 minutes\" \/>\n<script type=\"application\/ld+json\" class=\"yoast-schema-graph\">{\"@context\":\"https:\/\/schema.org\",\"@graph\":[{\"@type\":\"WebSite\",\"@id\":\"https:\/\/www.nettali.com\/#website\",\"url\":\"https:\/\/www.nettali.com\/\",\"name\":\"Nettali.com\",\"description\":\"Le rendez-vous critique du Net\",\"potentialAction\":[{\"@type\":\"SearchAction\",\"target\":{\"@type\":\"EntryPoint\",\"urlTemplate\":\"https:\/\/www.nettali.com\/?s={search_term_string}\"},\"query-input\":\"required name=search_term_string\"}],\"inLanguage\":\"fr-FR\"},{\"@type\":\"ImageObject\",\"@id\":\"https:\/\/www.nettali.com\/2021\/11\/11\/cop-26-chine-et-etats-unis-annoncent-un-accord-surprise\/#primaryimage\",\"inLanguage\":\"fr-FR\",\"url\":\"https:\/\/www.nettali.com\/wp-content\/uploads\/2021\/11\/glas.jpg\",\"contentUrl\":\"https:\/\/www.nettali.com\/wp-content\/uploads\/2021\/11\/glas.jpg\",\"width\":1000,\"height\":750},{\"@type\":\"WebPage\",\"@id\":\"https:\/\/www.nettali.com\/2021\/11\/11\/cop-26-chine-et-etats-unis-annoncent-un-accord-surprise\/#webpage\",\"url\":\"https:\/\/www.nettali.com\/2021\/11\/11\/cop-26-chine-et-etats-unis-annoncent-un-accord-surprise\/\",\"name\":\"COP 26 - Chine et Etats-Unis annoncent un accord surprise | Nettali.com\",\"isPartOf\":{\"@id\":\"https:\/\/www.nettali.com\/#website\"},\"primaryImageOfPage\":{\"@id\":\"https:\/\/www.nettali.com\/2021\/11\/11\/cop-26-chine-et-etats-unis-annoncent-un-accord-surprise\/#primaryimage\"},\"datePublished\":\"2021-11-11T10:54:28+00:00\",\"dateModified\":\"2021-11-11T10:54:28+00:00\",\"author\":{\"@id\":\"https:\/\/www.nettali.com\/#\/schema\/person\/8a06c6bd7b19304cf4bf985862900b5b\"},\"breadcrumb\":{\"@id\":\"https:\/\/www.nettali.com\/2021\/11\/11\/cop-26-chine-et-etats-unis-annoncent-un-accord-surprise\/#breadcrumb\"},\"inLanguage\":\"fr-FR\",\"potentialAction\":[{\"@type\":\"ReadAction\",\"target\":[\"https:\/\/www.nettali.com\/2021\/11\/11\/cop-26-chine-et-etats-unis-annoncent-un-accord-surprise\/\"]}]},{\"@type\":\"BreadcrumbList\",\"@id\":\"https:\/\/www.nettali.com\/2021\/11\/11\/cop-26-chine-et-etats-unis-annoncent-un-accord-surprise\/#breadcrumb\",\"itemListElement\":[{\"@type\":\"ListItem\",\"position\":1,\"name\":\"Accueil\",\"item\":\"https:\/\/www.nettali.com\/\"},{\"@type\":\"ListItem\",\"position\":2,\"name\":\"COP 26 &#8211; Chine et Etats-Unis annoncent un accord surprise\"}]},{\"@type\":\"Person\",\"@id\":\"https:\/\/www.nettali.com\/#\/schema\/person\/8a06c6bd7b19304cf4bf985862900b5b\",\"name\":\"Thierno Diop\",\"image\":{\"@type\":\"ImageObject\",\"@id\":\"https:\/\/www.nettali.com\/#personlogo\",\"inLanguage\":\"fr-FR\",\"url\":\"https:\/\/secure.gravatar.com\/avatar\/c8ca58550c94fd2ac856d27391a6c866?s=96&d=mm&r=g\",\"contentUrl\":\"https:\/\/secure.gravatar.com\/avatar\/c8ca58550c94fd2ac856d27391a6c866?s=96&d=mm&r=g\",\"caption\":\"Thierno Diop\"},\"sameAs\":[\"https:\/\/nettali.com\"]}]}<\/script>\n<!-- \/ Yoast SEO Premium plugin. -->","yoast_head_json":{"title":"COP 26 - Chine et Etats-Unis annoncent un accord surprise | Nettali.com","robots":{"index":"index","follow":"follow","max-snippet":"max-snippet:-1","max-image-preview":"max-image-preview:large","max-video-preview":"max-video-preview:-1"},"canonical":"https:\/\/www.nettali.com\/2021\/11\/11\/cop-26-chine-et-etats-unis-annoncent-un-accord-surprise\/","og_locale":"fr_FR","og_type":"article","og_title":"COP 26 - Chine et Etats-Unis annoncent un accord surprise","og_description":"NETTALI.COM \u2013 A deux jours de la fin des n\u00e9gociations \u00e0 Glasgow les deux principaux pollueurs de la plan\u00e8te s'engagent \u00e0 lutter contre le r\u00e9chauffement climatique. La Chine et les Etats-Unis, premiers \u00e9metteurs mondiaux de gaz \u00e0 effet de serre, ont annonc\u00e9 mercredi \u00e0 la COP26 un accord surprise, relan\u00e7ant les espoirs \u00e0 deux jours [&hellip;]","og_url":"https:\/\/www.nettali.com\/2021\/11\/11\/cop-26-chine-et-etats-unis-annoncent-un-accord-surprise\/","og_site_name":"Nettali.com","article_publisher":"https:\/\/www.facebook.com\/nettalicom","article_published_time":"2021-11-11T10:54:28+00:00","og_image":[{"width":1000,"height":750,"url":"https:\/\/www.nettali.com\/wp-content\/uploads\/2021\/11\/glas.jpg","type":"image\/jpeg"}],"twitter_card":"summary_large_image","twitter_misc":{"\u00c9crit par":"Thierno Diop","Dur\u00e9e de lecture estim\u00e9e":"5 minutes"},"schema":{"@context":"https:\/\/schema.org","@graph":[{"@type":"WebSite","@id":"https:\/\/www.nettali.com\/#website","url":"https:\/\/www.nettali.com\/","name":"Nettali.com","description":"Le rendez-vous critique du Net","potentialAction":[{"@type":"SearchAction","target":{"@type":"EntryPoint","urlTemplate":"https:\/\/www.nettali.com\/?s={search_term_string}"},"query-input":"required name=search_term_string"}],"inLanguage":"fr-FR"},{"@type":"ImageObject","@id":"https:\/\/www.nettali.com\/2021\/11\/11\/cop-26-chine-et-etats-unis-annoncent-un-accord-surprise\/#primaryimage","inLanguage":"fr-FR","url":"https:\/\/www.nettali.com\/wp-content\/uploads\/2021\/11\/glas.jpg","contentUrl":"https:\/\/www.nettali.com\/wp-content\/uploads\/2021\/11\/glas.jpg","width":1000,"height":750},{"@type":"WebPage","@id":"https:\/\/www.nettali.com\/2021\/11\/11\/cop-26-chine-et-etats-unis-annoncent-un-accord-surprise\/#webpage","url":"https:\/\/www.nettali.com\/2021\/11\/11\/cop-26-chine-et-etats-unis-annoncent-un-accord-surprise\/","name":"COP 26 - Chine et Etats-Unis annoncent un accord surprise | Nettali.com","isPartOf":{"@id":"https:\/\/www.nettali.com\/#website"},"primaryImageOfPage":{"@id":"https:\/\/www.nettali.com\/2021\/11\/11\/cop-26-chine-et-etats-unis-annoncent-un-accord-surprise\/#primaryimage"},"datePublished":"2021-11-11T10:54:28+00:00","dateModified":"2021-11-11T10:54:28+00:00","author":{"@id":"https:\/\/www.nettali.com\/#\/schema\/person\/8a06c6bd7b19304cf4bf985862900b5b"},"breadcrumb":{"@id":"https:\/\/www.nettali.com\/2021\/11\/11\/cop-26-chine-et-etats-unis-annoncent-un-accord-surprise\/#breadcrumb"},"inLanguage":"fr-FR","potentialAction":[{"@type":"ReadAction","target":["https:\/\/www.nettali.com\/2021\/11\/11\/cop-26-chine-et-etats-unis-annoncent-un-accord-surprise\/"]}]},{"@type":"BreadcrumbList","@id":"https:\/\/www.nettali.com\/2021\/11\/11\/cop-26-chine-et-etats-unis-annoncent-un-accord-surprise\/#breadcrumb","itemListElement":[{"@type":"ListItem","position":1,"name":"Accueil","item":"https:\/\/www.nettali.com\/"},{"@type":"ListItem","position":2,"name":"COP 26 &#8211; Chine et Etats-Unis annoncent un accord surprise"}]},{"@type":"Person","@id":"https:\/\/www.nettali.com\/#\/schema\/person\/8a06c6bd7b19304cf4bf985862900b5b","name":"Thierno Diop","image":{"@type":"ImageObject","@id":"https:\/\/www.nettali.com\/#personlogo","inLanguage":"fr-FR","url":"https:\/\/secure.gravatar.com\/avatar\/c8ca58550c94fd2ac856d27391a6c866?s=96&d=mm&r=g","contentUrl":"https:\/\/secure.gravatar.com\/avatar\/c8ca58550c94fd2ac856d27391a6c866?s=96&d=mm&r=g","caption":"Thierno Diop"},"sameAs":["https:\/\/nettali.com"]}]}},"_links":{"self":[{"href":"https:\/\/www.nettali.com\/rest\/wp\/v2\/posts\/75396"}],"collection":[{"href":"https:\/\/www.nettali.com\/rest\/wp\/v2\/posts"}],"about":[{"href":"https:\/\/www.nettali.com\/rest\/wp\/v2\/types\/post"}],"author":[{"embeddable":true,"href":"https:\/\/www.nettali.com\/rest\/wp\/v2\/users\/11"}],"replies":[{"embeddable":true,"href":"https:\/\/www.nettali.com\/rest\/wp\/v2\/comments?post=75396"}],"version-history":[{"count":1,"href":"https:\/\/www.nettali.com\/rest\/wp\/v2\/posts\/75396\/revisions"}],"predecessor-version":[{"id":75398,"href":"https:\/\/www.nettali.com\/rest\/wp\/v2\/posts\/75396\/revisions\/75398"}],"wp:featuredmedia":[{"embeddable":true,"href":"https:\/\/www.nettali.com\/rest\/wp\/v2\/media\/75268"}],"wp:attachment":[{"href":"https:\/\/www.nettali.com\/rest\/wp\/v2\/media?parent=75396"}],"wp:term":[{"taxonomy":"category","embeddable":true,"href":"https:\/\/www.nettali.com\/rest\/wp\/v2\/categories?post=75396"},{"taxonomy":"post_tag","embeddable":true,"href":"https:\/\/www.nettali.com\/rest\/wp\/v2\/tags?post=75396"}],"curies":[{"name":"wp","href":"https:\/\/api.w.org\/{rel}","templated":true}]}}